{"id":9791,"date":"2022-01-20T18:26:29","date_gmt":"2022-01-20T22:26:29","guid":{"rendered":"https:\/\/www.delphosmagazine.com\/?p=9791"},"modified":"2022-01-20T18:26:29","modified_gmt":"2022-01-20T22:26:29","slug":"airbus-se-asocia-para-crear-un-centro-para-el-ciclo-de-vida-de-las-aeronaves-en-china","status":"publish","type":"post","link":"https:\/\/www.delphosmagazine.com\/en\/airbus-se-asocia-para-crear-un-centro-para-el-ciclo-de-vida-de-las-aeronaves-en-china\/","title":{"rendered":"Airbus se asocia para crear un centro para el ciclo de vida de las aeronaves en China"},"content":{"rendered":"<p style=\"text-align: justify;\">Airbus\u00a0firm\u00f3 un memorando de entendimiento con la ciudad de Chengdu y\u00a0Tarmac\u00a0Aerosave\u00a0para el desarrollo del primer centro\u00a0sustentable\u00a0dedicado al ciclo de vida de aeronaves en China. Este acuerdo abarcar\u00e1 una serie de actividades que van desde el estacionamiento y almacenamiento de aeronaves, hasta su mantenimiento, mejoras, desmantelamiento y servicios de reciclaje para diferentes tipos de aeronaves.<\/p>\n<p style=\"text-align: justify;\"><em>\u201cSe trata de otra contribuci\u00f3n concreta en la b\u00fasqueda de sustentabilidad por parte de la industria de la aviaci\u00f3n, fundado en el principio de econom\u00eda circular que va en l\u00ednea con el objetivo de\u00a0Airbus de\u00a0ser pioneros en un espacio a\u00e9reo sustentable. El centro expandir\u00e1\u00a0los servicios de aviaci\u00f3n de Airbus y permitir\u00e1 la implementaci\u00f3n de la estrategia \u2018Industria Verde\u2019 de China<\/em>\u201d, dijo Klaus\u00a0Roewe, vicepresidente senior de Servicio al Cliente de Airbus. \u201c<em>Se estima que en los pr\u00f3ximos 20 a\u00f1os aumente de forma exponencial\u00a0la cantidad de aviones que se ponen en desuso en China. Airbus se ha comprometido a invertir en la regi\u00f3n y este centro de parada \u00fanica \u2013 primera en China y fuera de Europa\u2013 posicionar\u00e1 bien a Airbus en el mercado chino de servicios de\u00a0\u2018segunda vida\u2019 de las aeronaves<\/em>\u201d,\u00a0a\u00f1adi\u00f3.<\/p>\n<p style=\"text-align: justify;\">Para establecer y darle un marco a esta cooperaci\u00f3n industrial, se est\u00e1 planificando la firma de un acuerdo formal entre los socios a mediados del 2022. Adem\u00e1s, entrar\u00e1 en servicio hacia finales de 2023, siempre y cuando se aprueben las regulaciones relevantes.<\/p>\n<p style=\"text-align: justify;\">Tarmac\u00a0Aerosave\u00a0aportar\u00e1 al proyecto sus 15 a\u00f1os de experiencia en el desarme eco-eficiente de aeronaves. Localizado en el mismo centro, Satair \u00ad\u2013filial de Airbus\u2013 adquirir\u00e1 aeronaves viejas, comercializar\u00e1 y distribuir\u00e1 las partes usadas para completar el servicio de ciclo de vida. El establecimiento cubrir\u00e1 690,000 metros cuadrados de superficie y\u00a0tendr\u00e1\u00a0una capacidad de almacenamiento de 125 aeronaves.<\/p>\n<p style=\"text-align: justify;\">Airbus\u00a0contin\u00faa\u00a0desplegando su hoja de ruta sustentable para la industria de la aviaci\u00f3n, permitiendo la reutilizaci\u00f3n\u00a0de aeronaves y el reciclaje de materiales y equipos.<\/p>\n<p>Im\u00e1genes: Airbus<\/p>\n<div id='gallery-1' class='gallery galleryid-9791 gallery-columns-2 gallery-size-thumbnail'><figure class='gallery-item'>\n\t\t\t<div class='gallery-icon landscape'>\n\t\t\t\t<a href='https:\/\/www.delphosmagazine.com\/en\/airbus-se-asocia-para-crear-un-centro-para-el-ciclo-de-vida-de-las-aeronaves-en-china\/photo-aircraft-lifecycle-centre-china_day-view-01\/'><img loading=\"lazy\" decoding=\"async\" width=\"150\" height=\"150\" src=\"https:\/\/www.delphosmagazine.com\/wp-content\/uploads\/2022\/01\/Photo-Aircraft-Lifecycle-Centre-China_DAY-VIEW-01-150x150.jpeg\" class=\"attachment-thumbnail size-thumbnail\" alt=\"\" \/><\/a>\n\t\t\t<\/div><\/figure><figure class='gallery-item'>\n\t\t\t<div class='gallery-icon landscape'>\n\t\t\t\t<a href='https:\/\/www.delphosmagazine.com\/en\/airbus-se-asocia-para-crear-un-centro-para-el-ciclo-de-vida-de-las-aeronaves-en-china\/photo-aircraft-lifecycle-centre-china_day-view-02\/'><img loading=\"lazy\" decoding=\"async\" width=\"150\" height=\"150\" src=\"https:\/\/www.delphosmagazine.com\/wp-content\/uploads\/2022\/01\/Photo-Aircraft-Lifecycle-Centre-China_DAY-VIEW-02-150x150.jpeg\" class=\"attachment-thumbnail size-thumbnail\" alt=\"\" \/><\/a>\n\t\t\t<\/div><\/figure>\n\t\t<\/div>","protected":false},"excerpt":{"rendered":"<p>Airbus\u00a0firm\u00f3 un memorando de entendimiento con la ciudad de Chengdu y\u00a0Tarmac\u00a0Aerosave\u00a0para el desarrollo del primer centro\u00a0sustentable\u00a0dedicado al ciclo de vida de aeronaves en China. Este acuerdo abarcar\u00e1 una serie de actividades que van desde el estacionamiento y almacenamiento de aeronaves, hasta su mantenimiento, mejoras, desmantelamiento y servicios de reciclaje para diferentes tipos de aeronaves. \u201cSe [&hellip;]<\/p>\n","protected":false},"author":3,"featured_media":9792,"comment_status":"closed","ping_status":"closed","sticky":false,"template":"","format":"standard","meta":{"footnotes":""},"categories":[5,26],"tags":[98,639,638,637],"class_list":{"0":"post-9791","1":"post","2":"type-post","3":"status-publish","4":"format-standard","5":"has-post-thumbnail","7":"category-aviacion-civil-comercial","8":"category-destacados","9":"tag-airbus","10":"tag-chengdu","11":"tag-sustentabilidad","12":"tag-tarmac-aerosave"},"yoast_head":"<!-- This site is optimized with the Yoast SEO plugin v26.5 - https:\/\/yoast.com\/wordpress\/plugins\/seo\/ -->\n<title>Airbus se asocia para crear un centro para el ciclo de vida de las aeronaves en China | Delphos Magazine<\/title>\n<meta name=\"description\" content=\"Delphos Magazine es el principal medio de prensa generador y proveedor de contenidos aeron\u00e1uticos y de defensa de Latinoam\u00e9rica y el mundo\" \/>\n<meta name=\"robots\" content=\"index, follow, max-snippet:-1, max-image-preview:large, max-video-preview:-1\" \/>\n<link rel=\"canonical\" href=\"https:\/\/www.delphosmagazine.com\/en\/airbus-se-asocia-para-crear-un-centro-para-el-ciclo-de-vida-de-las-aeronaves-en-china\/\" \/>\n<meta property=\"og:locale\" content=\"en_US\" \/>\n<meta property=\"og:type\" content=\"article\" \/>\n<meta property=\"og:title\" content=\"Airbus se asocia para crear un centro para el ciclo de vida de las aeronaves en China | Delphos Magazine\" \/>\n<meta property=\"og:description\" content=\"Delphos Magazine es el principal medio de prensa generador y proveedor de contenidos aeron\u00e1uticos y de defensa de Latinoam\u00e9rica y el mundo\" \/>\n<meta property=\"og:url\" content=\"https:\/\/www.delphosmagazine.com\/en\/airbus-se-asocia-para-crear-un-centro-para-el-ciclo-de-vida-de-las-aeronaves-en-china\/\" \/>\n<meta property=\"og:site_name\" content=\"Delphos Magazine\" \/>\n<meta property=\"article:published_time\" content=\"2022-01-20T22:26:29+00:00\" \/>\n<meta property=\"og:image\" content=\"https:\/\/www.delphosmagazine.com\/wp-content\/uploads\/2022\/01\/Photo-Aircraft-Lifecycle-Centre-China_DAY-VIEW-01200.jpg\" \/>\n\t<meta property=\"og:image:width\" content=\"1200\" \/>\n\t<meta property=\"og:image:height\" content=\"675\" \/>\n\t<meta property=\"og:image:type\" content=\"image\/jpeg\" \/>\n<meta name=\"author\" content=\"Varitech\" \/>\n<meta name=\"twitter:card\" content=\"summary_large_image\" \/>\n<meta name=\"twitter:label1\" content=\"Written by\" \/>\n\t<meta name=\"twitter:data1\" content=\"Varitech\" \/>\n\t<meta name=\"twitter:label2\" content=\"Est. reading time\" \/>\n\t<meta name=\"twitter:data2\" content=\"2 minutes\" \/>\n<script type=\"application\/ld+json\" class=\"yoast-schema-graph\">{\"@context\":\"https:\/\/schema.org\",\"@graph\":[{\"@type\":\"Article\",\"@id\":\"https:\/\/www.delphosmagazine.com\/airbus-se-asocia-para-crear-un-centro-para-el-ciclo-de-vida-de-las-aeronaves-en-china\/#article\",\"isPartOf\":{\"@id\":\"https:\/\/www.delphosmagazine.com\/airbus-se-asocia-para-crear-un-centro-para-el-ciclo-de-vida-de-las-aeronaves-en-china\/\"},\"author\":{\"name\":\"Varitech\",\"@id\":\"https:\/\/www.delphosmagazine.com\/#\/schema\/person\/ca31ea697fc6c143e0d63be58c577e6b\"},\"headline\":\"Airbus se asocia para crear un centro para el ciclo de vida de las aeronaves en China\",\"datePublished\":\"2022-01-20T22:26:29+00:00\",\"mainEntityOfPage\":{\"@id\":\"https:\/\/www.delphosmagazine.com\/airbus-se-asocia-para-crear-un-centro-para-el-ciclo-de-vida-de-las-aeronaves-en-china\/\"},\"wordCount\":358,\"publisher\":{\"@id\":\"https:\/\/www.delphosmagazine.com\/#organization\"},\"image\":{\"@id\":\"https:\/\/www.delphosmagazine.com\/airbus-se-asocia-para-crear-un-centro-para-el-ciclo-de-vida-de-las-aeronaves-en-china\/#primaryimage\"},\"thumbnailUrl\":\"https:\/\/www.delphosmagazine.com\/wp-content\/uploads\/2022\/01\/Photo-Aircraft-Lifecycle-Centre-China_DAY-VIEW-01200.jpg\",\"keywords\":[\"Airbus\",\"Chengdu\",\"sustentabilidad\",\"Tarmac\u00a0Aerosave\"],\"articleSection\":[\"Aviaci\u00f3n Comercial\",\"Destacados\"],\"inLanguage\":\"en-US\"},{\"@type\":\"WebPage\",\"@id\":\"https:\/\/www.delphosmagazine.com\/airbus-se-asocia-para-crear-un-centro-para-el-ciclo-de-vida-de-las-aeronaves-en-china\/\",\"url\":\"https:\/\/www.delphosmagazine.com\/airbus-se-asocia-para-crear-un-centro-para-el-ciclo-de-vida-de-las-aeronaves-en-china\/\",\"name\":\"Airbus se asocia para crear un centro para el ciclo de vida de las aeronaves en China | Delphos Magazine\",\"isPartOf\":{\"@id\":\"https:\/\/www.delphosmagazine.com\/#website\"},\"primaryImageOfPage\":{\"@id\":\"https:\/\/www.delphosmagazine.com\/airbus-se-asocia-para-crear-un-centro-para-el-ciclo-de-vida-de-las-aeronaves-en-china\/#primaryimage\"},\"image\":{\"@id\":\"https:\/\/www.delphosmagazine.com\/airbus-se-asocia-para-crear-un-centro-para-el-ciclo-de-vida-de-las-aeronaves-en-china\/#primaryimage\"},\"thumbnailUrl\":\"https:\/\/www.delphosmagazine.com\/wp-content\/uploads\/2022\/01\/Photo-Aircraft-Lifecycle-Centre-China_DAY-VIEW-01200.jpg\",\"datePublished\":\"2022-01-20T22:26:29+00:00\",\"description\":\"Delphos Magazine es el principal medio de prensa generador y proveedor de contenidos aeron\u00e1uticos y de defensa de Latinoam\u00e9rica y el mundo\",\"breadcrumb\":{\"@id\":\"https:\/\/www.delphosmagazine.com\/airbus-se-asocia-para-crear-un-centro-para-el-ciclo-de-vida-de-las-aeronaves-en-china\/#breadcrumb\"},\"inLanguage\":\"en-US\",\"potentialAction\":[{\"@type\":\"ReadAction\",\"target\":[\"https:\/\/www.delphosmagazine.com\/airbus-se-asocia-para-crear-un-centro-para-el-ciclo-de-vida-de-las-aeronaves-en-china\/\"]}]},{\"@type\":\"ImageObject\",\"inLanguage\":\"en-US\",\"@id\":\"https:\/\/www.delphosmagazine.com\/airbus-se-asocia-para-crear-un-centro-para-el-ciclo-de-vida-de-las-aeronaves-en-china\/#primaryimage\",\"url\":\"https:\/\/www.delphosmagazine.com\/wp-content\/uploads\/2022\/01\/Photo-Aircraft-Lifecycle-Centre-China_DAY-VIEW-01200.jpg\",\"contentUrl\":\"https:\/\/www.delphosmagazine.com\/wp-content\/uploads\/2022\/01\/Photo-Aircraft-Lifecycle-Centre-China_DAY-VIEW-01200.jpg\",\"width\":1200,\"height\":675},{\"@type\":\"BreadcrumbList\",\"@id\":\"https:\/\/www.delphosmagazine.com\/airbus-se-asocia-para-crear-un-centro-para-el-ciclo-de-vida-de-las-aeronaves-en-china\/#breadcrumb\",\"itemListElement\":[{\"@type\":\"ListItem\",\"position\":1,\"name\":\"Portada\",\"item\":\"https:\/\/www.delphosmagazine.com\/\"},{\"@type\":\"ListItem\",\"position\":2,\"name\":\"Airbus se asocia para crear un centro para el ciclo de vida de las aeronaves en China\"}]},{\"@type\":\"WebSite\",\"@id\":\"https:\/\/www.delphosmagazine.com\/#website\",\"url\":\"https:\/\/www.delphosmagazine.com\/\",\"name\":\"Delphos Magazine\",\"description\":\"principal medio de prensa generador y proveedor de contenidos aeron\u00e1uticos y de defensa de Latinoam\u00e9rica y el mundo\",\"publisher\":{\"@id\":\"https:\/\/www.delphosmagazine.com\/#organization\"},\"potentialAction\":[{\"@type\":\"SearchAction\",\"target\":{\"@type\":\"EntryPoint\",\"urlTemplate\":\"https:\/\/www.delphosmagazine.com\/?s={search_term_string}\"},\"query-input\":{\"@type\":\"PropertyValueSpecification\",\"valueRequired\":true,\"valueName\":\"search_term_string\"}}],\"inLanguage\":\"en-US\"},{\"@type\":\"Organization\",\"@id\":\"https:\/\/www.delphosmagazine.com\/#organization\",\"name\":\"Delphos Magazine\",\"url\":\"https:\/\/www.delphosmagazine.com\/\",\"logo\":{\"@type\":\"ImageObject\",\"inLanguage\":\"en-US\",\"@id\":\"https:\/\/www.delphosmagazine.com\/#\/schema\/logo\/image\/\",\"url\":\"https:\/\/www.delphosmagazine.com\/wp-content\/uploads\/2020\/10\/logo-negro.jpg\",\"contentUrl\":\"https:\/\/www.delphosmagazine.com\/wp-content\/uploads\/2020\/10\/logo-negro.jpg\",\"width\":872,\"height\":202,\"caption\":\"Delphos Magazine\"},\"image\":{\"@id\":\"https:\/\/www.delphosmagazine.com\/#\/schema\/logo\/image\/\"}},{\"@type\":\"Person\",\"@id\":\"https:\/\/www.delphosmagazine.com\/#\/schema\/person\/ca31ea697fc6c143e0d63be58c577e6b\",\"name\":\"Varitech\",\"image\":{\"@type\":\"ImageObject\",\"inLanguage\":\"en-US\",\"@id\":\"https:\/\/www.delphosmagazine.com\/#\/schema\/person\/image\/\",\"url\":\"https:\/\/secure.gravatar.com\/avatar\/a9943634b30ae329f1a041bbbee525de?s=96&d=mm&r=g\",\"contentUrl\":\"https:\/\/secure.gravatar.com\/avatar\/a9943634b30ae329f1a041bbbee525de?s=96&d=mm&r=g\",\"caption\":\"Varitech\"},\"url\":\"https:\/\/www.delphosmagazine.com\/en\/author\/carlos-valle\/\"}]}<\/script>\n<!-- \/ Yoast SEO plugin. -->","yoast_head_json":{"title":"Airbus se asocia para crear un centro para el ciclo de vida de las aeronaves en China | Delphos Magazine","description":"Delphos Magazine es el principal medio de prensa generador y proveedor de contenidos aeron\u00e1uticos y de defensa de Latinoam\u00e9rica y el mundo","robots":{"index":"index","follow":"follow","max-snippet":"max-snippet:-1","max-image-preview":"max-image-preview:large","max-video-preview":"max-video-preview:-1"},"canonical":"https:\/\/www.delphosmagazine.com\/en\/airbus-se-asocia-para-crear-un-centro-para-el-ciclo-de-vida-de-las-aeronaves-en-china\/","og_locale":"en_US","og_type":"article","og_title":"Airbus se asocia para crear un centro para el ciclo de vida de las aeronaves en China | Delphos Magazine","og_description":"Delphos Magazine es el principal medio de prensa generador y proveedor de contenidos aeron\u00e1uticos y de defensa de Latinoam\u00e9rica y el mundo","og_url":"https:\/\/www.delphosmagazine.com\/en\/airbus-se-asocia-para-crear-un-centro-para-el-ciclo-de-vida-de-las-aeronaves-en-china\/","og_site_name":"Delphos Magazine","article_published_time":"2022-01-20T22:26:29+00:00","og_image":[{"width":1200,"height":675,"url":"https:\/\/www.delphosmagazine.com\/wp-content\/uploads\/2022\/01\/Photo-Aircraft-Lifecycle-Centre-China_DAY-VIEW-01200.jpg","type":"image\/jpeg"}],"author":"Varitech","twitter_card":"summary_large_image","twitter_misc":{"Written by":"Varitech","Est. reading time":"2 minutes"},"schema":{"@context":"https:\/\/schema.org","@graph":[{"@type":"Article","@id":"https:\/\/www.delphosmagazine.com\/airbus-se-asocia-para-crear-un-centro-para-el-ciclo-de-vida-de-las-aeronaves-en-china\/#article","isPartOf":{"@id":"https:\/\/www.delphosmagazine.com\/airbus-se-asocia-para-crear-un-centro-para-el-ciclo-de-vida-de-las-aeronaves-en-china\/"},"author":{"name":"Varitech","@id":"https:\/\/www.delphosmagazine.com\/#\/schema\/person\/ca31ea697fc6c143e0d63be58c577e6b"},"headline":"Airbus se asocia para crear un centro para el ciclo de vida de las aeronaves en China","datePublished":"2022-01-20T22:26:29+00:00","mainEntityOfPage":{"@id":"https:\/\/www.delphosmagazine.com\/airbus-se-asocia-para-crear-un-centro-para-el-ciclo-de-vida-de-las-aeronaves-en-china\/"},"wordCount":358,"publisher":{"@id":"https:\/\/www.delphosmagazine.com\/#organization"},"image":{"@id":"https:\/\/www.delphosmagazine.com\/airbus-se-asocia-para-crear-un-centro-para-el-ciclo-de-vida-de-las-aeronaves-en-china\/#primaryimage"},"thumbnailUrl":"https:\/\/www.delphosmagazine.com\/wp-content\/uploads\/2022\/01\/Photo-Aircraft-Lifecycle-Centre-China_DAY-VIEW-01200.jpg","keywords":["Airbus","Chengdu","sustentabilidad","Tarmac\u00a0Aerosave"],"articleSection":["Aviaci\u00f3n Comercial","Destacados"],"inLanguage":"en-US"},{"@type":"WebPage","@id":"https:\/\/www.delphosmagazine.com\/airbus-se-asocia-para-crear-un-centro-para-el-ciclo-de-vida-de-las-aeronaves-en-china\/","url":"https:\/\/www.delphosmagazine.com\/airbus-se-asocia-para-crear-un-centro-para-el-ciclo-de-vida-de-las-aeronaves-en-china\/","name":"Airbus se asocia para crear un centro para el ciclo de vida de las aeronaves en China | Delphos Magazine","isPartOf":{"@id":"https:\/\/www.delphosmagazine.com\/#website"},"primaryImageOfPage":{"@id":"https:\/\/www.delphosmagazine.com\/airbus-se-asocia-para-crear-un-centro-para-el-ciclo-de-vida-de-las-aeronaves-en-china\/#primaryimage"},"image":{"@id":"https:\/\/www.delphosmagazine.com\/airbus-se-asocia-para-crear-un-centro-para-el-ciclo-de-vida-de-las-aeronaves-en-china\/#primaryimage"},"thumbnailUrl":"https:\/\/www.delphosmagazine.com\/wp-content\/uploads\/2022\/01\/Photo-Aircraft-Lifecycle-Centre-China_DAY-VIEW-01200.jpg","datePublished":"2022-01-20T22:26:29+00:00","description":"Delphos Magazine es el principal medio de prensa generador y proveedor de contenidos aeron\u00e1uticos y de defensa de Latinoam\u00e9rica y el mundo","breadcrumb":{"@id":"https:\/\/www.delphosmagazine.com\/airbus-se-asocia-para-crear-un-centro-para-el-ciclo-de-vida-de-las-aeronaves-en-china\/#breadcrumb"},"inLanguage":"en-US","potentialAction":[{"@type":"ReadAction","target":["https:\/\/www.delphosmagazine.com\/airbus-se-asocia-para-crear-un-centro-para-el-ciclo-de-vida-de-las-aeronaves-en-china\/"]}]},{"@type":"ImageObject","inLanguage":"en-US","@id":"https:\/\/www.delphosmagazine.com\/airbus-se-asocia-para-crear-un-centro-para-el-ciclo-de-vida-de-las-aeronaves-en-china\/#primaryimage","url":"https:\/\/www.delphosmagazine.com\/wp-content\/uploads\/2022\/01\/Photo-Aircraft-Lifecycle-Centre-China_DAY-VIEW-01200.jpg","contentUrl":"https:\/\/www.delphosmagazine.com\/wp-content\/uploads\/2022\/01\/Photo-Aircraft-Lifecycle-Centre-China_DAY-VIEW-01200.jpg","width":1200,"height":675},{"@type":"BreadcrumbList","@id":"https:\/\/www.delphosmagazine.com\/airbus-se-asocia-para-crear-un-centro-para-el-ciclo-de-vida-de-las-aeronaves-en-china\/#breadcrumb","itemListElement":[{"@type":"ListItem","position":1,"name":"Portada","item":"https:\/\/www.delphosmagazine.com\/"},{"@type":"ListItem","position":2,"name":"Airbus se asocia para crear un centro para el ciclo de vida de las aeronaves en China"}]},{"@type":"WebSite","@id":"https:\/\/www.delphosmagazine.com\/#website","url":"https:\/\/www.delphosmagazine.com\/","name":"Delphos Magazine","description":"principal medio de prensa generador y proveedor de contenidos aeron\u00e1uticos y de defensa de Latinoam\u00e9rica y el mundo","publisher":{"@id":"https:\/\/www.delphosmagazine.com\/#organization"},"potentialAction":[{"@type":"SearchAction","target":{"@type":"EntryPoint","urlTemplate":"https:\/\/www.delphosmagazine.com\/?s={search_term_string}"},"query-input":{"@type":"PropertyValueSpecification","valueRequired":true,"valueName":"search_term_string"}}],"inLanguage":"en-US"},{"@type":"Organization","@id":"https:\/\/www.delphosmagazine.com\/#organization","name":"Delphos Magazine","url":"https:\/\/www.delphosmagazine.com\/","logo":{"@type":"ImageObject","inLanguage":"en-US","@id":"https:\/\/www.delphosmagazine.com\/#\/schema\/logo\/image\/","url":"https:\/\/www.delphosmagazine.com\/wp-content\/uploads\/2020\/10\/logo-negro.jpg","contentUrl":"https:\/\/www.delphosmagazine.com\/wp-content\/uploads\/2020\/10\/logo-negro.jpg","width":872,"height":202,"caption":"Delphos Magazine"},"image":{"@id":"https:\/\/www.delphosmagazine.com\/#\/schema\/logo\/image\/"}},{"@type":"Person","@id":"https:\/\/www.delphosmagazine.com\/#\/schema\/person\/ca31ea697fc6c143e0d63be58c577e6b","name":"Varitech","image":{"@type":"ImageObject","inLanguage":"en-US","@id":"https:\/\/www.delphosmagazine.com\/#\/schema\/person\/image\/","url":"https:\/\/secure.gravatar.com\/avatar\/a9943634b30ae329f1a041bbbee525de?s=96&d=mm&r=g","contentUrl":"https:\/\/secure.gravatar.com\/avatar\/a9943634b30ae329f1a041bbbee525de?s=96&d=mm&r=g","caption":"Varitech"},"url":"https:\/\/www.delphosmagazine.com\/en\/author\/carlos-valle\/"}]}},"_links":{"self":[{"href":"https:\/\/www.delphosmagazine.com\/en\/wp-json\/wp\/v2\/posts\/9791","targetHints":{"allow":["GET"]}}],"collection":[{"href":"https:\/\/www.delphosmagazine.com\/en\/wp-json\/wp\/v2\/posts"}],"about":[{"href":"https:\/\/www.delphosmagazine.com\/en\/wp-json\/wp\/v2\/types\/post"}],"author":[{"embeddable":true,"href":"https:\/\/www.delphosmagazine.com\/en\/wp-json\/wp\/v2\/users\/3"}],"replies":[{"embeddable":true,"href":"https:\/\/www.delphosmagazine.com\/en\/wp-json\/wp\/v2\/comments?post=9791"}],"version-history":[{"count":1,"href":"https:\/\/www.delphosmagazine.com\/en\/wp-json\/wp\/v2\/posts\/9791\/revisions"}],"predecessor-version":[{"id":9795,"href":"https:\/\/www.delphosmagazine.com\/en\/wp-json\/wp\/v2\/posts\/9791\/revisions\/9795"}],"wp:featuredmedia":[{"embeddable":true,"href":"https:\/\/www.delphosmagazine.com\/en\/wp-json\/wp\/v2\/media\/9792"}],"wp:attachment":[{"href":"https:\/\/www.delphosmagazine.com\/en\/wp-json\/wp\/v2\/media?parent=9791"}],"wp:term":[{"taxonomy":"category","embeddable":true,"href":"https:\/\/www.delphosmagazine.com\/en\/wp-json\/wp\/v2\/categories?post=9791"},{"taxonomy":"post_tag","embeddable":true,"href":"https:\/\/www.delphosmagazine.com\/en\/wp-json\/wp\/v2\/tags?post=9791"}],"curies":[{"name":"wp","href":"https:\/\/api.w.org\/{rel}","templated":true}]}}