{"id":9679,"date":"2022-01-10T16:34:57","date_gmt":"2022-01-10T20:34:57","guid":{"rendered":"https:\/\/www.delphosmagazine.com\/?p=9679"},"modified":"2022-01-10T16:34:57","modified_gmt":"2022-01-10T20:34:57","slug":"air-france-aumentara-sus-tarifas-debido-a-que-incluira-una-contribucion-al-combustible-sostenible-de-aviacion","status":"publish","type":"post","link":"https:\/\/www.delphosmagazine.com\/en\/air-france-aumentara-sus-tarifas-debido-a-que-incluira-una-contribucion-al-combustible-sostenible-de-aviacion\/","title":{"rendered":"Air France aumentar\u00e1 sus tarifas debido a que incluir\u00e1 una contribuci\u00f3n al \u00abCombustible Sostenible de Aviaci\u00f3n\u00bb"},"content":{"rendered":"<p style=\"text-align: justify;\">En un comunicado enviado a sus clientes Air France informa que, debido a una legislaci\u00f3n francesa la cual estipula que se debe incorporaci\u00f3n un promedio del 1% de combustible de aviaci\u00f3n sostenible en los vuelos que salen de Francia, a partir del 10 de enero 2022, se incluir\u00e1 una contribuci\u00f3n al \u00abCombustible Sostenible de Aviaci\u00f3n\u00bb en el precio de cada pasaje, de 1 a 4 euros en la clase Economy y de 1,50 a 12 euros en la clase Business.\u00a0 Este valor ira en funci\u00f3n de la distancia recorrida por el vuelo.<\/p>\n<p style=\"text-align: justify;\">A dem\u00e1s, los pasajeros que quieran contribuir voluntariamente m\u00e1s, a una compra adicional de Combustible Sostenible de Aviaci\u00f3n podr\u00e1n hacerlo en la p\u00e1gina web de Air France, para reducir la huella de carbono de su viaje. Cada euro que aporte se invertir\u00e1 en la compra de este combustible.<\/p>\n<p>A continuaci\u00f3n, entregamos el comunicado completo de Air France:<\/p>\n<p>Estimado Cliente:<\/p>\n<p style=\"text-align: justify;\">Desde hace varios a\u00f1os, Air France se compromete a reducir sus emisiones de CO2 y trabaja en colaboraci\u00f3n con socios del sector para encontrar soluciones a la crisis clim\u00e1tica.<\/p>\n<p style=\"text-align: justify;\">Entre 2005 y 2019, Air France redujo sus emisiones de CO2 en un 6%, a pesar del aumento del tr\u00e1fico a\u00e9reo. Debemos seguir por este camino e intensificar nuestras acciones. El siguiente paso es lograr una reducci\u00f3n del 15% de las emisiones de CO2 para 2030 en comparaci\u00f3n con 2005. Tambi\u00e9n nos hemos fijado el objetivo de lograr cero emisiones netas para 2050, una meta ambiciosa, pero necesaria para mantener el calentamiento global por debajo de los 2\u00b0C a finales de siglo.<\/p>\n<p style=\"text-align: justify;\">Actualmente, la principal herramienta para reducir nuestra huella de carbono es invertir en una flota moderna y m\u00e1s eficiente en cuanto al consumo de combustible.<\/p>\n<p style=\"text-align: justify;\">Air France invierte mil millones de euros anualmente en la renovaci\u00f3n de su flota. El segundo mecanismo del que disponemos es la incorporaci\u00f3n de combustible sostenible de aviaci\u00f3n en nuestros vuelos. Hoy en d\u00eda es posible fabricar combustible a partir de aceites usados y residuos de madera o agr\u00edcolas, que pueden reducir las emisiones de CO2 en un 75% a lo largo de su ciclo de vida en comparaci\u00f3n con los combustibles f\u00f3siles. Estos combustibles, cuya producci\u00f3n no compite con la industria alimenticia, pueden incorporarse de forma segura sin necesidad de modificar las aeronaves.<\/p>\n<p style=\"text-align: justify;\">Las cantidades disponibles son todav\u00eda muy limitadas y el combustible sostenible de aviaci\u00f3n es actualmente de 4 a 8 veces m\u00e1s caro que el combustible convencional de aviaci\u00f3n. Sin embargo, el desarrollo de instalaciones de producci\u00f3n industrial a gran escala en Francia y Europa contribuir\u00e1 a reducir estos costos.<\/p>\n<p style=\"text-align: justify;\">Desde principios de 2022, la legislaci\u00f3n francesa exigir\u00e1 la incorporaci\u00f3n de un promedio del 1% de combustible de aviaci\u00f3n sostenible en los vuelos que salen de Francia. A partir del 10 de enero, se incluir\u00e1 una contribuci\u00f3n al \u00abCombustible Sostenible de Aviaci\u00f3n\u00bb en el precio de cada billete, de 1 a 4 euros en la clase Economy y de 1,50 a 12 euros en la clase Business, en funci\u00f3n de la distancia.<\/p>\n<p style=\"text-align: justify;\">Gracias a esta contribuci\u00f3n, y a la participaci\u00f3n voluntaria de nuestros clientes corporativos, en 2022 se integrar\u00e1n en nuestros aviones m\u00e1s de 15.000 toneladas de combustible de aviaci\u00f3n sostenible, es decir, 10 veces m\u00e1s que el a\u00f1o anterior y el doble de la cantidad obligatoria.<\/p>\n<p style=\"text-align: justify;\">Adem\u00e1s, a partir del 13 de enero podr\u00e1 contribuir voluntariamente a una compra adicional de Combustible Sostenible de Aviaci\u00f3n en nuestra p\u00e1gina web para reducir la huella de carbono de su viaje. Cada euro que aporte se invertir\u00e1 en la compra de este combustible. Los miembros de nuestro Programa de Viajeros Frecuentes Flying Blue tambi\u00e9n podr\u00e1n comprar combustible sostenible de aviaci\u00f3n con sus Millas y ganar Puntos de Experiencia adicionales (XP), facilitando as\u00ed su acceso a los diferentes niveles del programa. Este nuevo servicio se implementar\u00e1 ahora en el 2022.<\/p>\n<p><img loading=\"lazy\" decoding=\"async\" class=\"aligncenter size-full wp-image-9680\" src=\"https:\/\/www.delphosmagazine.com\/wp-content\/uploads\/2022\/01\/3G4A0223-AirFrance_A350_1200px-Web.jpg\" alt=\"\" width=\"1200\" height=\"675\" srcset=\"https:\/\/www.delphosmagazine.com\/wp-content\/uploads\/2022\/01\/3G4A0223-AirFrance_A350_1200px-Web.jpg 1200w, https:\/\/www.delphosmagazine.com\/wp-content\/uploads\/2022\/01\/3G4A0223-AirFrance_A350_1200px-Web-300x169.jpg 300w, https:\/\/www.delphosmagazine.com\/wp-content\/uploads\/2022\/01\/3G4A0223-AirFrance_A350_1200px-Web-1024x576.jpg 1024w, https:\/\/www.delphosmagazine.com\/wp-content\/uploads\/2022\/01\/3G4A0223-AirFrance_A350_1200px-Web-768x432.jpg 768w, https:\/\/www.delphosmagazine.com\/wp-content\/uploads\/2022\/01\/3G4A0223-AirFrance_A350_1200px-Web-150x84.jpg 150w, https:\/\/www.delphosmagazine.com\/wp-content\/uploads\/2022\/01\/3G4A0223-AirFrance_A350_1200px-Web-696x392.jpg 696w, https:\/\/www.delphosmagazine.com\/wp-content\/uploads\/2022\/01\/3G4A0223-AirFrance_A350_1200px-Web-1068x601.jpg 1068w\" sizes=\"auto, (max-width: 1200px) 100vw, 1200px\" \/><\/p>","protected":false},"excerpt":{"rendered":"<p>En un comunicado enviado a sus clientes Air France informa que, debido a una legislaci\u00f3n francesa la cual estipula que se debe incorporaci\u00f3n un promedio del 1% de combustible de aviaci\u00f3n sostenible en los vuelos que salen de Francia, a partir del 10 de enero 2022, se incluir\u00e1 una contribuci\u00f3n al \u00abCombustible Sostenible de Aviaci\u00f3n\u00bb [&hellip;]<\/p>\n","protected":false},"author":3,"featured_media":9680,"comment_status":"closed","ping_status":"closed","sticky":false,"template":"","format":"standard","meta":{"footnotes":""},"categories":[5,26],"tags":[77],"class_list":{"0":"post-9679","1":"post","2":"type-post","3":"status-publish","4":"format-standard","5":"has-post-thumbnail","7":"category-aviacion-civil-comercial","8":"category-destacados","9":"tag-air-france"},"yoast_head":"<!-- This site is optimized with the Yoast SEO plugin v26.5 - https:\/\/yoast.com\/wordpress\/plugins\/seo\/ -->\n<title>Air France aumentar\u00e1 sus tarifas debido a que incluir\u00e1 una contribuci\u00f3n al &quot;Combustible Sostenible de Aviaci\u00f3n&quot; | Delphos Magazine<\/title>\n<meta name=\"description\" content=\"Delphos Magazine es el principal medio de prensa generador y proveedor de contenidos aeron\u00e1uticos y de defensa de Latinoam\u00e9rica y el mundo\" \/>\n<meta name=\"robots\" content=\"index, follow, max-snippet:-1, max-image-preview:large, max-video-preview:-1\" \/>\n<link rel=\"canonical\" href=\"https:\/\/www.delphosmagazine.com\/en\/air-france-aumentara-sus-tarifas-debido-a-que-incluira-una-contribucion-al-combustible-sostenible-de-aviacion\/\" \/>\n<meta property=\"og:locale\" content=\"en_US\" \/>\n<meta property=\"og:type\" content=\"article\" \/>\n<meta property=\"og:title\" content=\"Air France aumentar\u00e1 sus tarifas debido a que incluir\u00e1 una contribuci\u00f3n al &quot;Combustible Sostenible de Aviaci\u00f3n&quot; | Delphos Magazine\" \/>\n<meta property=\"og:description\" content=\"Delphos Magazine es el principal medio de prensa generador y proveedor de contenidos aeron\u00e1uticos y de defensa de Latinoam\u00e9rica y el mundo\" \/>\n<meta property=\"og:url\" content=\"https:\/\/www.delphosmagazine.com\/en\/air-france-aumentara-sus-tarifas-debido-a-que-incluira-una-contribucion-al-combustible-sostenible-de-aviacion\/\" \/>\n<meta property=\"og:site_name\" content=\"Delphos Magazine\" \/>\n<meta property=\"article:published_time\" content=\"2022-01-10T20:34:57+00:00\" \/>\n<meta property=\"og:image\" content=\"https:\/\/www.delphosmagazine.com\/wp-content\/uploads\/2022\/01\/3G4A0223-AirFrance_A350_1200px-Web.jpg\" \/>\n\t<meta property=\"og:image:width\" content=\"1200\" \/>\n\t<meta property=\"og:image:height\" content=\"675\" \/>\n\t<meta property=\"og:image:type\" content=\"image\/jpeg\" \/>\n<meta name=\"author\" content=\"Varitech\" \/>\n<meta name=\"twitter:card\" content=\"summary_large_image\" \/>\n<meta name=\"twitter:label1\" content=\"Written by\" \/>\n\t<meta name=\"twitter:data1\" content=\"Varitech\" \/>\n\t<meta name=\"twitter:label2\" content=\"Est. reading time\" \/>\n\t<meta name=\"twitter:data2\" content=\"3 minutes\" \/>\n<script type=\"application\/ld+json\" class=\"yoast-schema-graph\">{\"@context\":\"https:\/\/schema.org\",\"@graph\":[{\"@type\":\"Article\",\"@id\":\"https:\/\/www.delphosmagazine.com\/air-france-aumentara-sus-tarifas-debido-a-que-incluira-una-contribucion-al-combustible-sostenible-de-aviacion\/#article\",\"isPartOf\":{\"@id\":\"https:\/\/www.delphosmagazine.com\/air-france-aumentara-sus-tarifas-debido-a-que-incluira-una-contribucion-al-combustible-sostenible-de-aviacion\/\"},\"author\":{\"name\":\"Varitech\",\"@id\":\"https:\/\/www.delphosmagazine.com\/#\/schema\/person\/ca31ea697fc6c143e0d63be58c577e6b\"},\"headline\":\"Air France aumentar\u00e1 sus tarifas debido a que incluir\u00e1 una contribuci\u00f3n al \u00abCombustible Sostenible de Aviaci\u00f3n\u00bb\",\"datePublished\":\"2022-01-10T20:34:57+00:00\",\"mainEntityOfPage\":{\"@id\":\"https:\/\/www.delphosmagazine.com\/air-france-aumentara-sus-tarifas-debido-a-que-incluira-una-contribucion-al-combustible-sostenible-de-aviacion\/\"},\"wordCount\":679,\"publisher\":{\"@id\":\"https:\/\/www.delphosmagazine.com\/#organization\"},\"image\":{\"@id\":\"https:\/\/www.delphosmagazine.com\/air-france-aumentara-sus-tarifas-debido-a-que-incluira-una-contribucion-al-combustible-sostenible-de-aviacion\/#primaryimage\"},\"thumbnailUrl\":\"https:\/\/www.delphosmagazine.com\/wp-content\/uploads\/2022\/01\/3G4A0223-AirFrance_A350_1200px-Web.jpg\",\"keywords\":[\"Air France\"],\"articleSection\":[\"Aviaci\u00f3n Comercial\",\"Destacados\"],\"inLanguage\":\"en-US\"},{\"@type\":\"WebPage\",\"@id\":\"https:\/\/www.delphosmagazine.com\/air-france-aumentara-sus-tarifas-debido-a-que-incluira-una-contribucion-al-combustible-sostenible-de-aviacion\/\",\"url\":\"https:\/\/www.delphosmagazine.com\/air-france-aumentara-sus-tarifas-debido-a-que-incluira-una-contribucion-al-combustible-sostenible-de-aviacion\/\",\"name\":\"Air France aumentar\u00e1 sus tarifas debido a que incluir\u00e1 una contribuci\u00f3n al \\\"Combustible Sostenible de Aviaci\u00f3n\\\" | Delphos Magazine\",\"isPartOf\":{\"@id\":\"https:\/\/www.delphosmagazine.com\/#website\"},\"primaryImageOfPage\":{\"@id\":\"https:\/\/www.delphosmagazine.com\/air-france-aumentara-sus-tarifas-debido-a-que-incluira-una-contribucion-al-combustible-sostenible-de-aviacion\/#primaryimage\"},\"image\":{\"@id\":\"https:\/\/www.delphosmagazine.com\/air-france-aumentara-sus-tarifas-debido-a-que-incluira-una-contribucion-al-combustible-sostenible-de-aviacion\/#primaryimage\"},\"thumbnailUrl\":\"https:\/\/www.delphosmagazine.com\/wp-content\/uploads\/2022\/01\/3G4A0223-AirFrance_A350_1200px-Web.jpg\",\"datePublished\":\"2022-01-10T20:34:57+00:00\",\"description\":\"Delphos Magazine es el principal medio de prensa generador y proveedor de contenidos aeron\u00e1uticos y de defensa de Latinoam\u00e9rica y el mundo\",\"breadcrumb\":{\"@id\":\"https:\/\/www.delphosmagazine.com\/air-france-aumentara-sus-tarifas-debido-a-que-incluira-una-contribucion-al-combustible-sostenible-de-aviacion\/#breadcrumb\"},\"inLanguage\":\"en-US\",\"potentialAction\":[{\"@type\":\"ReadAction\",\"target\":[\"https:\/\/www.delphosmagazine.com\/air-france-aumentara-sus-tarifas-debido-a-que-incluira-una-contribucion-al-combustible-sostenible-de-aviacion\/\"]}]},{\"@type\":\"ImageObject\",\"inLanguage\":\"en-US\",\"@id\":\"https:\/\/www.delphosmagazine.com\/air-france-aumentara-sus-tarifas-debido-a-que-incluira-una-contribucion-al-combustible-sostenible-de-aviacion\/#primaryimage\",\"url\":\"https:\/\/www.delphosmagazine.com\/wp-content\/uploads\/2022\/01\/3G4A0223-AirFrance_A350_1200px-Web.jpg\",\"contentUrl\":\"https:\/\/www.delphosmagazine.com\/wp-content\/uploads\/2022\/01\/3G4A0223-AirFrance_A350_1200px-Web.jpg\",\"width\":1200,\"height\":675},{\"@type\":\"BreadcrumbList\",\"@id\":\"https:\/\/www.delphosmagazine.com\/air-france-aumentara-sus-tarifas-debido-a-que-incluira-una-contribucion-al-combustible-sostenible-de-aviacion\/#breadcrumb\",\"itemListElement\":[{\"@type\":\"ListItem\",\"position\":1,\"name\":\"Portada\",\"item\":\"https:\/\/www.delphosmagazine.com\/\"},{\"@type\":\"ListItem\",\"position\":2,\"name\":\"Air France aumentar\u00e1 sus tarifas debido a que incluir\u00e1 una contribuci\u00f3n al \u00abCombustible Sostenible de Aviaci\u00f3n\u00bb\"}]},{\"@type\":\"WebSite\",\"@id\":\"https:\/\/www.delphosmagazine.com\/#website\",\"url\":\"https:\/\/www.delphosmagazine.com\/\",\"name\":\"Delphos Magazine\",\"description\":\"principal medio de prensa generador y proveedor de contenidos aeron\u00e1uticos y de defensa de Latinoam\u00e9rica y el mundo\",\"publisher\":{\"@id\":\"https:\/\/www.delphosmagazine.com\/#organization\"},\"potentialAction\":[{\"@type\":\"SearchAction\",\"target\":{\"@type\":\"EntryPoint\",\"urlTemplate\":\"https:\/\/www.delphosmagazine.com\/?s={search_term_string}\"},\"query-input\":{\"@type\":\"PropertyValueSpecification\",\"valueRequired\":true,\"valueName\":\"search_term_string\"}}],\"inLanguage\":\"en-US\"},{\"@type\":\"Organization\",\"@id\":\"https:\/\/www.delphosmagazine.com\/#organization\",\"name\":\"Delphos Magazine\",\"url\":\"https:\/\/www.delphosmagazine.com\/\",\"logo\":{\"@type\":\"ImageObject\",\"inLanguage\":\"en-US\",\"@id\":\"https:\/\/www.delphosmagazine.com\/#\/schema\/logo\/image\/\",\"url\":\"https:\/\/www.delphosmagazine.com\/wp-content\/uploads\/2020\/10\/logo-negro.jpg\",\"contentUrl\":\"https:\/\/www.delphosmagazine.com\/wp-content\/uploads\/2020\/10\/logo-negro.jpg\",\"width\":872,\"height\":202,\"caption\":\"Delphos Magazine\"},\"image\":{\"@id\":\"https:\/\/www.delphosmagazine.com\/#\/schema\/logo\/image\/\"}},{\"@type\":\"Person\",\"@id\":\"https:\/\/www.delphosmagazine.com\/#\/schema\/person\/ca31ea697fc6c143e0d63be58c577e6b\",\"name\":\"Varitech\",\"image\":{\"@type\":\"ImageObject\",\"inLanguage\":\"en-US\",\"@id\":\"https:\/\/www.delphosmagazine.com\/#\/schema\/person\/image\/\",\"url\":\"https:\/\/secure.gravatar.com\/avatar\/a9943634b30ae329f1a041bbbee525de?s=96&d=mm&r=g\",\"contentUrl\":\"https:\/\/secure.gravatar.com\/avatar\/a9943634b30ae329f1a041bbbee525de?s=96&d=mm&r=g\",\"caption\":\"Varitech\"},\"url\":\"https:\/\/www.delphosmagazine.com\/en\/author\/carlos-valle\/\"}]}<\/script>\n<!-- \/ Yoast SEO plugin. -->","yoast_head_json":{"title":"Air France aumentar\u00e1 sus tarifas debido a que incluir\u00e1 una contribuci\u00f3n al \"Combustible Sostenible de Aviaci\u00f3n\" | Delphos Magazine","description":"Delphos Magazine es el principal medio de prensa generador y proveedor de contenidos aeron\u00e1uticos y de defensa de Latinoam\u00e9rica y el mundo","robots":{"index":"index","follow":"follow","max-snippet":"max-snippet:-1","max-image-preview":"max-image-preview:large","max-video-preview":"max-video-preview:-1"},"canonical":"https:\/\/www.delphosmagazine.com\/en\/air-france-aumentara-sus-tarifas-debido-a-que-incluira-una-contribucion-al-combustible-sostenible-de-aviacion\/","og_locale":"en_US","og_type":"article","og_title":"Air France aumentar\u00e1 sus tarifas debido a que incluir\u00e1 una contribuci\u00f3n al \"Combustible Sostenible de Aviaci\u00f3n\" | Delphos Magazine","og_description":"Delphos Magazine es el principal medio de prensa generador y proveedor de contenidos aeron\u00e1uticos y de defensa de Latinoam\u00e9rica y el mundo","og_url":"https:\/\/www.delphosmagazine.com\/en\/air-france-aumentara-sus-tarifas-debido-a-que-incluira-una-contribucion-al-combustible-sostenible-de-aviacion\/","og_site_name":"Delphos Magazine","article_published_time":"2022-01-10T20:34:57+00:00","og_image":[{"width":1200,"height":675,"url":"https:\/\/www.delphosmagazine.com\/wp-content\/uploads\/2022\/01\/3G4A0223-AirFrance_A350_1200px-Web.jpg","type":"image\/jpeg"}],"author":"Varitech","twitter_card":"summary_large_image","twitter_misc":{"Written by":"Varitech","Est. reading time":"3 minutes"},"schema":{"@context":"https:\/\/schema.org","@graph":[{"@type":"Article","@id":"https:\/\/www.delphosmagazine.com\/air-france-aumentara-sus-tarifas-debido-a-que-incluira-una-contribucion-al-combustible-sostenible-de-aviacion\/#article","isPartOf":{"@id":"https:\/\/www.delphosmagazine.com\/air-france-aumentara-sus-tarifas-debido-a-que-incluira-una-contribucion-al-combustible-sostenible-de-aviacion\/"},"author":{"name":"Varitech","@id":"https:\/\/www.delphosmagazine.com\/#\/schema\/person\/ca31ea697fc6c143e0d63be58c577e6b"},"headline":"Air France aumentar\u00e1 sus tarifas debido a que incluir\u00e1 una contribuci\u00f3n al \u00abCombustible Sostenible de Aviaci\u00f3n\u00bb","datePublished":"2022-01-10T20:34:57+00:00","mainEntityOfPage":{"@id":"https:\/\/www.delphosmagazine.com\/air-france-aumentara-sus-tarifas-debido-a-que-incluira-una-contribucion-al-combustible-sostenible-de-aviacion\/"},"wordCount":679,"publisher":{"@id":"https:\/\/www.delphosmagazine.com\/#organization"},"image":{"@id":"https:\/\/www.delphosmagazine.com\/air-france-aumentara-sus-tarifas-debido-a-que-incluira-una-contribucion-al-combustible-sostenible-de-aviacion\/#primaryimage"},"thumbnailUrl":"https:\/\/www.delphosmagazine.com\/wp-content\/uploads\/2022\/01\/3G4A0223-AirFrance_A350_1200px-Web.jpg","keywords":["Air France"],"articleSection":["Aviaci\u00f3n Comercial","Destacados"],"inLanguage":"en-US"},{"@type":"WebPage","@id":"https:\/\/www.delphosmagazine.com\/air-france-aumentara-sus-tarifas-debido-a-que-incluira-una-contribucion-al-combustible-sostenible-de-aviacion\/","url":"https:\/\/www.delphosmagazine.com\/air-france-aumentara-sus-tarifas-debido-a-que-incluira-una-contribucion-al-combustible-sostenible-de-aviacion\/","name":"Air France aumentar\u00e1 sus tarifas debido a que incluir\u00e1 una contribuci\u00f3n al \"Combustible Sostenible de Aviaci\u00f3n\" | Delphos Magazine","isPartOf":{"@id":"https:\/\/www.delphosmagazine.com\/#website"},"primaryImageOfPage":{"@id":"https:\/\/www.delphosmagazine.com\/air-france-aumentara-sus-tarifas-debido-a-que-incluira-una-contribucion-al-combustible-sostenible-de-aviacion\/#primaryimage"},"image":{"@id":"https:\/\/www.delphosmagazine.com\/air-france-aumentara-sus-tarifas-debido-a-que-incluira-una-contribucion-al-combustible-sostenible-de-aviacion\/#primaryimage"},"thumbnailUrl":"https:\/\/www.delphosmagazine.com\/wp-content\/uploads\/2022\/01\/3G4A0223-AirFrance_A350_1200px-Web.jpg","datePublished":"2022-01-10T20:34:57+00:00","description":"Delphos Magazine es el principal medio de prensa generador y proveedor de contenidos aeron\u00e1uticos y de defensa de Latinoam\u00e9rica y el mundo","breadcrumb":{"@id":"https:\/\/www.delphosmagazine.com\/air-france-aumentara-sus-tarifas-debido-a-que-incluira-una-contribucion-al-combustible-sostenible-de-aviacion\/#breadcrumb"},"inLanguage":"en-US","potentialAction":[{"@type":"ReadAction","target":["https:\/\/www.delphosmagazine.com\/air-france-aumentara-sus-tarifas-debido-a-que-incluira-una-contribucion-al-combustible-sostenible-de-aviacion\/"]}]},{"@type":"ImageObject","inLanguage":"en-US","@id":"https:\/\/www.delphosmagazine.com\/air-france-aumentara-sus-tarifas-debido-a-que-incluira-una-contribucion-al-combustible-sostenible-de-aviacion\/#primaryimage","url":"https:\/\/www.delphosmagazine.com\/wp-content\/uploads\/2022\/01\/3G4A0223-AirFrance_A350_1200px-Web.jpg","contentUrl":"https:\/\/www.delphosmagazine.com\/wp-content\/uploads\/2022\/01\/3G4A0223-AirFrance_A350_1200px-Web.jpg","width":1200,"height":675},{"@type":"BreadcrumbList","@id":"https:\/\/www.delphosmagazine.com\/air-france-aumentara-sus-tarifas-debido-a-que-incluira-una-contribucion-al-combustible-sostenible-de-aviacion\/#breadcrumb","itemListElement":[{"@type":"ListItem","position":1,"name":"Portada","item":"https:\/\/www.delphosmagazine.com\/"},{"@type":"ListItem","position":2,"name":"Air France aumentar\u00e1 sus tarifas debido a que incluir\u00e1 una contribuci\u00f3n al \u00abCombustible Sostenible de Aviaci\u00f3n\u00bb"}]},{"@type":"WebSite","@id":"https:\/\/www.delphosmagazine.com\/#website","url":"https:\/\/www.delphosmagazine.com\/","name":"Delphos Magazine","description":"principal medio de prensa generador y proveedor de contenidos aeron\u00e1uticos y de defensa de Latinoam\u00e9rica y el mundo","publisher":{"@id":"https:\/\/www.delphosmagazine.com\/#organization"},"potentialAction":[{"@type":"SearchAction","target":{"@type":"EntryPoint","urlTemplate":"https:\/\/www.delphosmagazine.com\/?s={search_term_string}"},"query-input":{"@type":"PropertyValueSpecification","valueRequired":true,"valueName":"search_term_string"}}],"inLanguage":"en-US"},{"@type":"Organization","@id":"https:\/\/www.delphosmagazine.com\/#organization","name":"Delphos Magazine","url":"https:\/\/www.delphosmagazine.com\/","logo":{"@type":"ImageObject","inLanguage":"en-US","@id":"https:\/\/www.delphosmagazine.com\/#\/schema\/logo\/image\/","url":"https:\/\/www.delphosmagazine.com\/wp-content\/uploads\/2020\/10\/logo-negro.jpg","contentUrl":"https:\/\/www.delphosmagazine.com\/wp-content\/uploads\/2020\/10\/logo-negro.jpg","width":872,"height":202,"caption":"Delphos Magazine"},"image":{"@id":"https:\/\/www.delphosmagazine.com\/#\/schema\/logo\/image\/"}},{"@type":"Person","@id":"https:\/\/www.delphosmagazine.com\/#\/schema\/person\/ca31ea697fc6c143e0d63be58c577e6b","name":"Varitech","image":{"@type":"ImageObject","inLanguage":"en-US","@id":"https:\/\/www.delphosmagazine.com\/#\/schema\/person\/image\/","url":"https:\/\/secure.gravatar.com\/avatar\/a9943634b30ae329f1a041bbbee525de?s=96&d=mm&r=g","contentUrl":"https:\/\/secure.gravatar.com\/avatar\/a9943634b30ae329f1a041bbbee525de?s=96&d=mm&r=g","caption":"Varitech"},"url":"https:\/\/www.delphosmagazine.com\/en\/author\/carlos-valle\/"}]}},"_links":{"self":[{"href":"https:\/\/www.delphosmagazine.com\/en\/wp-json\/wp\/v2\/posts\/9679","targetHints":{"allow":["GET"]}}],"collection":[{"href":"https:\/\/www.delphosmagazine.com\/en\/wp-json\/wp\/v2\/posts"}],"about":[{"href":"https:\/\/www.delphosmagazine.com\/en\/wp-json\/wp\/v2\/types\/post"}],"author":[{"embeddable":true,"href":"https:\/\/www.delphosmagazine.com\/en\/wp-json\/wp\/v2\/users\/3"}],"replies":[{"embeddable":true,"href":"https:\/\/www.delphosmagazine.com\/en\/wp-json\/wp\/v2\/comments?post=9679"}],"version-history":[{"count":2,"href":"https:\/\/www.delphosmagazine.com\/en\/wp-json\/wp\/v2\/posts\/9679\/revisions"}],"predecessor-version":[{"id":9682,"href":"https:\/\/www.delphosmagazine.com\/en\/wp-json\/wp\/v2\/posts\/9679\/revisions\/9682"}],"wp:featuredmedia":[{"embeddable":true,"href":"https:\/\/www.delphosmagazine.com\/en\/wp-json\/wp\/v2\/media\/9680"}],"wp:attachment":[{"href":"https:\/\/www.delphosmagazine.com\/en\/wp-json\/wp\/v2\/media?parent=9679"}],"wp:term":[{"taxonomy":"category","embeddable":true,"href":"https:\/\/www.delphosmagazine.com\/en\/wp-json\/wp\/v2\/categories?post=9679"},{"taxonomy":"post_tag","embeddable":true,"href":"https:\/\/www.delphosmagazine.com\/en\/wp-json\/wp\/v2\/tags?post=9679"}],"curies":[{"name":"wp","href":"https:\/\/api.w.org\/{rel}","templated":true}]}}