{"id":9288,"date":"2021-11-05T19:52:13","date_gmt":"2021-11-05T23:52:13","guid":{"rendered":"https:\/\/www.delphosmagazine.com\/?p=9288"},"modified":"2021-11-05T19:52:13","modified_gmt":"2021-11-05T23:52:13","slug":"llega-a-mar-del-plata-la-torre-de-control-movil-que-operara-en-el-aeropuerto","status":"publish","type":"post","link":"https:\/\/www.delphosmagazine.com\/en\/llega-a-mar-del-plata-la-torre-de-control-movil-que-operara-en-el-aeropuerto\/","title":{"rendered":"Llega a Mar del Plata la torre de control m\u00f3vil que operar\u00e1 en el aeropuerto"},"content":{"rendered":"<p>Un avi\u00f3n C-130 \u2018H\u00e9rcules\u2019 de la Fuerza A\u00e9rea Argentina lleg\u00f3 ayer al Aeropuerto Internacional Astor Piazzolla, de la Ciudad de Mar del Plata, trasladando una torre de control desplegable. Este recurso permitir\u00e1 al personal de control de tr\u00e1nsito a\u00e9reo continuar prestando servicio de manera ininterrumpida mientras la Empresa Argentina de Navegaci\u00f3n A\u00e9rea | EANA SE, del Ministerio de Transporte, avanza con las obras de modernizaci\u00f3n y puesta en valor de la torre de control propia del aeropuerto.<\/p>\n<p>El equipamiento de la torre desplegable estar\u00e1 a cargo de t\u00e9cnicos de EANA y de la Fuerza A\u00e9rea, y comprender\u00e1 todos los elementos necesarios para la operaci\u00f3n normal de una torre fija. En un principio, ambas torres operar\u00e1n en paralelo, con el objetivo de que el personal de tr\u00e1nsito a\u00e9reo reciba la debida instrucci\u00f3n y alcance su familiarizaci\u00f3n con la nueva instalaci\u00f3n. Luego, mientras se realiza la obra en la cabina de control, la torre fija dejar\u00e1 de funcionar y todas las operaciones ser\u00e1n coordinadas desde la m\u00f3vil.<\/p>\n<p>&nbsp;<\/p>\n<p>Esta din\u00e1mica implementada por EANA, la que permite mantener la operaci\u00f3n del aeropuerto sin interrupciones, ya se realiz\u00f3 con total \u00e9xito a mediados de este a\u00f1o en el aeropuerto Gob. Ram\u00f3n Trejo Noel, de la ciudad de R\u00edo Grande, provincia de Tierra del Fuego, como tambi\u00e9n en al aeropuerto de Tucum\u00e1n.<\/p>\n<p>Al igual que los trabajos realizados en estos lugares y ejecutados en el marco del Plan de Modernizaci\u00f3n del Transporte llevado adelante por el Ministerio de Transporte de la Naci\u00f3n, la obra iniciada en Mar del Plata corresponde al Plan Estrat\u00e9gico EANA 2020-2024.<\/p>\n<p>Los objetivos principales de la obra son la mejora de las condiciones edilicias, la optimizaci\u00f3n de las instalaciones de los puestos de trabajo de la cabina, el acondicionamiento de la sala de descanso, el redise\u00f1o de las \u00e1reas comunes y mejoras en las condiciones de la escalera de emergencia. Tambi\u00e9n se instalar\u00e1 un nuevo sistema de detecci\u00f3n de incendios y se renovar\u00e1 toda la instalaci\u00f3n el\u00e9ctrica, lo que significar\u00e1 un cambio importante en la operaci\u00f3n de la torre al garantizar el suministro necesario de manera segura y eficaz a todo el equipamiento.<\/p>\n<p>Estas obras de modernizaci\u00f3n traer\u00e1n como beneficio al personal una mayor comodidad y seguridad en el desempe\u00f1o de sus tareas, y ambientes de trabajo renovados.<\/p>\n<p>Fuente e im\u00e1genes: EANA.<\/p>\n<div id='gallery-1' class='gallery galleryid-9288 gallery-columns-3 gallery-size-thumbnail'><figure class='gallery-item'>\n\t\t\t<div class='gallery-icon landscape'>\n\t\t\t\t<a href='https:\/\/www.delphosmagazine.com\/wp-content\/uploads\/2021\/11\/EANA_Torre-FIJA_MDQ.jpg'><img loading=\"lazy\" decoding=\"async\" width=\"150\" height=\"150\" src=\"https:\/\/www.delphosmagazine.com\/wp-content\/uploads\/2021\/11\/EANA_Torre-FIJA_MDQ-150x150.jpg\" class=\"attachment-thumbnail size-thumbnail\" alt=\"\" \/><\/a>\n\t\t\t<\/div><\/figure><figure class='gallery-item'>\n\t\t\t<div class='gallery-icon landscape'>\n\t\t\t\t<a href='https:\/\/www.delphosmagazine.com\/wp-content\/uploads\/2021\/11\/EANA_Torre_Movil_MDQ_01.jpg'><img loading=\"lazy\" decoding=\"async\" width=\"150\" height=\"150\" src=\"https:\/\/www.delphosmagazine.com\/wp-content\/uploads\/2021\/11\/EANA_Torre_Movil_MDQ_01-150x150.jpg\" class=\"attachment-thumbnail size-thumbnail\" alt=\"\" \/><\/a>\n\t\t\t<\/div><\/figure><figure class='gallery-item'>\n\t\t\t<div class='gallery-icon landscape'>\n\t\t\t\t<a href='https:\/\/www.delphosmagazine.com\/wp-content\/uploads\/2021\/11\/EANA_Torre_Movil_MDQ_02.jpg'><img loading=\"lazy\" decoding=\"async\" width=\"150\" height=\"150\" src=\"https:\/\/www.delphosmagazine.com\/wp-content\/uploads\/2021\/11\/EANA_Torre_Movil_MDQ_02-150x150.jpg\" class=\"attachment-thumbnail size-thumbnail\" alt=\"\" \/><\/a>\n\t\t\t<\/div><\/figure><figure class='gallery-item'>\n\t\t\t<div class='gallery-icon landscape'>\n\t\t\t\t<a href='https:\/\/www.delphosmagazine.com\/wp-content\/uploads\/2021\/11\/EANA_Torre_Movil_MDQ_03.jpg'><img loading=\"lazy\" decoding=\"async\" width=\"150\" height=\"150\" src=\"https:\/\/www.delphosmagazine.com\/wp-content\/uploads\/2021\/11\/EANA_Torre_Movil_MDQ_03-150x150.jpg\" class=\"attachment-thumbnail size-thumbnail\" alt=\"\" \/><\/a>\n\t\t\t<\/div><\/figure><figure class='gallery-item'>\n\t\t\t<div class='gallery-icon landscape'>\n\t\t\t\t<a href='https:\/\/www.delphosmagazine.com\/wp-content\/uploads\/2021\/11\/EANA_Torre_Movil_MDQ_04.jpg'><img loading=\"lazy\" decoding=\"async\" width=\"150\" height=\"150\" src=\"https:\/\/www.delphosmagazine.com\/wp-content\/uploads\/2021\/11\/EANA_Torre_Movil_MDQ_04-150x150.jpg\" class=\"attachment-thumbnail size-thumbnail\" alt=\"\" \/><\/a>\n\t\t\t<\/div><\/figure>\n\t\t<\/div>","protected":false},"excerpt":{"rendered":"<p>Un avi\u00f3n C-130 \u2018H\u00e9rcules\u2019 de la Fuerza A\u00e9rea Argentina lleg\u00f3 ayer al Aeropuerto Internacional Astor Piazzolla, de la Ciudad de Mar del Plata, trasladando una torre de control desplegable. Este recurso permitir\u00e1 al personal de control de tr\u00e1nsito a\u00e9reo continuar prestando servicio de manera ininterrumpida mientras la Empresa Argentina de Navegaci\u00f3n A\u00e9rea | EANA SE, [&hellip;]<\/p>\n","protected":false},"author":2,"featured_media":9292,"comment_status":"closed","ping_status":"closed","sticky":false,"template":"","format":"standard","meta":{"footnotes":""},"categories":[3,5,26],"tags":[],"class_list":{"0":"post-9288","1":"post","2":"type-post","3":"status-publish","4":"format-standard","5":"has-post-thumbnail","7":"category-aviacion","8":"category-aviacion-civil-comercial","9":"category-destacados"},"yoast_head":"<!-- This site is optimized with the Yoast SEO plugin v26.5 - https:\/\/yoast.com\/wordpress\/plugins\/seo\/ -->\n<title>Llega a Mar del Plata la torre de control m\u00f3vil que operar\u00e1 en el aeropuerto | Delphos Magazine<\/title>\n<meta name=\"description\" content=\"Delphos Magazine es el principal medio de prensa generador y proveedor de contenidos aeron\u00e1uticos y de defensa de Latinoam\u00e9rica y el mundo\" \/>\n<meta name=\"robots\" content=\"index, follow, max-snippet:-1, max-image-preview:large, max-video-preview:-1\" \/>\n<link rel=\"canonical\" href=\"https:\/\/www.delphosmagazine.com\/en\/llega-a-mar-del-plata-la-torre-de-control-movil-que-operara-en-el-aeropuerto\/\" \/>\n<meta property=\"og:locale\" content=\"en_US\" \/>\n<meta property=\"og:type\" content=\"article\" \/>\n<meta property=\"og:title\" content=\"Llega a Mar del Plata la torre de control m\u00f3vil que operar\u00e1 en el aeropuerto | Delphos Magazine\" \/>\n<meta property=\"og:description\" content=\"Delphos Magazine es el principal medio de prensa generador y proveedor de contenidos aeron\u00e1uticos y de defensa de Latinoam\u00e9rica y el mundo\" \/>\n<meta property=\"og:url\" content=\"https:\/\/www.delphosmagazine.com\/en\/llega-a-mar-del-plata-la-torre-de-control-movil-que-operara-en-el-aeropuerto\/\" \/>\n<meta property=\"og:site_name\" content=\"Delphos Magazine\" \/>\n<meta property=\"article:published_time\" content=\"2021-11-05T23:52:13+00:00\" \/>\n<meta property=\"og:image\" content=\"https:\/\/www.delphosmagazine.com\/wp-content\/uploads\/2021\/11\/EANA_Torre_Movil_MDQ_03.jpg\" \/>\n\t<meta property=\"og:image:width\" content=\"1280\" \/>\n\t<meta property=\"og:image:height\" content=\"800\" \/>\n\t<meta property=\"og:image:type\" content=\"image\/jpeg\" \/>\n<meta name=\"author\" content=\"Delphos Magazine\" \/>\n<meta name=\"twitter:card\" content=\"summary_large_image\" \/>\n<meta name=\"twitter:label1\" content=\"Written by\" \/>\n\t<meta name=\"twitter:data1\" content=\"Delphos Magazine\" \/>\n\t<meta name=\"twitter:label2\" content=\"Est. reading time\" \/>\n\t<meta name=\"twitter:data2\" content=\"2 minutes\" \/>\n<script type=\"application\/ld+json\" class=\"yoast-schema-graph\">{\"@context\":\"https:\/\/schema.org\",\"@graph\":[{\"@type\":\"Article\",\"@id\":\"https:\/\/www.delphosmagazine.com\/llega-a-mar-del-plata-la-torre-de-control-movil-que-operara-en-el-aeropuerto\/#article\",\"isPartOf\":{\"@id\":\"https:\/\/www.delphosmagazine.com\/llega-a-mar-del-plata-la-torre-de-control-movil-que-operara-en-el-aeropuerto\/\"},\"author\":{\"name\":\"Delphos Magazine\",\"@id\":\"https:\/\/www.delphosmagazine.com\/#\/schema\/person\/975be66d68fbd24bf1cf96e8871defe1\"},\"headline\":\"Llega a Mar del Plata la torre de control m\u00f3vil que operar\u00e1 en el aeropuerto\",\"datePublished\":\"2021-11-05T23:52:13+00:00\",\"mainEntityOfPage\":{\"@id\":\"https:\/\/www.delphosmagazine.com\/llega-a-mar-del-plata-la-torre-de-control-movil-que-operara-en-el-aeropuerto\/\"},\"wordCount\":440,\"publisher\":{\"@id\":\"https:\/\/www.delphosmagazine.com\/#organization\"},\"image\":{\"@id\":\"https:\/\/www.delphosmagazine.com\/llega-a-mar-del-plata-la-torre-de-control-movil-que-operara-en-el-aeropuerto\/#primaryimage\"},\"thumbnailUrl\":\"https:\/\/www.delphosmagazine.com\/wp-content\/uploads\/2021\/11\/EANA_Torre_Movil_MDQ_03.jpg\",\"articleSection\":[\"Aviaci\u00f3n\",\"Aviaci\u00f3n Comercial\",\"Destacados\"],\"inLanguage\":\"en-US\"},{\"@type\":\"WebPage\",\"@id\":\"https:\/\/www.delphosmagazine.com\/llega-a-mar-del-plata-la-torre-de-control-movil-que-operara-en-el-aeropuerto\/\",\"url\":\"https:\/\/www.delphosmagazine.com\/llega-a-mar-del-plata-la-torre-de-control-movil-que-operara-en-el-aeropuerto\/\",\"name\":\"Llega a Mar del Plata la torre de control m\u00f3vil que operar\u00e1 en el aeropuerto | Delphos Magazine\",\"isPartOf\":{\"@id\":\"https:\/\/www.delphosmagazine.com\/#website\"},\"primaryImageOfPage\":{\"@id\":\"https:\/\/www.delphosmagazine.com\/llega-a-mar-del-plata-la-torre-de-control-movil-que-operara-en-el-aeropuerto\/#primaryimage\"},\"image\":{\"@id\":\"https:\/\/www.delphosmagazine.com\/llega-a-mar-del-plata-la-torre-de-control-movil-que-operara-en-el-aeropuerto\/#primaryimage\"},\"thumbnailUrl\":\"https:\/\/www.delphosmagazine.com\/wp-content\/uploads\/2021\/11\/EANA_Torre_Movil_MDQ_03.jpg\",\"datePublished\":\"2021-11-05T23:52:13+00:00\",\"description\":\"Delphos Magazine es el principal medio de prensa generador y proveedor de contenidos aeron\u00e1uticos y de defensa de Latinoam\u00e9rica y el mundo\",\"breadcrumb\":{\"@id\":\"https:\/\/www.delphosmagazine.com\/llega-a-mar-del-plata-la-torre-de-control-movil-que-operara-en-el-aeropuerto\/#breadcrumb\"},\"inLanguage\":\"en-US\",\"potentialAction\":[{\"@type\":\"ReadAction\",\"target\":[\"https:\/\/www.delphosmagazine.com\/llega-a-mar-del-plata-la-torre-de-control-movil-que-operara-en-el-aeropuerto\/\"]}]},{\"@type\":\"ImageObject\",\"inLanguage\":\"en-US\",\"@id\":\"https:\/\/www.delphosmagazine.com\/llega-a-mar-del-plata-la-torre-de-control-movil-que-operara-en-el-aeropuerto\/#primaryimage\",\"url\":\"https:\/\/www.delphosmagazine.com\/wp-content\/uploads\/2021\/11\/EANA_Torre_Movil_MDQ_03.jpg\",\"contentUrl\":\"https:\/\/www.delphosmagazine.com\/wp-content\/uploads\/2021\/11\/EANA_Torre_Movil_MDQ_03.jpg\",\"width\":1280,\"height\":800},{\"@type\":\"BreadcrumbList\",\"@id\":\"https:\/\/www.delphosmagazine.com\/llega-a-mar-del-plata-la-torre-de-control-movil-que-operara-en-el-aeropuerto\/#breadcrumb\",\"itemListElement\":[{\"@type\":\"ListItem\",\"position\":1,\"name\":\"Portada\",\"item\":\"https:\/\/www.delphosmagazine.com\/\"},{\"@type\":\"ListItem\",\"position\":2,\"name\":\"Llega a Mar del Plata la torre de control m\u00f3vil que operar\u00e1 en el aeropuerto\"}]},{\"@type\":\"WebSite\",\"@id\":\"https:\/\/www.delphosmagazine.com\/#website\",\"url\":\"https:\/\/www.delphosmagazine.com\/\",\"name\":\"Delphos Magazine\",\"description\":\"principal medio de prensa generador y proveedor de contenidos aeron\u00e1uticos y de defensa de Latinoam\u00e9rica y el mundo\",\"publisher\":{\"@id\":\"https:\/\/www.delphosmagazine.com\/#organization\"},\"potentialAction\":[{\"@type\":\"SearchAction\",\"target\":{\"@type\":\"EntryPoint\",\"urlTemplate\":\"https:\/\/www.delphosmagazine.com\/?s={search_term_string}\"},\"query-input\":{\"@type\":\"PropertyValueSpecification\",\"valueRequired\":true,\"valueName\":\"search_term_string\"}}],\"inLanguage\":\"en-US\"},{\"@type\":\"Organization\",\"@id\":\"https:\/\/www.delphosmagazine.com\/#organization\",\"name\":\"Delphos Magazine\",\"url\":\"https:\/\/www.delphosmagazine.com\/\",\"logo\":{\"@type\":\"ImageObject\",\"inLanguage\":\"en-US\",\"@id\":\"https:\/\/www.delphosmagazine.com\/#\/schema\/logo\/image\/\",\"url\":\"https:\/\/www.delphosmagazine.com\/wp-content\/uploads\/2020\/10\/logo-negro.jpg\",\"contentUrl\":\"https:\/\/www.delphosmagazine.com\/wp-content\/uploads\/2020\/10\/logo-negro.jpg\",\"width\":872,\"height\":202,\"caption\":\"Delphos Magazine\"},\"image\":{\"@id\":\"https:\/\/www.delphosmagazine.com\/#\/schema\/logo\/image\/\"}},{\"@type\":\"Person\",\"@id\":\"https:\/\/www.delphosmagazine.com\/#\/schema\/person\/975be66d68fbd24bf1cf96e8871defe1\",\"name\":\"Delphos Magazine\",\"image\":{\"@type\":\"ImageObject\",\"inLanguage\":\"en-US\",\"@id\":\"https:\/\/www.delphosmagazine.com\/#\/schema\/person\/image\/\",\"url\":\"https:\/\/secure.gravatar.com\/avatar\/2aef69e4112a9a7b4cb49f96c0516035?s=96&d=mm&r=g\",\"contentUrl\":\"https:\/\/secure.gravatar.com\/avatar\/2aef69e4112a9a7b4cb49f96c0516035?s=96&d=mm&r=g\",\"caption\":\"Delphos Magazine\"},\"sameAs\":[\"https:\/\/www.delphosmagazine.com\"],\"url\":\"https:\/\/www.delphosmagazine.com\/en\/author\/delphosmagazine\/\"}]}<\/script>\n<!-- \/ Yoast SEO plugin. -->","yoast_head_json":{"title":"Llega a Mar del Plata la torre de control m\u00f3vil que operar\u00e1 en el aeropuerto | Delphos Magazine","description":"Delphos Magazine es el principal medio de prensa generador y proveedor de contenidos aeron\u00e1uticos y de defensa de Latinoam\u00e9rica y el mundo","robots":{"index":"index","follow":"follow","max-snippet":"max-snippet:-1","max-image-preview":"max-image-preview:large","max-video-preview":"max-video-preview:-1"},"canonical":"https:\/\/www.delphosmagazine.com\/en\/llega-a-mar-del-plata-la-torre-de-control-movil-que-operara-en-el-aeropuerto\/","og_locale":"en_US","og_type":"article","og_title":"Llega a Mar del Plata la torre de control m\u00f3vil que operar\u00e1 en el aeropuerto | Delphos Magazine","og_description":"Delphos Magazine es el principal medio de prensa generador y proveedor de contenidos aeron\u00e1uticos y de defensa de Latinoam\u00e9rica y el mundo","og_url":"https:\/\/www.delphosmagazine.com\/en\/llega-a-mar-del-plata-la-torre-de-control-movil-que-operara-en-el-aeropuerto\/","og_site_name":"Delphos Magazine","article_published_time":"2021-11-05T23:52:13+00:00","og_image":[{"width":1280,"height":800,"url":"https:\/\/www.delphosmagazine.com\/wp-content\/uploads\/2021\/11\/EANA_Torre_Movil_MDQ_03.jpg","type":"image\/jpeg"}],"author":"Delphos Magazine","twitter_card":"summary_large_image","twitter_misc":{"Written by":"Delphos Magazine","Est. reading time":"2 minutes"},"schema":{"@context":"https:\/\/schema.org","@graph":[{"@type":"Article","@id":"https:\/\/www.delphosmagazine.com\/llega-a-mar-del-plata-la-torre-de-control-movil-que-operara-en-el-aeropuerto\/#article","isPartOf":{"@id":"https:\/\/www.delphosmagazine.com\/llega-a-mar-del-plata-la-torre-de-control-movil-que-operara-en-el-aeropuerto\/"},"author":{"name":"Delphos Magazine","@id":"https:\/\/www.delphosmagazine.com\/#\/schema\/person\/975be66d68fbd24bf1cf96e8871defe1"},"headline":"Llega a Mar del Plata la torre de control m\u00f3vil que operar\u00e1 en el aeropuerto","datePublished":"2021-11-05T23:52:13+00:00","mainEntityOfPage":{"@id":"https:\/\/www.delphosmagazine.com\/llega-a-mar-del-plata-la-torre-de-control-movil-que-operara-en-el-aeropuerto\/"},"wordCount":440,"publisher":{"@id":"https:\/\/www.delphosmagazine.com\/#organization"},"image":{"@id":"https:\/\/www.delphosmagazine.com\/llega-a-mar-del-plata-la-torre-de-control-movil-que-operara-en-el-aeropuerto\/#primaryimage"},"thumbnailUrl":"https:\/\/www.delphosmagazine.com\/wp-content\/uploads\/2021\/11\/EANA_Torre_Movil_MDQ_03.jpg","articleSection":["Aviaci\u00f3n","Aviaci\u00f3n Comercial","Destacados"],"inLanguage":"en-US"},{"@type":"WebPage","@id":"https:\/\/www.delphosmagazine.com\/llega-a-mar-del-plata-la-torre-de-control-movil-que-operara-en-el-aeropuerto\/","url":"https:\/\/www.delphosmagazine.com\/llega-a-mar-del-plata-la-torre-de-control-movil-que-operara-en-el-aeropuerto\/","name":"Llega a Mar del Plata la torre de control m\u00f3vil que operar\u00e1 en el aeropuerto | Delphos Magazine","isPartOf":{"@id":"https:\/\/www.delphosmagazine.com\/#website"},"primaryImageOfPage":{"@id":"https:\/\/www.delphosmagazine.com\/llega-a-mar-del-plata-la-torre-de-control-movil-que-operara-en-el-aeropuerto\/#primaryimage"},"image":{"@id":"https:\/\/www.delphosmagazine.com\/llega-a-mar-del-plata-la-torre-de-control-movil-que-operara-en-el-aeropuerto\/#primaryimage"},"thumbnailUrl":"https:\/\/www.delphosmagazine.com\/wp-content\/uploads\/2021\/11\/EANA_Torre_Movil_MDQ_03.jpg","datePublished":"2021-11-05T23:52:13+00:00","description":"Delphos Magazine es el principal medio de prensa generador y proveedor de contenidos aeron\u00e1uticos y de defensa de Latinoam\u00e9rica y el mundo","breadcrumb":{"@id":"https:\/\/www.delphosmagazine.com\/llega-a-mar-del-plata-la-torre-de-control-movil-que-operara-en-el-aeropuerto\/#breadcrumb"},"inLanguage":"en-US","potentialAction":[{"@type":"ReadAction","target":["https:\/\/www.delphosmagazine.com\/llega-a-mar-del-plata-la-torre-de-control-movil-que-operara-en-el-aeropuerto\/"]}]},{"@type":"ImageObject","inLanguage":"en-US","@id":"https:\/\/www.delphosmagazine.com\/llega-a-mar-del-plata-la-torre-de-control-movil-que-operara-en-el-aeropuerto\/#primaryimage","url":"https:\/\/www.delphosmagazine.com\/wp-content\/uploads\/2021\/11\/EANA_Torre_Movil_MDQ_03.jpg","contentUrl":"https:\/\/www.delphosmagazine.com\/wp-content\/uploads\/2021\/11\/EANA_Torre_Movil_MDQ_03.jpg","width":1280,"height":800},{"@type":"BreadcrumbList","@id":"https:\/\/www.delphosmagazine.com\/llega-a-mar-del-plata-la-torre-de-control-movil-que-operara-en-el-aeropuerto\/#breadcrumb","itemListElement":[{"@type":"ListItem","position":1,"name":"Portada","item":"https:\/\/www.delphosmagazine.com\/"},{"@type":"ListItem","position":2,"name":"Llega a Mar del Plata la torre de control m\u00f3vil que operar\u00e1 en el aeropuerto"}]},{"@type":"WebSite","@id":"https:\/\/www.delphosmagazine.com\/#website","url":"https:\/\/www.delphosmagazine.com\/","name":"Delphos Magazine","description":"principal medio de prensa generador y proveedor de contenidos aeron\u00e1uticos y de defensa de Latinoam\u00e9rica y el mundo","publisher":{"@id":"https:\/\/www.delphosmagazine.com\/#organization"},"potentialAction":[{"@type":"SearchAction","target":{"@type":"EntryPoint","urlTemplate":"https:\/\/www.delphosmagazine.com\/?s={search_term_string}"},"query-input":{"@type":"PropertyValueSpecification","valueRequired":true,"valueName":"search_term_string"}}],"inLanguage":"en-US"},{"@type":"Organization","@id":"https:\/\/www.delphosmagazine.com\/#organization","name":"Delphos Magazine","url":"https:\/\/www.delphosmagazine.com\/","logo":{"@type":"ImageObject","inLanguage":"en-US","@id":"https:\/\/www.delphosmagazine.com\/#\/schema\/logo\/image\/","url":"https:\/\/www.delphosmagazine.com\/wp-content\/uploads\/2020\/10\/logo-negro.jpg","contentUrl":"https:\/\/www.delphosmagazine.com\/wp-content\/uploads\/2020\/10\/logo-negro.jpg","width":872,"height":202,"caption":"Delphos Magazine"},"image":{"@id":"https:\/\/www.delphosmagazine.com\/#\/schema\/logo\/image\/"}},{"@type":"Person","@id":"https:\/\/www.delphosmagazine.com\/#\/schema\/person\/975be66d68fbd24bf1cf96e8871defe1","name":"Delphos Magazine","image":{"@type":"ImageObject","inLanguage":"en-US","@id":"https:\/\/www.delphosmagazine.com\/#\/schema\/person\/image\/","url":"https:\/\/secure.gravatar.com\/avatar\/2aef69e4112a9a7b4cb49f96c0516035?s=96&d=mm&r=g","contentUrl":"https:\/\/secure.gravatar.com\/avatar\/2aef69e4112a9a7b4cb49f96c0516035?s=96&d=mm&r=g","caption":"Delphos Magazine"},"sameAs":["https:\/\/www.delphosmagazine.com"],"url":"https:\/\/www.delphosmagazine.com\/en\/author\/delphosmagazine\/"}]}},"_links":{"self":[{"href":"https:\/\/www.delphosmagazine.com\/en\/wp-json\/wp\/v2\/posts\/9288","targetHints":{"allow":["GET"]}}],"collection":[{"href":"https:\/\/www.delphosmagazine.com\/en\/wp-json\/wp\/v2\/posts"}],"about":[{"href":"https:\/\/www.delphosmagazine.com\/en\/wp-json\/wp\/v2\/types\/post"}],"author":[{"embeddable":true,"href":"https:\/\/www.delphosmagazine.com\/en\/wp-json\/wp\/v2\/users\/2"}],"replies":[{"embeddable":true,"href":"https:\/\/www.delphosmagazine.com\/en\/wp-json\/wp\/v2\/comments?post=9288"}],"version-history":[{"count":1,"href":"https:\/\/www.delphosmagazine.com\/en\/wp-json\/wp\/v2\/posts\/9288\/revisions"}],"predecessor-version":[{"id":9294,"href":"https:\/\/www.delphosmagazine.com\/en\/wp-json\/wp\/v2\/posts\/9288\/revisions\/9294"}],"wp:featuredmedia":[{"embeddable":true,"href":"https:\/\/www.delphosmagazine.com\/en\/wp-json\/wp\/v2\/media\/9292"}],"wp:attachment":[{"href":"https:\/\/www.delphosmagazine.com\/en\/wp-json\/wp\/v2\/media?parent=9288"}],"wp:term":[{"taxonomy":"category","embeddable":true,"href":"https:\/\/www.delphosmagazine.com\/en\/wp-json\/wp\/v2\/categories?post=9288"},{"taxonomy":"post_tag","embeddable":true,"href":"https:\/\/www.delphosmagazine.com\/en\/wp-json\/wp\/v2\/tags?post=9288"}],"curies":[{"name":"wp","href":"https:\/\/api.w.org\/{rel}","templated":true}]}}