{"id":8904,"date":"2021-09-08T16:31:04","date_gmt":"2021-09-08T20:31:04","guid":{"rendered":"https:\/\/www.delphosmagazine.com\/?p=8904"},"modified":"2021-09-08T16:31:04","modified_gmt":"2021-09-08T20:31:04","slug":"bbam-confirma-dos-airbus-a321-convertidos-a-cargueros-para-lufthansa-cargo","status":"publish","type":"post","link":"https:\/\/www.delphosmagazine.com\/en\/bbam-confirma-dos-airbus-a321-convertidos-a-cargueros-para-lufthansa-cargo\/","title":{"rendered":"BBAM confirma dos Airbus A321 convertidos a cargueros para Lufthansa Cargo"},"content":{"rendered":"<p style=\"text-align: justify;\">El 7 de septiembre de 2021, la empresa de leasing con sede en California BBAM Limited Partnership (BBAM) confirm\u00f3 el contrato de arriendo a largo plazo de dos aviones de carga Airbus A321P2F convertidos con Lufthansa Cargo. Ambos aviones ser\u00e1n operados por Lufthansa CityLine en vuelos por Europa desde su base en Frankfurt, Alemania.<\/p>\n<p style=\"text-align: justify;\">Recordemos que, Lufthansa Cargo, hab\u00eda anunciado el 7 de julio de 2021 que ten\u00eda las intenciones de adquirir dos Airbus A321 cargueros para desplegarlos en Europa desde principios de 2022, debido a alta demanda de carga impulsado por el comercio electr\u00f3nico dentro de la regi\u00f3n europea.<\/p>\n<p style=\"text-align: justify;\">La flota de cargueros de Lufthansa Cargo actualmente consta de 13 aviones Boeing 777F, 4 de los cuales son operados por la empresa conjunta AeroLogic y aun opera una unidad del legendario McDonnell-Douglas MD-11F.<\/p>\n<p style=\"text-align: justify;\">La directora ejecutiva de Lufthansa Cargo, Dorothea von Boxberg, declaro \u00ab<em>La asociaci\u00f3n con BBAM en estos cargueros convertidos le da al antiguo avi\u00f3n de pasajeros una segunda vida y nos permite ofrecer a nuestros clientes la capacidad adicional que tanto necesitan en Europa<\/em>\u00ab, adem\u00e1s agreg\u00f3,\u00a0 \u201c<em>El Airbus A321P2F ofrece beneficios \u00fanicos, que incluyen una mayor capacidad de carga, la mejor econom\u00eda de su clase, un peso reducido y una menor huella de carbono, lo que nos brinda una gran flexibilidad en la gesti\u00f3n de la carga<\/em>\u201d.<\/p>\n<p style=\"text-align: justify;\">Los aviones de carga Airbus A321P2F, convertidos por EFW de Alemania, pueden transportar hasta 28 toneladas m\u00e9tricas de carga en las cubiertas principal e inferior.<\/p>\n<figure id=\"attachment_8905\" aria-describedby=\"caption-attachment-8905\" style=\"width: 1200px\" class=\"wp-caption aligncenter\"><img loading=\"lazy\" decoding=\"async\" class=\"size-full wp-image-8905\" src=\"https:\/\/www.delphosmagazine.com\/wp-content\/uploads\/2021\/09\/3G4A5432-Lufthansa-Cargo-B777-DelphosMagazine.jpg\" alt=\"\" width=\"1200\" height=\"675\" srcset=\"https:\/\/www.delphosmagazine.com\/wp-content\/uploads\/2021\/09\/3G4A5432-Lufthansa-Cargo-B777-DelphosMagazine.jpg 1200w, https:\/\/www.delphosmagazine.com\/wp-content\/uploads\/2021\/09\/3G4A5432-Lufthansa-Cargo-B777-DelphosMagazine-300x169.jpg 300w, https:\/\/www.delphosmagazine.com\/wp-content\/uploads\/2021\/09\/3G4A5432-Lufthansa-Cargo-B777-DelphosMagazine-1024x576.jpg 1024w, https:\/\/www.delphosmagazine.com\/wp-content\/uploads\/2021\/09\/3G4A5432-Lufthansa-Cargo-B777-DelphosMagazine-768x432.jpg 768w, https:\/\/www.delphosmagazine.com\/wp-content\/uploads\/2021\/09\/3G4A5432-Lufthansa-Cargo-B777-DelphosMagazine-150x84.jpg 150w, https:\/\/www.delphosmagazine.com\/wp-content\/uploads\/2021\/09\/3G4A5432-Lufthansa-Cargo-B777-DelphosMagazine-696x392.jpg 696w, https:\/\/www.delphosmagazine.com\/wp-content\/uploads\/2021\/09\/3G4A5432-Lufthansa-Cargo-B777-DelphosMagazine-1068x601.jpg 1068w\" sizes=\"auto, (max-width: 1200px) 100vw, 1200px\" \/><figcaption id=\"caption-attachment-8905\" class=\"wp-caption-text\">Frankfurt EDDH \/ Boeing 777F \/Lufthansa Cargo<\/figcaption><\/figure>","protected":false},"excerpt":{"rendered":"<p>El 7 de septiembre de 2021, la empresa de leasing con sede en California BBAM Limited Partnership (BBAM) confirm\u00f3 el contrato de arriendo a largo plazo de dos aviones de carga Airbus A321P2F convertidos con Lufthansa Cargo. Ambos aviones ser\u00e1n operados por Lufthansa CityLine en vuelos por Europa desde su base en Frankfurt, Alemania. Recordemos [&hellip;]<\/p>\n","protected":false},"author":3,"featured_media":8905,"comment_status":"closed","ping_status":"closed","sticky":false,"template":"","format":"standard","meta":{"footnotes":""},"categories":[3,5,26],"tags":[494,495,492,269,493],"class_list":{"0":"post-8904","1":"post","2":"type-post","3":"status-publish","4":"format-standard","5":"has-post-thumbnail","7":"category-aviacion","8":"category-aviacion-civil-comercial","9":"category-destacados","10":"tag-airbus-a321-freighter","11":"tag-airbus-a321p2f","12":"tag-eddf","13":"tag-frankfurt","14":"tag-lufthansa-cargo"},"yoast_head":"<!-- This site is optimized with the Yoast SEO plugin v26.5 - https:\/\/yoast.com\/wordpress\/plugins\/seo\/ -->\n<title>BBAM confirma dos Airbus A321 convertidos a cargueros para Lufthansa Cargo | Delphos Magazine<\/title>\n<meta name=\"description\" content=\"Delphos Magazine es el principal medio de prensa generador y proveedor de contenidos aeron\u00e1uticos y de defensa de Latinoam\u00e9rica y el mundo\" \/>\n<meta name=\"robots\" content=\"index, follow, max-snippet:-1, max-image-preview:large, max-video-preview:-1\" \/>\n<link rel=\"canonical\" href=\"https:\/\/www.delphosmagazine.com\/en\/bbam-confirma-dos-airbus-a321-convertidos-a-cargueros-para-lufthansa-cargo\/\" \/>\n<meta property=\"og:locale\" content=\"en_US\" \/>\n<meta property=\"og:type\" content=\"article\" \/>\n<meta property=\"og:title\" content=\"BBAM confirma dos Airbus A321 convertidos a cargueros para Lufthansa Cargo | Delphos Magazine\" \/>\n<meta property=\"og:description\" content=\"Delphos Magazine es el principal medio de prensa generador y proveedor de contenidos aeron\u00e1uticos y de defensa de Latinoam\u00e9rica y el mundo\" \/>\n<meta property=\"og:url\" content=\"https:\/\/www.delphosmagazine.com\/en\/bbam-confirma-dos-airbus-a321-convertidos-a-cargueros-para-lufthansa-cargo\/\" \/>\n<meta property=\"og:site_name\" content=\"Delphos Magazine\" \/>\n<meta property=\"article:published_time\" content=\"2021-09-08T20:31:04+00:00\" \/>\n<meta property=\"og:image\" content=\"https:\/\/www.delphosmagazine.com\/wp-content\/uploads\/2021\/09\/3G4A5432-Lufthansa-Cargo-B777-DelphosMagazine.jpg\" \/>\n\t<meta property=\"og:image:width\" content=\"1200\" \/>\n\t<meta property=\"og:image:height\" content=\"675\" \/>\n\t<meta property=\"og:image:type\" content=\"image\/jpeg\" \/>\n<meta name=\"author\" content=\"Varitech\" \/>\n<meta name=\"twitter:card\" content=\"summary_large_image\" \/>\n<meta name=\"twitter:label1\" content=\"Written by\" \/>\n\t<meta name=\"twitter:data1\" content=\"Varitech\" \/>\n\t<meta name=\"twitter:label2\" content=\"Est. reading time\" \/>\n\t<meta name=\"twitter:data2\" content=\"2 minutes\" \/>\n<script type=\"application\/ld+json\" class=\"yoast-schema-graph\">{\"@context\":\"https:\/\/schema.org\",\"@graph\":[{\"@type\":\"Article\",\"@id\":\"https:\/\/www.delphosmagazine.com\/bbam-confirma-dos-airbus-a321-convertidos-a-cargueros-para-lufthansa-cargo\/#article\",\"isPartOf\":{\"@id\":\"https:\/\/www.delphosmagazine.com\/bbam-confirma-dos-airbus-a321-convertidos-a-cargueros-para-lufthansa-cargo\/\"},\"author\":{\"name\":\"Varitech\",\"@id\":\"https:\/\/www.delphosmagazine.com\/#\/schema\/person\/ca31ea697fc6c143e0d63be58c577e6b\"},\"headline\":\"BBAM confirma dos Airbus A321 convertidos a cargueros para Lufthansa Cargo\",\"datePublished\":\"2021-09-08T20:31:04+00:00\",\"mainEntityOfPage\":{\"@id\":\"https:\/\/www.delphosmagazine.com\/bbam-confirma-dos-airbus-a321-convertidos-a-cargueros-para-lufthansa-cargo\/\"},\"wordCount\":279,\"publisher\":{\"@id\":\"https:\/\/www.delphosmagazine.com\/#organization\"},\"image\":{\"@id\":\"https:\/\/www.delphosmagazine.com\/bbam-confirma-dos-airbus-a321-convertidos-a-cargueros-para-lufthansa-cargo\/#primaryimage\"},\"thumbnailUrl\":\"https:\/\/www.delphosmagazine.com\/wp-content\/uploads\/2021\/09\/3G4A5432-Lufthansa-Cargo-B777-DelphosMagazine.jpg\",\"keywords\":[\"Airbus A321 Freighter\",\"Airbus A321P2F\",\"EDDF\",\"Frankfurt\",\"Lufthansa Cargo\"],\"articleSection\":[\"Aviaci\u00f3n\",\"Aviaci\u00f3n Comercial\",\"Destacados\"],\"inLanguage\":\"en-US\"},{\"@type\":\"WebPage\",\"@id\":\"https:\/\/www.delphosmagazine.com\/bbam-confirma-dos-airbus-a321-convertidos-a-cargueros-para-lufthansa-cargo\/\",\"url\":\"https:\/\/www.delphosmagazine.com\/bbam-confirma-dos-airbus-a321-convertidos-a-cargueros-para-lufthansa-cargo\/\",\"name\":\"BBAM confirma dos Airbus A321 convertidos a cargueros para Lufthansa Cargo | Delphos Magazine\",\"isPartOf\":{\"@id\":\"https:\/\/www.delphosmagazine.com\/#website\"},\"primaryImageOfPage\":{\"@id\":\"https:\/\/www.delphosmagazine.com\/bbam-confirma-dos-airbus-a321-convertidos-a-cargueros-para-lufthansa-cargo\/#primaryimage\"},\"image\":{\"@id\":\"https:\/\/www.delphosmagazine.com\/bbam-confirma-dos-airbus-a321-convertidos-a-cargueros-para-lufthansa-cargo\/#primaryimage\"},\"thumbnailUrl\":\"https:\/\/www.delphosmagazine.com\/wp-content\/uploads\/2021\/09\/3G4A5432-Lufthansa-Cargo-B777-DelphosMagazine.jpg\",\"datePublished\":\"2021-09-08T20:31:04+00:00\",\"description\":\"Delphos Magazine es el principal medio de prensa generador y proveedor de contenidos aeron\u00e1uticos y de defensa de Latinoam\u00e9rica y el mundo\",\"breadcrumb\":{\"@id\":\"https:\/\/www.delphosmagazine.com\/bbam-confirma-dos-airbus-a321-convertidos-a-cargueros-para-lufthansa-cargo\/#breadcrumb\"},\"inLanguage\":\"en-US\",\"potentialAction\":[{\"@type\":\"ReadAction\",\"target\":[\"https:\/\/www.delphosmagazine.com\/bbam-confirma-dos-airbus-a321-convertidos-a-cargueros-para-lufthansa-cargo\/\"]}]},{\"@type\":\"ImageObject\",\"inLanguage\":\"en-US\",\"@id\":\"https:\/\/www.delphosmagazine.com\/bbam-confirma-dos-airbus-a321-convertidos-a-cargueros-para-lufthansa-cargo\/#primaryimage\",\"url\":\"https:\/\/www.delphosmagazine.com\/wp-content\/uploads\/2021\/09\/3G4A5432-Lufthansa-Cargo-B777-DelphosMagazine.jpg\",\"contentUrl\":\"https:\/\/www.delphosmagazine.com\/wp-content\/uploads\/2021\/09\/3G4A5432-Lufthansa-Cargo-B777-DelphosMagazine.jpg\",\"width\":1200,\"height\":675,\"caption\":\"Frankfurt EDDH \/ Boeing 777F \/Lufthansa Cargo\"},{\"@type\":\"BreadcrumbList\",\"@id\":\"https:\/\/www.delphosmagazine.com\/bbam-confirma-dos-airbus-a321-convertidos-a-cargueros-para-lufthansa-cargo\/#breadcrumb\",\"itemListElement\":[{\"@type\":\"ListItem\",\"position\":1,\"name\":\"Portada\",\"item\":\"https:\/\/www.delphosmagazine.com\/\"},{\"@type\":\"ListItem\",\"position\":2,\"name\":\"BBAM confirma dos Airbus A321 convertidos a cargueros para Lufthansa Cargo\"}]},{\"@type\":\"WebSite\",\"@id\":\"https:\/\/www.delphosmagazine.com\/#website\",\"url\":\"https:\/\/www.delphosmagazine.com\/\",\"name\":\"Delphos Magazine\",\"description\":\"principal medio de prensa generador y proveedor de contenidos aeron\u00e1uticos y de defensa de Latinoam\u00e9rica y el mundo\",\"publisher\":{\"@id\":\"https:\/\/www.delphosmagazine.com\/#organization\"},\"potentialAction\":[{\"@type\":\"SearchAction\",\"target\":{\"@type\":\"EntryPoint\",\"urlTemplate\":\"https:\/\/www.delphosmagazine.com\/?s={search_term_string}\"},\"query-input\":{\"@type\":\"PropertyValueSpecification\",\"valueRequired\":true,\"valueName\":\"search_term_string\"}}],\"inLanguage\":\"en-US\"},{\"@type\":\"Organization\",\"@id\":\"https:\/\/www.delphosmagazine.com\/#organization\",\"name\":\"Delphos Magazine\",\"url\":\"https:\/\/www.delphosmagazine.com\/\",\"logo\":{\"@type\":\"ImageObject\",\"inLanguage\":\"en-US\",\"@id\":\"https:\/\/www.delphosmagazine.com\/#\/schema\/logo\/image\/\",\"url\":\"https:\/\/www.delphosmagazine.com\/wp-content\/uploads\/2020\/10\/logo-negro.jpg\",\"contentUrl\":\"https:\/\/www.delphosmagazine.com\/wp-content\/uploads\/2020\/10\/logo-negro.jpg\",\"width\":872,\"height\":202,\"caption\":\"Delphos Magazine\"},\"image\":{\"@id\":\"https:\/\/www.delphosmagazine.com\/#\/schema\/logo\/image\/\"}},{\"@type\":\"Person\",\"@id\":\"https:\/\/www.delphosmagazine.com\/#\/schema\/person\/ca31ea697fc6c143e0d63be58c577e6b\",\"name\":\"Varitech\",\"image\":{\"@type\":\"ImageObject\",\"inLanguage\":\"en-US\",\"@id\":\"https:\/\/www.delphosmagazine.com\/#\/schema\/person\/image\/\",\"url\":\"https:\/\/secure.gravatar.com\/avatar\/a9943634b30ae329f1a041bbbee525de?s=96&d=mm&r=g\",\"contentUrl\":\"https:\/\/secure.gravatar.com\/avatar\/a9943634b30ae329f1a041bbbee525de?s=96&d=mm&r=g\",\"caption\":\"Varitech\"},\"url\":\"https:\/\/www.delphosmagazine.com\/en\/author\/carlos-valle\/\"}]}<\/script>\n<!-- \/ Yoast SEO plugin. -->","yoast_head_json":{"title":"BBAM confirma dos Airbus A321 convertidos a cargueros para Lufthansa Cargo | Delphos Magazine","description":"Delphos Magazine es el principal medio de prensa generador y proveedor de contenidos aeron\u00e1uticos y de defensa de Latinoam\u00e9rica y el mundo","robots":{"index":"index","follow":"follow","max-snippet":"max-snippet:-1","max-image-preview":"max-image-preview:large","max-video-preview":"max-video-preview:-1"},"canonical":"https:\/\/www.delphosmagazine.com\/en\/bbam-confirma-dos-airbus-a321-convertidos-a-cargueros-para-lufthansa-cargo\/","og_locale":"en_US","og_type":"article","og_title":"BBAM confirma dos Airbus A321 convertidos a cargueros para Lufthansa Cargo | Delphos Magazine","og_description":"Delphos Magazine es el principal medio de prensa generador y proveedor de contenidos aeron\u00e1uticos y de defensa de Latinoam\u00e9rica y el mundo","og_url":"https:\/\/www.delphosmagazine.com\/en\/bbam-confirma-dos-airbus-a321-convertidos-a-cargueros-para-lufthansa-cargo\/","og_site_name":"Delphos Magazine","article_published_time":"2021-09-08T20:31:04+00:00","og_image":[{"width":1200,"height":675,"url":"https:\/\/www.delphosmagazine.com\/wp-content\/uploads\/2021\/09\/3G4A5432-Lufthansa-Cargo-B777-DelphosMagazine.jpg","type":"image\/jpeg"}],"author":"Varitech","twitter_card":"summary_large_image","twitter_misc":{"Written by":"Varitech","Est. reading time":"2 minutes"},"schema":{"@context":"https:\/\/schema.org","@graph":[{"@type":"Article","@id":"https:\/\/www.delphosmagazine.com\/bbam-confirma-dos-airbus-a321-convertidos-a-cargueros-para-lufthansa-cargo\/#article","isPartOf":{"@id":"https:\/\/www.delphosmagazine.com\/bbam-confirma-dos-airbus-a321-convertidos-a-cargueros-para-lufthansa-cargo\/"},"author":{"name":"Varitech","@id":"https:\/\/www.delphosmagazine.com\/#\/schema\/person\/ca31ea697fc6c143e0d63be58c577e6b"},"headline":"BBAM confirma dos Airbus A321 convertidos a cargueros para Lufthansa Cargo","datePublished":"2021-09-08T20:31:04+00:00","mainEntityOfPage":{"@id":"https:\/\/www.delphosmagazine.com\/bbam-confirma-dos-airbus-a321-convertidos-a-cargueros-para-lufthansa-cargo\/"},"wordCount":279,"publisher":{"@id":"https:\/\/www.delphosmagazine.com\/#organization"},"image":{"@id":"https:\/\/www.delphosmagazine.com\/bbam-confirma-dos-airbus-a321-convertidos-a-cargueros-para-lufthansa-cargo\/#primaryimage"},"thumbnailUrl":"https:\/\/www.delphosmagazine.com\/wp-content\/uploads\/2021\/09\/3G4A5432-Lufthansa-Cargo-B777-DelphosMagazine.jpg","keywords":["Airbus A321 Freighter","Airbus A321P2F","EDDF","Frankfurt","Lufthansa Cargo"],"articleSection":["Aviaci\u00f3n","Aviaci\u00f3n Comercial","Destacados"],"inLanguage":"en-US"},{"@type":"WebPage","@id":"https:\/\/www.delphosmagazine.com\/bbam-confirma-dos-airbus-a321-convertidos-a-cargueros-para-lufthansa-cargo\/","url":"https:\/\/www.delphosmagazine.com\/bbam-confirma-dos-airbus-a321-convertidos-a-cargueros-para-lufthansa-cargo\/","name":"BBAM confirma dos Airbus A321 convertidos a cargueros para Lufthansa Cargo | Delphos Magazine","isPartOf":{"@id":"https:\/\/www.delphosmagazine.com\/#website"},"primaryImageOfPage":{"@id":"https:\/\/www.delphosmagazine.com\/bbam-confirma-dos-airbus-a321-convertidos-a-cargueros-para-lufthansa-cargo\/#primaryimage"},"image":{"@id":"https:\/\/www.delphosmagazine.com\/bbam-confirma-dos-airbus-a321-convertidos-a-cargueros-para-lufthansa-cargo\/#primaryimage"},"thumbnailUrl":"https:\/\/www.delphosmagazine.com\/wp-content\/uploads\/2021\/09\/3G4A5432-Lufthansa-Cargo-B777-DelphosMagazine.jpg","datePublished":"2021-09-08T20:31:04+00:00","description":"Delphos Magazine es el principal medio de prensa generador y proveedor de contenidos aeron\u00e1uticos y de defensa de Latinoam\u00e9rica y el mundo","breadcrumb":{"@id":"https:\/\/www.delphosmagazine.com\/bbam-confirma-dos-airbus-a321-convertidos-a-cargueros-para-lufthansa-cargo\/#breadcrumb"},"inLanguage":"en-US","potentialAction":[{"@type":"ReadAction","target":["https:\/\/www.delphosmagazine.com\/bbam-confirma-dos-airbus-a321-convertidos-a-cargueros-para-lufthansa-cargo\/"]}]},{"@type":"ImageObject","inLanguage":"en-US","@id":"https:\/\/www.delphosmagazine.com\/bbam-confirma-dos-airbus-a321-convertidos-a-cargueros-para-lufthansa-cargo\/#primaryimage","url":"https:\/\/www.delphosmagazine.com\/wp-content\/uploads\/2021\/09\/3G4A5432-Lufthansa-Cargo-B777-DelphosMagazine.jpg","contentUrl":"https:\/\/www.delphosmagazine.com\/wp-content\/uploads\/2021\/09\/3G4A5432-Lufthansa-Cargo-B777-DelphosMagazine.jpg","width":1200,"height":675,"caption":"Frankfurt EDDH \/ Boeing 777F \/Lufthansa Cargo"},{"@type":"BreadcrumbList","@id":"https:\/\/www.delphosmagazine.com\/bbam-confirma-dos-airbus-a321-convertidos-a-cargueros-para-lufthansa-cargo\/#breadcrumb","itemListElement":[{"@type":"ListItem","position":1,"name":"Portada","item":"https:\/\/www.delphosmagazine.com\/"},{"@type":"ListItem","position":2,"name":"BBAM confirma dos Airbus A321 convertidos a cargueros para Lufthansa Cargo"}]},{"@type":"WebSite","@id":"https:\/\/www.delphosmagazine.com\/#website","url":"https:\/\/www.delphosmagazine.com\/","name":"Delphos Magazine","description":"principal medio de prensa generador y proveedor de contenidos aeron\u00e1uticos y de defensa de Latinoam\u00e9rica y el mundo","publisher":{"@id":"https:\/\/www.delphosmagazine.com\/#organization"},"potentialAction":[{"@type":"SearchAction","target":{"@type":"EntryPoint","urlTemplate":"https:\/\/www.delphosmagazine.com\/?s={search_term_string}"},"query-input":{"@type":"PropertyValueSpecification","valueRequired":true,"valueName":"search_term_string"}}],"inLanguage":"en-US"},{"@type":"Organization","@id":"https:\/\/www.delphosmagazine.com\/#organization","name":"Delphos Magazine","url":"https:\/\/www.delphosmagazine.com\/","logo":{"@type":"ImageObject","inLanguage":"en-US","@id":"https:\/\/www.delphosmagazine.com\/#\/schema\/logo\/image\/","url":"https:\/\/www.delphosmagazine.com\/wp-content\/uploads\/2020\/10\/logo-negro.jpg","contentUrl":"https:\/\/www.delphosmagazine.com\/wp-content\/uploads\/2020\/10\/logo-negro.jpg","width":872,"height":202,"caption":"Delphos Magazine"},"image":{"@id":"https:\/\/www.delphosmagazine.com\/#\/schema\/logo\/image\/"}},{"@type":"Person","@id":"https:\/\/www.delphosmagazine.com\/#\/schema\/person\/ca31ea697fc6c143e0d63be58c577e6b","name":"Varitech","image":{"@type":"ImageObject","inLanguage":"en-US","@id":"https:\/\/www.delphosmagazine.com\/#\/schema\/person\/image\/","url":"https:\/\/secure.gravatar.com\/avatar\/a9943634b30ae329f1a041bbbee525de?s=96&d=mm&r=g","contentUrl":"https:\/\/secure.gravatar.com\/avatar\/a9943634b30ae329f1a041bbbee525de?s=96&d=mm&r=g","caption":"Varitech"},"url":"https:\/\/www.delphosmagazine.com\/en\/author\/carlos-valle\/"}]}},"_links":{"self":[{"href":"https:\/\/www.delphosmagazine.com\/en\/wp-json\/wp\/v2\/posts\/8904","targetHints":{"allow":["GET"]}}],"collection":[{"href":"https:\/\/www.delphosmagazine.com\/en\/wp-json\/wp\/v2\/posts"}],"about":[{"href":"https:\/\/www.delphosmagazine.com\/en\/wp-json\/wp\/v2\/types\/post"}],"author":[{"embeddable":true,"href":"https:\/\/www.delphosmagazine.com\/en\/wp-json\/wp\/v2\/users\/3"}],"replies":[{"embeddable":true,"href":"https:\/\/www.delphosmagazine.com\/en\/wp-json\/wp\/v2\/comments?post=8904"}],"version-history":[{"count":3,"href":"https:\/\/www.delphosmagazine.com\/en\/wp-json\/wp\/v2\/posts\/8904\/revisions"}],"predecessor-version":[{"id":8908,"href":"https:\/\/www.delphosmagazine.com\/en\/wp-json\/wp\/v2\/posts\/8904\/revisions\/8908"}],"wp:featuredmedia":[{"embeddable":true,"href":"https:\/\/www.delphosmagazine.com\/en\/wp-json\/wp\/v2\/media\/8905"}],"wp:attachment":[{"href":"https:\/\/www.delphosmagazine.com\/en\/wp-json\/wp\/v2\/media?parent=8904"}],"wp:term":[{"taxonomy":"category","embeddable":true,"href":"https:\/\/www.delphosmagazine.com\/en\/wp-json\/wp\/v2\/categories?post=8904"},{"taxonomy":"post_tag","embeddable":true,"href":"https:\/\/www.delphosmagazine.com\/en\/wp-json\/wp\/v2\/tags?post=8904"}],"curies":[{"name":"wp","href":"https:\/\/api.w.org\/{rel}","templated":true}]}}