{"id":8854,"date":"2021-08-31T17:11:41","date_gmt":"2021-08-31T21:11:41","guid":{"rendered":"https:\/\/www.delphosmagazine.com\/?p=8854"},"modified":"2021-08-31T17:11:41","modified_gmt":"2021-08-31T21:11:41","slug":"air-new-zealand-confirma-retiro-de-sus-boeing-777-300er","status":"publish","type":"post","link":"https:\/\/www.delphosmagazine.com\/en\/air-new-zealand-confirma-retiro-de-sus-boeing-777-300er\/","title":{"rendered":"Air New Zealand confirma retiro de sus Boeing 777-300ER"},"content":{"rendered":"<p style=\"text-align: justify;\">Air New Zealand, ha confirmado que retirar\u00e1 gradualmente su flota de aviones Boeing 777-300ER para quedar con una flota una de Boeing 787 para sus vuelos de largo alcance.\u00a0 Este anuncio se entrego en el marco de la informaci\u00f3n de su estado financiero, el cual arrojo perdidas por 289 millones de d\u00f3lares en el primer semestre del 2021.<\/p>\n<p style=\"text-align: justify;\">Air New Zealand hab\u00eda operado sus Boeing 777 -200ER y Boeing777-300ER hasta antes de la pandemia.\u00a0 Una vez que se iniciaron las restricciones de viajes en el 2020, el operador neozeland\u00e9s, retiro de inmediato toda su flota de Boeing 777-200ER, de los cuales al momento algunos se encuentran a la venta y los m\u00e1s antiguos fueron desmantelados.<\/p>\n<p style=\"text-align: justify;\">El primer Boeing 777-300ER, recibido por Air New Zealand, el ZK-OKM, fue entregado el 2010, y siendo incorporados para reemplazar a los Boeing 747-400, principalmente para las rutas Auckland \u2013 Los \u00c1ngeles y Auckland \u2013 Londres.\u00a0 Estos aviones pose\u00edan dos esquemas de colores, el tradicional blanco y negro y uno completamente negro.<\/p>\n<p style=\"text-align: justify;\">Lo interesante es que estos Boeing 777 tienen una edad promedio de nueve a\u00f1os, por lo que estas aeronaves tienen mucho potencial para alg\u00fan operador que quiera adquirirlas, ya sea para pasajeros o convertirlos a cargueros.<\/p>\n<p style=\"text-align: justify;\">Ahora bien, los Boeing 777-300ER actualmente almacenados, ser\u00e1n reactivados en la medida que la demanda por viajes a\u00e9reos se incremente, pero mantendr\u00e1n su retiro para el a\u00f1o 2027.<\/p>\n<p style=\"text-align: justify;\">De esta forma, Air New Zealand operar\u00e1 \u00fanicamente con Boeing 787-9, Boeing 787-10 en su flota de largo alcance y con la familia A320 para su flota de corto y mediano alcance.<\/p>\n<p>&nbsp;<\/p>\n<div id='gallery-1' class='gallery galleryid-8854 gallery-columns-2 gallery-size-thumbnail'><figure class='gallery-item'>\n\t\t\t<div class='gallery-icon landscape'>\n\t\t\t\t<a href='https:\/\/www.delphosmagazine.com\/en\/air-new-zealand-confirma-retiro-de-sus-boeing-777-300er\/3g4a2942-klax_air_new_zealand_b777_zk-okq\/'><img loading=\"lazy\" decoding=\"async\" width=\"150\" height=\"150\" src=\"https:\/\/www.delphosmagazine.com\/wp-content\/uploads\/2021\/08\/3G4A2942-KLAX_Air_New_Zealand_B777_ZK-OKQ-150x150.jpg\" class=\"attachment-thumbnail size-thumbnail\" alt=\"\" aria-describedby=\"gallery-1-8856\" \/><\/a>\n\t\t\t<\/div>\n\t\t\t\t<figcaption class='wp-caption-text gallery-caption' id='gallery-1-8856'>\n\t\t\t\tLos Angeles KLAX \/ Air New Zealand \/ Boeing 777-300ER \/  ZK-OKQ\n\t\t\t\t<\/figcaption><\/figure><figure class='gallery-item'>\n\t\t\t<div class='gallery-icon landscape'>\n\t\t\t\t<a href='https:\/\/www.delphosmagazine.com\/en\/air-new-zealand-confirma-retiro-de-sus-boeing-777-300er\/3g4a3887-klax_air_new_zealand_b777_zk-okn\/'><img loading=\"lazy\" decoding=\"async\" width=\"150\" height=\"150\" src=\"https:\/\/www.delphosmagazine.com\/wp-content\/uploads\/2021\/08\/3G4A3887-KLAX_Air_New_Zealand_B777_ZK-OKN-150x150.jpg\" class=\"attachment-thumbnail size-thumbnail\" alt=\"\" aria-describedby=\"gallery-1-8855\" \/><\/a>\n\t\t\t<\/div>\n\t\t\t\t<figcaption class='wp-caption-text gallery-caption' id='gallery-1-8855'>\n\t\t\t\tLos Angeles KLAX \/ Air New Zealand \/ Boeing 777-300ER \/  ZK-OKN\n\t\t\t\t<\/figcaption><\/figure>\n\t\t<\/div>","protected":false},"excerpt":{"rendered":"<p>Air New Zealand, ha confirmado que retirar\u00e1 gradualmente su flota de aviones Boeing 777-300ER para quedar con una flota una de Boeing 787 para sus vuelos de largo alcance.\u00a0 Este anuncio se entrego en el marco de la informaci\u00f3n de su estado financiero, el cual arrojo perdidas por 289 millones de d\u00f3lares en el primer [&hellip;]<\/p>\n","protected":false},"author":3,"featured_media":8855,"comment_status":"closed","ping_status":"closed","sticky":false,"template":"","format":"standard","meta":{"footnotes":""},"categories":[3,5,26],"tags":[],"class_list":{"0":"post-8854","1":"post","2":"type-post","3":"status-publish","4":"format-standard","5":"has-post-thumbnail","7":"category-aviacion","8":"category-aviacion-civil-comercial","9":"category-destacados"},"yoast_head":"<!-- This site is optimized with the Yoast SEO plugin v26.5 - https:\/\/yoast.com\/wordpress\/plugins\/seo\/ -->\n<title>Air New Zealand confirma retiro de sus Boeing 777-300ER | Delphos Magazine<\/title>\n<meta name=\"description\" content=\"Delphos Magazine es el principal medio de prensa generador y proveedor de contenidos aeron\u00e1uticos y de defensa de Latinoam\u00e9rica y el mundo\" \/>\n<meta name=\"robots\" content=\"index, follow, max-snippet:-1, max-image-preview:large, max-video-preview:-1\" \/>\n<link rel=\"canonical\" href=\"https:\/\/www.delphosmagazine.com\/en\/air-new-zealand-confirma-retiro-de-sus-boeing-777-300er\/\" \/>\n<meta property=\"og:locale\" content=\"en_US\" \/>\n<meta property=\"og:type\" content=\"article\" \/>\n<meta property=\"og:title\" content=\"Air New Zealand confirma retiro de sus Boeing 777-300ER | Delphos Magazine\" \/>\n<meta property=\"og:description\" content=\"Delphos Magazine es el principal medio de prensa generador y proveedor de contenidos aeron\u00e1uticos y de defensa de Latinoam\u00e9rica y el mundo\" \/>\n<meta property=\"og:url\" content=\"https:\/\/www.delphosmagazine.com\/en\/air-new-zealand-confirma-retiro-de-sus-boeing-777-300er\/\" \/>\n<meta property=\"og:site_name\" content=\"Delphos Magazine\" \/>\n<meta property=\"article:published_time\" content=\"2021-08-31T21:11:41+00:00\" \/>\n<meta property=\"og:image\" content=\"https:\/\/www.delphosmagazine.com\/wp-content\/uploads\/2021\/08\/3G4A3887-KLAX_Air_New_Zealand_B777_ZK-OKN.jpg\" \/>\n\t<meta property=\"og:image:width\" content=\"1200\" \/>\n\t<meta property=\"og:image:height\" content=\"675\" \/>\n\t<meta property=\"og:image:type\" content=\"image\/jpeg\" \/>\n<meta name=\"author\" content=\"Varitech\" \/>\n<meta name=\"twitter:card\" content=\"summary_large_image\" \/>\n<meta name=\"twitter:label1\" content=\"Written by\" \/>\n\t<meta name=\"twitter:data1\" content=\"Varitech\" \/>\n\t<meta name=\"twitter:label2\" content=\"Est. reading time\" \/>\n\t<meta name=\"twitter:data2\" content=\"2 minutes\" \/>\n<script type=\"application\/ld+json\" class=\"yoast-schema-graph\">{\"@context\":\"https:\/\/schema.org\",\"@graph\":[{\"@type\":\"Article\",\"@id\":\"https:\/\/www.delphosmagazine.com\/air-new-zealand-confirma-retiro-de-sus-boeing-777-300er\/#article\",\"isPartOf\":{\"@id\":\"https:\/\/www.delphosmagazine.com\/air-new-zealand-confirma-retiro-de-sus-boeing-777-300er\/\"},\"author\":{\"name\":\"Varitech\",\"@id\":\"https:\/\/www.delphosmagazine.com\/#\/schema\/person\/ca31ea697fc6c143e0d63be58c577e6b\"},\"headline\":\"Air New Zealand confirma retiro de sus Boeing 777-300ER\",\"datePublished\":\"2021-08-31T21:11:41+00:00\",\"mainEntityOfPage\":{\"@id\":\"https:\/\/www.delphosmagazine.com\/air-new-zealand-confirma-retiro-de-sus-boeing-777-300er\/\"},\"wordCount\":286,\"publisher\":{\"@id\":\"https:\/\/www.delphosmagazine.com\/#organization\"},\"image\":{\"@id\":\"https:\/\/www.delphosmagazine.com\/air-new-zealand-confirma-retiro-de-sus-boeing-777-300er\/#primaryimage\"},\"thumbnailUrl\":\"https:\/\/www.delphosmagazine.com\/wp-content\/uploads\/2021\/08\/3G4A3887-KLAX_Air_New_Zealand_B777_ZK-OKN.jpg\",\"articleSection\":[\"Aviaci\u00f3n\",\"Aviaci\u00f3n Comercial\",\"Destacados\"],\"inLanguage\":\"en-US\"},{\"@type\":\"WebPage\",\"@id\":\"https:\/\/www.delphosmagazine.com\/air-new-zealand-confirma-retiro-de-sus-boeing-777-300er\/\",\"url\":\"https:\/\/www.delphosmagazine.com\/air-new-zealand-confirma-retiro-de-sus-boeing-777-300er\/\",\"name\":\"Air New Zealand confirma retiro de sus Boeing 777-300ER | Delphos Magazine\",\"isPartOf\":{\"@id\":\"https:\/\/www.delphosmagazine.com\/#website\"},\"primaryImageOfPage\":{\"@id\":\"https:\/\/www.delphosmagazine.com\/air-new-zealand-confirma-retiro-de-sus-boeing-777-300er\/#primaryimage\"},\"image\":{\"@id\":\"https:\/\/www.delphosmagazine.com\/air-new-zealand-confirma-retiro-de-sus-boeing-777-300er\/#primaryimage\"},\"thumbnailUrl\":\"https:\/\/www.delphosmagazine.com\/wp-content\/uploads\/2021\/08\/3G4A3887-KLAX_Air_New_Zealand_B777_ZK-OKN.jpg\",\"datePublished\":\"2021-08-31T21:11:41+00:00\",\"description\":\"Delphos Magazine es el principal medio de prensa generador y proveedor de contenidos aeron\u00e1uticos y de defensa de Latinoam\u00e9rica y el mundo\",\"breadcrumb\":{\"@id\":\"https:\/\/www.delphosmagazine.com\/air-new-zealand-confirma-retiro-de-sus-boeing-777-300er\/#breadcrumb\"},\"inLanguage\":\"en-US\",\"potentialAction\":[{\"@type\":\"ReadAction\",\"target\":[\"https:\/\/www.delphosmagazine.com\/air-new-zealand-confirma-retiro-de-sus-boeing-777-300er\/\"]}]},{\"@type\":\"ImageObject\",\"inLanguage\":\"en-US\",\"@id\":\"https:\/\/www.delphosmagazine.com\/air-new-zealand-confirma-retiro-de-sus-boeing-777-300er\/#primaryimage\",\"url\":\"https:\/\/www.delphosmagazine.com\/wp-content\/uploads\/2021\/08\/3G4A3887-KLAX_Air_New_Zealand_B777_ZK-OKN.jpg\",\"contentUrl\":\"https:\/\/www.delphosmagazine.com\/wp-content\/uploads\/2021\/08\/3G4A3887-KLAX_Air_New_Zealand_B777_ZK-OKN.jpg\",\"width\":1200,\"height\":675,\"caption\":\"Los Angeles KLAX \/ Air New Zealand \/ Boeing 777-300ER \/ ZK-OKN\"},{\"@type\":\"BreadcrumbList\",\"@id\":\"https:\/\/www.delphosmagazine.com\/air-new-zealand-confirma-retiro-de-sus-boeing-777-300er\/#breadcrumb\",\"itemListElement\":[{\"@type\":\"ListItem\",\"position\":1,\"name\":\"Portada\",\"item\":\"https:\/\/www.delphosmagazine.com\/\"},{\"@type\":\"ListItem\",\"position\":2,\"name\":\"Air New Zealand confirma retiro de sus Boeing 777-300ER\"}]},{\"@type\":\"WebSite\",\"@id\":\"https:\/\/www.delphosmagazine.com\/#website\",\"url\":\"https:\/\/www.delphosmagazine.com\/\",\"name\":\"Delphos Magazine\",\"description\":\"principal medio de prensa generador y proveedor de contenidos aeron\u00e1uticos y de defensa de Latinoam\u00e9rica y el mundo\",\"publisher\":{\"@id\":\"https:\/\/www.delphosmagazine.com\/#organization\"},\"potentialAction\":[{\"@type\":\"SearchAction\",\"target\":{\"@type\":\"EntryPoint\",\"urlTemplate\":\"https:\/\/www.delphosmagazine.com\/?s={search_term_string}\"},\"query-input\":{\"@type\":\"PropertyValueSpecification\",\"valueRequired\":true,\"valueName\":\"search_term_string\"}}],\"inLanguage\":\"en-US\"},{\"@type\":\"Organization\",\"@id\":\"https:\/\/www.delphosmagazine.com\/#organization\",\"name\":\"Delphos Magazine\",\"url\":\"https:\/\/www.delphosmagazine.com\/\",\"logo\":{\"@type\":\"ImageObject\",\"inLanguage\":\"en-US\",\"@id\":\"https:\/\/www.delphosmagazine.com\/#\/schema\/logo\/image\/\",\"url\":\"https:\/\/www.delphosmagazine.com\/wp-content\/uploads\/2020\/10\/logo-negro.jpg\",\"contentUrl\":\"https:\/\/www.delphosmagazine.com\/wp-content\/uploads\/2020\/10\/logo-negro.jpg\",\"width\":872,\"height\":202,\"caption\":\"Delphos Magazine\"},\"image\":{\"@id\":\"https:\/\/www.delphosmagazine.com\/#\/schema\/logo\/image\/\"}},{\"@type\":\"Person\",\"@id\":\"https:\/\/www.delphosmagazine.com\/#\/schema\/person\/ca31ea697fc6c143e0d63be58c577e6b\",\"name\":\"Varitech\",\"image\":{\"@type\":\"ImageObject\",\"inLanguage\":\"en-US\",\"@id\":\"https:\/\/www.delphosmagazine.com\/#\/schema\/person\/image\/\",\"url\":\"https:\/\/secure.gravatar.com\/avatar\/a9943634b30ae329f1a041bbbee525de?s=96&d=mm&r=g\",\"contentUrl\":\"https:\/\/secure.gravatar.com\/avatar\/a9943634b30ae329f1a041bbbee525de?s=96&d=mm&r=g\",\"caption\":\"Varitech\"},\"url\":\"https:\/\/www.delphosmagazine.com\/en\/author\/carlos-valle\/\"}]}<\/script>\n<!-- \/ Yoast SEO plugin. -->","yoast_head_json":{"title":"Air New Zealand confirma retiro de sus Boeing 777-300ER | Delphos Magazine","description":"Delphos Magazine es el principal medio de prensa generador y proveedor de contenidos aeron\u00e1uticos y de defensa de Latinoam\u00e9rica y el mundo","robots":{"index":"index","follow":"follow","max-snippet":"max-snippet:-1","max-image-preview":"max-image-preview:large","max-video-preview":"max-video-preview:-1"},"canonical":"https:\/\/www.delphosmagazine.com\/en\/air-new-zealand-confirma-retiro-de-sus-boeing-777-300er\/","og_locale":"en_US","og_type":"article","og_title":"Air New Zealand confirma retiro de sus Boeing 777-300ER | Delphos Magazine","og_description":"Delphos Magazine es el principal medio de prensa generador y proveedor de contenidos aeron\u00e1uticos y de defensa de Latinoam\u00e9rica y el mundo","og_url":"https:\/\/www.delphosmagazine.com\/en\/air-new-zealand-confirma-retiro-de-sus-boeing-777-300er\/","og_site_name":"Delphos Magazine","article_published_time":"2021-08-31T21:11:41+00:00","og_image":[{"width":1200,"height":675,"url":"https:\/\/www.delphosmagazine.com\/wp-content\/uploads\/2021\/08\/3G4A3887-KLAX_Air_New_Zealand_B777_ZK-OKN.jpg","type":"image\/jpeg"}],"author":"Varitech","twitter_card":"summary_large_image","twitter_misc":{"Written by":"Varitech","Est. reading time":"2 minutes"},"schema":{"@context":"https:\/\/schema.org","@graph":[{"@type":"Article","@id":"https:\/\/www.delphosmagazine.com\/air-new-zealand-confirma-retiro-de-sus-boeing-777-300er\/#article","isPartOf":{"@id":"https:\/\/www.delphosmagazine.com\/air-new-zealand-confirma-retiro-de-sus-boeing-777-300er\/"},"author":{"name":"Varitech","@id":"https:\/\/www.delphosmagazine.com\/#\/schema\/person\/ca31ea697fc6c143e0d63be58c577e6b"},"headline":"Air New Zealand confirma retiro de sus Boeing 777-300ER","datePublished":"2021-08-31T21:11:41+00:00","mainEntityOfPage":{"@id":"https:\/\/www.delphosmagazine.com\/air-new-zealand-confirma-retiro-de-sus-boeing-777-300er\/"},"wordCount":286,"publisher":{"@id":"https:\/\/www.delphosmagazine.com\/#organization"},"image":{"@id":"https:\/\/www.delphosmagazine.com\/air-new-zealand-confirma-retiro-de-sus-boeing-777-300er\/#primaryimage"},"thumbnailUrl":"https:\/\/www.delphosmagazine.com\/wp-content\/uploads\/2021\/08\/3G4A3887-KLAX_Air_New_Zealand_B777_ZK-OKN.jpg","articleSection":["Aviaci\u00f3n","Aviaci\u00f3n Comercial","Destacados"],"inLanguage":"en-US"},{"@type":"WebPage","@id":"https:\/\/www.delphosmagazine.com\/air-new-zealand-confirma-retiro-de-sus-boeing-777-300er\/","url":"https:\/\/www.delphosmagazine.com\/air-new-zealand-confirma-retiro-de-sus-boeing-777-300er\/","name":"Air New Zealand confirma retiro de sus Boeing 777-300ER | Delphos Magazine","isPartOf":{"@id":"https:\/\/www.delphosmagazine.com\/#website"},"primaryImageOfPage":{"@id":"https:\/\/www.delphosmagazine.com\/air-new-zealand-confirma-retiro-de-sus-boeing-777-300er\/#primaryimage"},"image":{"@id":"https:\/\/www.delphosmagazine.com\/air-new-zealand-confirma-retiro-de-sus-boeing-777-300er\/#primaryimage"},"thumbnailUrl":"https:\/\/www.delphosmagazine.com\/wp-content\/uploads\/2021\/08\/3G4A3887-KLAX_Air_New_Zealand_B777_ZK-OKN.jpg","datePublished":"2021-08-31T21:11:41+00:00","description":"Delphos Magazine es el principal medio de prensa generador y proveedor de contenidos aeron\u00e1uticos y de defensa de Latinoam\u00e9rica y el mundo","breadcrumb":{"@id":"https:\/\/www.delphosmagazine.com\/air-new-zealand-confirma-retiro-de-sus-boeing-777-300er\/#breadcrumb"},"inLanguage":"en-US","potentialAction":[{"@type":"ReadAction","target":["https:\/\/www.delphosmagazine.com\/air-new-zealand-confirma-retiro-de-sus-boeing-777-300er\/"]}]},{"@type":"ImageObject","inLanguage":"en-US","@id":"https:\/\/www.delphosmagazine.com\/air-new-zealand-confirma-retiro-de-sus-boeing-777-300er\/#primaryimage","url":"https:\/\/www.delphosmagazine.com\/wp-content\/uploads\/2021\/08\/3G4A3887-KLAX_Air_New_Zealand_B777_ZK-OKN.jpg","contentUrl":"https:\/\/www.delphosmagazine.com\/wp-content\/uploads\/2021\/08\/3G4A3887-KLAX_Air_New_Zealand_B777_ZK-OKN.jpg","width":1200,"height":675,"caption":"Los Angeles KLAX \/ Air New Zealand \/ Boeing 777-300ER \/ ZK-OKN"},{"@type":"BreadcrumbList","@id":"https:\/\/www.delphosmagazine.com\/air-new-zealand-confirma-retiro-de-sus-boeing-777-300er\/#breadcrumb","itemListElement":[{"@type":"ListItem","position":1,"name":"Portada","item":"https:\/\/www.delphosmagazine.com\/"},{"@type":"ListItem","position":2,"name":"Air New Zealand confirma retiro de sus Boeing 777-300ER"}]},{"@type":"WebSite","@id":"https:\/\/www.delphosmagazine.com\/#website","url":"https:\/\/www.delphosmagazine.com\/","name":"Delphos Magazine","description":"principal medio de prensa generador y proveedor de contenidos aeron\u00e1uticos y de defensa de Latinoam\u00e9rica y el mundo","publisher":{"@id":"https:\/\/www.delphosmagazine.com\/#organization"},"potentialAction":[{"@type":"SearchAction","target":{"@type":"EntryPoint","urlTemplate":"https:\/\/www.delphosmagazine.com\/?s={search_term_string}"},"query-input":{"@type":"PropertyValueSpecification","valueRequired":true,"valueName":"search_term_string"}}],"inLanguage":"en-US"},{"@type":"Organization","@id":"https:\/\/www.delphosmagazine.com\/#organization","name":"Delphos Magazine","url":"https:\/\/www.delphosmagazine.com\/","logo":{"@type":"ImageObject","inLanguage":"en-US","@id":"https:\/\/www.delphosmagazine.com\/#\/schema\/logo\/image\/","url":"https:\/\/www.delphosmagazine.com\/wp-content\/uploads\/2020\/10\/logo-negro.jpg","contentUrl":"https:\/\/www.delphosmagazine.com\/wp-content\/uploads\/2020\/10\/logo-negro.jpg","width":872,"height":202,"caption":"Delphos Magazine"},"image":{"@id":"https:\/\/www.delphosmagazine.com\/#\/schema\/logo\/image\/"}},{"@type":"Person","@id":"https:\/\/www.delphosmagazine.com\/#\/schema\/person\/ca31ea697fc6c143e0d63be58c577e6b","name":"Varitech","image":{"@type":"ImageObject","inLanguage":"en-US","@id":"https:\/\/www.delphosmagazine.com\/#\/schema\/person\/image\/","url":"https:\/\/secure.gravatar.com\/avatar\/a9943634b30ae329f1a041bbbee525de?s=96&d=mm&r=g","contentUrl":"https:\/\/secure.gravatar.com\/avatar\/a9943634b30ae329f1a041bbbee525de?s=96&d=mm&r=g","caption":"Varitech"},"url":"https:\/\/www.delphosmagazine.com\/en\/author\/carlos-valle\/"}]}},"_links":{"self":[{"href":"https:\/\/www.delphosmagazine.com\/en\/wp-json\/wp\/v2\/posts\/8854","targetHints":{"allow":["GET"]}}],"collection":[{"href":"https:\/\/www.delphosmagazine.com\/en\/wp-json\/wp\/v2\/posts"}],"about":[{"href":"https:\/\/www.delphosmagazine.com\/en\/wp-json\/wp\/v2\/types\/post"}],"author":[{"embeddable":true,"href":"https:\/\/www.delphosmagazine.com\/en\/wp-json\/wp\/v2\/users\/3"}],"replies":[{"embeddable":true,"href":"https:\/\/www.delphosmagazine.com\/en\/wp-json\/wp\/v2\/comments?post=8854"}],"version-history":[{"count":2,"href":"https:\/\/www.delphosmagazine.com\/en\/wp-json\/wp\/v2\/posts\/8854\/revisions"}],"predecessor-version":[{"id":8858,"href":"https:\/\/www.delphosmagazine.com\/en\/wp-json\/wp\/v2\/posts\/8854\/revisions\/8858"}],"wp:featuredmedia":[{"embeddable":true,"href":"https:\/\/www.delphosmagazine.com\/en\/wp-json\/wp\/v2\/media\/8855"}],"wp:attachment":[{"href":"https:\/\/www.delphosmagazine.com\/en\/wp-json\/wp\/v2\/media?parent=8854"}],"wp:term":[{"taxonomy":"category","embeddable":true,"href":"https:\/\/www.delphosmagazine.com\/en\/wp-json\/wp\/v2\/categories?post=8854"},{"taxonomy":"post_tag","embeddable":true,"href":"https:\/\/www.delphosmagazine.com\/en\/wp-json\/wp\/v2\/tags?post=8854"}],"curies":[{"name":"wp","href":"https:\/\/api.w.org\/{rel}","templated":true}]}}