{"id":8523,"date":"2021-07-25T19:16:57","date_gmt":"2021-07-25T23:16:57","guid":{"rendered":"https:\/\/www.delphosmagazine.com\/?p=8523"},"modified":"2021-07-25T19:16:57","modified_gmt":"2021-07-25T23:16:57","slug":"jetsmart-cumple-4-anos-desde-su-primer-vuelo-regular-comercial","status":"publish","type":"post","link":"https:\/\/www.delphosmagazine.com\/en\/jetsmart-cumple-4-anos-desde-su-primer-vuelo-regular-comercial\/","title":{"rendered":"JetSMART cumple 4 a\u00f1os desde su primer vuelo regular comercial"},"content":{"rendered":"<p style=\"text-align: justify;\">La empresa JetSMART Airline Spa fue fundada en el a\u00f1o 2016, recibiendo el 16 de junio de 2017, por parte de DGAC Chile su certificado de Operador A\u00e9reo (AOC) N\u00b0 1367, dando inicio, en aquel momento, a las operaciones de JetSMART, como la primera l\u00ednea a\u00e9rea Ultra Low Cost de Chile.<\/p>\n<p style=\"text-align: justify;\">JetSMART est\u00e1 controlada por el fondo estadounidense Indigo Partners quien adem\u00e1s controlan Frontier Airlines (Estados Unidos), Volaris (M\u00e9jico), Wizz Air (Hungria) y recientemente adquirieron Cebu Pacific Air (Filipinas)<\/p>\n<p style=\"text-align: justify;\">JetSMART recibi\u00f3 su primer avi\u00f3n Airbus A320-232, matricula CC-AWA, 13 de junio del 2017 y actualmente tiene una flota 19 aeronaves entre Airbus A320Ceo y Airbus 320Neo.\u00a0 Para el futuro espera operar aeronaves Airbus A321Neo y A321XLR.\u00a0 Una caracter\u00edstica visible de su flota son los animales caracter\u00edsticos de la regi\u00f3n de Sudam\u00e9rica que est\u00e1n presente en la cola de los aviones lo cual los hace muy atractivos visualmente.\u00a0 La \u00fanica excepci\u00f3n es el CC-AWP, que tiene como animal al emblema del Banco Estado de Chile producto de un acuerdo comercial entre el banco y la aerol\u00ednea.<\/p>\n<p style=\"text-align: justify;\">El primer vuelo regular comercial, fue realizado el 25 de julio del 2017 en la ruta Santiago \u2013 Calama, en el CC-AWA.<\/p>\n<p style=\"text-align: justify;\">JetSMART es una l\u00ednea a\u00e9rea concebida como Ultra Low Cost, desde su fundaci\u00f3n, por lo cual tiene una estructura organizacional y de costos acorde con la filosof\u00eda Ultra Low Cost, por lo que es capaz de ofrecer precios de pasajes a\u00e9reos convenientes para atraer los pasajeros desde el transporte terrestre.<\/p>\n<p style=\"text-align: justify;\">Una de las novedades introducidas por JetSMART fueron su planificaci\u00f3n de rutas y modelo de negocio el cual consiste en realizar vuelos regionales que no pasen por Santiago. Actualmente, JetSMART tiene 38 rutas dentro de Chile, de las cuales 19 no pasan por Santiago.\u00a0 Para realizar esta planificaci\u00f3n ha implementado tres bases de operaciones en las ciudades de Santiago, Concepci\u00f3n y Antofagasta.<\/p>\n<p style=\"text-align: justify;\">En cuanto a su expansi\u00f3n sudamericana tiene ocho rutas internacionales que conectan Chile con Argentina, Colombia, Per\u00fa y Brasil.<\/p>\n<p style=\"text-align: justify;\">Tras la operaci\u00f3n exitosa de carga por parte de LATAM Airlines y SKY Airline, quienes adecuaron su modelo de negocio para dar frente a las restricciones de la pandemia reforzando su modelo de carga, para dar respuesta al crecimiento explosivo de la carga a\u00e9rea, producto del e-commerce, JetSMART ha iniciado tambi\u00e9n su secci\u00f3n de carga a\u00e9rea de la mano de Worldcargo solutions Chile, la que, a su vez, es parte Dubai Ports World.<\/p>\n<p>Im\u00e1genes 2017<\/p>\n<div id='gallery-1' class='gallery galleryid-8523 gallery-columns-4 gallery-size-thumbnail'><figure class='gallery-item'>\n\t\t\t<div class='gallery-icon landscape'>\n\t\t\t\t<a href='https:\/\/www.delphosmagazine.com\/en\/jetsmart-cumple-4-anos-desde-su-primer-vuelo-regular-comercial\/recepcion_cc_awa_2017\/'><img loading=\"lazy\" decoding=\"async\" width=\"150\" height=\"150\" src=\"https:\/\/www.delphosmagazine.com\/wp-content\/uploads\/2021\/07\/Recepcion_CC_AWA_2017-150x150.jpg\" class=\"attachment-thumbnail size-thumbnail\" alt=\"\" aria-describedby=\"gallery-1-8527\" \/><\/a>\n\t\t\t<\/div>\n\t\t\t\t<figcaption class='wp-caption-text gallery-caption' id='gallery-1-8527'>\n\t\t\t\tRecepci\u00f3n del Airbus A320 CC-AWA 15\/06\/2017\n\t\t\t\t<\/figcaption><\/figure><figure class='gallery-item'>\n\t\t\t<div class='gallery-icon landscape'>\n\t\t\t\t<a href='https:\/\/www.delphosmagazine.com\/en\/jetsmart-cumple-4-anos-desde-su-primer-vuelo-regular-comercial\/01_primer_vuelo_cc-awa\/'><img loading=\"lazy\" decoding=\"async\" width=\"150\" height=\"150\" src=\"https:\/\/www.delphosmagazine.com\/wp-content\/uploads\/2021\/07\/01_Primer_Vuelo_CC-AWA-150x150.jpg\" class=\"attachment-thumbnail size-thumbnail\" alt=\"\" aria-describedby=\"gallery-1-8525\" \/><\/a>\n\t\t\t<\/div>\n\t\t\t\t<figcaption class='wp-caption-text gallery-caption' id='gallery-1-8525'>\n\t\t\t\tPrimer Vuelo JetSMART 25-07-2017\n\t\t\t\t<\/figcaption><\/figure><figure class='gallery-item'>\n\t\t\t<div class='gallery-icon landscape'>\n\t\t\t\t<a href='https:\/\/www.delphosmagazine.com\/en\/jetsmart-cumple-4-anos-desde-su-primer-vuelo-regular-comercial\/03_primer_vuelo_cc-awa\/'><img loading=\"lazy\" decoding=\"async\" width=\"150\" height=\"150\" src=\"https:\/\/www.delphosmagazine.com\/wp-content\/uploads\/2021\/07\/03_Primer_Vuelo_CC-AWA-150x150.jpg\" class=\"attachment-thumbnail size-thumbnail\" alt=\"\" aria-describedby=\"gallery-1-8526\" \/><\/a>\n\t\t\t<\/div>\n\t\t\t\t<figcaption class='wp-caption-text gallery-caption' id='gallery-1-8526'>\n\t\t\t\tPrimer Vuelo JetSMART 25-07-2017\n\t\t\t\t<\/figcaption><\/figure><figure class='gallery-item'>\n\t\t\t<div class='gallery-icon landscape'>\n\t\t\t\t<a href='https:\/\/www.delphosmagazine.com\/en\/jetsmart-cumple-4-anos-desde-su-primer-vuelo-regular-comercial\/primervuelo_scel_jetsmart_a320_cc-awa_delphosmagazine\/'><img loading=\"lazy\" decoding=\"async\" width=\"150\" height=\"150\" src=\"https:\/\/www.delphosmagazine.com\/wp-content\/uploads\/2021\/07\/PrimerVuelo_SCEL_JetSMART_A320_CC-AWA_Delphosmagazine-150x150.jpg\" class=\"attachment-thumbnail size-thumbnail\" alt=\"\" aria-describedby=\"gallery-1-8528\" \/><\/a>\n\t\t\t<\/div>\n\t\t\t\t<figcaption class='wp-caption-text gallery-caption' id='gallery-1-8528'>\n\t\t\t\tPrimer Vuelo JetSMART 25-07-2017\n\t\t\t\t<\/figcaption><\/figure>\n\t\t<\/div>","protected":false},"excerpt":{"rendered":"<p>La empresa JetSMART Airline Spa fue fundada en el a\u00f1o 2016, recibiendo el 16 de junio de 2017, por parte de DGAC Chile su certificado de Operador A\u00e9reo (AOC) N\u00b0 1367, dando inicio, en aquel momento, a las operaciones de JetSMART, como la primera l\u00ednea a\u00e9rea Ultra Low Cost de Chile. JetSMART est\u00e1 controlada por [&hellip;]<\/p>\n","protected":false},"author":3,"featured_media":8524,"comment_status":"closed","ping_status":"closed","sticky":false,"template":"","format":"standard","meta":{"footnotes":""},"categories":[3,5],"tags":[],"class_list":{"0":"post-8523","1":"post","2":"type-post","3":"status-publish","4":"format-standard","5":"has-post-thumbnail","7":"category-aviacion","8":"category-aviacion-civil-comercial"},"yoast_head":"<!-- This site is optimized with the Yoast SEO plugin v26.5 - https:\/\/yoast.com\/wordpress\/plugins\/seo\/ -->\n<title>JetSMART cumple 4 a\u00f1os desde su primer vuelo regular comercial | Delphos Magazine<\/title>\n<meta name=\"description\" content=\"Delphos Magazine es el principal medio de prensa generador y proveedor de contenidos aeron\u00e1uticos y de defensa de Latinoam\u00e9rica y el mundo\" \/>\n<meta name=\"robots\" content=\"index, follow, max-snippet:-1, max-image-preview:large, max-video-preview:-1\" \/>\n<link rel=\"canonical\" href=\"https:\/\/www.delphosmagazine.com\/en\/jetsmart-cumple-4-anos-desde-su-primer-vuelo-regular-comercial\/\" \/>\n<meta property=\"og:locale\" content=\"en_US\" \/>\n<meta property=\"og:type\" content=\"article\" \/>\n<meta property=\"og:title\" content=\"JetSMART cumple 4 a\u00f1os desde su primer vuelo regular comercial | Delphos Magazine\" \/>\n<meta property=\"og:description\" content=\"Delphos Magazine es el principal medio de prensa generador y proveedor de contenidos aeron\u00e1uticos y de defensa de Latinoam\u00e9rica y el mundo\" \/>\n<meta property=\"og:url\" content=\"https:\/\/www.delphosmagazine.com\/en\/jetsmart-cumple-4-anos-desde-su-primer-vuelo-regular-comercial\/\" \/>\n<meta property=\"og:site_name\" content=\"Delphos Magazine\" \/>\n<meta property=\"article:published_time\" content=\"2021-07-25T23:16:57+00:00\" \/>\n<meta property=\"og:image\" content=\"https:\/\/www.delphosmagazine.com\/wp-content\/uploads\/2021\/07\/SCEL_JetSMART_A320_CC-AWA_Delphosmagazine.jpg\" \/>\n\t<meta property=\"og:image:width\" content=\"1200\" \/>\n\t<meta property=\"og:image:height\" content=\"675\" \/>\n\t<meta property=\"og:image:type\" content=\"image\/jpeg\" \/>\n<meta name=\"author\" content=\"Varitech\" \/>\n<meta name=\"twitter:card\" content=\"summary_large_image\" \/>\n<meta name=\"twitter:label1\" content=\"Written by\" \/>\n\t<meta name=\"twitter:data1\" content=\"Varitech\" \/>\n\t<meta name=\"twitter:label2\" content=\"Est. reading time\" \/>\n\t<meta name=\"twitter:data2\" content=\"2 minutes\" \/>\n<script type=\"application\/ld+json\" class=\"yoast-schema-graph\">{\"@context\":\"https:\/\/schema.org\",\"@graph\":[{\"@type\":\"Article\",\"@id\":\"https:\/\/www.delphosmagazine.com\/jetsmart-cumple-4-anos-desde-su-primer-vuelo-regular-comercial\/#article\",\"isPartOf\":{\"@id\":\"https:\/\/www.delphosmagazine.com\/jetsmart-cumple-4-anos-desde-su-primer-vuelo-regular-comercial\/\"},\"author\":{\"name\":\"Varitech\",\"@id\":\"https:\/\/www.delphosmagazine.com\/#\/schema\/person\/ca31ea697fc6c143e0d63be58c577e6b\"},\"headline\":\"JetSMART cumple 4 a\u00f1os desde su primer vuelo regular comercial\",\"datePublished\":\"2021-07-25T23:16:57+00:00\",\"mainEntityOfPage\":{\"@id\":\"https:\/\/www.delphosmagazine.com\/jetsmart-cumple-4-anos-desde-su-primer-vuelo-regular-comercial\/\"},\"wordCount\":436,\"publisher\":{\"@id\":\"https:\/\/www.delphosmagazine.com\/#organization\"},\"image\":{\"@id\":\"https:\/\/www.delphosmagazine.com\/jetsmart-cumple-4-anos-desde-su-primer-vuelo-regular-comercial\/#primaryimage\"},\"thumbnailUrl\":\"https:\/\/www.delphosmagazine.com\/wp-content\/uploads\/2021\/07\/SCEL_JetSMART_A320_CC-AWA_Delphosmagazine.jpg\",\"articleSection\":[\"Aviaci\u00f3n\",\"Aviaci\u00f3n Comercial\"],\"inLanguage\":\"en-US\"},{\"@type\":\"WebPage\",\"@id\":\"https:\/\/www.delphosmagazine.com\/jetsmart-cumple-4-anos-desde-su-primer-vuelo-regular-comercial\/\",\"url\":\"https:\/\/www.delphosmagazine.com\/jetsmart-cumple-4-anos-desde-su-primer-vuelo-regular-comercial\/\",\"name\":\"JetSMART cumple 4 a\u00f1os desde su primer vuelo regular comercial | Delphos Magazine\",\"isPartOf\":{\"@id\":\"https:\/\/www.delphosmagazine.com\/#website\"},\"primaryImageOfPage\":{\"@id\":\"https:\/\/www.delphosmagazine.com\/jetsmart-cumple-4-anos-desde-su-primer-vuelo-regular-comercial\/#primaryimage\"},\"image\":{\"@id\":\"https:\/\/www.delphosmagazine.com\/jetsmart-cumple-4-anos-desde-su-primer-vuelo-regular-comercial\/#primaryimage\"},\"thumbnailUrl\":\"https:\/\/www.delphosmagazine.com\/wp-content\/uploads\/2021\/07\/SCEL_JetSMART_A320_CC-AWA_Delphosmagazine.jpg\",\"datePublished\":\"2021-07-25T23:16:57+00:00\",\"description\":\"Delphos Magazine es el principal medio de prensa generador y proveedor de contenidos aeron\u00e1uticos y de defensa de Latinoam\u00e9rica y el mundo\",\"breadcrumb\":{\"@id\":\"https:\/\/www.delphosmagazine.com\/jetsmart-cumple-4-anos-desde-su-primer-vuelo-regular-comercial\/#breadcrumb\"},\"inLanguage\":\"en-US\",\"potentialAction\":[{\"@type\":\"ReadAction\",\"target\":[\"https:\/\/www.delphosmagazine.com\/jetsmart-cumple-4-anos-desde-su-primer-vuelo-regular-comercial\/\"]}]},{\"@type\":\"ImageObject\",\"inLanguage\":\"en-US\",\"@id\":\"https:\/\/www.delphosmagazine.com\/jetsmart-cumple-4-anos-desde-su-primer-vuelo-regular-comercial\/#primaryimage\",\"url\":\"https:\/\/www.delphosmagazine.com\/wp-content\/uploads\/2021\/07\/SCEL_JetSMART_A320_CC-AWA_Delphosmagazine.jpg\",\"contentUrl\":\"https:\/\/www.delphosmagazine.com\/wp-content\/uploads\/2021\/07\/SCEL_JetSMART_A320_CC-AWA_Delphosmagazine.jpg\",\"width\":1200,\"height\":675},{\"@type\":\"BreadcrumbList\",\"@id\":\"https:\/\/www.delphosmagazine.com\/jetsmart-cumple-4-anos-desde-su-primer-vuelo-regular-comercial\/#breadcrumb\",\"itemListElement\":[{\"@type\":\"ListItem\",\"position\":1,\"name\":\"Portada\",\"item\":\"https:\/\/www.delphosmagazine.com\/\"},{\"@type\":\"ListItem\",\"position\":2,\"name\":\"JetSMART cumple 4 a\u00f1os desde su primer vuelo regular comercial\"}]},{\"@type\":\"WebSite\",\"@id\":\"https:\/\/www.delphosmagazine.com\/#website\",\"url\":\"https:\/\/www.delphosmagazine.com\/\",\"name\":\"Delphos Magazine\",\"description\":\"principal medio de prensa generador y proveedor de contenidos aeron\u00e1uticos y de defensa de Latinoam\u00e9rica y el mundo\",\"publisher\":{\"@id\":\"https:\/\/www.delphosmagazine.com\/#organization\"},\"potentialAction\":[{\"@type\":\"SearchAction\",\"target\":{\"@type\":\"EntryPoint\",\"urlTemplate\":\"https:\/\/www.delphosmagazine.com\/?s={search_term_string}\"},\"query-input\":{\"@type\":\"PropertyValueSpecification\",\"valueRequired\":true,\"valueName\":\"search_term_string\"}}],\"inLanguage\":\"en-US\"},{\"@type\":\"Organization\",\"@id\":\"https:\/\/www.delphosmagazine.com\/#organization\",\"name\":\"Delphos Magazine\",\"url\":\"https:\/\/www.delphosmagazine.com\/\",\"logo\":{\"@type\":\"ImageObject\",\"inLanguage\":\"en-US\",\"@id\":\"https:\/\/www.delphosmagazine.com\/#\/schema\/logo\/image\/\",\"url\":\"https:\/\/www.delphosmagazine.com\/wp-content\/uploads\/2020\/10\/logo-negro.jpg\",\"contentUrl\":\"https:\/\/www.delphosmagazine.com\/wp-content\/uploads\/2020\/10\/logo-negro.jpg\",\"width\":872,\"height\":202,\"caption\":\"Delphos Magazine\"},\"image\":{\"@id\":\"https:\/\/www.delphosmagazine.com\/#\/schema\/logo\/image\/\"}},{\"@type\":\"Person\",\"@id\":\"https:\/\/www.delphosmagazine.com\/#\/schema\/person\/ca31ea697fc6c143e0d63be58c577e6b\",\"name\":\"Varitech\",\"image\":{\"@type\":\"ImageObject\",\"inLanguage\":\"en-US\",\"@id\":\"https:\/\/www.delphosmagazine.com\/#\/schema\/person\/image\/\",\"url\":\"https:\/\/secure.gravatar.com\/avatar\/a9943634b30ae329f1a041bbbee525de?s=96&d=mm&r=g\",\"contentUrl\":\"https:\/\/secure.gravatar.com\/avatar\/a9943634b30ae329f1a041bbbee525de?s=96&d=mm&r=g\",\"caption\":\"Varitech\"},\"url\":\"https:\/\/www.delphosmagazine.com\/en\/author\/carlos-valle\/\"}]}<\/script>\n<!-- \/ Yoast SEO plugin. -->","yoast_head_json":{"title":"JetSMART cumple 4 a\u00f1os desde su primer vuelo regular comercial | Delphos Magazine","description":"Delphos Magazine es el principal medio de prensa generador y proveedor de contenidos aeron\u00e1uticos y de defensa de Latinoam\u00e9rica y el mundo","robots":{"index":"index","follow":"follow","max-snippet":"max-snippet:-1","max-image-preview":"max-image-preview:large","max-video-preview":"max-video-preview:-1"},"canonical":"https:\/\/www.delphosmagazine.com\/en\/jetsmart-cumple-4-anos-desde-su-primer-vuelo-regular-comercial\/","og_locale":"en_US","og_type":"article","og_title":"JetSMART cumple 4 a\u00f1os desde su primer vuelo regular comercial | Delphos Magazine","og_description":"Delphos Magazine es el principal medio de prensa generador y proveedor de contenidos aeron\u00e1uticos y de defensa de Latinoam\u00e9rica y el mundo","og_url":"https:\/\/www.delphosmagazine.com\/en\/jetsmart-cumple-4-anos-desde-su-primer-vuelo-regular-comercial\/","og_site_name":"Delphos Magazine","article_published_time":"2021-07-25T23:16:57+00:00","og_image":[{"width":1200,"height":675,"url":"https:\/\/www.delphosmagazine.com\/wp-content\/uploads\/2021\/07\/SCEL_JetSMART_A320_CC-AWA_Delphosmagazine.jpg","type":"image\/jpeg"}],"author":"Varitech","twitter_card":"summary_large_image","twitter_misc":{"Written by":"Varitech","Est. reading time":"2 minutes"},"schema":{"@context":"https:\/\/schema.org","@graph":[{"@type":"Article","@id":"https:\/\/www.delphosmagazine.com\/jetsmart-cumple-4-anos-desde-su-primer-vuelo-regular-comercial\/#article","isPartOf":{"@id":"https:\/\/www.delphosmagazine.com\/jetsmart-cumple-4-anos-desde-su-primer-vuelo-regular-comercial\/"},"author":{"name":"Varitech","@id":"https:\/\/www.delphosmagazine.com\/#\/schema\/person\/ca31ea697fc6c143e0d63be58c577e6b"},"headline":"JetSMART cumple 4 a\u00f1os desde su primer vuelo regular comercial","datePublished":"2021-07-25T23:16:57+00:00","mainEntityOfPage":{"@id":"https:\/\/www.delphosmagazine.com\/jetsmart-cumple-4-anos-desde-su-primer-vuelo-regular-comercial\/"},"wordCount":436,"publisher":{"@id":"https:\/\/www.delphosmagazine.com\/#organization"},"image":{"@id":"https:\/\/www.delphosmagazine.com\/jetsmart-cumple-4-anos-desde-su-primer-vuelo-regular-comercial\/#primaryimage"},"thumbnailUrl":"https:\/\/www.delphosmagazine.com\/wp-content\/uploads\/2021\/07\/SCEL_JetSMART_A320_CC-AWA_Delphosmagazine.jpg","articleSection":["Aviaci\u00f3n","Aviaci\u00f3n Comercial"],"inLanguage":"en-US"},{"@type":"WebPage","@id":"https:\/\/www.delphosmagazine.com\/jetsmart-cumple-4-anos-desde-su-primer-vuelo-regular-comercial\/","url":"https:\/\/www.delphosmagazine.com\/jetsmart-cumple-4-anos-desde-su-primer-vuelo-regular-comercial\/","name":"JetSMART cumple 4 a\u00f1os desde su primer vuelo regular comercial | Delphos Magazine","isPartOf":{"@id":"https:\/\/www.delphosmagazine.com\/#website"},"primaryImageOfPage":{"@id":"https:\/\/www.delphosmagazine.com\/jetsmart-cumple-4-anos-desde-su-primer-vuelo-regular-comercial\/#primaryimage"},"image":{"@id":"https:\/\/www.delphosmagazine.com\/jetsmart-cumple-4-anos-desde-su-primer-vuelo-regular-comercial\/#primaryimage"},"thumbnailUrl":"https:\/\/www.delphosmagazine.com\/wp-content\/uploads\/2021\/07\/SCEL_JetSMART_A320_CC-AWA_Delphosmagazine.jpg","datePublished":"2021-07-25T23:16:57+00:00","description":"Delphos Magazine es el principal medio de prensa generador y proveedor de contenidos aeron\u00e1uticos y de defensa de Latinoam\u00e9rica y el mundo","breadcrumb":{"@id":"https:\/\/www.delphosmagazine.com\/jetsmart-cumple-4-anos-desde-su-primer-vuelo-regular-comercial\/#breadcrumb"},"inLanguage":"en-US","potentialAction":[{"@type":"ReadAction","target":["https:\/\/www.delphosmagazine.com\/jetsmart-cumple-4-anos-desde-su-primer-vuelo-regular-comercial\/"]}]},{"@type":"ImageObject","inLanguage":"en-US","@id":"https:\/\/www.delphosmagazine.com\/jetsmart-cumple-4-anos-desde-su-primer-vuelo-regular-comercial\/#primaryimage","url":"https:\/\/www.delphosmagazine.com\/wp-content\/uploads\/2021\/07\/SCEL_JetSMART_A320_CC-AWA_Delphosmagazine.jpg","contentUrl":"https:\/\/www.delphosmagazine.com\/wp-content\/uploads\/2021\/07\/SCEL_JetSMART_A320_CC-AWA_Delphosmagazine.jpg","width":1200,"height":675},{"@type":"BreadcrumbList","@id":"https:\/\/www.delphosmagazine.com\/jetsmart-cumple-4-anos-desde-su-primer-vuelo-regular-comercial\/#breadcrumb","itemListElement":[{"@type":"ListItem","position":1,"name":"Portada","item":"https:\/\/www.delphosmagazine.com\/"},{"@type":"ListItem","position":2,"name":"JetSMART cumple 4 a\u00f1os desde su primer vuelo regular comercial"}]},{"@type":"WebSite","@id":"https:\/\/www.delphosmagazine.com\/#website","url":"https:\/\/www.delphosmagazine.com\/","name":"Delphos Magazine","description":"principal medio de prensa generador y proveedor de contenidos aeron\u00e1uticos y de defensa de Latinoam\u00e9rica y el mundo","publisher":{"@id":"https:\/\/www.delphosmagazine.com\/#organization"},"potentialAction":[{"@type":"SearchAction","target":{"@type":"EntryPoint","urlTemplate":"https:\/\/www.delphosmagazine.com\/?s={search_term_string}"},"query-input":{"@type":"PropertyValueSpecification","valueRequired":true,"valueName":"search_term_string"}}],"inLanguage":"en-US"},{"@type":"Organization","@id":"https:\/\/www.delphosmagazine.com\/#organization","name":"Delphos Magazine","url":"https:\/\/www.delphosmagazine.com\/","logo":{"@type":"ImageObject","inLanguage":"en-US","@id":"https:\/\/www.delphosmagazine.com\/#\/schema\/logo\/image\/","url":"https:\/\/www.delphosmagazine.com\/wp-content\/uploads\/2020\/10\/logo-negro.jpg","contentUrl":"https:\/\/www.delphosmagazine.com\/wp-content\/uploads\/2020\/10\/logo-negro.jpg","width":872,"height":202,"caption":"Delphos Magazine"},"image":{"@id":"https:\/\/www.delphosmagazine.com\/#\/schema\/logo\/image\/"}},{"@type":"Person","@id":"https:\/\/www.delphosmagazine.com\/#\/schema\/person\/ca31ea697fc6c143e0d63be58c577e6b","name":"Varitech","image":{"@type":"ImageObject","inLanguage":"en-US","@id":"https:\/\/www.delphosmagazine.com\/#\/schema\/person\/image\/","url":"https:\/\/secure.gravatar.com\/avatar\/a9943634b30ae329f1a041bbbee525de?s=96&d=mm&r=g","contentUrl":"https:\/\/secure.gravatar.com\/avatar\/a9943634b30ae329f1a041bbbee525de?s=96&d=mm&r=g","caption":"Varitech"},"url":"https:\/\/www.delphosmagazine.com\/en\/author\/carlos-valle\/"}]}},"_links":{"self":[{"href":"https:\/\/www.delphosmagazine.com\/en\/wp-json\/wp\/v2\/posts\/8523","targetHints":{"allow":["GET"]}}],"collection":[{"href":"https:\/\/www.delphosmagazine.com\/en\/wp-json\/wp\/v2\/posts"}],"about":[{"href":"https:\/\/www.delphosmagazine.com\/en\/wp-json\/wp\/v2\/types\/post"}],"author":[{"embeddable":true,"href":"https:\/\/www.delphosmagazine.com\/en\/wp-json\/wp\/v2\/users\/3"}],"replies":[{"embeddable":true,"href":"https:\/\/www.delphosmagazine.com\/en\/wp-json\/wp\/v2\/comments?post=8523"}],"version-history":[{"count":0,"href":"https:\/\/www.delphosmagazine.com\/en\/wp-json\/wp\/v2\/posts\/8523\/revisions"}],"wp:featuredmedia":[{"embeddable":true,"href":"https:\/\/www.delphosmagazine.com\/en\/wp-json\/wp\/v2\/media\/8524"}],"wp:attachment":[{"href":"https:\/\/www.delphosmagazine.com\/en\/wp-json\/wp\/v2\/media?parent=8523"}],"wp:term":[{"taxonomy":"category","embeddable":true,"href":"https:\/\/www.delphosmagazine.com\/en\/wp-json\/wp\/v2\/categories?post=8523"},{"taxonomy":"post_tag","embeddable":true,"href":"https:\/\/www.delphosmagazine.com\/en\/wp-json\/wp\/v2\/tags?post=8523"}],"curies":[{"name":"wp","href":"https:\/\/api.w.org\/{rel}","templated":true}]}}