{"id":7605,"date":"2021-03-25T16:20:50","date_gmt":"2021-03-25T19:20:50","guid":{"rendered":"https:\/\/www.delphosmagazine.com\/?p=7605"},"modified":"2021-03-25T16:20:50","modified_gmt":"2021-03-25T19:20:50","slug":"el-ultimo-airbus-a380-vuela-desde-toulouse-a-la-planta-de-finkenwerder-en-hamburgo","status":"publish","type":"post","link":"https:\/\/www.delphosmagazine.com\/en\/el-ultimo-airbus-a380-vuela-desde-toulouse-a-la-planta-de-finkenwerder-en-hamburgo\/","title":{"rendered":"El \u00faltimo Airbus A380 vuela desde Toulouse a la planta de Finkenwerder en Hamburgo"},"content":{"rendered":"<p style=\"text-align: justify;\">El pasado 17 de marzo del 2021, el \u00faltimo Airbus A380 construido, MSN 272, matr\u00edcula de prueba F-WWSH, que corresponde al modelo -861 para Emirates, dej\u00f3 la planta de Airbus en Toulouse, Francia, con destino a la planta de Finkenwerder en Hamburgo, con lo que marca el final de la producci\u00f3n del A380.<\/p>\n<p style=\"text-align: justify;\">Cabe recordar que, Airbus hab\u00eda anunciado hace dos a\u00f1os que dejar\u00eda de producir el A380, debido a la falta de clientes y al cambio en la industria aeron\u00e1utica, que hac\u00edan al A380 un avi\u00f3n poco econ\u00f3mico en comparaci\u00f3n con los modelos actuales y al cambio de comportamiento del mercado de transporte de pasajeros.<\/p>\n<p style=\"text-align: justify;\">El Airbus A380, fue presentado el a\u00f1o 2000, como una soluci\u00f3n para las aerol\u00edneas que requer\u00edan un volumen alto de pasajeros, ya que el A380 pod\u00eda transportar hasta 880 pasajeros en una \u00fanica clase. Realiz\u00f3 su primer vuelo en Toulouse el 27 de abril a\u00f1o 2005 y durante estos 16 a\u00f1os de producci\u00f3n se construyeron 248 aeronaves, de las cuales 118 pertenecen a Emirates, que es el mayor operador de A380.\u00a0 Otras aerol\u00edneas que operan el A380 son, Singapore Airlines, Qantas, Qatar Airways, Thai Airways, All Nippon Airways, Asiana Airlines, British Airways, Lufthansa, Malaysia Airlines, China Southern Airlines, Korean Air, Ethiad Airways.\u00a0 Air France opero el A380, el cual ya que fue retirado de su flota el 2020.<\/p>\n<p style=\"text-align: justify;\">Tras el despegue del Airbus A380-861, F-WWSH, desde Toulouse, el CEO de Airbus Guillaume Faury se\u00f1al\u00f3 \u201c<em>Otro d\u00eda extraordinario en Toulouse: el \u00faltimo A380 ha despegado para su vuelo inaugural. Bien hecho TeamAirbus por sus contribuciones a lo largo de los a\u00f1os, deseando apoyar a este avi\u00f3n ic\u00f3nico y a sus clientes durante muchos a\u00f1os, brindando la mejor experiencia de pasajero en su clase<\/em>\u201d.<\/p>\n<p style=\"text-align: justify;\">El Airbus A380-861, arrib\u00f3 a la planta de Finkenwerder en Hamburgo, despu\u00e9s de un vuelo de 3 horas 20 minutos.\u00a0 En esta planta, la aeronave ser\u00e1 completada, recibiendo su pintura definitiva y su acabado interior, todo este proceso puede demorar alrededor de 6 meses, pero por la pandemia se estima que se demora alrededor de 8 meses.\u00a0 Posteriormente \u00e9ste A380, realizar\u00e1 tres vuelos de pruebas antes de ser entregado a Emirates a fines del 2021.<\/p>\n<p style=\"text-align: justify;\">En Chile, tuvimos la suerte de poder observar al A380, durante sus visitas a FIDAE en los a\u00f1os 2008, 2012 y 2014, ya que ninguna aerol\u00ednea que opera en Chile utiliza el A380.<\/p>\n<p style=\"text-align: justify;\">Con solo 16 a\u00f1os de producci\u00f3n, \u00e9ste A380 cierra un cap\u00edtulo en la aviaci\u00f3n comercial, un avi\u00f3n de grandes dimensiones para rutas de alta demanda, termino por sucumbir ante sus costos, su compleja log\u00edstica de operaci\u00f3n y por sobre todo el cambio en la industria del transporte de pasajeros producto de la pandemia.<\/p>\n<p>Fotograf\u00eda: Alejandro Espinoza. (DM)<\/p>\n<div id='gallery-1' class='gallery galleryid-7605 gallery-columns-2 gallery-size-thumbnail'><figure class='gallery-item'>\n\t\t\t<div class='gallery-icon landscape'>\n\t\t\t\t<a href='https:\/\/www.delphosmagazine.com\/en\/el-ultimo-airbus-a380-vuela-desde-toulouse-a-la-planta-de-finkenwerder-en-hamburgo\/edhi-emirates-a380-hamburgo-delphosmagazine\/'><img loading=\"lazy\" decoding=\"async\" width=\"150\" height=\"150\" src=\"https:\/\/www.delphosmagazine.com\/wp-content\/uploads\/2021\/03\/EDHI-Emirates-A380-Hamburgo-DelphosMagazine-150x150.jpg\" class=\"attachment-thumbnail size-thumbnail\" alt=\"\" aria-describedby=\"gallery-1-7606\" \/><\/a>\n\t\t\t<\/div>\n\t\t\t\t<figcaption class='wp-caption-text gallery-caption' id='gallery-1-7606'>\n\t\t\t\tEDHI &#8211; Emirates &#8211; A380 &#8211; F-WWSH &#8211; Hamburgo\n\t\t\t\t<\/figcaption><\/figure><figure class='gallery-item'>\n\t\t\t<div class='gallery-icon landscape'>\n\t\t\t\t<a href='https:\/\/www.delphosmagazine.com\/en\/el-ultimo-airbus-a380-vuela-desde-toulouse-a-la-planta-de-finkenwerder-en-hamburgo\/fidae_airbus_a380_f-woww-2014\/'><img loading=\"lazy\" decoding=\"async\" width=\"150\" height=\"150\" src=\"https:\/\/www.delphosmagazine.com\/wp-content\/uploads\/2021\/03\/FIDAE_Airbus_A380_F-WOWW-2014-150x150.jpg\" class=\"attachment-thumbnail size-thumbnail\" alt=\"\" aria-describedby=\"gallery-1-7607\" \/><\/a>\n\t\t\t<\/div>\n\t\t\t\t<figcaption class='wp-caption-text gallery-caption' id='gallery-1-7607'>\n\t\t\t\tFIDAE 2014 &#8211; Airbus A380 &#8211; F-WOWW\n\t\t\t\t<\/figcaption><\/figure>\n\t\t<\/div>","protected":false},"excerpt":{"rendered":"<p>El pasado 17 de marzo del 2021, el \u00faltimo Airbus A380 construido, MSN 272, matr\u00edcula de prueba F-WWSH, que corresponde al modelo -861 para Emirates, dej\u00f3 la planta de Airbus en Toulouse, Francia, con destino a la planta de Finkenwerder en Hamburgo, con lo que marca el final de la producci\u00f3n del A380. Cabe recordar [&hellip;]<\/p>\n","protected":false},"author":3,"featured_media":7606,"comment_status":"closed","ping_status":"closed","sticky":false,"template":"","format":"standard","meta":{"footnotes":""},"categories":[3,5,26],"tags":[98],"class_list":{"0":"post-7605","1":"post","2":"type-post","3":"status-publish","4":"format-standard","5":"has-post-thumbnail","7":"category-aviacion","8":"category-aviacion-civil-comercial","9":"category-destacados","10":"tag-airbus"},"yoast_head":"<!-- This site is optimized with the Yoast SEO plugin v26.5 - https:\/\/yoast.com\/wordpress\/plugins\/seo\/ -->\n<title>El \u00faltimo Airbus A380 vuela desde Toulouse a la planta de Finkenwerder en Hamburgo | Delphos Magazine<\/title>\n<meta name=\"description\" content=\"Delphos Magazine es el principal medio de prensa generador y proveedor de contenidos aeron\u00e1uticos y de defensa de Latinoam\u00e9rica y el mundo\" \/>\n<meta name=\"robots\" content=\"index, follow, max-snippet:-1, max-image-preview:large, max-video-preview:-1\" \/>\n<link rel=\"canonical\" href=\"https:\/\/www.delphosmagazine.com\/en\/el-ultimo-airbus-a380-vuela-desde-toulouse-a-la-planta-de-finkenwerder-en-hamburgo\/\" \/>\n<meta property=\"og:locale\" content=\"en_US\" \/>\n<meta property=\"og:type\" content=\"article\" \/>\n<meta property=\"og:title\" content=\"El \u00faltimo Airbus A380 vuela desde Toulouse a la planta de Finkenwerder en Hamburgo | Delphos Magazine\" \/>\n<meta property=\"og:description\" content=\"Delphos Magazine es el principal medio de prensa generador y proveedor de contenidos aeron\u00e1uticos y de defensa de Latinoam\u00e9rica y el mundo\" \/>\n<meta property=\"og:url\" content=\"https:\/\/www.delphosmagazine.com\/en\/el-ultimo-airbus-a380-vuela-desde-toulouse-a-la-planta-de-finkenwerder-en-hamburgo\/\" \/>\n<meta property=\"og:site_name\" content=\"Delphos Magazine\" \/>\n<meta property=\"article:published_time\" content=\"2021-03-25T19:20:50+00:00\" \/>\n<meta property=\"og:image\" content=\"https:\/\/www.delphosmagazine.com\/wp-content\/uploads\/2021\/03\/EDHI-Emirates-A380-Hamburgo-DelphosMagazine.jpg\" \/>\n\t<meta property=\"og:image:width\" content=\"1200\" \/>\n\t<meta property=\"og:image:height\" content=\"675\" \/>\n\t<meta property=\"og:image:type\" content=\"image\/jpeg\" \/>\n<meta name=\"author\" content=\"Varitech\" \/>\n<meta name=\"twitter:card\" content=\"summary_large_image\" \/>\n<meta name=\"twitter:label1\" content=\"Written by\" \/>\n\t<meta name=\"twitter:data1\" content=\"Varitech\" \/>\n\t<meta name=\"twitter:label2\" content=\"Est. reading time\" \/>\n\t<meta name=\"twitter:data2\" content=\"2 minutes\" \/>\n<script type=\"application\/ld+json\" class=\"yoast-schema-graph\">{\"@context\":\"https:\/\/schema.org\",\"@graph\":[{\"@type\":\"Article\",\"@id\":\"https:\/\/www.delphosmagazine.com\/el-ultimo-airbus-a380-vuela-desde-toulouse-a-la-planta-de-finkenwerder-en-hamburgo\/#article\",\"isPartOf\":{\"@id\":\"https:\/\/www.delphosmagazine.com\/el-ultimo-airbus-a380-vuela-desde-toulouse-a-la-planta-de-finkenwerder-en-hamburgo\/\"},\"author\":{\"name\":\"Varitech\",\"@id\":\"https:\/\/www.delphosmagazine.com\/#\/schema\/person\/ca31ea697fc6c143e0d63be58c577e6b\"},\"headline\":\"El \u00faltimo Airbus A380 vuela desde Toulouse a la planta de Finkenwerder en Hamburgo\",\"datePublished\":\"2021-03-25T19:20:50+00:00\",\"mainEntityOfPage\":{\"@id\":\"https:\/\/www.delphosmagazine.com\/el-ultimo-airbus-a380-vuela-desde-toulouse-a-la-planta-de-finkenwerder-en-hamburgo\/\"},\"wordCount\":488,\"publisher\":{\"@id\":\"https:\/\/www.delphosmagazine.com\/#organization\"},\"image\":{\"@id\":\"https:\/\/www.delphosmagazine.com\/el-ultimo-airbus-a380-vuela-desde-toulouse-a-la-planta-de-finkenwerder-en-hamburgo\/#primaryimage\"},\"thumbnailUrl\":\"https:\/\/www.delphosmagazine.com\/wp-content\/uploads\/2021\/03\/EDHI-Emirates-A380-Hamburgo-DelphosMagazine.jpg\",\"keywords\":[\"Airbus\"],\"articleSection\":[\"Aviaci\u00f3n\",\"Aviaci\u00f3n Comercial\",\"Destacados\"],\"inLanguage\":\"en-US\"},{\"@type\":\"WebPage\",\"@id\":\"https:\/\/www.delphosmagazine.com\/el-ultimo-airbus-a380-vuela-desde-toulouse-a-la-planta-de-finkenwerder-en-hamburgo\/\",\"url\":\"https:\/\/www.delphosmagazine.com\/el-ultimo-airbus-a380-vuela-desde-toulouse-a-la-planta-de-finkenwerder-en-hamburgo\/\",\"name\":\"El \u00faltimo Airbus A380 vuela desde Toulouse a la planta de Finkenwerder en Hamburgo | Delphos Magazine\",\"isPartOf\":{\"@id\":\"https:\/\/www.delphosmagazine.com\/#website\"},\"primaryImageOfPage\":{\"@id\":\"https:\/\/www.delphosmagazine.com\/el-ultimo-airbus-a380-vuela-desde-toulouse-a-la-planta-de-finkenwerder-en-hamburgo\/#primaryimage\"},\"image\":{\"@id\":\"https:\/\/www.delphosmagazine.com\/el-ultimo-airbus-a380-vuela-desde-toulouse-a-la-planta-de-finkenwerder-en-hamburgo\/#primaryimage\"},\"thumbnailUrl\":\"https:\/\/www.delphosmagazine.com\/wp-content\/uploads\/2021\/03\/EDHI-Emirates-A380-Hamburgo-DelphosMagazine.jpg\",\"datePublished\":\"2021-03-25T19:20:50+00:00\",\"description\":\"Delphos Magazine es el principal medio de prensa generador y proveedor de contenidos aeron\u00e1uticos y de defensa de Latinoam\u00e9rica y el mundo\",\"breadcrumb\":{\"@id\":\"https:\/\/www.delphosmagazine.com\/el-ultimo-airbus-a380-vuela-desde-toulouse-a-la-planta-de-finkenwerder-en-hamburgo\/#breadcrumb\"},\"inLanguage\":\"en-US\",\"potentialAction\":[{\"@type\":\"ReadAction\",\"target\":[\"https:\/\/www.delphosmagazine.com\/el-ultimo-airbus-a380-vuela-desde-toulouse-a-la-planta-de-finkenwerder-en-hamburgo\/\"]}]},{\"@type\":\"ImageObject\",\"inLanguage\":\"en-US\",\"@id\":\"https:\/\/www.delphosmagazine.com\/el-ultimo-airbus-a380-vuela-desde-toulouse-a-la-planta-de-finkenwerder-en-hamburgo\/#primaryimage\",\"url\":\"https:\/\/www.delphosmagazine.com\/wp-content\/uploads\/2021\/03\/EDHI-Emirates-A380-Hamburgo-DelphosMagazine.jpg\",\"contentUrl\":\"https:\/\/www.delphosmagazine.com\/wp-content\/uploads\/2021\/03\/EDHI-Emirates-A380-Hamburgo-DelphosMagazine.jpg\",\"width\":1200,\"height\":675,\"caption\":\"EDHI - Emirates - A380 - F-WWSH - Hamburgo\"},{\"@type\":\"BreadcrumbList\",\"@id\":\"https:\/\/www.delphosmagazine.com\/el-ultimo-airbus-a380-vuela-desde-toulouse-a-la-planta-de-finkenwerder-en-hamburgo\/#breadcrumb\",\"itemListElement\":[{\"@type\":\"ListItem\",\"position\":1,\"name\":\"Portada\",\"item\":\"https:\/\/www.delphosmagazine.com\/\"},{\"@type\":\"ListItem\",\"position\":2,\"name\":\"El \u00faltimo Airbus A380 vuela desde Toulouse a la planta de Finkenwerder en Hamburgo\"}]},{\"@type\":\"WebSite\",\"@id\":\"https:\/\/www.delphosmagazine.com\/#website\",\"url\":\"https:\/\/www.delphosmagazine.com\/\",\"name\":\"Delphos Magazine\",\"description\":\"principal medio de prensa generador y proveedor de contenidos aeron\u00e1uticos y de defensa de Latinoam\u00e9rica y el mundo\",\"publisher\":{\"@id\":\"https:\/\/www.delphosmagazine.com\/#organization\"},\"potentialAction\":[{\"@type\":\"SearchAction\",\"target\":{\"@type\":\"EntryPoint\",\"urlTemplate\":\"https:\/\/www.delphosmagazine.com\/?s={search_term_string}\"},\"query-input\":{\"@type\":\"PropertyValueSpecification\",\"valueRequired\":true,\"valueName\":\"search_term_string\"}}],\"inLanguage\":\"en-US\"},{\"@type\":\"Organization\",\"@id\":\"https:\/\/www.delphosmagazine.com\/#organization\",\"name\":\"Delphos Magazine\",\"url\":\"https:\/\/www.delphosmagazine.com\/\",\"logo\":{\"@type\":\"ImageObject\",\"inLanguage\":\"en-US\",\"@id\":\"https:\/\/www.delphosmagazine.com\/#\/schema\/logo\/image\/\",\"url\":\"https:\/\/www.delphosmagazine.com\/wp-content\/uploads\/2020\/10\/logo-negro.jpg\",\"contentUrl\":\"https:\/\/www.delphosmagazine.com\/wp-content\/uploads\/2020\/10\/logo-negro.jpg\",\"width\":872,\"height\":202,\"caption\":\"Delphos Magazine\"},\"image\":{\"@id\":\"https:\/\/www.delphosmagazine.com\/#\/schema\/logo\/image\/\"}},{\"@type\":\"Person\",\"@id\":\"https:\/\/www.delphosmagazine.com\/#\/schema\/person\/ca31ea697fc6c143e0d63be58c577e6b\",\"name\":\"Varitech\",\"image\":{\"@type\":\"ImageObject\",\"inLanguage\":\"en-US\",\"@id\":\"https:\/\/www.delphosmagazine.com\/#\/schema\/person\/image\/\",\"url\":\"https:\/\/secure.gravatar.com\/avatar\/a9943634b30ae329f1a041bbbee525de?s=96&d=mm&r=g\",\"contentUrl\":\"https:\/\/secure.gravatar.com\/avatar\/a9943634b30ae329f1a041bbbee525de?s=96&d=mm&r=g\",\"caption\":\"Varitech\"},\"url\":\"https:\/\/www.delphosmagazine.com\/en\/author\/carlos-valle\/\"}]}<\/script>\n<!-- \/ Yoast SEO plugin. -->","yoast_head_json":{"title":"El \u00faltimo Airbus A380 vuela desde Toulouse a la planta de Finkenwerder en Hamburgo | Delphos Magazine","description":"Delphos Magazine es el principal medio de prensa generador y proveedor de contenidos aeron\u00e1uticos y de defensa de Latinoam\u00e9rica y el mundo","robots":{"index":"index","follow":"follow","max-snippet":"max-snippet:-1","max-image-preview":"max-image-preview:large","max-video-preview":"max-video-preview:-1"},"canonical":"https:\/\/www.delphosmagazine.com\/en\/el-ultimo-airbus-a380-vuela-desde-toulouse-a-la-planta-de-finkenwerder-en-hamburgo\/","og_locale":"en_US","og_type":"article","og_title":"El \u00faltimo Airbus A380 vuela desde Toulouse a la planta de Finkenwerder en Hamburgo | Delphos Magazine","og_description":"Delphos Magazine es el principal medio de prensa generador y proveedor de contenidos aeron\u00e1uticos y de defensa de Latinoam\u00e9rica y el mundo","og_url":"https:\/\/www.delphosmagazine.com\/en\/el-ultimo-airbus-a380-vuela-desde-toulouse-a-la-planta-de-finkenwerder-en-hamburgo\/","og_site_name":"Delphos Magazine","article_published_time":"2021-03-25T19:20:50+00:00","og_image":[{"width":1200,"height":675,"url":"https:\/\/www.delphosmagazine.com\/wp-content\/uploads\/2021\/03\/EDHI-Emirates-A380-Hamburgo-DelphosMagazine.jpg","type":"image\/jpeg"}],"author":"Varitech","twitter_card":"summary_large_image","twitter_misc":{"Written by":"Varitech","Est. reading time":"2 minutes"},"schema":{"@context":"https:\/\/schema.org","@graph":[{"@type":"Article","@id":"https:\/\/www.delphosmagazine.com\/el-ultimo-airbus-a380-vuela-desde-toulouse-a-la-planta-de-finkenwerder-en-hamburgo\/#article","isPartOf":{"@id":"https:\/\/www.delphosmagazine.com\/el-ultimo-airbus-a380-vuela-desde-toulouse-a-la-planta-de-finkenwerder-en-hamburgo\/"},"author":{"name":"Varitech","@id":"https:\/\/www.delphosmagazine.com\/#\/schema\/person\/ca31ea697fc6c143e0d63be58c577e6b"},"headline":"El \u00faltimo Airbus A380 vuela desde Toulouse a la planta de Finkenwerder en Hamburgo","datePublished":"2021-03-25T19:20:50+00:00","mainEntityOfPage":{"@id":"https:\/\/www.delphosmagazine.com\/el-ultimo-airbus-a380-vuela-desde-toulouse-a-la-planta-de-finkenwerder-en-hamburgo\/"},"wordCount":488,"publisher":{"@id":"https:\/\/www.delphosmagazine.com\/#organization"},"image":{"@id":"https:\/\/www.delphosmagazine.com\/el-ultimo-airbus-a380-vuela-desde-toulouse-a-la-planta-de-finkenwerder-en-hamburgo\/#primaryimage"},"thumbnailUrl":"https:\/\/www.delphosmagazine.com\/wp-content\/uploads\/2021\/03\/EDHI-Emirates-A380-Hamburgo-DelphosMagazine.jpg","keywords":["Airbus"],"articleSection":["Aviaci\u00f3n","Aviaci\u00f3n Comercial","Destacados"],"inLanguage":"en-US"},{"@type":"WebPage","@id":"https:\/\/www.delphosmagazine.com\/el-ultimo-airbus-a380-vuela-desde-toulouse-a-la-planta-de-finkenwerder-en-hamburgo\/","url":"https:\/\/www.delphosmagazine.com\/el-ultimo-airbus-a380-vuela-desde-toulouse-a-la-planta-de-finkenwerder-en-hamburgo\/","name":"El \u00faltimo Airbus A380 vuela desde Toulouse a la planta de Finkenwerder en Hamburgo | Delphos Magazine","isPartOf":{"@id":"https:\/\/www.delphosmagazine.com\/#website"},"primaryImageOfPage":{"@id":"https:\/\/www.delphosmagazine.com\/el-ultimo-airbus-a380-vuela-desde-toulouse-a-la-planta-de-finkenwerder-en-hamburgo\/#primaryimage"},"image":{"@id":"https:\/\/www.delphosmagazine.com\/el-ultimo-airbus-a380-vuela-desde-toulouse-a-la-planta-de-finkenwerder-en-hamburgo\/#primaryimage"},"thumbnailUrl":"https:\/\/www.delphosmagazine.com\/wp-content\/uploads\/2021\/03\/EDHI-Emirates-A380-Hamburgo-DelphosMagazine.jpg","datePublished":"2021-03-25T19:20:50+00:00","description":"Delphos Magazine es el principal medio de prensa generador y proveedor de contenidos aeron\u00e1uticos y de defensa de Latinoam\u00e9rica y el mundo","breadcrumb":{"@id":"https:\/\/www.delphosmagazine.com\/el-ultimo-airbus-a380-vuela-desde-toulouse-a-la-planta-de-finkenwerder-en-hamburgo\/#breadcrumb"},"inLanguage":"en-US","potentialAction":[{"@type":"ReadAction","target":["https:\/\/www.delphosmagazine.com\/el-ultimo-airbus-a380-vuela-desde-toulouse-a-la-planta-de-finkenwerder-en-hamburgo\/"]}]},{"@type":"ImageObject","inLanguage":"en-US","@id":"https:\/\/www.delphosmagazine.com\/el-ultimo-airbus-a380-vuela-desde-toulouse-a-la-planta-de-finkenwerder-en-hamburgo\/#primaryimage","url":"https:\/\/www.delphosmagazine.com\/wp-content\/uploads\/2021\/03\/EDHI-Emirates-A380-Hamburgo-DelphosMagazine.jpg","contentUrl":"https:\/\/www.delphosmagazine.com\/wp-content\/uploads\/2021\/03\/EDHI-Emirates-A380-Hamburgo-DelphosMagazine.jpg","width":1200,"height":675,"caption":"EDHI - Emirates - A380 - F-WWSH - Hamburgo"},{"@type":"BreadcrumbList","@id":"https:\/\/www.delphosmagazine.com\/el-ultimo-airbus-a380-vuela-desde-toulouse-a-la-planta-de-finkenwerder-en-hamburgo\/#breadcrumb","itemListElement":[{"@type":"ListItem","position":1,"name":"Portada","item":"https:\/\/www.delphosmagazine.com\/"},{"@type":"ListItem","position":2,"name":"El \u00faltimo Airbus A380 vuela desde Toulouse a la planta de Finkenwerder en Hamburgo"}]},{"@type":"WebSite","@id":"https:\/\/www.delphosmagazine.com\/#website","url":"https:\/\/www.delphosmagazine.com\/","name":"Delphos Magazine","description":"principal medio de prensa generador y proveedor de contenidos aeron\u00e1uticos y de defensa de Latinoam\u00e9rica y el mundo","publisher":{"@id":"https:\/\/www.delphosmagazine.com\/#organization"},"potentialAction":[{"@type":"SearchAction","target":{"@type":"EntryPoint","urlTemplate":"https:\/\/www.delphosmagazine.com\/?s={search_term_string}"},"query-input":{"@type":"PropertyValueSpecification","valueRequired":true,"valueName":"search_term_string"}}],"inLanguage":"en-US"},{"@type":"Organization","@id":"https:\/\/www.delphosmagazine.com\/#organization","name":"Delphos Magazine","url":"https:\/\/www.delphosmagazine.com\/","logo":{"@type":"ImageObject","inLanguage":"en-US","@id":"https:\/\/www.delphosmagazine.com\/#\/schema\/logo\/image\/","url":"https:\/\/www.delphosmagazine.com\/wp-content\/uploads\/2020\/10\/logo-negro.jpg","contentUrl":"https:\/\/www.delphosmagazine.com\/wp-content\/uploads\/2020\/10\/logo-negro.jpg","width":872,"height":202,"caption":"Delphos Magazine"},"image":{"@id":"https:\/\/www.delphosmagazine.com\/#\/schema\/logo\/image\/"}},{"@type":"Person","@id":"https:\/\/www.delphosmagazine.com\/#\/schema\/person\/ca31ea697fc6c143e0d63be58c577e6b","name":"Varitech","image":{"@type":"ImageObject","inLanguage":"en-US","@id":"https:\/\/www.delphosmagazine.com\/#\/schema\/person\/image\/","url":"https:\/\/secure.gravatar.com\/avatar\/a9943634b30ae329f1a041bbbee525de?s=96&d=mm&r=g","contentUrl":"https:\/\/secure.gravatar.com\/avatar\/a9943634b30ae329f1a041bbbee525de?s=96&d=mm&r=g","caption":"Varitech"},"url":"https:\/\/www.delphosmagazine.com\/en\/author\/carlos-valle\/"}]}},"_links":{"self":[{"href":"https:\/\/www.delphosmagazine.com\/en\/wp-json\/wp\/v2\/posts\/7605","targetHints":{"allow":["GET"]}}],"collection":[{"href":"https:\/\/www.delphosmagazine.com\/en\/wp-json\/wp\/v2\/posts"}],"about":[{"href":"https:\/\/www.delphosmagazine.com\/en\/wp-json\/wp\/v2\/types\/post"}],"author":[{"embeddable":true,"href":"https:\/\/www.delphosmagazine.com\/en\/wp-json\/wp\/v2\/users\/3"}],"replies":[{"embeddable":true,"href":"https:\/\/www.delphosmagazine.com\/en\/wp-json\/wp\/v2\/comments?post=7605"}],"version-history":[{"count":0,"href":"https:\/\/www.delphosmagazine.com\/en\/wp-json\/wp\/v2\/posts\/7605\/revisions"}],"wp:featuredmedia":[{"embeddable":true,"href":"https:\/\/www.delphosmagazine.com\/en\/wp-json\/wp\/v2\/media\/7606"}],"wp:attachment":[{"href":"https:\/\/www.delphosmagazine.com\/en\/wp-json\/wp\/v2\/media?parent=7605"}],"wp:term":[{"taxonomy":"category","embeddable":true,"href":"https:\/\/www.delphosmagazine.com\/en\/wp-json\/wp\/v2\/categories?post=7605"},{"taxonomy":"post_tag","embeddable":true,"href":"https:\/\/www.delphosmagazine.com\/en\/wp-json\/wp\/v2\/tags?post=7605"}],"curies":[{"name":"wp","href":"https:\/\/api.w.org\/{rel}","templated":true}]}}