{"id":7418,"date":"2021-02-24T18:05:20","date_gmt":"2021-02-24T21:05:20","guid":{"rendered":"https:\/\/www.delphosmagazine.com\/?p=7418"},"modified":"2021-02-24T18:05:20","modified_gmt":"2021-02-24T21:05:20","slug":"ya-se-encuentra-operativo-el-nuevo-ils-del-aeropuerto-de-cordoba","status":"publish","type":"post","link":"https:\/\/www.delphosmagazine.com\/en\/ya-se-encuentra-operativo-el-nuevo-ils-del-aeropuerto-de-cordoba\/","title":{"rendered":"Ya se encuentra operativo el nuevo ILS del aeropuerto de C\u00f3rdoba"},"content":{"rendered":"<p>La Empresa Argentina de Navegaci\u00f3n A\u00e9rea (EANA), del Ministerio de Transporte, puso en servicio un nuevo Sistema Instrumental de Aterrizaje (ILS) en la cabecera 19 del Aeropuerto Internacional Ingeniero Ambrosio Taravella, de la ciudad de C\u00f3rdoba. El anterior contaba ya con una antig\u00fcedad de 23 a\u00f1os y una menor capacidad de prestaci\u00f3n que el nuevo, capaz de operar en la Categor\u00eda III. En el futuro y luego de completarse los trabajos necesarios, este sistema podr\u00e1 brindar una precisi\u00f3n superior a la empleada hasta ahora. Dicha capacidad representar\u00e1 un beneficio directo para la operatividad del aeropuerto, que podr\u00e1 continuar recibiendo vuelos aun con muy baja visibilidad en superficie.<\/p>\n<p>El sistema ILS consiste en un conjunto de transmisores de se\u00f1ales de navegaci\u00f3n, con guiado en el plano horizontal en referencia al eje de la pista, y vertical, en una trayectoria de descenso \u00f3ptima. Estas se\u00f1ales conducen a las aeronaves hasta el punto de toque deseado. Las antenas de se\u00f1al de eje de la pista se disponen en forma horizontal detr\u00e1s de la cabecera opuesta al aterrizaje, mientras que las de trayectoria de descenso se encuentran montadas al costado de la pista, cercanas al punto previsto de toque.<\/p>\n<p>El nuevo ILS de C\u00f3rdoba tambi\u00e9n incorpora un transmisor de se\u00f1ales DME, gracias a las cuales las tripulaciones pueden conocer con exactitud su distancia al aeropuerto.<\/p>\n<p>La instalaci\u00f3n del ILS Categor\u00eda III de C\u00f3rdoba requiri\u00f3 el reemplazo total de las antenas, la construcci\u00f3n de nuevas bases de hormig\u00f3n, casetas que alojan a los equipos, y el tendido de enlaces tanto de fibra \u00f3ptica como radioel\u00e9ctricos entre \u00e9stas y la torre de control del aeropuerto. Desde all\u00ed, el personal de soporte t\u00e9cnico puede realizar diferentes configuraciones y comprobaciones. De igual modo, el personal de control de tr\u00e1nsito a\u00e9reo puede conocer el funcionamiento de los equipos.<\/p>\n<p>Una vez finalizada la instalaci\u00f3n y comprobado el funcionamiento inicial de los transmisores y las antenas del nuevo ILS, se procedi\u00f3 a su verificaci\u00f3n en vuelo. \u00c9sta consisti\u00f3 en una serie de aproximaciones realizadas por aviones dotados especialmente a tal fin, para establecer fehacientemente la estabilidad, precisi\u00f3n y calidad de las se\u00f1ales radioel\u00e9ctricas. Los datos as\u00ed obtenidos permitieron realizar los ajustes necesarios para la puesta en servicio de los equipos.<\/p>\n<p>El aeropuerto Taravella ya cuenta con un Sistema Autom\u00e1tico de Informaci\u00f3n Meteorol\u00f3gica (AWOS) Categor\u00eda III instalado por EANA. Una vez finalizada la instalaci\u00f3n de las nuevas luces de balizamiento de las pistas y obras de calles de rodaje, el aeropuerto podr\u00e1 operar tambi\u00e9n en Categor\u00eda III, con valores de visibilidad similares a los actuales del Aeropuerto Internacional Ministro Pistarini de Ezeiza.<\/p>\n<p>Fuente e Im\u00e1genes EANA.<\/p>\n<div id='gallery-1' class='gallery galleryid-7418 gallery-columns-4 gallery-size-thumbnail'><figure class='gallery-item'>\n\t\t\t<div class='gallery-icon landscape'>\n\t\t\t\t<a href='https:\/\/www.delphosmagazine.com\/wp-content\/uploads\/2021\/02\/C0090.MP4.00_00_20_08.Imagen-fija001.jpg'><img loading=\"lazy\" decoding=\"async\" width=\"150\" height=\"150\" src=\"https:\/\/www.delphosmagazine.com\/wp-content\/uploads\/2021\/02\/C0090.MP4.00_00_20_08.Imagen-fija001-150x150.jpg\" class=\"attachment-thumbnail size-thumbnail\" alt=\"\" \/><\/a>\n\t\t\t<\/div><\/figure><figure class='gallery-item'>\n\t\t\t<div class='gallery-icon landscape'>\n\t\t\t\t<a href='https:\/\/www.delphosmagazine.com\/wp-content\/uploads\/2021\/02\/C0007.MP4.00_00_00_35.Imagen-fija001.jpg'><img loading=\"lazy\" decoding=\"async\" width=\"150\" height=\"150\" src=\"https:\/\/www.delphosmagazine.com\/wp-content\/uploads\/2021\/02\/C0007.MP4.00_00_00_35.Imagen-fija001-150x150.jpg\" class=\"attachment-thumbnail size-thumbnail\" alt=\"\" \/><\/a>\n\t\t\t<\/div><\/figure><figure class='gallery-item'>\n\t\t\t<div class='gallery-icon landscape'>\n\t\t\t\t<a href='https:\/\/www.delphosmagazine.com\/wp-content\/uploads\/2021\/02\/DSC05508b.jpg'><img loading=\"lazy\" decoding=\"async\" width=\"150\" height=\"150\" src=\"https:\/\/www.delphosmagazine.com\/wp-content\/uploads\/2021\/02\/DSC05508b-150x150.jpg\" class=\"attachment-thumbnail size-thumbnail\" alt=\"\" \/><\/a>\n\t\t\t<\/div><\/figure><figure class='gallery-item'>\n\t\t\t<div class='gallery-icon landscape'>\n\t\t\t\t<a href='https:\/\/www.delphosmagazine.com\/wp-content\/uploads\/2021\/02\/DSC05502b.jpg'><img loading=\"lazy\" decoding=\"async\" width=\"150\" height=\"150\" src=\"https:\/\/www.delphosmagazine.com\/wp-content\/uploads\/2021\/02\/DSC05502b-150x150.jpg\" class=\"attachment-thumbnail size-thumbnail\" alt=\"\" \/><\/a>\n\t\t\t<\/div><\/figure>\n\t\t<\/div>","protected":false},"excerpt":{"rendered":"<p>La Empresa Argentina de Navegaci\u00f3n A\u00e9rea (EANA), del Ministerio de Transporte, puso en servicio un nuevo Sistema Instrumental de Aterrizaje (ILS) en la cabecera 19 del Aeropuerto Internacional Ingeniero Ambrosio Taravella, de la ciudad de C\u00f3rdoba. El anterior contaba ya con una antig\u00fcedad de 23 a\u00f1os y una menor capacidad de prestaci\u00f3n que el nuevo, [&hellip;]<\/p>\n","protected":false},"author":2,"featured_media":7419,"comment_status":"closed","ping_status":"closed","sticky":false,"template":"","format":"standard","meta":{"footnotes":""},"categories":[5,26],"tags":[],"class_list":{"0":"post-7418","1":"post","2":"type-post","3":"status-publish","4":"format-standard","5":"has-post-thumbnail","7":"category-aviacion-civil-comercial","8":"category-destacados"},"yoast_head":"<!-- This site is optimized with the Yoast SEO plugin v26.5 - https:\/\/yoast.com\/wordpress\/plugins\/seo\/ -->\n<title>Ya se encuentra operativo el nuevo ILS del aeropuerto de C\u00f3rdoba | Delphos Magazine<\/title>\n<meta name=\"description\" content=\"Delphos Magazine es el principal medio de prensa generador y proveedor de contenidos aeron\u00e1uticos y de defensa de Latinoam\u00e9rica y el mundo\" \/>\n<meta name=\"robots\" content=\"index, follow, max-snippet:-1, max-image-preview:large, max-video-preview:-1\" \/>\n<link rel=\"canonical\" href=\"https:\/\/www.delphosmagazine.com\/en\/ya-se-encuentra-operativo-el-nuevo-ils-del-aeropuerto-de-cordoba\/\" \/>\n<meta property=\"og:locale\" content=\"en_US\" \/>\n<meta property=\"og:type\" content=\"article\" \/>\n<meta property=\"og:title\" content=\"Ya se encuentra operativo el nuevo ILS del aeropuerto de C\u00f3rdoba | Delphos Magazine\" \/>\n<meta property=\"og:description\" content=\"Delphos Magazine es el principal medio de prensa generador y proveedor de contenidos aeron\u00e1uticos y de defensa de Latinoam\u00e9rica y el mundo\" \/>\n<meta property=\"og:url\" content=\"https:\/\/www.delphosmagazine.com\/en\/ya-se-encuentra-operativo-el-nuevo-ils-del-aeropuerto-de-cordoba\/\" \/>\n<meta property=\"og:site_name\" content=\"Delphos Magazine\" \/>\n<meta property=\"article:published_time\" content=\"2021-02-24T21:05:20+00:00\" \/>\n<meta property=\"og:image\" content=\"https:\/\/www.delphosmagazine.com\/wp-content\/uploads\/2021\/02\/C0090.MP4.00_00_20_08.Imagen-fija001.jpg\" \/>\n\t<meta property=\"og:image:width\" content=\"1200\" \/>\n\t<meta property=\"og:image:height\" content=\"675\" \/>\n\t<meta property=\"og:image:type\" content=\"image\/jpeg\" \/>\n<meta name=\"author\" content=\"Delphos Magazine\" \/>\n<meta name=\"twitter:card\" content=\"summary_large_image\" \/>\n<meta name=\"twitter:label1\" content=\"Written by\" \/>\n\t<meta name=\"twitter:data1\" content=\"Delphos Magazine\" \/>\n\t<meta name=\"twitter:label2\" content=\"Est. reading time\" \/>\n\t<meta name=\"twitter:data2\" content=\"2 minutes\" \/>\n<script type=\"application\/ld+json\" class=\"yoast-schema-graph\">{\"@context\":\"https:\/\/schema.org\",\"@graph\":[{\"@type\":\"Article\",\"@id\":\"https:\/\/www.delphosmagazine.com\/ya-se-encuentra-operativo-el-nuevo-ils-del-aeropuerto-de-cordoba\/#article\",\"isPartOf\":{\"@id\":\"https:\/\/www.delphosmagazine.com\/ya-se-encuentra-operativo-el-nuevo-ils-del-aeropuerto-de-cordoba\/\"},\"author\":{\"name\":\"Delphos Magazine\",\"@id\":\"https:\/\/www.delphosmagazine.com\/#\/schema\/person\/975be66d68fbd24bf1cf96e8871defe1\"},\"headline\":\"Ya se encuentra operativo el nuevo ILS del aeropuerto de C\u00f3rdoba\",\"datePublished\":\"2021-02-24T21:05:20+00:00\",\"mainEntityOfPage\":{\"@id\":\"https:\/\/www.delphosmagazine.com\/ya-se-encuentra-operativo-el-nuevo-ils-del-aeropuerto-de-cordoba\/\"},\"wordCount\":487,\"publisher\":{\"@id\":\"https:\/\/www.delphosmagazine.com\/#organization\"},\"image\":{\"@id\":\"https:\/\/www.delphosmagazine.com\/ya-se-encuentra-operativo-el-nuevo-ils-del-aeropuerto-de-cordoba\/#primaryimage\"},\"thumbnailUrl\":\"https:\/\/www.delphosmagazine.com\/wp-content\/uploads\/2021\/02\/C0090.MP4.00_00_20_08.Imagen-fija001.jpg\",\"articleSection\":[\"Aviaci\u00f3n Comercial\",\"Destacados\"],\"inLanguage\":\"en-US\"},{\"@type\":\"WebPage\",\"@id\":\"https:\/\/www.delphosmagazine.com\/ya-se-encuentra-operativo-el-nuevo-ils-del-aeropuerto-de-cordoba\/\",\"url\":\"https:\/\/www.delphosmagazine.com\/ya-se-encuentra-operativo-el-nuevo-ils-del-aeropuerto-de-cordoba\/\",\"name\":\"Ya se encuentra operativo el nuevo ILS del aeropuerto de C\u00f3rdoba | Delphos Magazine\",\"isPartOf\":{\"@id\":\"https:\/\/www.delphosmagazine.com\/#website\"},\"primaryImageOfPage\":{\"@id\":\"https:\/\/www.delphosmagazine.com\/ya-se-encuentra-operativo-el-nuevo-ils-del-aeropuerto-de-cordoba\/#primaryimage\"},\"image\":{\"@id\":\"https:\/\/www.delphosmagazine.com\/ya-se-encuentra-operativo-el-nuevo-ils-del-aeropuerto-de-cordoba\/#primaryimage\"},\"thumbnailUrl\":\"https:\/\/www.delphosmagazine.com\/wp-content\/uploads\/2021\/02\/C0090.MP4.00_00_20_08.Imagen-fija001.jpg\",\"datePublished\":\"2021-02-24T21:05:20+00:00\",\"description\":\"Delphos Magazine es el principal medio de prensa generador y proveedor de contenidos aeron\u00e1uticos y de defensa de Latinoam\u00e9rica y el mundo\",\"breadcrumb\":{\"@id\":\"https:\/\/www.delphosmagazine.com\/ya-se-encuentra-operativo-el-nuevo-ils-del-aeropuerto-de-cordoba\/#breadcrumb\"},\"inLanguage\":\"en-US\",\"potentialAction\":[{\"@type\":\"ReadAction\",\"target\":[\"https:\/\/www.delphosmagazine.com\/ya-se-encuentra-operativo-el-nuevo-ils-del-aeropuerto-de-cordoba\/\"]}]},{\"@type\":\"ImageObject\",\"inLanguage\":\"en-US\",\"@id\":\"https:\/\/www.delphosmagazine.com\/ya-se-encuentra-operativo-el-nuevo-ils-del-aeropuerto-de-cordoba\/#primaryimage\",\"url\":\"https:\/\/www.delphosmagazine.com\/wp-content\/uploads\/2021\/02\/C0090.MP4.00_00_20_08.Imagen-fija001.jpg\",\"contentUrl\":\"https:\/\/www.delphosmagazine.com\/wp-content\/uploads\/2021\/02\/C0090.MP4.00_00_20_08.Imagen-fija001.jpg\",\"width\":1200,\"height\":675},{\"@type\":\"BreadcrumbList\",\"@id\":\"https:\/\/www.delphosmagazine.com\/ya-se-encuentra-operativo-el-nuevo-ils-del-aeropuerto-de-cordoba\/#breadcrumb\",\"itemListElement\":[{\"@type\":\"ListItem\",\"position\":1,\"name\":\"Portada\",\"item\":\"https:\/\/www.delphosmagazine.com\/\"},{\"@type\":\"ListItem\",\"position\":2,\"name\":\"Ya se encuentra operativo el nuevo ILS del aeropuerto de C\u00f3rdoba\"}]},{\"@type\":\"WebSite\",\"@id\":\"https:\/\/www.delphosmagazine.com\/#website\",\"url\":\"https:\/\/www.delphosmagazine.com\/\",\"name\":\"Delphos Magazine\",\"description\":\"principal medio de prensa generador y proveedor de contenidos aeron\u00e1uticos y de defensa de Latinoam\u00e9rica y el mundo\",\"publisher\":{\"@id\":\"https:\/\/www.delphosmagazine.com\/#organization\"},\"potentialAction\":[{\"@type\":\"SearchAction\",\"target\":{\"@type\":\"EntryPoint\",\"urlTemplate\":\"https:\/\/www.delphosmagazine.com\/?s={search_term_string}\"},\"query-input\":{\"@type\":\"PropertyValueSpecification\",\"valueRequired\":true,\"valueName\":\"search_term_string\"}}],\"inLanguage\":\"en-US\"},{\"@type\":\"Organization\",\"@id\":\"https:\/\/www.delphosmagazine.com\/#organization\",\"name\":\"Delphos Magazine\",\"url\":\"https:\/\/www.delphosmagazine.com\/\",\"logo\":{\"@type\":\"ImageObject\",\"inLanguage\":\"en-US\",\"@id\":\"https:\/\/www.delphosmagazine.com\/#\/schema\/logo\/image\/\",\"url\":\"https:\/\/www.delphosmagazine.com\/wp-content\/uploads\/2020\/10\/logo-negro.jpg\",\"contentUrl\":\"https:\/\/www.delphosmagazine.com\/wp-content\/uploads\/2020\/10\/logo-negro.jpg\",\"width\":872,\"height\":202,\"caption\":\"Delphos Magazine\"},\"image\":{\"@id\":\"https:\/\/www.delphosmagazine.com\/#\/schema\/logo\/image\/\"}},{\"@type\":\"Person\",\"@id\":\"https:\/\/www.delphosmagazine.com\/#\/schema\/person\/975be66d68fbd24bf1cf96e8871defe1\",\"name\":\"Delphos Magazine\",\"image\":{\"@type\":\"ImageObject\",\"inLanguage\":\"en-US\",\"@id\":\"https:\/\/www.delphosmagazine.com\/#\/schema\/person\/image\/\",\"url\":\"https:\/\/secure.gravatar.com\/avatar\/2aef69e4112a9a7b4cb49f96c0516035?s=96&d=mm&r=g\",\"contentUrl\":\"https:\/\/secure.gravatar.com\/avatar\/2aef69e4112a9a7b4cb49f96c0516035?s=96&d=mm&r=g\",\"caption\":\"Delphos Magazine\"},\"sameAs\":[\"https:\/\/www.delphosmagazine.com\"],\"url\":\"https:\/\/www.delphosmagazine.com\/en\/author\/delphosmagazine\/\"}]}<\/script>\n<!-- \/ Yoast SEO plugin. -->","yoast_head_json":{"title":"Ya se encuentra operativo el nuevo ILS del aeropuerto de C\u00f3rdoba | Delphos Magazine","description":"Delphos Magazine es el principal medio de prensa generador y proveedor de contenidos aeron\u00e1uticos y de defensa de Latinoam\u00e9rica y el mundo","robots":{"index":"index","follow":"follow","max-snippet":"max-snippet:-1","max-image-preview":"max-image-preview:large","max-video-preview":"max-video-preview:-1"},"canonical":"https:\/\/www.delphosmagazine.com\/en\/ya-se-encuentra-operativo-el-nuevo-ils-del-aeropuerto-de-cordoba\/","og_locale":"en_US","og_type":"article","og_title":"Ya se encuentra operativo el nuevo ILS del aeropuerto de C\u00f3rdoba | Delphos Magazine","og_description":"Delphos Magazine es el principal medio de prensa generador y proveedor de contenidos aeron\u00e1uticos y de defensa de Latinoam\u00e9rica y el mundo","og_url":"https:\/\/www.delphosmagazine.com\/en\/ya-se-encuentra-operativo-el-nuevo-ils-del-aeropuerto-de-cordoba\/","og_site_name":"Delphos Magazine","article_published_time":"2021-02-24T21:05:20+00:00","og_image":[{"width":1200,"height":675,"url":"https:\/\/www.delphosmagazine.com\/wp-content\/uploads\/2021\/02\/C0090.MP4.00_00_20_08.Imagen-fija001.jpg","type":"image\/jpeg"}],"author":"Delphos Magazine","twitter_card":"summary_large_image","twitter_misc":{"Written by":"Delphos Magazine","Est. reading time":"2 minutes"},"schema":{"@context":"https:\/\/schema.org","@graph":[{"@type":"Article","@id":"https:\/\/www.delphosmagazine.com\/ya-se-encuentra-operativo-el-nuevo-ils-del-aeropuerto-de-cordoba\/#article","isPartOf":{"@id":"https:\/\/www.delphosmagazine.com\/ya-se-encuentra-operativo-el-nuevo-ils-del-aeropuerto-de-cordoba\/"},"author":{"name":"Delphos Magazine","@id":"https:\/\/www.delphosmagazine.com\/#\/schema\/person\/975be66d68fbd24bf1cf96e8871defe1"},"headline":"Ya se encuentra operativo el nuevo ILS del aeropuerto de C\u00f3rdoba","datePublished":"2021-02-24T21:05:20+00:00","mainEntityOfPage":{"@id":"https:\/\/www.delphosmagazine.com\/ya-se-encuentra-operativo-el-nuevo-ils-del-aeropuerto-de-cordoba\/"},"wordCount":487,"publisher":{"@id":"https:\/\/www.delphosmagazine.com\/#organization"},"image":{"@id":"https:\/\/www.delphosmagazine.com\/ya-se-encuentra-operativo-el-nuevo-ils-del-aeropuerto-de-cordoba\/#primaryimage"},"thumbnailUrl":"https:\/\/www.delphosmagazine.com\/wp-content\/uploads\/2021\/02\/C0090.MP4.00_00_20_08.Imagen-fija001.jpg","articleSection":["Aviaci\u00f3n Comercial","Destacados"],"inLanguage":"en-US"},{"@type":"WebPage","@id":"https:\/\/www.delphosmagazine.com\/ya-se-encuentra-operativo-el-nuevo-ils-del-aeropuerto-de-cordoba\/","url":"https:\/\/www.delphosmagazine.com\/ya-se-encuentra-operativo-el-nuevo-ils-del-aeropuerto-de-cordoba\/","name":"Ya se encuentra operativo el nuevo ILS del aeropuerto de C\u00f3rdoba | Delphos Magazine","isPartOf":{"@id":"https:\/\/www.delphosmagazine.com\/#website"},"primaryImageOfPage":{"@id":"https:\/\/www.delphosmagazine.com\/ya-se-encuentra-operativo-el-nuevo-ils-del-aeropuerto-de-cordoba\/#primaryimage"},"image":{"@id":"https:\/\/www.delphosmagazine.com\/ya-se-encuentra-operativo-el-nuevo-ils-del-aeropuerto-de-cordoba\/#primaryimage"},"thumbnailUrl":"https:\/\/www.delphosmagazine.com\/wp-content\/uploads\/2021\/02\/C0090.MP4.00_00_20_08.Imagen-fija001.jpg","datePublished":"2021-02-24T21:05:20+00:00","description":"Delphos Magazine es el principal medio de prensa generador y proveedor de contenidos aeron\u00e1uticos y de defensa de Latinoam\u00e9rica y el mundo","breadcrumb":{"@id":"https:\/\/www.delphosmagazine.com\/ya-se-encuentra-operativo-el-nuevo-ils-del-aeropuerto-de-cordoba\/#breadcrumb"},"inLanguage":"en-US","potentialAction":[{"@type":"ReadAction","target":["https:\/\/www.delphosmagazine.com\/ya-se-encuentra-operativo-el-nuevo-ils-del-aeropuerto-de-cordoba\/"]}]},{"@type":"ImageObject","inLanguage":"en-US","@id":"https:\/\/www.delphosmagazine.com\/ya-se-encuentra-operativo-el-nuevo-ils-del-aeropuerto-de-cordoba\/#primaryimage","url":"https:\/\/www.delphosmagazine.com\/wp-content\/uploads\/2021\/02\/C0090.MP4.00_00_20_08.Imagen-fija001.jpg","contentUrl":"https:\/\/www.delphosmagazine.com\/wp-content\/uploads\/2021\/02\/C0090.MP4.00_00_20_08.Imagen-fija001.jpg","width":1200,"height":675},{"@type":"BreadcrumbList","@id":"https:\/\/www.delphosmagazine.com\/ya-se-encuentra-operativo-el-nuevo-ils-del-aeropuerto-de-cordoba\/#breadcrumb","itemListElement":[{"@type":"ListItem","position":1,"name":"Portada","item":"https:\/\/www.delphosmagazine.com\/"},{"@type":"ListItem","position":2,"name":"Ya se encuentra operativo el nuevo ILS del aeropuerto de C\u00f3rdoba"}]},{"@type":"WebSite","@id":"https:\/\/www.delphosmagazine.com\/#website","url":"https:\/\/www.delphosmagazine.com\/","name":"Delphos Magazine","description":"principal medio de prensa generador y proveedor de contenidos aeron\u00e1uticos y de defensa de Latinoam\u00e9rica y el mundo","publisher":{"@id":"https:\/\/www.delphosmagazine.com\/#organization"},"potentialAction":[{"@type":"SearchAction","target":{"@type":"EntryPoint","urlTemplate":"https:\/\/www.delphosmagazine.com\/?s={search_term_string}"},"query-input":{"@type":"PropertyValueSpecification","valueRequired":true,"valueName":"search_term_string"}}],"inLanguage":"en-US"},{"@type":"Organization","@id":"https:\/\/www.delphosmagazine.com\/#organization","name":"Delphos Magazine","url":"https:\/\/www.delphosmagazine.com\/","logo":{"@type":"ImageObject","inLanguage":"en-US","@id":"https:\/\/www.delphosmagazine.com\/#\/schema\/logo\/image\/","url":"https:\/\/www.delphosmagazine.com\/wp-content\/uploads\/2020\/10\/logo-negro.jpg","contentUrl":"https:\/\/www.delphosmagazine.com\/wp-content\/uploads\/2020\/10\/logo-negro.jpg","width":872,"height":202,"caption":"Delphos Magazine"},"image":{"@id":"https:\/\/www.delphosmagazine.com\/#\/schema\/logo\/image\/"}},{"@type":"Person","@id":"https:\/\/www.delphosmagazine.com\/#\/schema\/person\/975be66d68fbd24bf1cf96e8871defe1","name":"Delphos Magazine","image":{"@type":"ImageObject","inLanguage":"en-US","@id":"https:\/\/www.delphosmagazine.com\/#\/schema\/person\/image\/","url":"https:\/\/secure.gravatar.com\/avatar\/2aef69e4112a9a7b4cb49f96c0516035?s=96&d=mm&r=g","contentUrl":"https:\/\/secure.gravatar.com\/avatar\/2aef69e4112a9a7b4cb49f96c0516035?s=96&d=mm&r=g","caption":"Delphos Magazine"},"sameAs":["https:\/\/www.delphosmagazine.com"],"url":"https:\/\/www.delphosmagazine.com\/en\/author\/delphosmagazine\/"}]}},"_links":{"self":[{"href":"https:\/\/www.delphosmagazine.com\/en\/wp-json\/wp\/v2\/posts\/7418","targetHints":{"allow":["GET"]}}],"collection":[{"href":"https:\/\/www.delphosmagazine.com\/en\/wp-json\/wp\/v2\/posts"}],"about":[{"href":"https:\/\/www.delphosmagazine.com\/en\/wp-json\/wp\/v2\/types\/post"}],"author":[{"embeddable":true,"href":"https:\/\/www.delphosmagazine.com\/en\/wp-json\/wp\/v2\/users\/2"}],"replies":[{"embeddable":true,"href":"https:\/\/www.delphosmagazine.com\/en\/wp-json\/wp\/v2\/comments?post=7418"}],"version-history":[{"count":0,"href":"https:\/\/www.delphosmagazine.com\/en\/wp-json\/wp\/v2\/posts\/7418\/revisions"}],"wp:featuredmedia":[{"embeddable":true,"href":"https:\/\/www.delphosmagazine.com\/en\/wp-json\/wp\/v2\/media\/7419"}],"wp:attachment":[{"href":"https:\/\/www.delphosmagazine.com\/en\/wp-json\/wp\/v2\/media?parent=7418"}],"wp:term":[{"taxonomy":"category","embeddable":true,"href":"https:\/\/www.delphosmagazine.com\/en\/wp-json\/wp\/v2\/categories?post=7418"},{"taxonomy":"post_tag","embeddable":true,"href":"https:\/\/www.delphosmagazine.com\/en\/wp-json\/wp\/v2\/tags?post=7418"}],"curies":[{"name":"wp","href":"https:\/\/api.w.org\/{rel}","templated":true}]}}