{"id":6193,"date":"2020-11-03T18:27:58","date_gmt":"2020-11-03T21:27:58","guid":{"rendered":"https:\/\/www.delphosmagazine.com\/?p=6193"},"modified":"2021-01-18T18:51:11","modified_gmt":"2021-01-18T21:51:11","slug":"belgica-evalua-el-entrenador-primario-dart-de-diamond-aircraft","status":"publish","type":"post","link":"https:\/\/www.delphosmagazine.com\/en\/belgica-evalua-el-entrenador-primario-dart-de-diamond-aircraft\/","title":{"rendered":"B\u00e9lgica eval\u00faa el entrenador primario DART de Diamond Aircraft"},"content":{"rendered":"<p>Una delegaci\u00f3n de tres de la Fuerza A\u00e9rea Belga y la Direcci\u00f3n de Recursos Materiales visit\u00f3 la sede de Diamond en Wiener Neustadt, Austria, donde realizo vuelos de evaluaci\u00f3n del entrenador primario DART-550.<\/p>\n<p>El prop\u00f3sito de la visita fue tener una primera impresi\u00f3n de la aeronave DART, no solo en vuelo, sino tambi\u00e9n para explorar las posibilidades del Sistema de Entrenamiento en Tierra y el Paquete de Soporte que viene con la aeronave.<\/p>\n<p>\u201cNos complace que la Fuerza A\u00e9rea belga est\u00e9 considerando el DART-550 como una opci\u00f3n para su nuevo avi\u00f3n de entrenamiento b\u00e1sico, que va a entrenar a los futuros pilotos de la Fuerza A\u00e9rea. dijo Mario Spiegel, Sales Manager DART de Diamond Aircraft.<\/p>\n<p>Fuente e Im\u00e1genes: Diamond Aircraft.<\/p>\n<div id='gallery-1' class='gallery galleryid-6193 gallery-columns-3 gallery-size-thumbnail'><figure class='gallery-item'>\n\t\t\t<div class='gallery-icon landscape'>\n\t\t\t\t<a href='https:\/\/www.delphosmagazine.com\/en\/belgica-evalua-el-entrenador-primario-dart-de-diamond-aircraft\/3_press_release_dart-2\/'><img loading=\"lazy\" decoding=\"async\" width=\"150\" height=\"150\" src=\"https:\/\/www.delphosmagazine.com\/wp-content\/uploads\/2020\/11\/3_Press_Release_DART-1-150x150.jpg\" class=\"attachment-thumbnail size-thumbnail\" alt=\"\" \/><\/a>\n\t\t\t<\/div><\/figure><figure class='gallery-item'>\n\t\t\t<div class='gallery-icon landscape'>\n\t\t\t\t<a href='https:\/\/www.delphosmagazine.com\/en\/belgica-evalua-el-entrenador-primario-dart-de-diamond-aircraft\/1_press_release_dart-2\/'><img loading=\"lazy\" decoding=\"async\" width=\"150\" height=\"150\" src=\"https:\/\/www.delphosmagazine.com\/wp-content\/uploads\/2020\/11\/1_Press_Release_DART-1-150x150.jpg\" class=\"attachment-thumbnail size-thumbnail\" alt=\"\" srcset=\"https:\/\/www.delphosmagazine.com\/wp-content\/uploads\/2020\/11\/1_Press_Release_DART-1-150x150.jpg 150w, https:\/\/www.delphosmagazine.com\/wp-content\/uploads\/2020\/11\/1_Press_Release_DART-1-70x70.jpg 70w\" sizes=\"auto, (max-width: 150px) 100vw, 150px\" \/><\/a>\n\t\t\t<\/div><\/figure><figure class='gallery-item'>\n\t\t\t<div class='gallery-icon landscape'>\n\t\t\t\t<a href='https:\/\/www.delphosmagazine.com\/en\/belgica-evalua-el-entrenador-primario-dart-de-diamond-aircraft\/2_press_release_dart-2\/'><img loading=\"lazy\" decoding=\"async\" width=\"150\" height=\"150\" src=\"https:\/\/www.delphosmagazine.com\/wp-content\/uploads\/2020\/11\/2_Press_Release_DART-1-150x150.jpg\" class=\"attachment-thumbnail size-thumbnail\" alt=\"\" srcset=\"https:\/\/www.delphosmagazine.com\/wp-content\/uploads\/2020\/11\/2_Press_Release_DART-1-150x150.jpg 150w, https:\/\/www.delphosmagazine.com\/wp-content\/uploads\/2020\/11\/2_Press_Release_DART-1-70x70.jpg 70w\" sizes=\"auto, (max-width: 150px) 100vw, 150px\" \/><\/a>\n\t\t\t<\/div><\/figure>\n\t\t<\/div>\n\n<p>&nbsp;<\/p>","protected":false},"excerpt":{"rendered":"<p>Una delegaci\u00f3n de tres de la Fuerza A\u00e9rea Belga y la Direcci\u00f3n de Recursos Materiales visit\u00f3 la sede de Diamond en Wiener Neustadt, Austria, donde realizo vuelos de evaluaci\u00f3n del entrenador primario DART-550. El prop\u00f3sito de la visita fue tener una primera impresi\u00f3n de la aeronave DART, no solo en vuelo, sino tambi\u00e9n para explorar [&hellip;]<\/p>\n","protected":false},"author":2,"featured_media":6461,"comment_status":"open","ping_status":"open","sticky":false,"template":"","format":"standard","meta":{"footnotes":""},"categories":[4,26,1],"tags":[],"class_list":{"0":"post-6193","1":"post","2":"type-post","3":"status-publish","4":"format-standard","5":"has-post-thumbnail","7":"category-aviacion-militar","8":"category-destacados","9":"category-uncategorized"},"yoast_head":"<!-- This site is optimized with the Yoast SEO plugin v26.5 - https:\/\/yoast.com\/wordpress\/plugins\/seo\/ -->\n<title>B\u00e9lgica eval\u00faa el entrenador primario DART de Diamond Aircraft | Delphos Magazine<\/title>\n<meta name=\"description\" content=\"Delphos Magazine es el principal medio de prensa generador y proveedor de contenidos aeron\u00e1uticos y de defensa de Latinoam\u00e9rica y el mundo\" \/>\n<meta name=\"robots\" content=\"index, follow, max-snippet:-1, max-image-preview:large, max-video-preview:-1\" \/>\n<link rel=\"canonical\" href=\"https:\/\/www.delphosmagazine.com\/en\/belgica-evalua-el-entrenador-primario-dart-de-diamond-aircraft\/\" \/>\n<meta property=\"og:locale\" content=\"en_US\" \/>\n<meta property=\"og:type\" content=\"article\" \/>\n<meta property=\"og:title\" content=\"B\u00e9lgica eval\u00faa el entrenador primario DART de Diamond Aircraft | Delphos Magazine\" \/>\n<meta property=\"og:description\" content=\"Delphos Magazine es el principal medio de prensa generador y proveedor de contenidos aeron\u00e1uticos y de defensa de Latinoam\u00e9rica y el mundo\" \/>\n<meta property=\"og:url\" content=\"https:\/\/www.delphosmagazine.com\/en\/belgica-evalua-el-entrenador-primario-dart-de-diamond-aircraft\/\" \/>\n<meta property=\"og:site_name\" content=\"Delphos Magazine\" \/>\n<meta property=\"article:published_time\" content=\"2020-11-03T21:27:58+00:00\" \/>\n<meta property=\"article:modified_time\" content=\"2021-01-18T21:51:11+00:00\" \/>\n<meta property=\"og:image\" content=\"https:\/\/www.delphosmagazine.com\/wp-content\/uploads\/2020\/11\/3_Press_Release_DART-1.jpg\" \/>\n\t<meta property=\"og:image:width\" content=\"1200\" \/>\n\t<meta property=\"og:image:height\" content=\"675\" \/>\n\t<meta property=\"og:image:type\" content=\"image\/jpeg\" \/>\n<meta name=\"author\" content=\"Delphos Magazine\" \/>\n<meta name=\"twitter:card\" content=\"summary_large_image\" \/>\n<meta name=\"twitter:label1\" content=\"Written by\" \/>\n\t<meta name=\"twitter:data1\" content=\"Delphos Magazine\" \/>\n\t<meta name=\"twitter:label2\" content=\"Est. reading time\" \/>\n\t<meta name=\"twitter:data2\" content=\"1 minute\" \/>\n<script type=\"application\/ld+json\" class=\"yoast-schema-graph\">{\"@context\":\"https:\/\/schema.org\",\"@graph\":[{\"@type\":\"Article\",\"@id\":\"https:\/\/www.delphosmagazine.com\/belgica-evalua-el-entrenador-primario-dart-de-diamond-aircraft\/#article\",\"isPartOf\":{\"@id\":\"https:\/\/www.delphosmagazine.com\/belgica-evalua-el-entrenador-primario-dart-de-diamond-aircraft\/\"},\"author\":{\"name\":\"Delphos Magazine\",\"@id\":\"https:\/\/www.delphosmagazine.com\/#\/schema\/person\/975be66d68fbd24bf1cf96e8871defe1\"},\"headline\":\"B\u00e9lgica eval\u00faa el entrenador primario DART de Diamond Aircraft\",\"datePublished\":\"2020-11-03T21:27:58+00:00\",\"dateModified\":\"2021-01-18T21:51:11+00:00\",\"mainEntityOfPage\":{\"@id\":\"https:\/\/www.delphosmagazine.com\/belgica-evalua-el-entrenador-primario-dart-de-diamond-aircraft\/\"},\"wordCount\":147,\"commentCount\":0,\"publisher\":{\"@id\":\"https:\/\/www.delphosmagazine.com\/#organization\"},\"image\":{\"@id\":\"https:\/\/www.delphosmagazine.com\/belgica-evalua-el-entrenador-primario-dart-de-diamond-aircraft\/#primaryimage\"},\"thumbnailUrl\":\"https:\/\/www.delphosmagazine.com\/wp-content\/uploads\/2020\/11\/3_Press_Release_DART-1.jpg\",\"articleSection\":[\"Aviaci\u00f3n Militar\",\"Destacados\"],\"inLanguage\":\"en-US\",\"potentialAction\":[{\"@type\":\"CommentAction\",\"name\":\"Comment\",\"target\":[\"https:\/\/www.delphosmagazine.com\/belgica-evalua-el-entrenador-primario-dart-de-diamond-aircraft\/#respond\"]}]},{\"@type\":\"WebPage\",\"@id\":\"https:\/\/www.delphosmagazine.com\/belgica-evalua-el-entrenador-primario-dart-de-diamond-aircraft\/\",\"url\":\"https:\/\/www.delphosmagazine.com\/belgica-evalua-el-entrenador-primario-dart-de-diamond-aircraft\/\",\"name\":\"B\u00e9lgica eval\u00faa el entrenador primario DART de Diamond Aircraft | Delphos Magazine\",\"isPartOf\":{\"@id\":\"https:\/\/www.delphosmagazine.com\/#website\"},\"primaryImageOfPage\":{\"@id\":\"https:\/\/www.delphosmagazine.com\/belgica-evalua-el-entrenador-primario-dart-de-diamond-aircraft\/#primaryimage\"},\"image\":{\"@id\":\"https:\/\/www.delphosmagazine.com\/belgica-evalua-el-entrenador-primario-dart-de-diamond-aircraft\/#primaryimage\"},\"thumbnailUrl\":\"https:\/\/www.delphosmagazine.com\/wp-content\/uploads\/2020\/11\/3_Press_Release_DART-1.jpg\",\"datePublished\":\"2020-11-03T21:27:58+00:00\",\"dateModified\":\"2021-01-18T21:51:11+00:00\",\"description\":\"Delphos Magazine es el principal medio de prensa generador y proveedor de contenidos aeron\u00e1uticos y de defensa de Latinoam\u00e9rica y el mundo\",\"breadcrumb\":{\"@id\":\"https:\/\/www.delphosmagazine.com\/belgica-evalua-el-entrenador-primario-dart-de-diamond-aircraft\/#breadcrumb\"},\"inLanguage\":\"en-US\",\"potentialAction\":[{\"@type\":\"ReadAction\",\"target\":[\"https:\/\/www.delphosmagazine.com\/belgica-evalua-el-entrenador-primario-dart-de-diamond-aircraft\/\"]}]},{\"@type\":\"ImageObject\",\"inLanguage\":\"en-US\",\"@id\":\"https:\/\/www.delphosmagazine.com\/belgica-evalua-el-entrenador-primario-dart-de-diamond-aircraft\/#primaryimage\",\"url\":\"https:\/\/www.delphosmagazine.com\/wp-content\/uploads\/2020\/11\/3_Press_Release_DART-1.jpg\",\"contentUrl\":\"https:\/\/www.delphosmagazine.com\/wp-content\/uploads\/2020\/11\/3_Press_Release_DART-1.jpg\",\"width\":1200,\"height\":675},{\"@type\":\"BreadcrumbList\",\"@id\":\"https:\/\/www.delphosmagazine.com\/belgica-evalua-el-entrenador-primario-dart-de-diamond-aircraft\/#breadcrumb\",\"itemListElement\":[{\"@type\":\"ListItem\",\"position\":1,\"name\":\"Portada\",\"item\":\"https:\/\/www.delphosmagazine.com\/\"},{\"@type\":\"ListItem\",\"position\":2,\"name\":\"B\u00e9lgica eval\u00faa el entrenador primario DART de Diamond Aircraft\"}]},{\"@type\":\"WebSite\",\"@id\":\"https:\/\/www.delphosmagazine.com\/#website\",\"url\":\"https:\/\/www.delphosmagazine.com\/\",\"name\":\"Delphos Magazine\",\"description\":\"principal medio de prensa generador y proveedor de contenidos aeron\u00e1uticos y de defensa de Latinoam\u00e9rica y el mundo\",\"publisher\":{\"@id\":\"https:\/\/www.delphosmagazine.com\/#organization\"},\"potentialAction\":[{\"@type\":\"SearchAction\",\"target\":{\"@type\":\"EntryPoint\",\"urlTemplate\":\"https:\/\/www.delphosmagazine.com\/?s={search_term_string}\"},\"query-input\":{\"@type\":\"PropertyValueSpecification\",\"valueRequired\":true,\"valueName\":\"search_term_string\"}}],\"inLanguage\":\"en-US\"},{\"@type\":\"Organization\",\"@id\":\"https:\/\/www.delphosmagazine.com\/#organization\",\"name\":\"Delphos Magazine\",\"url\":\"https:\/\/www.delphosmagazine.com\/\",\"logo\":{\"@type\":\"ImageObject\",\"inLanguage\":\"en-US\",\"@id\":\"https:\/\/www.delphosmagazine.com\/#\/schema\/logo\/image\/\",\"url\":\"https:\/\/www.delphosmagazine.com\/wp-content\/uploads\/2020\/10\/logo-negro.jpg\",\"contentUrl\":\"https:\/\/www.delphosmagazine.com\/wp-content\/uploads\/2020\/10\/logo-negro.jpg\",\"width\":872,\"height\":202,\"caption\":\"Delphos Magazine\"},\"image\":{\"@id\":\"https:\/\/www.delphosmagazine.com\/#\/schema\/logo\/image\/\"}},{\"@type\":\"Person\",\"@id\":\"https:\/\/www.delphosmagazine.com\/#\/schema\/person\/975be66d68fbd24bf1cf96e8871defe1\",\"name\":\"Delphos Magazine\",\"image\":{\"@type\":\"ImageObject\",\"inLanguage\":\"en-US\",\"@id\":\"https:\/\/www.delphosmagazine.com\/#\/schema\/person\/image\/\",\"url\":\"https:\/\/secure.gravatar.com\/avatar\/2aef69e4112a9a7b4cb49f96c0516035?s=96&d=mm&r=g\",\"contentUrl\":\"https:\/\/secure.gravatar.com\/avatar\/2aef69e4112a9a7b4cb49f96c0516035?s=96&d=mm&r=g\",\"caption\":\"Delphos Magazine\"},\"sameAs\":[\"https:\/\/www.delphosmagazine.com\"],\"url\":\"https:\/\/www.delphosmagazine.com\/en\/author\/delphosmagazine\/\"}]}<\/script>\n<!-- \/ Yoast SEO plugin. -->","yoast_head_json":{"title":"B\u00e9lgica eval\u00faa el entrenador primario DART de Diamond Aircraft | Delphos Magazine","description":"Delphos Magazine es el principal medio de prensa generador y proveedor de contenidos aeron\u00e1uticos y de defensa de Latinoam\u00e9rica y el mundo","robots":{"index":"index","follow":"follow","max-snippet":"max-snippet:-1","max-image-preview":"max-image-preview:large","max-video-preview":"max-video-preview:-1"},"canonical":"https:\/\/www.delphosmagazine.com\/en\/belgica-evalua-el-entrenador-primario-dart-de-diamond-aircraft\/","og_locale":"en_US","og_type":"article","og_title":"B\u00e9lgica eval\u00faa el entrenador primario DART de Diamond Aircraft | Delphos Magazine","og_description":"Delphos Magazine es el principal medio de prensa generador y proveedor de contenidos aeron\u00e1uticos y de defensa de Latinoam\u00e9rica y el mundo","og_url":"https:\/\/www.delphosmagazine.com\/en\/belgica-evalua-el-entrenador-primario-dart-de-diamond-aircraft\/","og_site_name":"Delphos Magazine","article_published_time":"2020-11-03T21:27:58+00:00","article_modified_time":"2021-01-18T21:51:11+00:00","og_image":[{"width":1200,"height":675,"url":"https:\/\/www.delphosmagazine.com\/wp-content\/uploads\/2020\/11\/3_Press_Release_DART-1.jpg","type":"image\/jpeg"}],"author":"Delphos Magazine","twitter_card":"summary_large_image","twitter_misc":{"Written by":"Delphos Magazine","Est. reading time":"1 minute"},"schema":{"@context":"https:\/\/schema.org","@graph":[{"@type":"Article","@id":"https:\/\/www.delphosmagazine.com\/belgica-evalua-el-entrenador-primario-dart-de-diamond-aircraft\/#article","isPartOf":{"@id":"https:\/\/www.delphosmagazine.com\/belgica-evalua-el-entrenador-primario-dart-de-diamond-aircraft\/"},"author":{"name":"Delphos Magazine","@id":"https:\/\/www.delphosmagazine.com\/#\/schema\/person\/975be66d68fbd24bf1cf96e8871defe1"},"headline":"B\u00e9lgica eval\u00faa el entrenador primario DART de Diamond Aircraft","datePublished":"2020-11-03T21:27:58+00:00","dateModified":"2021-01-18T21:51:11+00:00","mainEntityOfPage":{"@id":"https:\/\/www.delphosmagazine.com\/belgica-evalua-el-entrenador-primario-dart-de-diamond-aircraft\/"},"wordCount":147,"commentCount":0,"publisher":{"@id":"https:\/\/www.delphosmagazine.com\/#organization"},"image":{"@id":"https:\/\/www.delphosmagazine.com\/belgica-evalua-el-entrenador-primario-dart-de-diamond-aircraft\/#primaryimage"},"thumbnailUrl":"https:\/\/www.delphosmagazine.com\/wp-content\/uploads\/2020\/11\/3_Press_Release_DART-1.jpg","articleSection":["Aviaci\u00f3n Militar","Destacados"],"inLanguage":"en-US","potentialAction":[{"@type":"CommentAction","name":"Comment","target":["https:\/\/www.delphosmagazine.com\/belgica-evalua-el-entrenador-primario-dart-de-diamond-aircraft\/#respond"]}]},{"@type":"WebPage","@id":"https:\/\/www.delphosmagazine.com\/belgica-evalua-el-entrenador-primario-dart-de-diamond-aircraft\/","url":"https:\/\/www.delphosmagazine.com\/belgica-evalua-el-entrenador-primario-dart-de-diamond-aircraft\/","name":"B\u00e9lgica eval\u00faa el entrenador primario DART de Diamond Aircraft | Delphos Magazine","isPartOf":{"@id":"https:\/\/www.delphosmagazine.com\/#website"},"primaryImageOfPage":{"@id":"https:\/\/www.delphosmagazine.com\/belgica-evalua-el-entrenador-primario-dart-de-diamond-aircraft\/#primaryimage"},"image":{"@id":"https:\/\/www.delphosmagazine.com\/belgica-evalua-el-entrenador-primario-dart-de-diamond-aircraft\/#primaryimage"},"thumbnailUrl":"https:\/\/www.delphosmagazine.com\/wp-content\/uploads\/2020\/11\/3_Press_Release_DART-1.jpg","datePublished":"2020-11-03T21:27:58+00:00","dateModified":"2021-01-18T21:51:11+00:00","description":"Delphos Magazine es el principal medio de prensa generador y proveedor de contenidos aeron\u00e1uticos y de defensa de Latinoam\u00e9rica y el mundo","breadcrumb":{"@id":"https:\/\/www.delphosmagazine.com\/belgica-evalua-el-entrenador-primario-dart-de-diamond-aircraft\/#breadcrumb"},"inLanguage":"en-US","potentialAction":[{"@type":"ReadAction","target":["https:\/\/www.delphosmagazine.com\/belgica-evalua-el-entrenador-primario-dart-de-diamond-aircraft\/"]}]},{"@type":"ImageObject","inLanguage":"en-US","@id":"https:\/\/www.delphosmagazine.com\/belgica-evalua-el-entrenador-primario-dart-de-diamond-aircraft\/#primaryimage","url":"https:\/\/www.delphosmagazine.com\/wp-content\/uploads\/2020\/11\/3_Press_Release_DART-1.jpg","contentUrl":"https:\/\/www.delphosmagazine.com\/wp-content\/uploads\/2020\/11\/3_Press_Release_DART-1.jpg","width":1200,"height":675},{"@type":"BreadcrumbList","@id":"https:\/\/www.delphosmagazine.com\/belgica-evalua-el-entrenador-primario-dart-de-diamond-aircraft\/#breadcrumb","itemListElement":[{"@type":"ListItem","position":1,"name":"Portada","item":"https:\/\/www.delphosmagazine.com\/"},{"@type":"ListItem","position":2,"name":"B\u00e9lgica eval\u00faa el entrenador primario DART de Diamond Aircraft"}]},{"@type":"WebSite","@id":"https:\/\/www.delphosmagazine.com\/#website","url":"https:\/\/www.delphosmagazine.com\/","name":"Delphos Magazine","description":"principal medio de prensa generador y proveedor de contenidos aeron\u00e1uticos y de defensa de Latinoam\u00e9rica y el mundo","publisher":{"@id":"https:\/\/www.delphosmagazine.com\/#organization"},"potentialAction":[{"@type":"SearchAction","target":{"@type":"EntryPoint","urlTemplate":"https:\/\/www.delphosmagazine.com\/?s={search_term_string}"},"query-input":{"@type":"PropertyValueSpecification","valueRequired":true,"valueName":"search_term_string"}}],"inLanguage":"en-US"},{"@type":"Organization","@id":"https:\/\/www.delphosmagazine.com\/#organization","name":"Delphos Magazine","url":"https:\/\/www.delphosmagazine.com\/","logo":{"@type":"ImageObject","inLanguage":"en-US","@id":"https:\/\/www.delphosmagazine.com\/#\/schema\/logo\/image\/","url":"https:\/\/www.delphosmagazine.com\/wp-content\/uploads\/2020\/10\/logo-negro.jpg","contentUrl":"https:\/\/www.delphosmagazine.com\/wp-content\/uploads\/2020\/10\/logo-negro.jpg","width":872,"height":202,"caption":"Delphos Magazine"},"image":{"@id":"https:\/\/www.delphosmagazine.com\/#\/schema\/logo\/image\/"}},{"@type":"Person","@id":"https:\/\/www.delphosmagazine.com\/#\/schema\/person\/975be66d68fbd24bf1cf96e8871defe1","name":"Delphos Magazine","image":{"@type":"ImageObject","inLanguage":"en-US","@id":"https:\/\/www.delphosmagazine.com\/#\/schema\/person\/image\/","url":"https:\/\/secure.gravatar.com\/avatar\/2aef69e4112a9a7b4cb49f96c0516035?s=96&d=mm&r=g","contentUrl":"https:\/\/secure.gravatar.com\/avatar\/2aef69e4112a9a7b4cb49f96c0516035?s=96&d=mm&r=g","caption":"Delphos Magazine"},"sameAs":["https:\/\/www.delphosmagazine.com"],"url":"https:\/\/www.delphosmagazine.com\/en\/author\/delphosmagazine\/"}]}},"_links":{"self":[{"href":"https:\/\/www.delphosmagazine.com\/en\/wp-json\/wp\/v2\/posts\/6193","targetHints":{"allow":["GET"]}}],"collection":[{"href":"https:\/\/www.delphosmagazine.com\/en\/wp-json\/wp\/v2\/posts"}],"about":[{"href":"https:\/\/www.delphosmagazine.com\/en\/wp-json\/wp\/v2\/types\/post"}],"author":[{"embeddable":true,"href":"https:\/\/www.delphosmagazine.com\/en\/wp-json\/wp\/v2\/users\/2"}],"replies":[{"embeddable":true,"href":"https:\/\/www.delphosmagazine.com\/en\/wp-json\/wp\/v2\/comments?post=6193"}],"version-history":[{"count":0,"href":"https:\/\/www.delphosmagazine.com\/en\/wp-json\/wp\/v2\/posts\/6193\/revisions"}],"wp:featuredmedia":[{"embeddable":true,"href":"https:\/\/www.delphosmagazine.com\/en\/wp-json\/wp\/v2\/media\/6461"}],"wp:attachment":[{"href":"https:\/\/www.delphosmagazine.com\/en\/wp-json\/wp\/v2\/media?parent=6193"}],"wp:term":[{"taxonomy":"category","embeddable":true,"href":"https:\/\/www.delphosmagazine.com\/en\/wp-json\/wp\/v2\/categories?post=6193"},{"taxonomy":"post_tag","embeddable":true,"href":"https:\/\/www.delphosmagazine.com\/en\/wp-json\/wp\/v2\/tags?post=6193"}],"curies":[{"name":"wp","href":"https:\/\/api.w.org\/{rel}","templated":true}]}}