{"id":5851,"date":"2020-10-14T19:29:01","date_gmt":"2020-10-14T22:29:01","guid":{"rendered":"https:\/\/www.delphosmagazine.com\/?p=5851"},"modified":"2020-10-15T16:32:55","modified_gmt":"2020-10-15T19:32:55","slug":"fach-realizo-evacuacion-aeromedica-de-la-antartica","status":"publish","type":"post","link":"https:\/\/www.delphosmagazine.com\/en\/fach-realizo-evacuacion-aeromedica-de-la-antartica\/","title":{"rendered":"FACH realizo evacuaci\u00f3n Aerom\u00e9dica  de la Antartica"},"content":{"rendered":"<p><span style=\"font-weight: 400;\">Este mi\u00e9rcoles, la Fuerza A\u00e9rea de Chile realiz\u00f3 la evacuaci\u00f3n aerom\u00e9dica de un funcionario militar de la Base General Bernardo O\u00b4Higgins, ubicada en el territorio ant\u00e1rtico, hasta la ciudad de Punta Arenas en una aeronave DHC-6 Twin Otter.\u00a0<\/span><\/p>\n<p><span style=\"font-weight: 400;\">La operaci\u00f3n se inici\u00f3 a las 06.47 horas de esta ma\u00f1ana, con el despegue de un helic\u00f3ptero institucional Bell-412 desde el aer\u00f3dromo Teniente Rodolfo Marsh hacia el asentamiento del Ej\u00e9rcito de Chile, con personal m\u00e9dico a bordo, a fin de efectuar el traslado de un paciente masculino quien sufri\u00f3 lesiones de gravedad en una de sus manos, producto de un accidente.<\/span><\/p>\n<p><span style=\"font-weight: 400;\">Dos horas m\u00e1s tarde, el helic\u00f3ptero regres\u00f3 a la Base A\u00e9rea Ant\u00e1rtica Eduardo Frei Montalva, donde el efectivo militar continu\u00f3 recibiendo atenci\u00f3n por parte del m\u00e9dico de esa unidad dependiente de la IV\u00aa Brigada A\u00e9rea de la FACh, para luego embarcar en la aeronave DHC-6 Twin Otter que lo traslad\u00f3 hasta la capital regional.<\/span><\/p>\n<p><span style=\"font-weight: 400;\">La polivalencia de los medios de la Fuerza A\u00e9rea de Chile y su presencia permanente a lo largo de todo el territorio nacional, especialmente en la Ant\u00e1rtica, las 24 horas del d\u00eda y los 365 d\u00edas del a\u00f1o, son fundamentales para ir en apoyo de la comunidad y poder salvaguardar la vida de las personas.\u00a0<\/span><\/p>\n<p>Fuente e imagenes: FACH.<\/p>\n<div id='gallery-1' class='gallery galleryid-5851 gallery-columns-4 gallery-size-large'><figure class='gallery-item'>\n\t\t\t<div class='gallery-icon landscape'>\n\t\t\t\t<a href='https:\/\/www.delphosmagazine.com\/wp-content\/uploads\/2020\/10\/PHOTO-2020-10-14-15-05-24.jpg'><img loading=\"lazy\" decoding=\"async\" width=\"696\" height=\"522\" src=\"https:\/\/www.delphosmagazine.com\/wp-content\/uploads\/2020\/10\/PHOTO-2020-10-14-15-05-24.jpg\" class=\"attachment-large size-large\" alt=\"\" srcset=\"https:\/\/www.delphosmagazine.com\/wp-content\/uploads\/2020\/10\/PHOTO-2020-10-14-15-05-24.jpg 1024w, https:\/\/www.delphosmagazine.com\/wp-content\/uploads\/2020\/10\/PHOTO-2020-10-14-15-05-24-300x225.jpg 300w, https:\/\/www.delphosmagazine.com\/wp-content\/uploads\/2020\/10\/PHOTO-2020-10-14-15-05-24-768x576.jpg 768w, https:\/\/www.delphosmagazine.com\/wp-content\/uploads\/2020\/10\/PHOTO-2020-10-14-15-05-24-800x600.jpg 800w, https:\/\/www.delphosmagazine.com\/wp-content\/uploads\/2020\/10\/PHOTO-2020-10-14-15-05-24-500x375.jpg 500w, https:\/\/www.delphosmagazine.com\/wp-content\/uploads\/2020\/10\/PHOTO-2020-10-14-15-05-24-1000x750.jpg 1000w\" sizes=\"auto, (max-width: 696px) 100vw, 696px\" \/><\/a>\n\t\t\t<\/div><\/figure><figure class='gallery-item'>\n\t\t\t<div class='gallery-icon landscape'>\n\t\t\t\t<a href='https:\/\/www.delphosmagazine.com\/wp-content\/uploads\/2020\/10\/PHOTO-2020-10-14-15-05-24-3.jpg'><img loading=\"lazy\" decoding=\"async\" width=\"696\" height=\"392\" src=\"https:\/\/www.delphosmagazine.com\/wp-content\/uploads\/2020\/10\/PHOTO-2020-10-14-15-05-24-3.jpg\" class=\"attachment-large size-large\" alt=\"\" srcset=\"https:\/\/www.delphosmagazine.com\/wp-content\/uploads\/2020\/10\/PHOTO-2020-10-14-15-05-24-3.jpg 1024w, https:\/\/www.delphosmagazine.com\/wp-content\/uploads\/2020\/10\/PHOTO-2020-10-14-15-05-24-3-300x169.jpg 300w, https:\/\/www.delphosmagazine.com\/wp-content\/uploads\/2020\/10\/PHOTO-2020-10-14-15-05-24-3-768x432.jpg 768w, https:\/\/www.delphosmagazine.com\/wp-content\/uploads\/2020\/10\/PHOTO-2020-10-14-15-05-24-3-500x281.jpg 500w, https:\/\/www.delphosmagazine.com\/wp-content\/uploads\/2020\/10\/PHOTO-2020-10-14-15-05-24-3-1000x563.jpg 1000w, https:\/\/www.delphosmagazine.com\/wp-content\/uploads\/2020\/10\/PHOTO-2020-10-14-15-05-24-3-800x450.jpg 800w\" sizes=\"auto, (max-width: 696px) 100vw, 696px\" \/><\/a>\n\t\t\t<\/div><\/figure><figure class='gallery-item'>\n\t\t\t<div class='gallery-icon landscape'>\n\t\t\t\t<a href='https:\/\/www.delphosmagazine.com\/wp-content\/uploads\/2020\/10\/PHOTO-2020-10-14-15-05-24-2.jpg'><img loading=\"lazy\" decoding=\"async\" width=\"696\" height=\"392\" src=\"https:\/\/www.delphosmagazine.com\/wp-content\/uploads\/2020\/10\/PHOTO-2020-10-14-15-05-24-2-1024x576.jpg\" class=\"attachment-large size-large\" alt=\"\" srcset=\"https:\/\/www.delphosmagazine.com\/wp-content\/uploads\/2020\/10\/PHOTO-2020-10-14-15-05-24-2-1024x576.jpg 1024w, https:\/\/www.delphosmagazine.com\/wp-content\/uploads\/2020\/10\/PHOTO-2020-10-14-15-05-24-2-300x169.jpg 300w, https:\/\/www.delphosmagazine.com\/wp-content\/uploads\/2020\/10\/PHOTO-2020-10-14-15-05-24-2-768x432.jpg 768w, https:\/\/www.delphosmagazine.com\/wp-content\/uploads\/2020\/10\/PHOTO-2020-10-14-15-05-24-2-500x281.jpg 500w, https:\/\/www.delphosmagazine.com\/wp-content\/uploads\/2020\/10\/PHOTO-2020-10-14-15-05-24-2-1000x563.jpg 1000w, https:\/\/www.delphosmagazine.com\/wp-content\/uploads\/2020\/10\/PHOTO-2020-10-14-15-05-24-2-800x450.jpg 800w, https:\/\/www.delphosmagazine.com\/wp-content\/uploads\/2020\/10\/PHOTO-2020-10-14-15-05-24-2.jpg 1280w\" sizes=\"auto, (max-width: 696px) 100vw, 696px\" \/><\/a>\n\t\t\t<\/div><\/figure><figure class='gallery-item'>\n\t\t\t<div class='gallery-icon landscape'>\n\t\t\t\t<a href='https:\/\/www.delphosmagazine.com\/wp-content\/uploads\/2020\/10\/WhatsApp-Image-2020-10-14-at-16.35.03.jpeg'><img loading=\"lazy\" decoding=\"async\" width=\"696\" height=\"522\" src=\"https:\/\/www.delphosmagazine.com\/wp-content\/uploads\/2020\/10\/WhatsApp-Image-2020-10-14-at-16.35.03-1024x768.jpeg\" class=\"attachment-large size-large\" alt=\"\" srcset=\"https:\/\/www.delphosmagazine.com\/wp-content\/uploads\/2020\/10\/WhatsApp-Image-2020-10-14-at-16.35.03-1024x768.jpeg 1024w, https:\/\/www.delphosmagazine.com\/wp-content\/uploads\/2020\/10\/WhatsApp-Image-2020-10-14-at-16.35.03-300x225.jpeg 300w, https:\/\/www.delphosmagazine.com\/wp-content\/uploads\/2020\/10\/WhatsApp-Image-2020-10-14-at-16.35.03-768x576.jpeg 768w, https:\/\/www.delphosmagazine.com\/wp-content\/uploads\/2020\/10\/WhatsApp-Image-2020-10-14-at-16.35.03-800x600.jpeg 800w, https:\/\/www.delphosmagazine.com\/wp-content\/uploads\/2020\/10\/WhatsApp-Image-2020-10-14-at-16.35.03-500x375.jpeg 500w, https:\/\/www.delphosmagazine.com\/wp-content\/uploads\/2020\/10\/WhatsApp-Image-2020-10-14-at-16.35.03-1000x750.jpeg 1000w, https:\/\/www.delphosmagazine.com\/wp-content\/uploads\/2020\/10\/WhatsApp-Image-2020-10-14-at-16.35.03.jpeg 1280w\" sizes=\"auto, (max-width: 696px) 100vw, 696px\" \/><\/a>\n\t\t\t<\/div><\/figure>\n\t\t<\/div>","protected":false},"excerpt":{"rendered":"<p>Este mi\u00e9rcoles, la Fuerza A\u00e9rea de Chile realiz\u00f3 la evacuaci\u00f3n aerom\u00e9dica de un funcionario militar de la Base General Bernardo O\u00b4Higgins, ubicada en el territorio ant\u00e1rtico, hasta la ciudad de Punta Arenas en una aeronave DHC-6 Twin Otter.\u00a0 La operaci\u00f3n se inici\u00f3 a las 06.47 horas de esta ma\u00f1ana, con el despegue de un helic\u00f3ptero [&hellip;]<\/p>\n","protected":false},"author":2,"featured_media":5853,"comment_status":"open","ping_status":"open","sticky":false,"template":"","format":"standard","meta":{"footnotes":""},"categories":[4,15,26],"tags":[],"class_list":{"0":"post-5851","1":"post","2":"type-post","3":"status-publish","4":"format-standard","5":"has-post-thumbnail","7":"category-aviacion-militar","8":"category-comunicados","9":"category-destacados"},"yoast_head":"<!-- This site is optimized with the Yoast SEO plugin v26.5 - https:\/\/yoast.com\/wordpress\/plugins\/seo\/ -->\n<title>FACH realizo evacuaci\u00f3n Aerom\u00e9dica de la Antartica | Delphos Magazine<\/title>\n<meta name=\"description\" content=\"Delphos Magazine es el principal medio de prensa generador y proveedor de contenidos aeron\u00e1uticos y de defensa de Latinoam\u00e9rica y el mundo\" \/>\n<meta name=\"robots\" content=\"index, follow, max-snippet:-1, max-image-preview:large, max-video-preview:-1\" \/>\n<link rel=\"canonical\" href=\"https:\/\/www.delphosmagazine.com\/en\/fach-realizo-evacuacion-aeromedica-de-la-antartica\/\" \/>\n<meta property=\"og:locale\" content=\"en_US\" \/>\n<meta property=\"og:type\" content=\"article\" \/>\n<meta property=\"og:title\" content=\"FACH realizo evacuaci\u00f3n Aerom\u00e9dica de la Antartica | Delphos Magazine\" \/>\n<meta property=\"og:description\" content=\"Delphos Magazine es el principal medio de prensa generador y proveedor de contenidos aeron\u00e1uticos y de defensa de Latinoam\u00e9rica y el mundo\" \/>\n<meta property=\"og:url\" content=\"https:\/\/www.delphosmagazine.com\/en\/fach-realizo-evacuacion-aeromedica-de-la-antartica\/\" \/>\n<meta property=\"og:site_name\" content=\"Delphos Magazine\" \/>\n<meta property=\"article:published_time\" content=\"2020-10-14T22:29:01+00:00\" \/>\n<meta property=\"article:modified_time\" content=\"2020-10-15T19:32:55+00:00\" \/>\n<meta property=\"og:image\" content=\"https:\/\/www.delphosmagazine.com\/wp-content\/uploads\/2020\/10\/WhatsApp-Image-2020-10-14-at-16.35.03.jpg\" \/>\n\t<meta property=\"og:image:width\" content=\"1200\" \/>\n\t<meta property=\"og:image:height\" content=\"675\" \/>\n\t<meta property=\"og:image:type\" content=\"image\/jpeg\" \/>\n<meta name=\"author\" content=\"Delphos Magazine\" \/>\n<meta name=\"twitter:card\" content=\"summary_large_image\" \/>\n<meta name=\"twitter:label1\" content=\"Written by\" \/>\n\t<meta name=\"twitter:data1\" content=\"Delphos Magazine\" \/>\n\t<meta name=\"twitter:label2\" content=\"Est. reading time\" \/>\n\t<meta name=\"twitter:data2\" content=\"1 minute\" \/>\n<script type=\"application\/ld+json\" class=\"yoast-schema-graph\">{\"@context\":\"https:\/\/schema.org\",\"@graph\":[{\"@type\":\"Article\",\"@id\":\"https:\/\/www.delphosmagazine.com\/fach-realizo-evacuacion-aeromedica-de-la-antartica\/#article\",\"isPartOf\":{\"@id\":\"https:\/\/www.delphosmagazine.com\/fach-realizo-evacuacion-aeromedica-de-la-antartica\/\"},\"author\":{\"name\":\"Delphos Magazine\",\"@id\":\"https:\/\/www.delphosmagazine.com\/#\/schema\/person\/975be66d68fbd24bf1cf96e8871defe1\"},\"headline\":\"FACH realizo evacuaci\u00f3n Aerom\u00e9dica de la Antartica\",\"datePublished\":\"2020-10-14T22:29:01+00:00\",\"dateModified\":\"2020-10-15T19:32:55+00:00\",\"mainEntityOfPage\":{\"@id\":\"https:\/\/www.delphosmagazine.com\/fach-realizo-evacuacion-aeromedica-de-la-antartica\/\"},\"wordCount\":249,\"commentCount\":0,\"publisher\":{\"@id\":\"https:\/\/www.delphosmagazine.com\/#organization\"},\"image\":{\"@id\":\"https:\/\/www.delphosmagazine.com\/fach-realizo-evacuacion-aeromedica-de-la-antartica\/#primaryimage\"},\"thumbnailUrl\":\"https:\/\/www.delphosmagazine.com\/wp-content\/uploads\/2020\/10\/WhatsApp-Image-2020-10-14-at-16.35.03.jpg\",\"articleSection\":[\"Aviaci\u00f3n Militar\",\"Comunicados\",\"Destacados\"],\"inLanguage\":\"en-US\",\"potentialAction\":[{\"@type\":\"CommentAction\",\"name\":\"Comment\",\"target\":[\"https:\/\/www.delphosmagazine.com\/fach-realizo-evacuacion-aeromedica-de-la-antartica\/#respond\"]}]},{\"@type\":\"WebPage\",\"@id\":\"https:\/\/www.delphosmagazine.com\/fach-realizo-evacuacion-aeromedica-de-la-antartica\/\",\"url\":\"https:\/\/www.delphosmagazine.com\/fach-realizo-evacuacion-aeromedica-de-la-antartica\/\",\"name\":\"FACH realizo evacuaci\u00f3n Aerom\u00e9dica de la Antartica | Delphos Magazine\",\"isPartOf\":{\"@id\":\"https:\/\/www.delphosmagazine.com\/#website\"},\"primaryImageOfPage\":{\"@id\":\"https:\/\/www.delphosmagazine.com\/fach-realizo-evacuacion-aeromedica-de-la-antartica\/#primaryimage\"},\"image\":{\"@id\":\"https:\/\/www.delphosmagazine.com\/fach-realizo-evacuacion-aeromedica-de-la-antartica\/#primaryimage\"},\"thumbnailUrl\":\"https:\/\/www.delphosmagazine.com\/wp-content\/uploads\/2020\/10\/WhatsApp-Image-2020-10-14-at-16.35.03.jpg\",\"datePublished\":\"2020-10-14T22:29:01+00:00\",\"dateModified\":\"2020-10-15T19:32:55+00:00\",\"description\":\"Delphos Magazine es el principal medio de prensa generador y proveedor de contenidos aeron\u00e1uticos y de defensa de Latinoam\u00e9rica y el mundo\",\"breadcrumb\":{\"@id\":\"https:\/\/www.delphosmagazine.com\/fach-realizo-evacuacion-aeromedica-de-la-antartica\/#breadcrumb\"},\"inLanguage\":\"en-US\",\"potentialAction\":[{\"@type\":\"ReadAction\",\"target\":[\"https:\/\/www.delphosmagazine.com\/fach-realizo-evacuacion-aeromedica-de-la-antartica\/\"]}]},{\"@type\":\"ImageObject\",\"inLanguage\":\"en-US\",\"@id\":\"https:\/\/www.delphosmagazine.com\/fach-realizo-evacuacion-aeromedica-de-la-antartica\/#primaryimage\",\"url\":\"https:\/\/www.delphosmagazine.com\/wp-content\/uploads\/2020\/10\/WhatsApp-Image-2020-10-14-at-16.35.03.jpg\",\"contentUrl\":\"https:\/\/www.delphosmagazine.com\/wp-content\/uploads\/2020\/10\/WhatsApp-Image-2020-10-14-at-16.35.03.jpg\",\"width\":1200,\"height\":675},{\"@type\":\"BreadcrumbList\",\"@id\":\"https:\/\/www.delphosmagazine.com\/fach-realizo-evacuacion-aeromedica-de-la-antartica\/#breadcrumb\",\"itemListElement\":[{\"@type\":\"ListItem\",\"position\":1,\"name\":\"Portada\",\"item\":\"https:\/\/www.delphosmagazine.com\/\"},{\"@type\":\"ListItem\",\"position\":2,\"name\":\"FACH realizo evacuaci\u00f3n Aerom\u00e9dica de la Antartica\"}]},{\"@type\":\"WebSite\",\"@id\":\"https:\/\/www.delphosmagazine.com\/#website\",\"url\":\"https:\/\/www.delphosmagazine.com\/\",\"name\":\"Delphos Magazine\",\"description\":\"principal medio de prensa generador y proveedor de contenidos aeron\u00e1uticos y de defensa de Latinoam\u00e9rica y el mundo\",\"publisher\":{\"@id\":\"https:\/\/www.delphosmagazine.com\/#organization\"},\"potentialAction\":[{\"@type\":\"SearchAction\",\"target\":{\"@type\":\"EntryPoint\",\"urlTemplate\":\"https:\/\/www.delphosmagazine.com\/?s={search_term_string}\"},\"query-input\":{\"@type\":\"PropertyValueSpecification\",\"valueRequired\":true,\"valueName\":\"search_term_string\"}}],\"inLanguage\":\"en-US\"},{\"@type\":\"Organization\",\"@id\":\"https:\/\/www.delphosmagazine.com\/#organization\",\"name\":\"Delphos Magazine\",\"url\":\"https:\/\/www.delphosmagazine.com\/\",\"logo\":{\"@type\":\"ImageObject\",\"inLanguage\":\"en-US\",\"@id\":\"https:\/\/www.delphosmagazine.com\/#\/schema\/logo\/image\/\",\"url\":\"https:\/\/www.delphosmagazine.com\/wp-content\/uploads\/2020\/10\/logo-negro.jpg\",\"contentUrl\":\"https:\/\/www.delphosmagazine.com\/wp-content\/uploads\/2020\/10\/logo-negro.jpg\",\"width\":872,\"height\":202,\"caption\":\"Delphos Magazine\"},\"image\":{\"@id\":\"https:\/\/www.delphosmagazine.com\/#\/schema\/logo\/image\/\"}},{\"@type\":\"Person\",\"@id\":\"https:\/\/www.delphosmagazine.com\/#\/schema\/person\/975be66d68fbd24bf1cf96e8871defe1\",\"name\":\"Delphos Magazine\",\"image\":{\"@type\":\"ImageObject\",\"inLanguage\":\"en-US\",\"@id\":\"https:\/\/www.delphosmagazine.com\/#\/schema\/person\/image\/\",\"url\":\"https:\/\/secure.gravatar.com\/avatar\/2aef69e4112a9a7b4cb49f96c0516035?s=96&d=mm&r=g\",\"contentUrl\":\"https:\/\/secure.gravatar.com\/avatar\/2aef69e4112a9a7b4cb49f96c0516035?s=96&d=mm&r=g\",\"caption\":\"Delphos Magazine\"},\"sameAs\":[\"https:\/\/www.delphosmagazine.com\"],\"url\":\"https:\/\/www.delphosmagazine.com\/en\/author\/delphosmagazine\/\"}]}<\/script>\n<!-- \/ Yoast SEO plugin. -->","yoast_head_json":{"title":"FACH realizo evacuaci\u00f3n Aerom\u00e9dica de la Antartica | Delphos Magazine","description":"Delphos Magazine es el principal medio de prensa generador y proveedor de contenidos aeron\u00e1uticos y de defensa de Latinoam\u00e9rica y el mundo","robots":{"index":"index","follow":"follow","max-snippet":"max-snippet:-1","max-image-preview":"max-image-preview:large","max-video-preview":"max-video-preview:-1"},"canonical":"https:\/\/www.delphosmagazine.com\/en\/fach-realizo-evacuacion-aeromedica-de-la-antartica\/","og_locale":"en_US","og_type":"article","og_title":"FACH realizo evacuaci\u00f3n Aerom\u00e9dica de la Antartica | Delphos Magazine","og_description":"Delphos Magazine es el principal medio de prensa generador y proveedor de contenidos aeron\u00e1uticos y de defensa de Latinoam\u00e9rica y el mundo","og_url":"https:\/\/www.delphosmagazine.com\/en\/fach-realizo-evacuacion-aeromedica-de-la-antartica\/","og_site_name":"Delphos Magazine","article_published_time":"2020-10-14T22:29:01+00:00","article_modified_time":"2020-10-15T19:32:55+00:00","og_image":[{"width":1200,"height":675,"url":"https:\/\/www.delphosmagazine.com\/wp-content\/uploads\/2020\/10\/WhatsApp-Image-2020-10-14-at-16.35.03.jpg","type":"image\/jpeg"}],"author":"Delphos Magazine","twitter_card":"summary_large_image","twitter_misc":{"Written by":"Delphos Magazine","Est. reading time":"1 minute"},"schema":{"@context":"https:\/\/schema.org","@graph":[{"@type":"Article","@id":"https:\/\/www.delphosmagazine.com\/fach-realizo-evacuacion-aeromedica-de-la-antartica\/#article","isPartOf":{"@id":"https:\/\/www.delphosmagazine.com\/fach-realizo-evacuacion-aeromedica-de-la-antartica\/"},"author":{"name":"Delphos Magazine","@id":"https:\/\/www.delphosmagazine.com\/#\/schema\/person\/975be66d68fbd24bf1cf96e8871defe1"},"headline":"FACH realizo evacuaci\u00f3n Aerom\u00e9dica de la Antartica","datePublished":"2020-10-14T22:29:01+00:00","dateModified":"2020-10-15T19:32:55+00:00","mainEntityOfPage":{"@id":"https:\/\/www.delphosmagazine.com\/fach-realizo-evacuacion-aeromedica-de-la-antartica\/"},"wordCount":249,"commentCount":0,"publisher":{"@id":"https:\/\/www.delphosmagazine.com\/#organization"},"image":{"@id":"https:\/\/www.delphosmagazine.com\/fach-realizo-evacuacion-aeromedica-de-la-antartica\/#primaryimage"},"thumbnailUrl":"https:\/\/www.delphosmagazine.com\/wp-content\/uploads\/2020\/10\/WhatsApp-Image-2020-10-14-at-16.35.03.jpg","articleSection":["Aviaci\u00f3n Militar","Comunicados","Destacados"],"inLanguage":"en-US","potentialAction":[{"@type":"CommentAction","name":"Comment","target":["https:\/\/www.delphosmagazine.com\/fach-realizo-evacuacion-aeromedica-de-la-antartica\/#respond"]}]},{"@type":"WebPage","@id":"https:\/\/www.delphosmagazine.com\/fach-realizo-evacuacion-aeromedica-de-la-antartica\/","url":"https:\/\/www.delphosmagazine.com\/fach-realizo-evacuacion-aeromedica-de-la-antartica\/","name":"FACH realizo evacuaci\u00f3n Aerom\u00e9dica de la Antartica | Delphos Magazine","isPartOf":{"@id":"https:\/\/www.delphosmagazine.com\/#website"},"primaryImageOfPage":{"@id":"https:\/\/www.delphosmagazine.com\/fach-realizo-evacuacion-aeromedica-de-la-antartica\/#primaryimage"},"image":{"@id":"https:\/\/www.delphosmagazine.com\/fach-realizo-evacuacion-aeromedica-de-la-antartica\/#primaryimage"},"thumbnailUrl":"https:\/\/www.delphosmagazine.com\/wp-content\/uploads\/2020\/10\/WhatsApp-Image-2020-10-14-at-16.35.03.jpg","datePublished":"2020-10-14T22:29:01+00:00","dateModified":"2020-10-15T19:32:55+00:00","description":"Delphos Magazine es el principal medio de prensa generador y proveedor de contenidos aeron\u00e1uticos y de defensa de Latinoam\u00e9rica y el mundo","breadcrumb":{"@id":"https:\/\/www.delphosmagazine.com\/fach-realizo-evacuacion-aeromedica-de-la-antartica\/#breadcrumb"},"inLanguage":"en-US","potentialAction":[{"@type":"ReadAction","target":["https:\/\/www.delphosmagazine.com\/fach-realizo-evacuacion-aeromedica-de-la-antartica\/"]}]},{"@type":"ImageObject","inLanguage":"en-US","@id":"https:\/\/www.delphosmagazine.com\/fach-realizo-evacuacion-aeromedica-de-la-antartica\/#primaryimage","url":"https:\/\/www.delphosmagazine.com\/wp-content\/uploads\/2020\/10\/WhatsApp-Image-2020-10-14-at-16.35.03.jpg","contentUrl":"https:\/\/www.delphosmagazine.com\/wp-content\/uploads\/2020\/10\/WhatsApp-Image-2020-10-14-at-16.35.03.jpg","width":1200,"height":675},{"@type":"BreadcrumbList","@id":"https:\/\/www.delphosmagazine.com\/fach-realizo-evacuacion-aeromedica-de-la-antartica\/#breadcrumb","itemListElement":[{"@type":"ListItem","position":1,"name":"Portada","item":"https:\/\/www.delphosmagazine.com\/"},{"@type":"ListItem","position":2,"name":"FACH realizo evacuaci\u00f3n Aerom\u00e9dica de la Antartica"}]},{"@type":"WebSite","@id":"https:\/\/www.delphosmagazine.com\/#website","url":"https:\/\/www.delphosmagazine.com\/","name":"Delphos Magazine","description":"principal medio de prensa generador y proveedor de contenidos aeron\u00e1uticos y de defensa de Latinoam\u00e9rica y el mundo","publisher":{"@id":"https:\/\/www.delphosmagazine.com\/#organization"},"potentialAction":[{"@type":"SearchAction","target":{"@type":"EntryPoint","urlTemplate":"https:\/\/www.delphosmagazine.com\/?s={search_term_string}"},"query-input":{"@type":"PropertyValueSpecification","valueRequired":true,"valueName":"search_term_string"}}],"inLanguage":"en-US"},{"@type":"Organization","@id":"https:\/\/www.delphosmagazine.com\/#organization","name":"Delphos Magazine","url":"https:\/\/www.delphosmagazine.com\/","logo":{"@type":"ImageObject","inLanguage":"en-US","@id":"https:\/\/www.delphosmagazine.com\/#\/schema\/logo\/image\/","url":"https:\/\/www.delphosmagazine.com\/wp-content\/uploads\/2020\/10\/logo-negro.jpg","contentUrl":"https:\/\/www.delphosmagazine.com\/wp-content\/uploads\/2020\/10\/logo-negro.jpg","width":872,"height":202,"caption":"Delphos Magazine"},"image":{"@id":"https:\/\/www.delphosmagazine.com\/#\/schema\/logo\/image\/"}},{"@type":"Person","@id":"https:\/\/www.delphosmagazine.com\/#\/schema\/person\/975be66d68fbd24bf1cf96e8871defe1","name":"Delphos Magazine","image":{"@type":"ImageObject","inLanguage":"en-US","@id":"https:\/\/www.delphosmagazine.com\/#\/schema\/person\/image\/","url":"https:\/\/secure.gravatar.com\/avatar\/2aef69e4112a9a7b4cb49f96c0516035?s=96&d=mm&r=g","contentUrl":"https:\/\/secure.gravatar.com\/avatar\/2aef69e4112a9a7b4cb49f96c0516035?s=96&d=mm&r=g","caption":"Delphos Magazine"},"sameAs":["https:\/\/www.delphosmagazine.com"],"url":"https:\/\/www.delphosmagazine.com\/en\/author\/delphosmagazine\/"}]}},"_links":{"self":[{"href":"https:\/\/www.delphosmagazine.com\/en\/wp-json\/wp\/v2\/posts\/5851","targetHints":{"allow":["GET"]}}],"collection":[{"href":"https:\/\/www.delphosmagazine.com\/en\/wp-json\/wp\/v2\/posts"}],"about":[{"href":"https:\/\/www.delphosmagazine.com\/en\/wp-json\/wp\/v2\/types\/post"}],"author":[{"embeddable":true,"href":"https:\/\/www.delphosmagazine.com\/en\/wp-json\/wp\/v2\/users\/2"}],"replies":[{"embeddable":true,"href":"https:\/\/www.delphosmagazine.com\/en\/wp-json\/wp\/v2\/comments?post=5851"}],"version-history":[{"count":0,"href":"https:\/\/www.delphosmagazine.com\/en\/wp-json\/wp\/v2\/posts\/5851\/revisions"}],"wp:featuredmedia":[{"embeddable":true,"href":"https:\/\/www.delphosmagazine.com\/en\/wp-json\/wp\/v2\/media\/5853"}],"wp:attachment":[{"href":"https:\/\/www.delphosmagazine.com\/en\/wp-json\/wp\/v2\/media?parent=5851"}],"wp:term":[{"taxonomy":"category","embeddable":true,"href":"https:\/\/www.delphosmagazine.com\/en\/wp-json\/wp\/v2\/categories?post=5851"},{"taxonomy":"post_tag","embeddable":true,"href":"https:\/\/www.delphosmagazine.com\/en\/wp-json\/wp\/v2\/tags?post=5851"}],"curies":[{"name":"wp","href":"https:\/\/api.w.org\/{rel}","templated":true}]}}