{"id":5445,"date":"2020-07-31T21:00:21","date_gmt":"2020-08-01T00:00:21","guid":{"rendered":"https:\/\/www.delphosmagazine.com\/?p=5445"},"modified":"2020-07-31T17:37:16","modified_gmt":"2020-07-31T20:37:16","slug":"boeing-finalizo-la-conversion-de-un-qf-16-para-la-usaf","status":"publish","type":"post","link":"https:\/\/www.delphosmagazine.com\/en\/boeing-finalizo-la-conversion-de-un-qf-16-para-la-usaf\/","title":{"rendered":"Boeing finalizo la conversi\u00f3n de un QF-16 para la USAF"},"content":{"rendered":"<p>Boeing y la Fuerza A\u00e9rea de EE. UU. Complet\u00f3 el primer Blanco a\u00e9reo QF-16 para someterse a la conversi\u00f3n en una l\u00ednea de modificaci\u00f3n en Arizona. El avi\u00f3n fue trasladado el mes pasado a la Base Tyndall de la Fuerza A\u00e9rea, Florida, donde ser\u00e1 utilizado de forma aut\u00f3noma en futuras operaciones de entrenamiento de armas.<\/p>\n<p>El 309 \u00ba Aeroespacial Mantenimiento y Grupo Regeneraci\u00f3n (AMARG) situado en la base a\u00e9rea Davis-Monthan en Tucson Arizona, se asoci\u00f3 con Boeing en el marco de una asociaci\u00f3n p\u00fablico-privada para crear una segunda l\u00ednea de modificaci\u00f3n para complementar trabajos en los QF-16 en el sitio de Cecil Field de Boeing en Jacksonville, Florida.<\/p>\n<p>\u201cLa entrega de este primer QF-16 modificado en avi\u00f3n no tripulado, es un testimonio de la cooperativa relaci\u00f3n sin\u00e9rgica que hab\u00edamos esperado cuando creamos la asociaci\u00f3n p\u00fablica-privada con Boeing\u201d, dijo el coronel Jennifer Barnard, comandante de la 309 \u00aa AMARG.<\/p>\n<p>La conversi\u00f3n de los F-16 A \/ C a la configuraci\u00f3n QF-16 no tripulada requiere la modificaci\u00f3n del fuselaje y la instalaci\u00f3n de componentes principales. El QF-16 realiza maniobras aut\u00f3nomas a trav\u00e9s del piloto autom\u00e1tico y maniobras controladas a trav\u00e9s de estaciones terrestres.<\/p>\n<p>Fotograf\u00edas: Boeing.<\/p>\n<p><img loading=\"lazy\" decoding=\"async\" class=\"alignleft size-full wp-image-5447\" src=\"https:\/\/www.delphosmagazine.com\/wp-content\/uploads\/2020\/07\/QF16_InFlight_Public-hi-res.jpg\" alt=\"\" width=\"1200\" height=\"675\" srcset=\"https:\/\/www.delphosmagazine.com\/wp-content\/uploads\/2020\/07\/QF16_InFlight_Public-hi-res.jpg 1200w, https:\/\/www.delphosmagazine.com\/wp-content\/uploads\/2020\/07\/QF16_InFlight_Public-hi-res-300x169.jpg 300w, https:\/\/www.delphosmagazine.com\/wp-content\/uploads\/2020\/07\/QF16_InFlight_Public-hi-res-1024x576.jpg 1024w, https:\/\/www.delphosmagazine.com\/wp-content\/uploads\/2020\/07\/QF16_InFlight_Public-hi-res-768x432.jpg 768w, https:\/\/www.delphosmagazine.com\/wp-content\/uploads\/2020\/07\/QF16_InFlight_Public-hi-res-150x84.jpg 150w, https:\/\/www.delphosmagazine.com\/wp-content\/uploads\/2020\/07\/QF16_InFlight_Public-hi-res-696x392.jpg 696w, https:\/\/www.delphosmagazine.com\/wp-content\/uploads\/2020\/07\/QF16_InFlight_Public-hi-res-1068x601.jpg 1068w\" sizes=\"auto, (max-width: 1200px) 100vw, 1200px\" \/><\/p>\n<blockquote class=\"twitter-tweet\" data-width=\"550\" data-dnt=\"true\">\n<p lang=\"en\" dir=\"ltr\">Conversion complete.<br \/>From Fighting Falcon to full-scale aerial target, this <a href=\"https:\/\/twitter.com\/hashtag\/QF16?src=hash&amp;ref_src=twsrc%5Etfw\">#QF16<\/a> takes flight from the Arizona modification line at <a href=\"https:\/\/twitter.com\/DMAFB?ref_src=twsrc%5Etfw\">@DMAFB<\/a>. The QF-16 is piloted during this flight, but it will fly autonomously for <a href=\"https:\/\/twitter.com\/usairforce?ref_src=twsrc%5Etfw\">@USAirForce<\/a> training and testing. <a href=\"https:\/\/t.co\/rtcDF98tQO\">pic.twitter.com\/rtcDF98tQO<\/a><\/p>\n<p>&mdash; Boeing Defense (@BoeingDefense) <a href=\"https:\/\/twitter.com\/BoeingDefense\/status\/1289189003032268800?ref_src=twsrc%5Etfw\">July 31, 2020<\/a><\/p><\/blockquote>\n<p><script async src=\"https:\/\/platform.twitter.com\/widgets.js\" charset=\"utf-8\"><\/script><\/p>","protected":false},"excerpt":{"rendered":"<p>Boeing y la Fuerza A\u00e9rea de EE. UU. Complet\u00f3 el primer Blanco a\u00e9reo QF-16 para someterse a la conversi\u00f3n en una l\u00ednea de modificaci\u00f3n en Arizona. El avi\u00f3n fue trasladado el mes pasado a la Base Tyndall de la Fuerza A\u00e9rea, Florida, donde ser\u00e1 utilizado de forma aut\u00f3noma en futuras operaciones de entrenamiento de armas. [&hellip;]<\/p>\n","protected":false},"author":2,"featured_media":5447,"comment_status":"open","ping_status":"open","sticky":false,"template":"","format":"standard","meta":{"footnotes":""},"categories":[4,26],"tags":[],"class_list":{"0":"post-5445","1":"post","2":"type-post","3":"status-publish","4":"format-standard","5":"has-post-thumbnail","7":"category-aviacion-militar","8":"category-destacados"},"yoast_head":"<!-- This site is optimized with the Yoast SEO plugin v26.5 - https:\/\/yoast.com\/wordpress\/plugins\/seo\/ -->\n<title>Boeing finalizo la conversi\u00f3n de un QF-16 para la USAF | Delphos Magazine<\/title>\n<meta name=\"description\" content=\"Delphos Magazine es el principal medio de prensa generador y proveedor de contenidos aeron\u00e1uticos y de defensa de Latinoam\u00e9rica y el mundo\" \/>\n<meta name=\"robots\" content=\"index, follow, max-snippet:-1, max-image-preview:large, max-video-preview:-1\" \/>\n<link rel=\"canonical\" href=\"https:\/\/www.delphosmagazine.com\/en\/boeing-finalizo-la-conversion-de-un-qf-16-para-la-usaf\/\" \/>\n<meta property=\"og:locale\" content=\"en_US\" \/>\n<meta property=\"og:type\" content=\"article\" \/>\n<meta property=\"og:title\" content=\"Boeing finalizo la conversi\u00f3n de un QF-16 para la USAF | Delphos Magazine\" \/>\n<meta property=\"og:description\" content=\"Delphos Magazine es el principal medio de prensa generador y proveedor de contenidos aeron\u00e1uticos y de defensa de Latinoam\u00e9rica y el mundo\" \/>\n<meta property=\"og:url\" content=\"https:\/\/www.delphosmagazine.com\/en\/boeing-finalizo-la-conversion-de-un-qf-16-para-la-usaf\/\" \/>\n<meta property=\"og:site_name\" content=\"Delphos Magazine\" \/>\n<meta property=\"article:published_time\" content=\"2020-08-01T00:00:21+00:00\" \/>\n<meta property=\"og:image\" content=\"https:\/\/www.delphosmagazine.com\/wp-content\/uploads\/2020\/07\/QF16_InFlight_Public-hi-res.jpg\" \/>\n\t<meta property=\"og:image:width\" content=\"1200\" \/>\n\t<meta property=\"og:image:height\" content=\"675\" \/>\n\t<meta property=\"og:image:type\" content=\"image\/jpeg\" \/>\n<meta name=\"author\" content=\"Delphos Magazine\" \/>\n<meta name=\"twitter:card\" content=\"summary_large_image\" \/>\n<meta name=\"twitter:label1\" content=\"Written by\" \/>\n\t<meta name=\"twitter:data1\" content=\"Delphos Magazine\" \/>\n\t<meta name=\"twitter:label2\" content=\"Est. reading time\" \/>\n\t<meta name=\"twitter:data2\" content=\"1 minute\" \/>\n<script type=\"application\/ld+json\" class=\"yoast-schema-graph\">{\"@context\":\"https:\/\/schema.org\",\"@graph\":[{\"@type\":\"Article\",\"@id\":\"https:\/\/www.delphosmagazine.com\/boeing-finalizo-la-conversion-de-un-qf-16-para-la-usaf\/#article\",\"isPartOf\":{\"@id\":\"https:\/\/www.delphosmagazine.com\/boeing-finalizo-la-conversion-de-un-qf-16-para-la-usaf\/\"},\"author\":{\"name\":\"Delphos Magazine\",\"@id\":\"https:\/\/www.delphosmagazine.com\/#\/schema\/person\/975be66d68fbd24bf1cf96e8871defe1\"},\"headline\":\"Boeing finalizo la conversi\u00f3n de un QF-16 para la USAF\",\"datePublished\":\"2020-08-01T00:00:21+00:00\",\"mainEntityOfPage\":{\"@id\":\"https:\/\/www.delphosmagazine.com\/boeing-finalizo-la-conversion-de-un-qf-16-para-la-usaf\/\"},\"wordCount\":236,\"commentCount\":0,\"publisher\":{\"@id\":\"https:\/\/www.delphosmagazine.com\/#organization\"},\"image\":{\"@id\":\"https:\/\/www.delphosmagazine.com\/boeing-finalizo-la-conversion-de-un-qf-16-para-la-usaf\/#primaryimage\"},\"thumbnailUrl\":\"https:\/\/www.delphosmagazine.com\/wp-content\/uploads\/2020\/07\/QF16_InFlight_Public-hi-res.jpg\",\"articleSection\":[\"Aviaci\u00f3n Militar\",\"Destacados\"],\"inLanguage\":\"en-US\",\"potentialAction\":[{\"@type\":\"CommentAction\",\"name\":\"Comment\",\"target\":[\"https:\/\/www.delphosmagazine.com\/boeing-finalizo-la-conversion-de-un-qf-16-para-la-usaf\/#respond\"]}]},{\"@type\":\"WebPage\",\"@id\":\"https:\/\/www.delphosmagazine.com\/boeing-finalizo-la-conversion-de-un-qf-16-para-la-usaf\/\",\"url\":\"https:\/\/www.delphosmagazine.com\/boeing-finalizo-la-conversion-de-un-qf-16-para-la-usaf\/\",\"name\":\"Boeing finalizo la conversi\u00f3n de un QF-16 para la USAF | Delphos Magazine\",\"isPartOf\":{\"@id\":\"https:\/\/www.delphosmagazine.com\/#website\"},\"primaryImageOfPage\":{\"@id\":\"https:\/\/www.delphosmagazine.com\/boeing-finalizo-la-conversion-de-un-qf-16-para-la-usaf\/#primaryimage\"},\"image\":{\"@id\":\"https:\/\/www.delphosmagazine.com\/boeing-finalizo-la-conversion-de-un-qf-16-para-la-usaf\/#primaryimage\"},\"thumbnailUrl\":\"https:\/\/www.delphosmagazine.com\/wp-content\/uploads\/2020\/07\/QF16_InFlight_Public-hi-res.jpg\",\"datePublished\":\"2020-08-01T00:00:21+00:00\",\"description\":\"Delphos Magazine es el principal medio de prensa generador y proveedor de contenidos aeron\u00e1uticos y de defensa de Latinoam\u00e9rica y el mundo\",\"breadcrumb\":{\"@id\":\"https:\/\/www.delphosmagazine.com\/boeing-finalizo-la-conversion-de-un-qf-16-para-la-usaf\/#breadcrumb\"},\"inLanguage\":\"en-US\",\"potentialAction\":[{\"@type\":\"ReadAction\",\"target\":[\"https:\/\/www.delphosmagazine.com\/boeing-finalizo-la-conversion-de-un-qf-16-para-la-usaf\/\"]}]},{\"@type\":\"ImageObject\",\"inLanguage\":\"en-US\",\"@id\":\"https:\/\/www.delphosmagazine.com\/boeing-finalizo-la-conversion-de-un-qf-16-para-la-usaf\/#primaryimage\",\"url\":\"https:\/\/www.delphosmagazine.com\/wp-content\/uploads\/2020\/07\/QF16_InFlight_Public-hi-res.jpg\",\"contentUrl\":\"https:\/\/www.delphosmagazine.com\/wp-content\/uploads\/2020\/07\/QF16_InFlight_Public-hi-res.jpg\",\"width\":1200,\"height\":675},{\"@type\":\"BreadcrumbList\",\"@id\":\"https:\/\/www.delphosmagazine.com\/boeing-finalizo-la-conversion-de-un-qf-16-para-la-usaf\/#breadcrumb\",\"itemListElement\":[{\"@type\":\"ListItem\",\"position\":1,\"name\":\"Portada\",\"item\":\"https:\/\/www.delphosmagazine.com\/\"},{\"@type\":\"ListItem\",\"position\":2,\"name\":\"Boeing finalizo la conversi\u00f3n de un QF-16 para la USAF\"}]},{\"@type\":\"WebSite\",\"@id\":\"https:\/\/www.delphosmagazine.com\/#website\",\"url\":\"https:\/\/www.delphosmagazine.com\/\",\"name\":\"Delphos Magazine\",\"description\":\"principal medio de prensa generador y proveedor de contenidos aeron\u00e1uticos y de defensa de Latinoam\u00e9rica y el mundo\",\"publisher\":{\"@id\":\"https:\/\/www.delphosmagazine.com\/#organization\"},\"potentialAction\":[{\"@type\":\"SearchAction\",\"target\":{\"@type\":\"EntryPoint\",\"urlTemplate\":\"https:\/\/www.delphosmagazine.com\/?s={search_term_string}\"},\"query-input\":{\"@type\":\"PropertyValueSpecification\",\"valueRequired\":true,\"valueName\":\"search_term_string\"}}],\"inLanguage\":\"en-US\"},{\"@type\":\"Organization\",\"@id\":\"https:\/\/www.delphosmagazine.com\/#organization\",\"name\":\"Delphos Magazine\",\"url\":\"https:\/\/www.delphosmagazine.com\/\",\"logo\":{\"@type\":\"ImageObject\",\"inLanguage\":\"en-US\",\"@id\":\"https:\/\/www.delphosmagazine.com\/#\/schema\/logo\/image\/\",\"url\":\"https:\/\/www.delphosmagazine.com\/wp-content\/uploads\/2020\/10\/logo-negro.jpg\",\"contentUrl\":\"https:\/\/www.delphosmagazine.com\/wp-content\/uploads\/2020\/10\/logo-negro.jpg\",\"width\":872,\"height\":202,\"caption\":\"Delphos Magazine\"},\"image\":{\"@id\":\"https:\/\/www.delphosmagazine.com\/#\/schema\/logo\/image\/\"}},{\"@type\":\"Person\",\"@id\":\"https:\/\/www.delphosmagazine.com\/#\/schema\/person\/975be66d68fbd24bf1cf96e8871defe1\",\"name\":\"Delphos Magazine\",\"image\":{\"@type\":\"ImageObject\",\"inLanguage\":\"en-US\",\"@id\":\"https:\/\/www.delphosmagazine.com\/#\/schema\/person\/image\/\",\"url\":\"https:\/\/secure.gravatar.com\/avatar\/2aef69e4112a9a7b4cb49f96c0516035?s=96&d=mm&r=g\",\"contentUrl\":\"https:\/\/secure.gravatar.com\/avatar\/2aef69e4112a9a7b4cb49f96c0516035?s=96&d=mm&r=g\",\"caption\":\"Delphos Magazine\"},\"sameAs\":[\"https:\/\/www.delphosmagazine.com\"],\"url\":\"https:\/\/www.delphosmagazine.com\/en\/author\/delphosmagazine\/\"}]}<\/script>\n<!-- \/ Yoast SEO plugin. -->","yoast_head_json":{"title":"Boeing finalizo la conversi\u00f3n de un QF-16 para la USAF | Delphos Magazine","description":"Delphos Magazine es el principal medio de prensa generador y proveedor de contenidos aeron\u00e1uticos y de defensa de Latinoam\u00e9rica y el mundo","robots":{"index":"index","follow":"follow","max-snippet":"max-snippet:-1","max-image-preview":"max-image-preview:large","max-video-preview":"max-video-preview:-1"},"canonical":"https:\/\/www.delphosmagazine.com\/en\/boeing-finalizo-la-conversion-de-un-qf-16-para-la-usaf\/","og_locale":"en_US","og_type":"article","og_title":"Boeing finalizo la conversi\u00f3n de un QF-16 para la USAF | Delphos Magazine","og_description":"Delphos Magazine es el principal medio de prensa generador y proveedor de contenidos aeron\u00e1uticos y de defensa de Latinoam\u00e9rica y el mundo","og_url":"https:\/\/www.delphosmagazine.com\/en\/boeing-finalizo-la-conversion-de-un-qf-16-para-la-usaf\/","og_site_name":"Delphos Magazine","article_published_time":"2020-08-01T00:00:21+00:00","og_image":[{"width":1200,"height":675,"url":"https:\/\/www.delphosmagazine.com\/wp-content\/uploads\/2020\/07\/QF16_InFlight_Public-hi-res.jpg","type":"image\/jpeg"}],"author":"Delphos Magazine","twitter_card":"summary_large_image","twitter_misc":{"Written by":"Delphos Magazine","Est. reading time":"1 minute"},"schema":{"@context":"https:\/\/schema.org","@graph":[{"@type":"Article","@id":"https:\/\/www.delphosmagazine.com\/boeing-finalizo-la-conversion-de-un-qf-16-para-la-usaf\/#article","isPartOf":{"@id":"https:\/\/www.delphosmagazine.com\/boeing-finalizo-la-conversion-de-un-qf-16-para-la-usaf\/"},"author":{"name":"Delphos Magazine","@id":"https:\/\/www.delphosmagazine.com\/#\/schema\/person\/975be66d68fbd24bf1cf96e8871defe1"},"headline":"Boeing finalizo la conversi\u00f3n de un QF-16 para la USAF","datePublished":"2020-08-01T00:00:21+00:00","mainEntityOfPage":{"@id":"https:\/\/www.delphosmagazine.com\/boeing-finalizo-la-conversion-de-un-qf-16-para-la-usaf\/"},"wordCount":236,"commentCount":0,"publisher":{"@id":"https:\/\/www.delphosmagazine.com\/#organization"},"image":{"@id":"https:\/\/www.delphosmagazine.com\/boeing-finalizo-la-conversion-de-un-qf-16-para-la-usaf\/#primaryimage"},"thumbnailUrl":"https:\/\/www.delphosmagazine.com\/wp-content\/uploads\/2020\/07\/QF16_InFlight_Public-hi-res.jpg","articleSection":["Aviaci\u00f3n Militar","Destacados"],"inLanguage":"en-US","potentialAction":[{"@type":"CommentAction","name":"Comment","target":["https:\/\/www.delphosmagazine.com\/boeing-finalizo-la-conversion-de-un-qf-16-para-la-usaf\/#respond"]}]},{"@type":"WebPage","@id":"https:\/\/www.delphosmagazine.com\/boeing-finalizo-la-conversion-de-un-qf-16-para-la-usaf\/","url":"https:\/\/www.delphosmagazine.com\/boeing-finalizo-la-conversion-de-un-qf-16-para-la-usaf\/","name":"Boeing finalizo la conversi\u00f3n de un QF-16 para la USAF | Delphos Magazine","isPartOf":{"@id":"https:\/\/www.delphosmagazine.com\/#website"},"primaryImageOfPage":{"@id":"https:\/\/www.delphosmagazine.com\/boeing-finalizo-la-conversion-de-un-qf-16-para-la-usaf\/#primaryimage"},"image":{"@id":"https:\/\/www.delphosmagazine.com\/boeing-finalizo-la-conversion-de-un-qf-16-para-la-usaf\/#primaryimage"},"thumbnailUrl":"https:\/\/www.delphosmagazine.com\/wp-content\/uploads\/2020\/07\/QF16_InFlight_Public-hi-res.jpg","datePublished":"2020-08-01T00:00:21+00:00","description":"Delphos Magazine es el principal medio de prensa generador y proveedor de contenidos aeron\u00e1uticos y de defensa de Latinoam\u00e9rica y el mundo","breadcrumb":{"@id":"https:\/\/www.delphosmagazine.com\/boeing-finalizo-la-conversion-de-un-qf-16-para-la-usaf\/#breadcrumb"},"inLanguage":"en-US","potentialAction":[{"@type":"ReadAction","target":["https:\/\/www.delphosmagazine.com\/boeing-finalizo-la-conversion-de-un-qf-16-para-la-usaf\/"]}]},{"@type":"ImageObject","inLanguage":"en-US","@id":"https:\/\/www.delphosmagazine.com\/boeing-finalizo-la-conversion-de-un-qf-16-para-la-usaf\/#primaryimage","url":"https:\/\/www.delphosmagazine.com\/wp-content\/uploads\/2020\/07\/QF16_InFlight_Public-hi-res.jpg","contentUrl":"https:\/\/www.delphosmagazine.com\/wp-content\/uploads\/2020\/07\/QF16_InFlight_Public-hi-res.jpg","width":1200,"height":675},{"@type":"BreadcrumbList","@id":"https:\/\/www.delphosmagazine.com\/boeing-finalizo-la-conversion-de-un-qf-16-para-la-usaf\/#breadcrumb","itemListElement":[{"@type":"ListItem","position":1,"name":"Portada","item":"https:\/\/www.delphosmagazine.com\/"},{"@type":"ListItem","position":2,"name":"Boeing finalizo la conversi\u00f3n de un QF-16 para la USAF"}]},{"@type":"WebSite","@id":"https:\/\/www.delphosmagazine.com\/#website","url":"https:\/\/www.delphosmagazine.com\/","name":"Delphos Magazine","description":"principal medio de prensa generador y proveedor de contenidos aeron\u00e1uticos y de defensa de Latinoam\u00e9rica y el mundo","publisher":{"@id":"https:\/\/www.delphosmagazine.com\/#organization"},"potentialAction":[{"@type":"SearchAction","target":{"@type":"EntryPoint","urlTemplate":"https:\/\/www.delphosmagazine.com\/?s={search_term_string}"},"query-input":{"@type":"PropertyValueSpecification","valueRequired":true,"valueName":"search_term_string"}}],"inLanguage":"en-US"},{"@type":"Organization","@id":"https:\/\/www.delphosmagazine.com\/#organization","name":"Delphos Magazine","url":"https:\/\/www.delphosmagazine.com\/","logo":{"@type":"ImageObject","inLanguage":"en-US","@id":"https:\/\/www.delphosmagazine.com\/#\/schema\/logo\/image\/","url":"https:\/\/www.delphosmagazine.com\/wp-content\/uploads\/2020\/10\/logo-negro.jpg","contentUrl":"https:\/\/www.delphosmagazine.com\/wp-content\/uploads\/2020\/10\/logo-negro.jpg","width":872,"height":202,"caption":"Delphos Magazine"},"image":{"@id":"https:\/\/www.delphosmagazine.com\/#\/schema\/logo\/image\/"}},{"@type":"Person","@id":"https:\/\/www.delphosmagazine.com\/#\/schema\/person\/975be66d68fbd24bf1cf96e8871defe1","name":"Delphos Magazine","image":{"@type":"ImageObject","inLanguage":"en-US","@id":"https:\/\/www.delphosmagazine.com\/#\/schema\/person\/image\/","url":"https:\/\/secure.gravatar.com\/avatar\/2aef69e4112a9a7b4cb49f96c0516035?s=96&d=mm&r=g","contentUrl":"https:\/\/secure.gravatar.com\/avatar\/2aef69e4112a9a7b4cb49f96c0516035?s=96&d=mm&r=g","caption":"Delphos Magazine"},"sameAs":["https:\/\/www.delphosmagazine.com"],"url":"https:\/\/www.delphosmagazine.com\/en\/author\/delphosmagazine\/"}]}},"_links":{"self":[{"href":"https:\/\/www.delphosmagazine.com\/en\/wp-json\/wp\/v2\/posts\/5445","targetHints":{"allow":["GET"]}}],"collection":[{"href":"https:\/\/www.delphosmagazine.com\/en\/wp-json\/wp\/v2\/posts"}],"about":[{"href":"https:\/\/www.delphosmagazine.com\/en\/wp-json\/wp\/v2\/types\/post"}],"author":[{"embeddable":true,"href":"https:\/\/www.delphosmagazine.com\/en\/wp-json\/wp\/v2\/users\/2"}],"replies":[{"embeddable":true,"href":"https:\/\/www.delphosmagazine.com\/en\/wp-json\/wp\/v2\/comments?post=5445"}],"version-history":[{"count":0,"href":"https:\/\/www.delphosmagazine.com\/en\/wp-json\/wp\/v2\/posts\/5445\/revisions"}],"wp:featuredmedia":[{"embeddable":true,"href":"https:\/\/www.delphosmagazine.com\/en\/wp-json\/wp\/v2\/media\/5447"}],"wp:attachment":[{"href":"https:\/\/www.delphosmagazine.com\/en\/wp-json\/wp\/v2\/media?parent=5445"}],"wp:term":[{"taxonomy":"category","embeddable":true,"href":"https:\/\/www.delphosmagazine.com\/en\/wp-json\/wp\/v2\/categories?post=5445"},{"taxonomy":"post_tag","embeddable":true,"href":"https:\/\/www.delphosmagazine.com\/en\/wp-json\/wp\/v2\/tags?post=5445"}],"curies":[{"name":"wp","href":"https:\/\/api.w.org\/{rel}","templated":true}]}}