{"id":5395,"date":"2020-07-24T23:51:40","date_gmt":"2020-07-25T02:51:40","guid":{"rendered":"https:\/\/www.delphosmagazine.com\/?p=5395"},"modified":"2020-07-26T23:53:26","modified_gmt":"2020-07-27T02:53:26","slug":"la-fuerza-aerea-de-los-estados-unidos-recibira-los-f-35-de-turquia","status":"publish","type":"post","link":"https:\/\/www.delphosmagazine.com\/en\/la-fuerza-aerea-de-los-estados-unidos-recibira-los-f-35-de-turquia\/","title":{"rendered":"La Fuerza A\u00e9rea de los Estados Unidos recibir\u00e1 los F-35 de Turqu\u00eda"},"content":{"rendered":"<p>El Departamento de Defensa Norteamericano informo que la USAF recibir\u00e1 ocho Cazas de quinta generaci\u00f3n Lockheed Martin F-35A, los cuales ser\u00edan entregados a la Fuerza A\u00e9rea Turca. Esta decisi\u00f3n es consecuencia por la compra de los sistemas de defensa a\u00e9rea S-400 Triumf de fabricaci\u00f3n rusa. El monto de este movimiento esta avaluado en 862 millones de d\u00f3lares.<\/p>\n<p>Lockheed Martin realizara modificaciones a las aeronaves principalmente en su avi\u00f3nica y telecomunicaci\u00f3n para ser adaptados a los requisitos de la USAF.<\/p>\n<p>Con este movimiento se materializa la salida de Turqu\u00eda del programa multinacional Joint Strike Fighter del F-35. Washington tem\u00eda que las capacidades entre otros elementos cruciales de los F-35 fueran entregadas a Rusia.<\/p>\n<p>Fotograf\u00eda: Lockheed Martin.<\/p>\n<p><img loading=\"lazy\" decoding=\"async\" class=\"alignleft size-full wp-image-5397\" src=\"https:\/\/www.delphosmagazine.com\/wp-content\/uploads\/2020\/07\/turkey-f-35-rollout-ceremony.jpg\" alt=\"\" width=\"1200\" height=\"675\" srcset=\"https:\/\/www.delphosmagazine.com\/wp-content\/uploads\/2020\/07\/turkey-f-35-rollout-ceremony.jpg 1200w, https:\/\/www.delphosmagazine.com\/wp-content\/uploads\/2020\/07\/turkey-f-35-rollout-ceremony-300x169.jpg 300w, https:\/\/www.delphosmagazine.com\/wp-content\/uploads\/2020\/07\/turkey-f-35-rollout-ceremony-1024x576.jpg 1024w, https:\/\/www.delphosmagazine.com\/wp-content\/uploads\/2020\/07\/turkey-f-35-rollout-ceremony-768x432.jpg 768w, https:\/\/www.delphosmagazine.com\/wp-content\/uploads\/2020\/07\/turkey-f-35-rollout-ceremony-150x84.jpg 150w, https:\/\/www.delphosmagazine.com\/wp-content\/uploads\/2020\/07\/turkey-f-35-rollout-ceremony-696x392.jpg 696w, https:\/\/www.delphosmagazine.com\/wp-content\/uploads\/2020\/07\/turkey-f-35-rollout-ceremony-1068x601.jpg 1068w\" sizes=\"auto, (max-width: 1200px) 100vw, 1200px\" \/><\/p>","protected":false},"excerpt":{"rendered":"<p>El Departamento de Defensa Norteamericano informo que la USAF recibir\u00e1 ocho Cazas de quinta generaci\u00f3n Lockheed Martin F-35A, los cuales ser\u00edan entregados a la Fuerza A\u00e9rea Turca. Esta decisi\u00f3n es consecuencia por la compra de los sistemas de defensa a\u00e9rea S-400 Triumf de fabricaci\u00f3n rusa. El monto de este movimiento esta avaluado en 862 millones [&hellip;]<\/p>\n","protected":false},"author":2,"featured_media":5397,"comment_status":"open","ping_status":"open","sticky":false,"template":"","format":"standard","meta":{"footnotes":""},"categories":[4,26],"tags":[],"class_list":{"0":"post-5395","1":"post","2":"type-post","3":"status-publish","4":"format-standard","5":"has-post-thumbnail","7":"category-aviacion-militar","8":"category-destacados"},"yoast_head":"<!-- This site is optimized with the Yoast SEO plugin v26.5 - https:\/\/yoast.com\/wordpress\/plugins\/seo\/ -->\n<title>La Fuerza A\u00e9rea de los Estados Unidos recibir\u00e1 los F-35 de Turqu\u00eda | Delphos Magazine<\/title>\n<meta name=\"description\" content=\"Delphos Magazine es el principal medio de prensa generador y proveedor de contenidos aeron\u00e1uticos y de defensa de Latinoam\u00e9rica y el mundo\" \/>\n<meta name=\"robots\" content=\"index, follow, max-snippet:-1, max-image-preview:large, max-video-preview:-1\" \/>\n<link rel=\"canonical\" href=\"https:\/\/www.delphosmagazine.com\/en\/la-fuerza-aerea-de-los-estados-unidos-recibira-los-f-35-de-turquia\/\" \/>\n<meta property=\"og:locale\" content=\"en_US\" \/>\n<meta property=\"og:type\" content=\"article\" \/>\n<meta property=\"og:title\" content=\"La Fuerza A\u00e9rea de los Estados Unidos recibir\u00e1 los F-35 de Turqu\u00eda | Delphos Magazine\" \/>\n<meta property=\"og:description\" content=\"Delphos Magazine es el principal medio de prensa generador y proveedor de contenidos aeron\u00e1uticos y de defensa de Latinoam\u00e9rica y el mundo\" \/>\n<meta property=\"og:url\" content=\"https:\/\/www.delphosmagazine.com\/en\/la-fuerza-aerea-de-los-estados-unidos-recibira-los-f-35-de-turquia\/\" \/>\n<meta property=\"og:site_name\" content=\"Delphos Magazine\" \/>\n<meta property=\"article:published_time\" content=\"2020-07-25T02:51:40+00:00\" \/>\n<meta property=\"article:modified_time\" content=\"2020-07-27T02:53:26+00:00\" \/>\n<meta property=\"og:image\" content=\"https:\/\/www.delphosmagazine.com\/wp-content\/uploads\/2020\/07\/turkey-f-35-rollout-ceremony.jpg\" \/>\n\t<meta property=\"og:image:width\" content=\"1200\" \/>\n\t<meta property=\"og:image:height\" content=\"675\" \/>\n\t<meta property=\"og:image:type\" content=\"image\/jpeg\" \/>\n<meta name=\"author\" content=\"Delphos Magazine\" \/>\n<meta name=\"twitter:card\" content=\"summary_large_image\" \/>\n<meta name=\"twitter:label1\" content=\"Written by\" \/>\n\t<meta name=\"twitter:data1\" content=\"Delphos Magazine\" \/>\n\t<meta name=\"twitter:label2\" content=\"Est. reading time\" \/>\n\t<meta name=\"twitter:data2\" content=\"1 minute\" \/>\n<script type=\"application\/ld+json\" class=\"yoast-schema-graph\">{\"@context\":\"https:\/\/schema.org\",\"@graph\":[{\"@type\":\"Article\",\"@id\":\"https:\/\/www.delphosmagazine.com\/la-fuerza-aerea-de-los-estados-unidos-recibira-los-f-35-de-turquia\/#article\",\"isPartOf\":{\"@id\":\"https:\/\/www.delphosmagazine.com\/la-fuerza-aerea-de-los-estados-unidos-recibira-los-f-35-de-turquia\/\"},\"author\":{\"name\":\"Delphos Magazine\",\"@id\":\"https:\/\/www.delphosmagazine.com\/#\/schema\/person\/975be66d68fbd24bf1cf96e8871defe1\"},\"headline\":\"La Fuerza A\u00e9rea de los Estados Unidos recibir\u00e1 los F-35 de Turqu\u00eda\",\"datePublished\":\"2020-07-25T02:51:40+00:00\",\"dateModified\":\"2020-07-27T02:53:26+00:00\",\"mainEntityOfPage\":{\"@id\":\"https:\/\/www.delphosmagazine.com\/la-fuerza-aerea-de-los-estados-unidos-recibira-los-f-35-de-turquia\/\"},\"wordCount\":141,\"commentCount\":0,\"publisher\":{\"@id\":\"https:\/\/www.delphosmagazine.com\/#organization\"},\"image\":{\"@id\":\"https:\/\/www.delphosmagazine.com\/la-fuerza-aerea-de-los-estados-unidos-recibira-los-f-35-de-turquia\/#primaryimage\"},\"thumbnailUrl\":\"https:\/\/www.delphosmagazine.com\/wp-content\/uploads\/2020\/07\/turkey-f-35-rollout-ceremony.jpg\",\"articleSection\":[\"Aviaci\u00f3n Militar\",\"Destacados\"],\"inLanguage\":\"en-US\",\"potentialAction\":[{\"@type\":\"CommentAction\",\"name\":\"Comment\",\"target\":[\"https:\/\/www.delphosmagazine.com\/la-fuerza-aerea-de-los-estados-unidos-recibira-los-f-35-de-turquia\/#respond\"]}]},{\"@type\":\"WebPage\",\"@id\":\"https:\/\/www.delphosmagazine.com\/la-fuerza-aerea-de-los-estados-unidos-recibira-los-f-35-de-turquia\/\",\"url\":\"https:\/\/www.delphosmagazine.com\/la-fuerza-aerea-de-los-estados-unidos-recibira-los-f-35-de-turquia\/\",\"name\":\"La Fuerza A\u00e9rea de los Estados Unidos recibir\u00e1 los F-35 de Turqu\u00eda | Delphos Magazine\",\"isPartOf\":{\"@id\":\"https:\/\/www.delphosmagazine.com\/#website\"},\"primaryImageOfPage\":{\"@id\":\"https:\/\/www.delphosmagazine.com\/la-fuerza-aerea-de-los-estados-unidos-recibira-los-f-35-de-turquia\/#primaryimage\"},\"image\":{\"@id\":\"https:\/\/www.delphosmagazine.com\/la-fuerza-aerea-de-los-estados-unidos-recibira-los-f-35-de-turquia\/#primaryimage\"},\"thumbnailUrl\":\"https:\/\/www.delphosmagazine.com\/wp-content\/uploads\/2020\/07\/turkey-f-35-rollout-ceremony.jpg\",\"datePublished\":\"2020-07-25T02:51:40+00:00\",\"dateModified\":\"2020-07-27T02:53:26+00:00\",\"description\":\"Delphos Magazine es el principal medio de prensa generador y proveedor de contenidos aeron\u00e1uticos y de defensa de Latinoam\u00e9rica y el mundo\",\"breadcrumb\":{\"@id\":\"https:\/\/www.delphosmagazine.com\/la-fuerza-aerea-de-los-estados-unidos-recibira-los-f-35-de-turquia\/#breadcrumb\"},\"inLanguage\":\"en-US\",\"potentialAction\":[{\"@type\":\"ReadAction\",\"target\":[\"https:\/\/www.delphosmagazine.com\/la-fuerza-aerea-de-los-estados-unidos-recibira-los-f-35-de-turquia\/\"]}]},{\"@type\":\"ImageObject\",\"inLanguage\":\"en-US\",\"@id\":\"https:\/\/www.delphosmagazine.com\/la-fuerza-aerea-de-los-estados-unidos-recibira-los-f-35-de-turquia\/#primaryimage\",\"url\":\"https:\/\/www.delphosmagazine.com\/wp-content\/uploads\/2020\/07\/turkey-f-35-rollout-ceremony.jpg\",\"contentUrl\":\"https:\/\/www.delphosmagazine.com\/wp-content\/uploads\/2020\/07\/turkey-f-35-rollout-ceremony.jpg\",\"width\":1200,\"height\":675},{\"@type\":\"BreadcrumbList\",\"@id\":\"https:\/\/www.delphosmagazine.com\/la-fuerza-aerea-de-los-estados-unidos-recibira-los-f-35-de-turquia\/#breadcrumb\",\"itemListElement\":[{\"@type\":\"ListItem\",\"position\":1,\"name\":\"Portada\",\"item\":\"https:\/\/www.delphosmagazine.com\/\"},{\"@type\":\"ListItem\",\"position\":2,\"name\":\"La Fuerza A\u00e9rea de los Estados Unidos recibir\u00e1 los F-35 de Turqu\u00eda\"}]},{\"@type\":\"WebSite\",\"@id\":\"https:\/\/www.delphosmagazine.com\/#website\",\"url\":\"https:\/\/www.delphosmagazine.com\/\",\"name\":\"Delphos Magazine\",\"description\":\"principal medio de prensa generador y proveedor de contenidos aeron\u00e1uticos y de defensa de Latinoam\u00e9rica y el mundo\",\"publisher\":{\"@id\":\"https:\/\/www.delphosmagazine.com\/#organization\"},\"potentialAction\":[{\"@type\":\"SearchAction\",\"target\":{\"@type\":\"EntryPoint\",\"urlTemplate\":\"https:\/\/www.delphosmagazine.com\/?s={search_term_string}\"},\"query-input\":{\"@type\":\"PropertyValueSpecification\",\"valueRequired\":true,\"valueName\":\"search_term_string\"}}],\"inLanguage\":\"en-US\"},{\"@type\":\"Organization\",\"@id\":\"https:\/\/www.delphosmagazine.com\/#organization\",\"name\":\"Delphos Magazine\",\"url\":\"https:\/\/www.delphosmagazine.com\/\",\"logo\":{\"@type\":\"ImageObject\",\"inLanguage\":\"en-US\",\"@id\":\"https:\/\/www.delphosmagazine.com\/#\/schema\/logo\/image\/\",\"url\":\"https:\/\/www.delphosmagazine.com\/wp-content\/uploads\/2020\/10\/logo-negro.jpg\",\"contentUrl\":\"https:\/\/www.delphosmagazine.com\/wp-content\/uploads\/2020\/10\/logo-negro.jpg\",\"width\":872,\"height\":202,\"caption\":\"Delphos Magazine\"},\"image\":{\"@id\":\"https:\/\/www.delphosmagazine.com\/#\/schema\/logo\/image\/\"}},{\"@type\":\"Person\",\"@id\":\"https:\/\/www.delphosmagazine.com\/#\/schema\/person\/975be66d68fbd24bf1cf96e8871defe1\",\"name\":\"Delphos Magazine\",\"image\":{\"@type\":\"ImageObject\",\"inLanguage\":\"en-US\",\"@id\":\"https:\/\/www.delphosmagazine.com\/#\/schema\/person\/image\/\",\"url\":\"https:\/\/secure.gravatar.com\/avatar\/2aef69e4112a9a7b4cb49f96c0516035?s=96&d=mm&r=g\",\"contentUrl\":\"https:\/\/secure.gravatar.com\/avatar\/2aef69e4112a9a7b4cb49f96c0516035?s=96&d=mm&r=g\",\"caption\":\"Delphos Magazine\"},\"sameAs\":[\"https:\/\/www.delphosmagazine.com\"],\"url\":\"https:\/\/www.delphosmagazine.com\/en\/author\/delphosmagazine\/\"}]}<\/script>\n<!-- \/ Yoast SEO plugin. -->","yoast_head_json":{"title":"La Fuerza A\u00e9rea de los Estados Unidos recibir\u00e1 los F-35 de Turqu\u00eda | Delphos Magazine","description":"Delphos Magazine es el principal medio de prensa generador y proveedor de contenidos aeron\u00e1uticos y de defensa de Latinoam\u00e9rica y el mundo","robots":{"index":"index","follow":"follow","max-snippet":"max-snippet:-1","max-image-preview":"max-image-preview:large","max-video-preview":"max-video-preview:-1"},"canonical":"https:\/\/www.delphosmagazine.com\/en\/la-fuerza-aerea-de-los-estados-unidos-recibira-los-f-35-de-turquia\/","og_locale":"en_US","og_type":"article","og_title":"La Fuerza A\u00e9rea de los Estados Unidos recibir\u00e1 los F-35 de Turqu\u00eda | Delphos Magazine","og_description":"Delphos Magazine es el principal medio de prensa generador y proveedor de contenidos aeron\u00e1uticos y de defensa de Latinoam\u00e9rica y el mundo","og_url":"https:\/\/www.delphosmagazine.com\/en\/la-fuerza-aerea-de-los-estados-unidos-recibira-los-f-35-de-turquia\/","og_site_name":"Delphos Magazine","article_published_time":"2020-07-25T02:51:40+00:00","article_modified_time":"2020-07-27T02:53:26+00:00","og_image":[{"width":1200,"height":675,"url":"https:\/\/www.delphosmagazine.com\/wp-content\/uploads\/2020\/07\/turkey-f-35-rollout-ceremony.jpg","type":"image\/jpeg"}],"author":"Delphos Magazine","twitter_card":"summary_large_image","twitter_misc":{"Written by":"Delphos Magazine","Est. reading time":"1 minute"},"schema":{"@context":"https:\/\/schema.org","@graph":[{"@type":"Article","@id":"https:\/\/www.delphosmagazine.com\/la-fuerza-aerea-de-los-estados-unidos-recibira-los-f-35-de-turquia\/#article","isPartOf":{"@id":"https:\/\/www.delphosmagazine.com\/la-fuerza-aerea-de-los-estados-unidos-recibira-los-f-35-de-turquia\/"},"author":{"name":"Delphos Magazine","@id":"https:\/\/www.delphosmagazine.com\/#\/schema\/person\/975be66d68fbd24bf1cf96e8871defe1"},"headline":"La Fuerza A\u00e9rea de los Estados Unidos recibir\u00e1 los F-35 de Turqu\u00eda","datePublished":"2020-07-25T02:51:40+00:00","dateModified":"2020-07-27T02:53:26+00:00","mainEntityOfPage":{"@id":"https:\/\/www.delphosmagazine.com\/la-fuerza-aerea-de-los-estados-unidos-recibira-los-f-35-de-turquia\/"},"wordCount":141,"commentCount":0,"publisher":{"@id":"https:\/\/www.delphosmagazine.com\/#organization"},"image":{"@id":"https:\/\/www.delphosmagazine.com\/la-fuerza-aerea-de-los-estados-unidos-recibira-los-f-35-de-turquia\/#primaryimage"},"thumbnailUrl":"https:\/\/www.delphosmagazine.com\/wp-content\/uploads\/2020\/07\/turkey-f-35-rollout-ceremony.jpg","articleSection":["Aviaci\u00f3n Militar","Destacados"],"inLanguage":"en-US","potentialAction":[{"@type":"CommentAction","name":"Comment","target":["https:\/\/www.delphosmagazine.com\/la-fuerza-aerea-de-los-estados-unidos-recibira-los-f-35-de-turquia\/#respond"]}]},{"@type":"WebPage","@id":"https:\/\/www.delphosmagazine.com\/la-fuerza-aerea-de-los-estados-unidos-recibira-los-f-35-de-turquia\/","url":"https:\/\/www.delphosmagazine.com\/la-fuerza-aerea-de-los-estados-unidos-recibira-los-f-35-de-turquia\/","name":"La Fuerza A\u00e9rea de los Estados Unidos recibir\u00e1 los F-35 de Turqu\u00eda | Delphos Magazine","isPartOf":{"@id":"https:\/\/www.delphosmagazine.com\/#website"},"primaryImageOfPage":{"@id":"https:\/\/www.delphosmagazine.com\/la-fuerza-aerea-de-los-estados-unidos-recibira-los-f-35-de-turquia\/#primaryimage"},"image":{"@id":"https:\/\/www.delphosmagazine.com\/la-fuerza-aerea-de-los-estados-unidos-recibira-los-f-35-de-turquia\/#primaryimage"},"thumbnailUrl":"https:\/\/www.delphosmagazine.com\/wp-content\/uploads\/2020\/07\/turkey-f-35-rollout-ceremony.jpg","datePublished":"2020-07-25T02:51:40+00:00","dateModified":"2020-07-27T02:53:26+00:00","description":"Delphos Magazine es el principal medio de prensa generador y proveedor de contenidos aeron\u00e1uticos y de defensa de Latinoam\u00e9rica y el mundo","breadcrumb":{"@id":"https:\/\/www.delphosmagazine.com\/la-fuerza-aerea-de-los-estados-unidos-recibira-los-f-35-de-turquia\/#breadcrumb"},"inLanguage":"en-US","potentialAction":[{"@type":"ReadAction","target":["https:\/\/www.delphosmagazine.com\/la-fuerza-aerea-de-los-estados-unidos-recibira-los-f-35-de-turquia\/"]}]},{"@type":"ImageObject","inLanguage":"en-US","@id":"https:\/\/www.delphosmagazine.com\/la-fuerza-aerea-de-los-estados-unidos-recibira-los-f-35-de-turquia\/#primaryimage","url":"https:\/\/www.delphosmagazine.com\/wp-content\/uploads\/2020\/07\/turkey-f-35-rollout-ceremony.jpg","contentUrl":"https:\/\/www.delphosmagazine.com\/wp-content\/uploads\/2020\/07\/turkey-f-35-rollout-ceremony.jpg","width":1200,"height":675},{"@type":"BreadcrumbList","@id":"https:\/\/www.delphosmagazine.com\/la-fuerza-aerea-de-los-estados-unidos-recibira-los-f-35-de-turquia\/#breadcrumb","itemListElement":[{"@type":"ListItem","position":1,"name":"Portada","item":"https:\/\/www.delphosmagazine.com\/"},{"@type":"ListItem","position":2,"name":"La Fuerza A\u00e9rea de los Estados Unidos recibir\u00e1 los F-35 de Turqu\u00eda"}]},{"@type":"WebSite","@id":"https:\/\/www.delphosmagazine.com\/#website","url":"https:\/\/www.delphosmagazine.com\/","name":"Delphos Magazine","description":"principal medio de prensa generador y proveedor de contenidos aeron\u00e1uticos y de defensa de Latinoam\u00e9rica y el mundo","publisher":{"@id":"https:\/\/www.delphosmagazine.com\/#organization"},"potentialAction":[{"@type":"SearchAction","target":{"@type":"EntryPoint","urlTemplate":"https:\/\/www.delphosmagazine.com\/?s={search_term_string}"},"query-input":{"@type":"PropertyValueSpecification","valueRequired":true,"valueName":"search_term_string"}}],"inLanguage":"en-US"},{"@type":"Organization","@id":"https:\/\/www.delphosmagazine.com\/#organization","name":"Delphos Magazine","url":"https:\/\/www.delphosmagazine.com\/","logo":{"@type":"ImageObject","inLanguage":"en-US","@id":"https:\/\/www.delphosmagazine.com\/#\/schema\/logo\/image\/","url":"https:\/\/www.delphosmagazine.com\/wp-content\/uploads\/2020\/10\/logo-negro.jpg","contentUrl":"https:\/\/www.delphosmagazine.com\/wp-content\/uploads\/2020\/10\/logo-negro.jpg","width":872,"height":202,"caption":"Delphos Magazine"},"image":{"@id":"https:\/\/www.delphosmagazine.com\/#\/schema\/logo\/image\/"}},{"@type":"Person","@id":"https:\/\/www.delphosmagazine.com\/#\/schema\/person\/975be66d68fbd24bf1cf96e8871defe1","name":"Delphos Magazine","image":{"@type":"ImageObject","inLanguage":"en-US","@id":"https:\/\/www.delphosmagazine.com\/#\/schema\/person\/image\/","url":"https:\/\/secure.gravatar.com\/avatar\/2aef69e4112a9a7b4cb49f96c0516035?s=96&d=mm&r=g","contentUrl":"https:\/\/secure.gravatar.com\/avatar\/2aef69e4112a9a7b4cb49f96c0516035?s=96&d=mm&r=g","caption":"Delphos Magazine"},"sameAs":["https:\/\/www.delphosmagazine.com"],"url":"https:\/\/www.delphosmagazine.com\/en\/author\/delphosmagazine\/"}]}},"_links":{"self":[{"href":"https:\/\/www.delphosmagazine.com\/en\/wp-json\/wp\/v2\/posts\/5395","targetHints":{"allow":["GET"]}}],"collection":[{"href":"https:\/\/www.delphosmagazine.com\/en\/wp-json\/wp\/v2\/posts"}],"about":[{"href":"https:\/\/www.delphosmagazine.com\/en\/wp-json\/wp\/v2\/types\/post"}],"author":[{"embeddable":true,"href":"https:\/\/www.delphosmagazine.com\/en\/wp-json\/wp\/v2\/users\/2"}],"replies":[{"embeddable":true,"href":"https:\/\/www.delphosmagazine.com\/en\/wp-json\/wp\/v2\/comments?post=5395"}],"version-history":[{"count":0,"href":"https:\/\/www.delphosmagazine.com\/en\/wp-json\/wp\/v2\/posts\/5395\/revisions"}],"wp:featuredmedia":[{"embeddable":true,"href":"https:\/\/www.delphosmagazine.com\/en\/wp-json\/wp\/v2\/media\/5397"}],"wp:attachment":[{"href":"https:\/\/www.delphosmagazine.com\/en\/wp-json\/wp\/v2\/media?parent=5395"}],"wp:term":[{"taxonomy":"category","embeddable":true,"href":"https:\/\/www.delphosmagazine.com\/en\/wp-json\/wp\/v2\/categories?post=5395"},{"taxonomy":"post_tag","embeddable":true,"href":"https:\/\/www.delphosmagazine.com\/en\/wp-json\/wp\/v2\/tags?post=5395"}],"curies":[{"name":"wp","href":"https:\/\/api.w.org\/{rel}","templated":true}]}}