{"id":4855,"date":"2020-06-15T19:00:35","date_gmt":"2020-06-15T22:00:35","guid":{"rendered":"https:\/\/www.delphosmagazine.com\/?p=4855"},"modified":"2020-06-15T18:12:43","modified_gmt":"2020-06-15T21:12:43","slug":"un-f-15c-de-la-usaf-se-accidenta-en-europa","status":"publish","type":"post","link":"https:\/\/www.delphosmagazine.com\/en\/un-f-15c-de-la-usaf-se-accidenta-en-europa\/","title":{"rendered":"Un F-15C de la USAF se accidenta en Europa"},"content":{"rendered":"<p>Durante la ma\u00f1ana del lunes 15 de junio, la Fuerza A\u00e9rea de los Estados Unidos (USAF) perdi\u00f3 un avi\u00f3n F-15C Eagle en un accidente en el Mar del Norte.<\/p>\n<p>Seg\u00fan informo la USAF el avi\u00f3n pertenec\u00eda al ala de combaten\u00b048 de la base RAF Lakenheath de Reino unido, el caza despego de la base hacia el Mar del Norte a realizar un vuelo de entrenamiento con un solo tripulante.<\/p>\n<p>A las 09:40 am hora local, horas m\u00e1s tarde el piloto fue ubicado sin vida . medios de rescate brit\u00e1nicos se encargaron del rescate del cuerpo. La USAF informo que no revelara el nombre del Piloto hasta notificar a su familia.<\/p>\n<p>Las causas del accidente est\u00e1n bajo investigaci\u00f3n<\/p>\n<p><strong><img loading=\"lazy\" decoding=\"async\" class=\"aligncenter size-large wp-image-4857\" src=\"https:\/\/www.delphosmagazine.com\/wp-content\/uploads\/2020\/06\/050119-F-7709A-023-1024x576.jpg\" alt=\"\" width=\"1024\" height=\"576\" srcset=\"https:\/\/www.delphosmagazine.com\/wp-content\/uploads\/2020\/06\/050119-F-7709A-023-1024x576.jpg 1024w, https:\/\/www.delphosmagazine.com\/wp-content\/uploads\/2020\/06\/050119-F-7709A-023-300x169.jpg 300w, https:\/\/www.delphosmagazine.com\/wp-content\/uploads\/2020\/06\/050119-F-7709A-023-768x432.jpg 768w, https:\/\/www.delphosmagazine.com\/wp-content\/uploads\/2020\/06\/050119-F-7709A-023-500x281.jpg 500w, https:\/\/www.delphosmagazine.com\/wp-content\/uploads\/2020\/06\/050119-F-7709A-023-1000x563.jpg 1000w, https:\/\/www.delphosmagazine.com\/wp-content\/uploads\/2020\/06\/050119-F-7709A-023-800x450.jpg 800w, https:\/\/www.delphosmagazine.com\/wp-content\/uploads\/2020\/06\/050119-F-7709A-023.jpg 1200w\" sizes=\"auto, (max-width: 1024px) 100vw, 1024px\" \/><\/strong>Fotograf\u00eda referencial: USAF<\/p>","protected":false},"excerpt":{"rendered":"<p>Durante la ma\u00f1ana del lunes 15 de junio, la Fuerza A\u00e9rea de los Estados Unidos (USAF) perdi\u00f3 un avi\u00f3n F-15C Eagle en un accidente en el Mar del Norte. Seg\u00fan informo la USAF el avi\u00f3n pertenec\u00eda al ala de combaten\u00b048 de la base RAF Lakenheath de Reino unido, el caza despego de la base hacia [&hellip;]<\/p>\n","protected":false},"author":2,"featured_media":4857,"comment_status":"open","ping_status":"open","sticky":false,"template":"","format":"standard","meta":{"footnotes":""},"categories":[87,4,26],"tags":[],"class_list":{"0":"post-4855","1":"post","2":"type-post","3":"status-publish","4":"format-standard","5":"has-post-thumbnail","7":"category-accidentes","8":"category-aviacion-militar","9":"category-destacados"},"yoast_head":"<!-- This site is optimized with the Yoast SEO plugin v26.5 - https:\/\/yoast.com\/wordpress\/plugins\/seo\/ -->\n<title>Un F-15C de la USAF se accidenta en Europa | Delphos Magazine<\/title>\n<meta name=\"description\" content=\"Delphos Magazine es el principal medio de prensa generador y proveedor de contenidos aeron\u00e1uticos y de defensa de Latinoam\u00e9rica y el mundo\" \/>\n<meta name=\"robots\" content=\"index, follow, max-snippet:-1, max-image-preview:large, max-video-preview:-1\" \/>\n<link rel=\"canonical\" href=\"https:\/\/www.delphosmagazine.com\/en\/un-f-15c-de-la-usaf-se-accidenta-en-europa\/\" \/>\n<meta property=\"og:locale\" content=\"en_US\" \/>\n<meta property=\"og:type\" content=\"article\" \/>\n<meta property=\"og:title\" content=\"Un F-15C de la USAF se accidenta en Europa | Delphos Magazine\" \/>\n<meta property=\"og:description\" content=\"Delphos Magazine es el principal medio de prensa generador y proveedor de contenidos aeron\u00e1uticos y de defensa de Latinoam\u00e9rica y el mundo\" \/>\n<meta property=\"og:url\" content=\"https:\/\/www.delphosmagazine.com\/en\/un-f-15c-de-la-usaf-se-accidenta-en-europa\/\" \/>\n<meta property=\"og:site_name\" content=\"Delphos Magazine\" \/>\n<meta property=\"article:published_time\" content=\"2020-06-15T22:00:35+00:00\" \/>\n<meta property=\"og:image\" content=\"https:\/\/www.delphosmagazine.com\/wp-content\/uploads\/2020\/06\/050119-F-7709A-023.jpg\" \/>\n\t<meta property=\"og:image:width\" content=\"1200\" \/>\n\t<meta property=\"og:image:height\" content=\"675\" \/>\n\t<meta property=\"og:image:type\" content=\"image\/jpeg\" \/>\n<meta name=\"author\" content=\"Delphos Magazine\" \/>\n<meta name=\"twitter:card\" content=\"summary_large_image\" \/>\n<meta name=\"twitter:label1\" content=\"Written by\" \/>\n\t<meta name=\"twitter:data1\" content=\"Delphos Magazine\" \/>\n\t<meta name=\"twitter:label2\" content=\"Est. reading time\" \/>\n\t<meta name=\"twitter:data2\" content=\"1 minute\" \/>\n<script type=\"application\/ld+json\" class=\"yoast-schema-graph\">{\"@context\":\"https:\/\/schema.org\",\"@graph\":[{\"@type\":\"Article\",\"@id\":\"https:\/\/www.delphosmagazine.com\/un-f-15c-de-la-usaf-se-accidenta-en-europa\/#article\",\"isPartOf\":{\"@id\":\"https:\/\/www.delphosmagazine.com\/un-f-15c-de-la-usaf-se-accidenta-en-europa\/\"},\"author\":{\"name\":\"Delphos Magazine\",\"@id\":\"https:\/\/www.delphosmagazine.com\/#\/schema\/person\/975be66d68fbd24bf1cf96e8871defe1\"},\"headline\":\"Un F-15C de la USAF se accidenta en Europa\",\"datePublished\":\"2020-06-15T22:00:35+00:00\",\"mainEntityOfPage\":{\"@id\":\"https:\/\/www.delphosmagazine.com\/un-f-15c-de-la-usaf-se-accidenta-en-europa\/\"},\"wordCount\":139,\"commentCount\":0,\"publisher\":{\"@id\":\"https:\/\/www.delphosmagazine.com\/#organization\"},\"image\":{\"@id\":\"https:\/\/www.delphosmagazine.com\/un-f-15c-de-la-usaf-se-accidenta-en-europa\/#primaryimage\"},\"thumbnailUrl\":\"https:\/\/www.delphosmagazine.com\/wp-content\/uploads\/2020\/06\/050119-F-7709A-023.jpg\",\"articleSection\":[\"Accidentes\",\"Aviaci\u00f3n Militar\",\"Destacados\"],\"inLanguage\":\"en-US\",\"potentialAction\":[{\"@type\":\"CommentAction\",\"name\":\"Comment\",\"target\":[\"https:\/\/www.delphosmagazine.com\/un-f-15c-de-la-usaf-se-accidenta-en-europa\/#respond\"]}]},{\"@type\":\"WebPage\",\"@id\":\"https:\/\/www.delphosmagazine.com\/un-f-15c-de-la-usaf-se-accidenta-en-europa\/\",\"url\":\"https:\/\/www.delphosmagazine.com\/un-f-15c-de-la-usaf-se-accidenta-en-europa\/\",\"name\":\"Un F-15C de la USAF se accidenta en Europa | Delphos Magazine\",\"isPartOf\":{\"@id\":\"https:\/\/www.delphosmagazine.com\/#website\"},\"primaryImageOfPage\":{\"@id\":\"https:\/\/www.delphosmagazine.com\/un-f-15c-de-la-usaf-se-accidenta-en-europa\/#primaryimage\"},\"image\":{\"@id\":\"https:\/\/www.delphosmagazine.com\/un-f-15c-de-la-usaf-se-accidenta-en-europa\/#primaryimage\"},\"thumbnailUrl\":\"https:\/\/www.delphosmagazine.com\/wp-content\/uploads\/2020\/06\/050119-F-7709A-023.jpg\",\"datePublished\":\"2020-06-15T22:00:35+00:00\",\"description\":\"Delphos Magazine es el principal medio de prensa generador y proveedor de contenidos aeron\u00e1uticos y de defensa de Latinoam\u00e9rica y el mundo\",\"breadcrumb\":{\"@id\":\"https:\/\/www.delphosmagazine.com\/un-f-15c-de-la-usaf-se-accidenta-en-europa\/#breadcrumb\"},\"inLanguage\":\"en-US\",\"potentialAction\":[{\"@type\":\"ReadAction\",\"target\":[\"https:\/\/www.delphosmagazine.com\/un-f-15c-de-la-usaf-se-accidenta-en-europa\/\"]}]},{\"@type\":\"ImageObject\",\"inLanguage\":\"en-US\",\"@id\":\"https:\/\/www.delphosmagazine.com\/un-f-15c-de-la-usaf-se-accidenta-en-europa\/#primaryimage\",\"url\":\"https:\/\/www.delphosmagazine.com\/wp-content\/uploads\/2020\/06\/050119-F-7709A-023.jpg\",\"contentUrl\":\"https:\/\/www.delphosmagazine.com\/wp-content\/uploads\/2020\/06\/050119-F-7709A-023.jpg\",\"width\":1200,\"height\":675},{\"@type\":\"BreadcrumbList\",\"@id\":\"https:\/\/www.delphosmagazine.com\/un-f-15c-de-la-usaf-se-accidenta-en-europa\/#breadcrumb\",\"itemListElement\":[{\"@type\":\"ListItem\",\"position\":1,\"name\":\"Portada\",\"item\":\"https:\/\/www.delphosmagazine.com\/\"},{\"@type\":\"ListItem\",\"position\":2,\"name\":\"Un F-15C de la USAF se accidenta en Europa\"}]},{\"@type\":\"WebSite\",\"@id\":\"https:\/\/www.delphosmagazine.com\/#website\",\"url\":\"https:\/\/www.delphosmagazine.com\/\",\"name\":\"Delphos Magazine\",\"description\":\"principal medio de prensa generador y proveedor de contenidos aeron\u00e1uticos y de defensa de Latinoam\u00e9rica y el mundo\",\"publisher\":{\"@id\":\"https:\/\/www.delphosmagazine.com\/#organization\"},\"potentialAction\":[{\"@type\":\"SearchAction\",\"target\":{\"@type\":\"EntryPoint\",\"urlTemplate\":\"https:\/\/www.delphosmagazine.com\/?s={search_term_string}\"},\"query-input\":{\"@type\":\"PropertyValueSpecification\",\"valueRequired\":true,\"valueName\":\"search_term_string\"}}],\"inLanguage\":\"en-US\"},{\"@type\":\"Organization\",\"@id\":\"https:\/\/www.delphosmagazine.com\/#organization\",\"name\":\"Delphos Magazine\",\"url\":\"https:\/\/www.delphosmagazine.com\/\",\"logo\":{\"@type\":\"ImageObject\",\"inLanguage\":\"en-US\",\"@id\":\"https:\/\/www.delphosmagazine.com\/#\/schema\/logo\/image\/\",\"url\":\"https:\/\/www.delphosmagazine.com\/wp-content\/uploads\/2020\/10\/logo-negro.jpg\",\"contentUrl\":\"https:\/\/www.delphosmagazine.com\/wp-content\/uploads\/2020\/10\/logo-negro.jpg\",\"width\":872,\"height\":202,\"caption\":\"Delphos Magazine\"},\"image\":{\"@id\":\"https:\/\/www.delphosmagazine.com\/#\/schema\/logo\/image\/\"}},{\"@type\":\"Person\",\"@id\":\"https:\/\/www.delphosmagazine.com\/#\/schema\/person\/975be66d68fbd24bf1cf96e8871defe1\",\"name\":\"Delphos Magazine\",\"image\":{\"@type\":\"ImageObject\",\"inLanguage\":\"en-US\",\"@id\":\"https:\/\/www.delphosmagazine.com\/#\/schema\/person\/image\/\",\"url\":\"https:\/\/secure.gravatar.com\/avatar\/2aef69e4112a9a7b4cb49f96c0516035?s=96&d=mm&r=g\",\"contentUrl\":\"https:\/\/secure.gravatar.com\/avatar\/2aef69e4112a9a7b4cb49f96c0516035?s=96&d=mm&r=g\",\"caption\":\"Delphos Magazine\"},\"sameAs\":[\"https:\/\/www.delphosmagazine.com\"],\"url\":\"https:\/\/www.delphosmagazine.com\/en\/author\/delphosmagazine\/\"}]}<\/script>\n<!-- \/ Yoast SEO plugin. -->","yoast_head_json":{"title":"Un F-15C de la USAF se accidenta en Europa | Delphos Magazine","description":"Delphos Magazine es el principal medio de prensa generador y proveedor de contenidos aeron\u00e1uticos y de defensa de Latinoam\u00e9rica y el mundo","robots":{"index":"index","follow":"follow","max-snippet":"max-snippet:-1","max-image-preview":"max-image-preview:large","max-video-preview":"max-video-preview:-1"},"canonical":"https:\/\/www.delphosmagazine.com\/en\/un-f-15c-de-la-usaf-se-accidenta-en-europa\/","og_locale":"en_US","og_type":"article","og_title":"Un F-15C de la USAF se accidenta en Europa | Delphos Magazine","og_description":"Delphos Magazine es el principal medio de prensa generador y proveedor de contenidos aeron\u00e1uticos y de defensa de Latinoam\u00e9rica y el mundo","og_url":"https:\/\/www.delphosmagazine.com\/en\/un-f-15c-de-la-usaf-se-accidenta-en-europa\/","og_site_name":"Delphos Magazine","article_published_time":"2020-06-15T22:00:35+00:00","og_image":[{"width":1200,"height":675,"url":"https:\/\/www.delphosmagazine.com\/wp-content\/uploads\/2020\/06\/050119-F-7709A-023.jpg","type":"image\/jpeg"}],"author":"Delphos Magazine","twitter_card":"summary_large_image","twitter_misc":{"Written by":"Delphos Magazine","Est. reading time":"1 minute"},"schema":{"@context":"https:\/\/schema.org","@graph":[{"@type":"Article","@id":"https:\/\/www.delphosmagazine.com\/un-f-15c-de-la-usaf-se-accidenta-en-europa\/#article","isPartOf":{"@id":"https:\/\/www.delphosmagazine.com\/un-f-15c-de-la-usaf-se-accidenta-en-europa\/"},"author":{"name":"Delphos Magazine","@id":"https:\/\/www.delphosmagazine.com\/#\/schema\/person\/975be66d68fbd24bf1cf96e8871defe1"},"headline":"Un F-15C de la USAF se accidenta en Europa","datePublished":"2020-06-15T22:00:35+00:00","mainEntityOfPage":{"@id":"https:\/\/www.delphosmagazine.com\/un-f-15c-de-la-usaf-se-accidenta-en-europa\/"},"wordCount":139,"commentCount":0,"publisher":{"@id":"https:\/\/www.delphosmagazine.com\/#organization"},"image":{"@id":"https:\/\/www.delphosmagazine.com\/un-f-15c-de-la-usaf-se-accidenta-en-europa\/#primaryimage"},"thumbnailUrl":"https:\/\/www.delphosmagazine.com\/wp-content\/uploads\/2020\/06\/050119-F-7709A-023.jpg","articleSection":["Accidentes","Aviaci\u00f3n Militar","Destacados"],"inLanguage":"en-US","potentialAction":[{"@type":"CommentAction","name":"Comment","target":["https:\/\/www.delphosmagazine.com\/un-f-15c-de-la-usaf-se-accidenta-en-europa\/#respond"]}]},{"@type":"WebPage","@id":"https:\/\/www.delphosmagazine.com\/un-f-15c-de-la-usaf-se-accidenta-en-europa\/","url":"https:\/\/www.delphosmagazine.com\/un-f-15c-de-la-usaf-se-accidenta-en-europa\/","name":"Un F-15C de la USAF se accidenta en Europa | Delphos Magazine","isPartOf":{"@id":"https:\/\/www.delphosmagazine.com\/#website"},"primaryImageOfPage":{"@id":"https:\/\/www.delphosmagazine.com\/un-f-15c-de-la-usaf-se-accidenta-en-europa\/#primaryimage"},"image":{"@id":"https:\/\/www.delphosmagazine.com\/un-f-15c-de-la-usaf-se-accidenta-en-europa\/#primaryimage"},"thumbnailUrl":"https:\/\/www.delphosmagazine.com\/wp-content\/uploads\/2020\/06\/050119-F-7709A-023.jpg","datePublished":"2020-06-15T22:00:35+00:00","description":"Delphos Magazine es el principal medio de prensa generador y proveedor de contenidos aeron\u00e1uticos y de defensa de Latinoam\u00e9rica y el mundo","breadcrumb":{"@id":"https:\/\/www.delphosmagazine.com\/un-f-15c-de-la-usaf-se-accidenta-en-europa\/#breadcrumb"},"inLanguage":"en-US","potentialAction":[{"@type":"ReadAction","target":["https:\/\/www.delphosmagazine.com\/un-f-15c-de-la-usaf-se-accidenta-en-europa\/"]}]},{"@type":"ImageObject","inLanguage":"en-US","@id":"https:\/\/www.delphosmagazine.com\/un-f-15c-de-la-usaf-se-accidenta-en-europa\/#primaryimage","url":"https:\/\/www.delphosmagazine.com\/wp-content\/uploads\/2020\/06\/050119-F-7709A-023.jpg","contentUrl":"https:\/\/www.delphosmagazine.com\/wp-content\/uploads\/2020\/06\/050119-F-7709A-023.jpg","width":1200,"height":675},{"@type":"BreadcrumbList","@id":"https:\/\/www.delphosmagazine.com\/un-f-15c-de-la-usaf-se-accidenta-en-europa\/#breadcrumb","itemListElement":[{"@type":"ListItem","position":1,"name":"Portada","item":"https:\/\/www.delphosmagazine.com\/"},{"@type":"ListItem","position":2,"name":"Un F-15C de la USAF se accidenta en Europa"}]},{"@type":"WebSite","@id":"https:\/\/www.delphosmagazine.com\/#website","url":"https:\/\/www.delphosmagazine.com\/","name":"Delphos Magazine","description":"principal medio de prensa generador y proveedor de contenidos aeron\u00e1uticos y de defensa de Latinoam\u00e9rica y el mundo","publisher":{"@id":"https:\/\/www.delphosmagazine.com\/#organization"},"potentialAction":[{"@type":"SearchAction","target":{"@type":"EntryPoint","urlTemplate":"https:\/\/www.delphosmagazine.com\/?s={search_term_string}"},"query-input":{"@type":"PropertyValueSpecification","valueRequired":true,"valueName":"search_term_string"}}],"inLanguage":"en-US"},{"@type":"Organization","@id":"https:\/\/www.delphosmagazine.com\/#organization","name":"Delphos Magazine","url":"https:\/\/www.delphosmagazine.com\/","logo":{"@type":"ImageObject","inLanguage":"en-US","@id":"https:\/\/www.delphosmagazine.com\/#\/schema\/logo\/image\/","url":"https:\/\/www.delphosmagazine.com\/wp-content\/uploads\/2020\/10\/logo-negro.jpg","contentUrl":"https:\/\/www.delphosmagazine.com\/wp-content\/uploads\/2020\/10\/logo-negro.jpg","width":872,"height":202,"caption":"Delphos Magazine"},"image":{"@id":"https:\/\/www.delphosmagazine.com\/#\/schema\/logo\/image\/"}},{"@type":"Person","@id":"https:\/\/www.delphosmagazine.com\/#\/schema\/person\/975be66d68fbd24bf1cf96e8871defe1","name":"Delphos Magazine","image":{"@type":"ImageObject","inLanguage":"en-US","@id":"https:\/\/www.delphosmagazine.com\/#\/schema\/person\/image\/","url":"https:\/\/secure.gravatar.com\/avatar\/2aef69e4112a9a7b4cb49f96c0516035?s=96&d=mm&r=g","contentUrl":"https:\/\/secure.gravatar.com\/avatar\/2aef69e4112a9a7b4cb49f96c0516035?s=96&d=mm&r=g","caption":"Delphos Magazine"},"sameAs":["https:\/\/www.delphosmagazine.com"],"url":"https:\/\/www.delphosmagazine.com\/en\/author\/delphosmagazine\/"}]}},"_links":{"self":[{"href":"https:\/\/www.delphosmagazine.com\/en\/wp-json\/wp\/v2\/posts\/4855","targetHints":{"allow":["GET"]}}],"collection":[{"href":"https:\/\/www.delphosmagazine.com\/en\/wp-json\/wp\/v2\/posts"}],"about":[{"href":"https:\/\/www.delphosmagazine.com\/en\/wp-json\/wp\/v2\/types\/post"}],"author":[{"embeddable":true,"href":"https:\/\/www.delphosmagazine.com\/en\/wp-json\/wp\/v2\/users\/2"}],"replies":[{"embeddable":true,"href":"https:\/\/www.delphosmagazine.com\/en\/wp-json\/wp\/v2\/comments?post=4855"}],"version-history":[{"count":0,"href":"https:\/\/www.delphosmagazine.com\/en\/wp-json\/wp\/v2\/posts\/4855\/revisions"}],"wp:featuredmedia":[{"embeddable":true,"href":"https:\/\/www.delphosmagazine.com\/en\/wp-json\/wp\/v2\/media\/4857"}],"wp:attachment":[{"href":"https:\/\/www.delphosmagazine.com\/en\/wp-json\/wp\/v2\/media?parent=4855"}],"wp:term":[{"taxonomy":"category","embeddable":true,"href":"https:\/\/www.delphosmagazine.com\/en\/wp-json\/wp\/v2\/categories?post=4855"},{"taxonomy":"post_tag","embeddable":true,"href":"https:\/\/www.delphosmagazine.com\/en\/wp-json\/wp\/v2\/tags?post=4855"}],"curies":[{"name":"wp","href":"https:\/\/api.w.org\/{rel}","templated":true}]}}