{"id":4785,"date":"2020-06-08T16:43:54","date_gmt":"2020-06-08T19:43:54","guid":{"rendered":"https:\/\/www.delphosmagazine.com\/?p=4785"},"modified":"2020-06-08T16:56:45","modified_gmt":"2020-06-08T19:56:45","slug":"air-france-informa-de-su-reestructuracion-y-sus-medidas-a-bordo","status":"publish","type":"post","link":"https:\/\/www.delphosmagazine.com\/en\/air-france-informa-de-su-reestructuracion-y-sus-medidas-a-bordo\/","title":{"rendered":"Air France informa de su reestructuraci\u00f3n y sus medidas a bordo de sus aviones"},"content":{"rendered":"<p style=\"text-align: justify;\">En un comunicado enviado a sus clientes, Anne Rigail, CEO de Air France, informa que han obtenido un pr\u00e9stamo del gobierno franc\u00e9s de 7 mil millones de euros, permitiendo a Air France mirar hacia el futuro con confianza.<\/p>\n<p style=\"text-align: justify;\">A cambio de este prestamos, Air France se compromete a realizar una reestructuraci\u00f3n de toda la empresa con el objetivo de mejorar su desempe\u00f1o en t\u00e9rminos de competitividad. A dem\u00e1s se compromete a implementar de forma acelerada su compromiso para una transici\u00f3n energ\u00e9tica del sector del transporte a\u00e9reo lo que implica una reestructuraci\u00f3n en cuanto al tama\u00f1o de su red dom\u00e9stica desde el aeropuerto de Orly hacia las regiones francesas, teniendo en cuenta las alternativas de transporte ferroviario para viajes de menos de 2h30.\u00a0 Junto con lo anterior, Air France invertir\u00e1 en una \u00a0renovaci\u00f3n de la flota, de aeronaves de \u00faltima generaci\u00f3n que reducen las emisiones de CO2 entre un 20% a 25%.<\/p>\n<p style=\"text-align: justify;\">Anne Rigail, se\u00f1ala \u201c<em>Actualmente, Air France presta servicios a m\u00e1s de 50 destinos. Esperamos ofrecerle m\u00e1s de 100 destinos a mediados de junio, con aproximadamente 20 destinos en Francia, m\u00e1s de 40 destinos entre Par\u00eds y Europa, y m\u00e1s de 30 rutas intercontinentales. Esto representa aproximadamente el 15% de nuestro programa habitual de vuelos y esperamos aumentar r\u00e1pidamente nuestra capacidad, tan pronto como las condiciones sanitarias y reglamentarias nos permitan reabrir completamente las fronteras, en un nivel inter-europeo, para comenzar y luego intercontinental.<\/em>\u201d<\/p>\n<p>Junto con lo anterior, Air France informa sobre la implementaci\u00f3n de medidas sanitarias a bordo de sus aeronaves, las que ha llamado \u00abAir France Protect\u00bb,\u00a0 las cuales detallamos a continuaci\u00f3n:<\/p>\n<ul>\n<li style=\"text-align: justify;\">El uso obligatorio de una mascarilla quir\u00fargica tan pronto como llegue al aeropuerto, as\u00ed como a bordo del avi\u00f3n durante todo el vuelo.<\/li>\n<li style=\"text-align: justify;\">Todo el personal de Air France, tambi\u00e9n estar\u00e1 equipado con mascarillas quir\u00fargicas.<\/li>\n<li style=\"text-align: justify;\">Se implementar\u00e1n las medidas de distanciamiento f\u00edsico en cada etapa de su viaje por el aeropuerto, visiblemente indicado por marcas en el piso y se\u00f1alizaci\u00f3n especial, adem\u00e1s de pantallas de protecci\u00f3n de plexigl\u00e1s instaladas en todos nuestros mostradores.<\/li>\n<li style=\"text-align: justify;\">Gel antibacterial para las manos disponible en todos los puntos de contacto del aeropuerto (m\u00e1quinas de autoservicio, entrega de equipaje, embarque, etc.).<\/li>\n<li style=\"text-align: justify;\">Se controlar\u00e1 la temperatura corporal antes de abordar el vuelo (excepto donde las regulaciones locales lo proh\u00edben).<\/li>\n<li style=\"text-align: justify;\">Los procedimientos de embarque fueron reorganizados para limitar el contacto a bordo de los aviones. Por lo tanto, primero abordar\u00e1n los pasajeros que se sientan en la parte trasera del avi\u00f3n, pasando a los que est\u00e1n en la parte delantera.<\/li>\n<li style=\"text-align: justify;\">A bordo, se ha simplificado la oferta de comida para limitar el contacto. Ya no se ofrecer\u00e1 un servicio de comida o bebidas en vuelos de menos de 2h30. Para vuelos m\u00e1s largos, se dar\u00e1 preferencia a los productos sellados o envueltos individualmente en su bandeja.<\/li>\n<li style=\"text-align: justify;\">Las cabinas se limpiar\u00e1n a fondo diariamente y se desinfectar\u00e1n regularmente con un spray desinfectante aprobado de larga duraci\u00f3n.<\/li>\n<li style=\"text-align: justify;\">Nuestras cabinas est\u00e1n equipadas con un sistema de filtrado de aire id\u00e9ntico al utilizado en los quir\u00f3fanos de los hospitales (filtros HEPA). El aire en la cabina se filtra completamente y se renueva cada 3 minutos.<\/li>\n<\/ul>\n<p style=\"text-align: justify;\">Finalmente, Anne Rigail, agrega \u201c<em>Estoy consciente de que estas medidas requieren que se familiarice con los nuevos h\u00e1bitos de viaje. Sin embargo, la aplicaci\u00f3n colectiva de estas reglas significa que podemos proteger la salud de todos y garantizar que podamos reabrir gradualmente el cielo.<\/em>\u201d<\/p>\n<p><img loading=\"lazy\" decoding=\"async\" class=\"aligncenter size-large wp-image-4787\" src=\"https:\/\/www.delphosmagazine.com\/wp-content\/uploads\/2020\/06\/SCEL_B787_AirFrance_F-HRBI-Delphos-1024x576.jpg\" alt=\"\" width=\"1024\" height=\"576\" srcset=\"https:\/\/www.delphosmagazine.com\/wp-content\/uploads\/2020\/06\/SCEL_B787_AirFrance_F-HRBI-Delphos-1024x576.jpg 1024w, https:\/\/www.delphosmagazine.com\/wp-content\/uploads\/2020\/06\/SCEL_B787_AirFrance_F-HRBI-Delphos-300x169.jpg 300w, https:\/\/www.delphosmagazine.com\/wp-content\/uploads\/2020\/06\/SCEL_B787_AirFrance_F-HRBI-Delphos-768x432.jpg 768w, https:\/\/www.delphosmagazine.com\/wp-content\/uploads\/2020\/06\/SCEL_B787_AirFrance_F-HRBI-Delphos-500x281.jpg 500w, https:\/\/www.delphosmagazine.com\/wp-content\/uploads\/2020\/06\/SCEL_B787_AirFrance_F-HRBI-Delphos-1000x563.jpg 1000w, https:\/\/www.delphosmagazine.com\/wp-content\/uploads\/2020\/06\/SCEL_B787_AirFrance_F-HRBI-Delphos-800x450.jpg 800w, https:\/\/www.delphosmagazine.com\/wp-content\/uploads\/2020\/06\/SCEL_B787_AirFrance_F-HRBI-Delphos.jpg 1200w\" sizes=\"auto, (max-width: 1024px) 100vw, 1024px\" \/><\/p>","protected":false},"excerpt":{"rendered":"<p>En un comunicado enviado a sus clientes, Anne Rigail, CEO de Air France, informa que han obtenido un pr\u00e9stamo del gobierno franc\u00e9s de 7 mil millones de euros, permitiendo a Air France mirar hacia el futuro con confianza. A cambio de este prestamos, Air France se compromete a realizar una reestructuraci\u00f3n de toda la empresa [&hellip;]<\/p>\n","protected":false},"author":3,"featured_media":4787,"comment_status":"open","ping_status":"open","sticky":false,"template":"","format":"standard","meta":{"footnotes":""},"categories":[3,5,41,26],"tags":[],"class_list":{"0":"post-4785","1":"post","2":"type-post","3":"status-publish","4":"format-standard","5":"has-post-thumbnail","7":"category-aviacion","8":"category-aviacion-civil-comercial","9":"category-covid19","10":"category-destacados"},"yoast_head":"<!-- This site is optimized with the Yoast SEO plugin v26.5 - https:\/\/yoast.com\/wordpress\/plugins\/seo\/ -->\n<title>Air France informa de su reestructuraci\u00f3n y sus medidas a bordo de sus aviones | Delphos Magazine<\/title>\n<meta name=\"description\" content=\"Delphos Magazine es el principal medio de prensa generador y proveedor de contenidos aeron\u00e1uticos y de defensa de Latinoam\u00e9rica y el mundo\" \/>\n<meta name=\"robots\" content=\"index, follow, max-snippet:-1, max-image-preview:large, max-video-preview:-1\" \/>\n<link rel=\"canonical\" href=\"https:\/\/www.delphosmagazine.com\/en\/air-france-informa-de-su-reestructuracion-y-sus-medidas-a-bordo\/\" \/>\n<meta property=\"og:locale\" content=\"en_US\" \/>\n<meta property=\"og:type\" content=\"article\" \/>\n<meta property=\"og:title\" content=\"Air France informa de su reestructuraci\u00f3n y sus medidas a bordo de sus aviones | Delphos Magazine\" \/>\n<meta property=\"og:description\" content=\"Delphos Magazine es el principal medio de prensa generador y proveedor de contenidos aeron\u00e1uticos y de defensa de Latinoam\u00e9rica y el mundo\" \/>\n<meta property=\"og:url\" content=\"https:\/\/www.delphosmagazine.com\/en\/air-france-informa-de-su-reestructuracion-y-sus-medidas-a-bordo\/\" \/>\n<meta property=\"og:site_name\" content=\"Delphos Magazine\" \/>\n<meta property=\"article:published_time\" content=\"2020-06-08T19:43:54+00:00\" \/>\n<meta property=\"article:modified_time\" content=\"2020-06-08T19:56:45+00:00\" \/>\n<meta property=\"og:image\" content=\"https:\/\/www.delphosmagazine.com\/wp-content\/uploads\/2020\/06\/SCEL_B787_AirFrance_F-HRBI-Delphos.jpg\" \/>\n\t<meta property=\"og:image:width\" content=\"1200\" \/>\n\t<meta property=\"og:image:height\" content=\"675\" \/>\n\t<meta property=\"og:image:type\" content=\"image\/jpeg\" \/>\n<meta name=\"author\" content=\"Varitech\" \/>\n<meta name=\"twitter:card\" content=\"summary_large_image\" \/>\n<meta name=\"twitter:label1\" content=\"Written by\" \/>\n\t<meta name=\"twitter:data1\" content=\"Varitech\" \/>\n\t<meta name=\"twitter:label2\" content=\"Est. reading time\" \/>\n\t<meta name=\"twitter:data2\" content=\"3 minutes\" \/>\n<script type=\"application\/ld+json\" class=\"yoast-schema-graph\">{\"@context\":\"https:\/\/schema.org\",\"@graph\":[{\"@type\":\"Article\",\"@id\":\"https:\/\/www.delphosmagazine.com\/air-france-informa-de-su-reestructuracion-y-sus-medidas-a-bordo\/#article\",\"isPartOf\":{\"@id\":\"https:\/\/www.delphosmagazine.com\/air-france-informa-de-su-reestructuracion-y-sus-medidas-a-bordo\/\"},\"author\":{\"name\":\"Varitech\",\"@id\":\"https:\/\/www.delphosmagazine.com\/#\/schema\/person\/ca31ea697fc6c143e0d63be58c577e6b\"},\"headline\":\"Air France informa de su reestructuraci\u00f3n y sus medidas a bordo de sus aviones\",\"datePublished\":\"2020-06-08T19:43:54+00:00\",\"dateModified\":\"2020-06-08T19:56:45+00:00\",\"mainEntityOfPage\":{\"@id\":\"https:\/\/www.delphosmagazine.com\/air-france-informa-de-su-reestructuracion-y-sus-medidas-a-bordo\/\"},\"wordCount\":614,\"commentCount\":0,\"publisher\":{\"@id\":\"https:\/\/www.delphosmagazine.com\/#organization\"},\"image\":{\"@id\":\"https:\/\/www.delphosmagazine.com\/air-france-informa-de-su-reestructuracion-y-sus-medidas-a-bordo\/#primaryimage\"},\"thumbnailUrl\":\"https:\/\/www.delphosmagazine.com\/wp-content\/uploads\/2020\/06\/SCEL_B787_AirFrance_F-HRBI-Delphos.jpg\",\"articleSection\":[\"Aviaci\u00f3n\",\"Aviaci\u00f3n Comercial\",\"COVID19\",\"Destacados\"],\"inLanguage\":\"en-US\",\"potentialAction\":[{\"@type\":\"CommentAction\",\"name\":\"Comment\",\"target\":[\"https:\/\/www.delphosmagazine.com\/air-france-informa-de-su-reestructuracion-y-sus-medidas-a-bordo\/#respond\"]}]},{\"@type\":\"WebPage\",\"@id\":\"https:\/\/www.delphosmagazine.com\/air-france-informa-de-su-reestructuracion-y-sus-medidas-a-bordo\/\",\"url\":\"https:\/\/www.delphosmagazine.com\/air-france-informa-de-su-reestructuracion-y-sus-medidas-a-bordo\/\",\"name\":\"Air France informa de su reestructuraci\u00f3n y sus medidas a bordo de sus aviones | Delphos Magazine\",\"isPartOf\":{\"@id\":\"https:\/\/www.delphosmagazine.com\/#website\"},\"primaryImageOfPage\":{\"@id\":\"https:\/\/www.delphosmagazine.com\/air-france-informa-de-su-reestructuracion-y-sus-medidas-a-bordo\/#primaryimage\"},\"image\":{\"@id\":\"https:\/\/www.delphosmagazine.com\/air-france-informa-de-su-reestructuracion-y-sus-medidas-a-bordo\/#primaryimage\"},\"thumbnailUrl\":\"https:\/\/www.delphosmagazine.com\/wp-content\/uploads\/2020\/06\/SCEL_B787_AirFrance_F-HRBI-Delphos.jpg\",\"datePublished\":\"2020-06-08T19:43:54+00:00\",\"dateModified\":\"2020-06-08T19:56:45+00:00\",\"description\":\"Delphos Magazine es el principal medio de prensa generador y proveedor de contenidos aeron\u00e1uticos y de defensa de Latinoam\u00e9rica y el mundo\",\"breadcrumb\":{\"@id\":\"https:\/\/www.delphosmagazine.com\/air-france-informa-de-su-reestructuracion-y-sus-medidas-a-bordo\/#breadcrumb\"},\"inLanguage\":\"en-US\",\"potentialAction\":[{\"@type\":\"ReadAction\",\"target\":[\"https:\/\/www.delphosmagazine.com\/air-france-informa-de-su-reestructuracion-y-sus-medidas-a-bordo\/\"]}]},{\"@type\":\"ImageObject\",\"inLanguage\":\"en-US\",\"@id\":\"https:\/\/www.delphosmagazine.com\/air-france-informa-de-su-reestructuracion-y-sus-medidas-a-bordo\/#primaryimage\",\"url\":\"https:\/\/www.delphosmagazine.com\/wp-content\/uploads\/2020\/06\/SCEL_B787_AirFrance_F-HRBI-Delphos.jpg\",\"contentUrl\":\"https:\/\/www.delphosmagazine.com\/wp-content\/uploads\/2020\/06\/SCEL_B787_AirFrance_F-HRBI-Delphos.jpg\",\"width\":1200,\"height\":675},{\"@type\":\"BreadcrumbList\",\"@id\":\"https:\/\/www.delphosmagazine.com\/air-france-informa-de-su-reestructuracion-y-sus-medidas-a-bordo\/#breadcrumb\",\"itemListElement\":[{\"@type\":\"ListItem\",\"position\":1,\"name\":\"Portada\",\"item\":\"https:\/\/www.delphosmagazine.com\/\"},{\"@type\":\"ListItem\",\"position\":2,\"name\":\"Air France informa de su reestructuraci\u00f3n y sus medidas a bordo de sus aviones\"}]},{\"@type\":\"WebSite\",\"@id\":\"https:\/\/www.delphosmagazine.com\/#website\",\"url\":\"https:\/\/www.delphosmagazine.com\/\",\"name\":\"Delphos Magazine\",\"description\":\"principal medio de prensa generador y proveedor de contenidos aeron\u00e1uticos y de defensa de Latinoam\u00e9rica y el mundo\",\"publisher\":{\"@id\":\"https:\/\/www.delphosmagazine.com\/#organization\"},\"potentialAction\":[{\"@type\":\"SearchAction\",\"target\":{\"@type\":\"EntryPoint\",\"urlTemplate\":\"https:\/\/www.delphosmagazine.com\/?s={search_term_string}\"},\"query-input\":{\"@type\":\"PropertyValueSpecification\",\"valueRequired\":true,\"valueName\":\"search_term_string\"}}],\"inLanguage\":\"en-US\"},{\"@type\":\"Organization\",\"@id\":\"https:\/\/www.delphosmagazine.com\/#organization\",\"name\":\"Delphos Magazine\",\"url\":\"https:\/\/www.delphosmagazine.com\/\",\"logo\":{\"@type\":\"ImageObject\",\"inLanguage\":\"en-US\",\"@id\":\"https:\/\/www.delphosmagazine.com\/#\/schema\/logo\/image\/\",\"url\":\"https:\/\/www.delphosmagazine.com\/wp-content\/uploads\/2020\/10\/logo-negro.jpg\",\"contentUrl\":\"https:\/\/www.delphosmagazine.com\/wp-content\/uploads\/2020\/10\/logo-negro.jpg\",\"width\":872,\"height\":202,\"caption\":\"Delphos Magazine\"},\"image\":{\"@id\":\"https:\/\/www.delphosmagazine.com\/#\/schema\/logo\/image\/\"}},{\"@type\":\"Person\",\"@id\":\"https:\/\/www.delphosmagazine.com\/#\/schema\/person\/ca31ea697fc6c143e0d63be58c577e6b\",\"name\":\"Varitech\",\"image\":{\"@type\":\"ImageObject\",\"inLanguage\":\"en-US\",\"@id\":\"https:\/\/www.delphosmagazine.com\/#\/schema\/person\/image\/\",\"url\":\"https:\/\/secure.gravatar.com\/avatar\/a9943634b30ae329f1a041bbbee525de?s=96&d=mm&r=g\",\"contentUrl\":\"https:\/\/secure.gravatar.com\/avatar\/a9943634b30ae329f1a041bbbee525de?s=96&d=mm&r=g\",\"caption\":\"Varitech\"},\"url\":\"https:\/\/www.delphosmagazine.com\/en\/author\/carlos-valle\/\"}]}<\/script>\n<!-- \/ Yoast SEO plugin. -->","yoast_head_json":{"title":"Air France informa de su reestructuraci\u00f3n y sus medidas a bordo de sus aviones | Delphos Magazine","description":"Delphos Magazine es el principal medio de prensa generador y proveedor de contenidos aeron\u00e1uticos y de defensa de Latinoam\u00e9rica y el mundo","robots":{"index":"index","follow":"follow","max-snippet":"max-snippet:-1","max-image-preview":"max-image-preview:large","max-video-preview":"max-video-preview:-1"},"canonical":"https:\/\/www.delphosmagazine.com\/en\/air-france-informa-de-su-reestructuracion-y-sus-medidas-a-bordo\/","og_locale":"en_US","og_type":"article","og_title":"Air France informa de su reestructuraci\u00f3n y sus medidas a bordo de sus aviones | Delphos Magazine","og_description":"Delphos Magazine es el principal medio de prensa generador y proveedor de contenidos aeron\u00e1uticos y de defensa de Latinoam\u00e9rica y el mundo","og_url":"https:\/\/www.delphosmagazine.com\/en\/air-france-informa-de-su-reestructuracion-y-sus-medidas-a-bordo\/","og_site_name":"Delphos Magazine","article_published_time":"2020-06-08T19:43:54+00:00","article_modified_time":"2020-06-08T19:56:45+00:00","og_image":[{"width":1200,"height":675,"url":"https:\/\/www.delphosmagazine.com\/wp-content\/uploads\/2020\/06\/SCEL_B787_AirFrance_F-HRBI-Delphos.jpg","type":"image\/jpeg"}],"author":"Varitech","twitter_card":"summary_large_image","twitter_misc":{"Written by":"Varitech","Est. reading time":"3 minutes"},"schema":{"@context":"https:\/\/schema.org","@graph":[{"@type":"Article","@id":"https:\/\/www.delphosmagazine.com\/air-france-informa-de-su-reestructuracion-y-sus-medidas-a-bordo\/#article","isPartOf":{"@id":"https:\/\/www.delphosmagazine.com\/air-france-informa-de-su-reestructuracion-y-sus-medidas-a-bordo\/"},"author":{"name":"Varitech","@id":"https:\/\/www.delphosmagazine.com\/#\/schema\/person\/ca31ea697fc6c143e0d63be58c577e6b"},"headline":"Air France informa de su reestructuraci\u00f3n y sus medidas a bordo de sus aviones","datePublished":"2020-06-08T19:43:54+00:00","dateModified":"2020-06-08T19:56:45+00:00","mainEntityOfPage":{"@id":"https:\/\/www.delphosmagazine.com\/air-france-informa-de-su-reestructuracion-y-sus-medidas-a-bordo\/"},"wordCount":614,"commentCount":0,"publisher":{"@id":"https:\/\/www.delphosmagazine.com\/#organization"},"image":{"@id":"https:\/\/www.delphosmagazine.com\/air-france-informa-de-su-reestructuracion-y-sus-medidas-a-bordo\/#primaryimage"},"thumbnailUrl":"https:\/\/www.delphosmagazine.com\/wp-content\/uploads\/2020\/06\/SCEL_B787_AirFrance_F-HRBI-Delphos.jpg","articleSection":["Aviaci\u00f3n","Aviaci\u00f3n Comercial","COVID19","Destacados"],"inLanguage":"en-US","potentialAction":[{"@type":"CommentAction","name":"Comment","target":["https:\/\/www.delphosmagazine.com\/air-france-informa-de-su-reestructuracion-y-sus-medidas-a-bordo\/#respond"]}]},{"@type":"WebPage","@id":"https:\/\/www.delphosmagazine.com\/air-france-informa-de-su-reestructuracion-y-sus-medidas-a-bordo\/","url":"https:\/\/www.delphosmagazine.com\/air-france-informa-de-su-reestructuracion-y-sus-medidas-a-bordo\/","name":"Air France informa de su reestructuraci\u00f3n y sus medidas a bordo de sus aviones | Delphos Magazine","isPartOf":{"@id":"https:\/\/www.delphosmagazine.com\/#website"},"primaryImageOfPage":{"@id":"https:\/\/www.delphosmagazine.com\/air-france-informa-de-su-reestructuracion-y-sus-medidas-a-bordo\/#primaryimage"},"image":{"@id":"https:\/\/www.delphosmagazine.com\/air-france-informa-de-su-reestructuracion-y-sus-medidas-a-bordo\/#primaryimage"},"thumbnailUrl":"https:\/\/www.delphosmagazine.com\/wp-content\/uploads\/2020\/06\/SCEL_B787_AirFrance_F-HRBI-Delphos.jpg","datePublished":"2020-06-08T19:43:54+00:00","dateModified":"2020-06-08T19:56:45+00:00","description":"Delphos Magazine es el principal medio de prensa generador y proveedor de contenidos aeron\u00e1uticos y de defensa de Latinoam\u00e9rica y el mundo","breadcrumb":{"@id":"https:\/\/www.delphosmagazine.com\/air-france-informa-de-su-reestructuracion-y-sus-medidas-a-bordo\/#breadcrumb"},"inLanguage":"en-US","potentialAction":[{"@type":"ReadAction","target":["https:\/\/www.delphosmagazine.com\/air-france-informa-de-su-reestructuracion-y-sus-medidas-a-bordo\/"]}]},{"@type":"ImageObject","inLanguage":"en-US","@id":"https:\/\/www.delphosmagazine.com\/air-france-informa-de-su-reestructuracion-y-sus-medidas-a-bordo\/#primaryimage","url":"https:\/\/www.delphosmagazine.com\/wp-content\/uploads\/2020\/06\/SCEL_B787_AirFrance_F-HRBI-Delphos.jpg","contentUrl":"https:\/\/www.delphosmagazine.com\/wp-content\/uploads\/2020\/06\/SCEL_B787_AirFrance_F-HRBI-Delphos.jpg","width":1200,"height":675},{"@type":"BreadcrumbList","@id":"https:\/\/www.delphosmagazine.com\/air-france-informa-de-su-reestructuracion-y-sus-medidas-a-bordo\/#breadcrumb","itemListElement":[{"@type":"ListItem","position":1,"name":"Portada","item":"https:\/\/www.delphosmagazine.com\/"},{"@type":"ListItem","position":2,"name":"Air France informa de su reestructuraci\u00f3n y sus medidas a bordo de sus aviones"}]},{"@type":"WebSite","@id":"https:\/\/www.delphosmagazine.com\/#website","url":"https:\/\/www.delphosmagazine.com\/","name":"Delphos Magazine","description":"principal medio de prensa generador y proveedor de contenidos aeron\u00e1uticos y de defensa de Latinoam\u00e9rica y el mundo","publisher":{"@id":"https:\/\/www.delphosmagazine.com\/#organization"},"potentialAction":[{"@type":"SearchAction","target":{"@type":"EntryPoint","urlTemplate":"https:\/\/www.delphosmagazine.com\/?s={search_term_string}"},"query-input":{"@type":"PropertyValueSpecification","valueRequired":true,"valueName":"search_term_string"}}],"inLanguage":"en-US"},{"@type":"Organization","@id":"https:\/\/www.delphosmagazine.com\/#organization","name":"Delphos Magazine","url":"https:\/\/www.delphosmagazine.com\/","logo":{"@type":"ImageObject","inLanguage":"en-US","@id":"https:\/\/www.delphosmagazine.com\/#\/schema\/logo\/image\/","url":"https:\/\/www.delphosmagazine.com\/wp-content\/uploads\/2020\/10\/logo-negro.jpg","contentUrl":"https:\/\/www.delphosmagazine.com\/wp-content\/uploads\/2020\/10\/logo-negro.jpg","width":872,"height":202,"caption":"Delphos Magazine"},"image":{"@id":"https:\/\/www.delphosmagazine.com\/#\/schema\/logo\/image\/"}},{"@type":"Person","@id":"https:\/\/www.delphosmagazine.com\/#\/schema\/person\/ca31ea697fc6c143e0d63be58c577e6b","name":"Varitech","image":{"@type":"ImageObject","inLanguage":"en-US","@id":"https:\/\/www.delphosmagazine.com\/#\/schema\/person\/image\/","url":"https:\/\/secure.gravatar.com\/avatar\/a9943634b30ae329f1a041bbbee525de?s=96&d=mm&r=g","contentUrl":"https:\/\/secure.gravatar.com\/avatar\/a9943634b30ae329f1a041bbbee525de?s=96&d=mm&r=g","caption":"Varitech"},"url":"https:\/\/www.delphosmagazine.com\/en\/author\/carlos-valle\/"}]}},"_links":{"self":[{"href":"https:\/\/www.delphosmagazine.com\/en\/wp-json\/wp\/v2\/posts\/4785","targetHints":{"allow":["GET"]}}],"collection":[{"href":"https:\/\/www.delphosmagazine.com\/en\/wp-json\/wp\/v2\/posts"}],"about":[{"href":"https:\/\/www.delphosmagazine.com\/en\/wp-json\/wp\/v2\/types\/post"}],"author":[{"embeddable":true,"href":"https:\/\/www.delphosmagazine.com\/en\/wp-json\/wp\/v2\/users\/3"}],"replies":[{"embeddable":true,"href":"https:\/\/www.delphosmagazine.com\/en\/wp-json\/wp\/v2\/comments?post=4785"}],"version-history":[{"count":0,"href":"https:\/\/www.delphosmagazine.com\/en\/wp-json\/wp\/v2\/posts\/4785\/revisions"}],"wp:featuredmedia":[{"embeddable":true,"href":"https:\/\/www.delphosmagazine.com\/en\/wp-json\/wp\/v2\/media\/4787"}],"wp:attachment":[{"href":"https:\/\/www.delphosmagazine.com\/en\/wp-json\/wp\/v2\/media?parent=4785"}],"wp:term":[{"taxonomy":"category","embeddable":true,"href":"https:\/\/www.delphosmagazine.com\/en\/wp-json\/wp\/v2\/categories?post=4785"},{"taxonomy":"post_tag","embeddable":true,"href":"https:\/\/www.delphosmagazine.com\/en\/wp-json\/wp\/v2\/tags?post=4785"}],"curies":[{"name":"wp","href":"https:\/\/api.w.org\/{rel}","templated":true}]}}