{"id":3792,"date":"2020-05-07T15:48:57","date_gmt":"2020-05-07T18:48:57","guid":{"rendered":"https:\/\/www.delphosmagazine.com\/?p=3792"},"modified":"2020-05-28T18:36:17","modified_gmt":"2020-05-28T21:36:17","slug":"primer-airbus-a350-941acj-adquirido-para-el-estado-aleman","status":"publish","type":"post","link":"https:\/\/www.delphosmagazine.com\/en\/primer-airbus-a350-941acj-adquirido-para-el-estado-aleman\/","title":{"rendered":"Primer Airbus A350-941ACJ adquirido para el Estado Alem\u00e1n"},"content":{"rendered":"<p>El 20 de mayo de 2019, el Estado Alem\u00e1n adquiri\u00f3 tres aeronaves Airbus A350-941, de los slots que le correspond\u00edan inicialmente a Lufthansa, con el objetivo de convertirlos en aeronaves que realicen una serie de funciones gubernamentales, as\u00ed como de transporte de tropas y de evacuaci\u00f3n m\u00e9dica.<\/p>\n<p>En la etapa final antes de su entrega oficial, hoy Jueves 07 de Mayo, el primer Airbus A350-941ACJ, realiz\u00f3 un vuelo entre la planta de Airbus (EDHI) y el aeropuerto de Hamburgo (EDDH) donde, en dependencias de Lufthansa Technik, se realizar\u00e1 el acondicionamiento interior VIP, utilizando el concepto de acabados Easyfit de ACJ, que incluye la preinstalaci\u00f3n de elementos de sujeci\u00f3n e interfaces estandarizadas que simplifican enormemente la instalaci\u00f3n de tabiques y mobiliario en un fuselaje de fibra de carbono.<\/p>\n<p>Este Airbus A350-941ACJ, podr\u00e1 transportar 25 pasajeros recorriendo una distancia de 20.550 km o durante m\u00e1s de 22 horas.\u00a0 Esta aeronave, con matricula provisoria D-AGAF, tendr\u00e1 su designaci\u00f3n militar como 10-3 y ser\u00e1 utilizada para los traslados VIP del estado Alem\u00e1n.<\/p>\n<p>&nbsp;<\/p>\n<div id='gallery-1' class='gallery galleryid-3792 gallery-columns-3 gallery-size-thumbnail'><figure class='gallery-item'>\n\t\t\t<div class='gallery-icon landscape'>\n\t\t\t\t<a href='https:\/\/www.delphosmagazine.com\/wp-content\/uploads\/2020\/05\/EDHI_A350-941ACJ_Aleman_Delphos_001.jpg'><img loading=\"lazy\" decoding=\"async\" width=\"150\" height=\"150\" src=\"https:\/\/www.delphosmagazine.com\/wp-content\/uploads\/2020\/05\/EDHI_A350-941ACJ_Aleman_Delphos_001-150x150.jpg\" class=\"attachment-thumbnail size-thumbnail\" alt=\"\" \/><\/a>\n\t\t\t<\/div><\/figure><figure class='gallery-item'>\n\t\t\t<div class='gallery-icon landscape'>\n\t\t\t\t<a href='https:\/\/www.delphosmagazine.com\/wp-content\/uploads\/2020\/05\/EDHI_A350-941ACJ_Aleman_Delphos_002.jpg'><img loading=\"lazy\" decoding=\"async\" width=\"150\" height=\"150\" src=\"https:\/\/www.delphosmagazine.com\/wp-content\/uploads\/2020\/05\/EDHI_A350-941ACJ_Aleman_Delphos_002-150x150.jpg\" class=\"attachment-thumbnail size-thumbnail\" alt=\"\" \/><\/a>\n\t\t\t<\/div><\/figure><figure class='gallery-item'>\n\t\t\t<div class='gallery-icon landscape'>\n\t\t\t\t<a href='https:\/\/www.delphosmagazine.com\/wp-content\/uploads\/2020\/05\/EDHI_A350-941ACJ_Aleman_Delphos_003.jpg'><img loading=\"lazy\" decoding=\"async\" width=\"150\" height=\"150\" src=\"https:\/\/www.delphosmagazine.com\/wp-content\/uploads\/2020\/05\/EDHI_A350-941ACJ_Aleman_Delphos_003-150x150.jpg\" class=\"attachment-thumbnail size-thumbnail\" alt=\"\" \/><\/a>\n\t\t\t<\/div><\/figure><figure class='gallery-item'>\n\t\t\t<div class='gallery-icon landscape'>\n\t\t\t\t<a href='https:\/\/www.delphosmagazine.com\/wp-content\/uploads\/2020\/05\/EDHI_A350-941ACJ_Aleman_Delphos_006.jpg'><img loading=\"lazy\" decoding=\"async\" width=\"150\" height=\"150\" src=\"https:\/\/www.delphosmagazine.com\/wp-content\/uploads\/2020\/05\/EDHI_A350-941ACJ_Aleman_Delphos_006-150x150.jpg\" class=\"attachment-thumbnail size-thumbnail\" alt=\"\" \/><\/a>\n\t\t\t<\/div><\/figure><figure class='gallery-item'>\n\t\t\t<div class='gallery-icon landscape'>\n\t\t\t\t<a href='https:\/\/www.delphosmagazine.com\/wp-content\/uploads\/2020\/05\/EDHI_A350-941ACJ_Aleman_Delphos_004.jpg'><img loading=\"lazy\" decoding=\"async\" width=\"150\" height=\"150\" src=\"https:\/\/www.delphosmagazine.com\/wp-content\/uploads\/2020\/05\/EDHI_A350-941ACJ_Aleman_Delphos_004-150x150.jpg\" class=\"attachment-thumbnail size-thumbnail\" alt=\"\" \/><\/a>\n\t\t\t<\/div><\/figure><figure class='gallery-item'>\n\t\t\t<div class='gallery-icon landscape'>\n\t\t\t\t<a href='https:\/\/www.delphosmagazine.com\/wp-content\/uploads\/2020\/05\/EDHI_A350-941ACJ_Aleman_Delphos_005.jpg'><img loading=\"lazy\" decoding=\"async\" width=\"150\" height=\"150\" src=\"https:\/\/www.delphosmagazine.com\/wp-content\/uploads\/2020\/05\/EDHI_A350-941ACJ_Aleman_Delphos_005-150x150.jpg\" class=\"attachment-thumbnail size-thumbnail\" alt=\"\" \/><\/a>\n\t\t\t<\/div><\/figure>\n\t\t<\/div>\n\n<p>En un comunicado el Presidente de ACJ, Benoit Defforge, afirma \u201c<em>El ACJ350 XWB es el m\u00e1s moderno en viajes de largo alcance en aviones privados, con capacidad para trasladar grandes grupos de personas a cualquier parte del mundo sin escalas y con un confort, eficiencia y fiabilidad inigualables<\/em>\u201d.<\/p>\n<p>La entrega oficial de esta aeronave esta prevista para el segundo semestre del 2020, y las entregas de las otras dos aeronaves, esta prevista para el 2022.<\/p>\n<p>Fuente: Airbus.<\/p>\n<p>Fotograf\u00edas: Alejandro Espinoza.<\/p>","protected":false},"excerpt":{"rendered":"<p>El 20 de mayo de 2019, el Estado Alem\u00e1n adquiri\u00f3 tres aeronaves Airbus A350-941, de los slots que le correspond\u00edan inicialmente a Lufthansa, con el objetivo de convertirlos en aeronaves que realicen una serie de funciones gubernamentales, as\u00ed como de transporte de tropas y de evacuaci\u00f3n m\u00e9dica. En la etapa final antes de su entrega [&hellip;]<\/p>\n","protected":false},"author":3,"featured_media":3797,"comment_status":"open","ping_status":"open","sticky":false,"template":"","format":"standard","meta":{"footnotes":""},"categories":[3,84,4,26],"tags":[59,58,60,61],"class_list":{"0":"post-3792","1":"post","2":"type-post","3":"status-publish","4":"format-standard","5":"has-post-thumbnail","7":"category-aviacion","8":"category-aviacion-ejecutiva","9":"category-aviacion-militar","10":"category-destacados","11":"tag-a350","12":"tag-airbus-a350","13":"tag-estado-aleman","14":"tag-hamburgo"},"yoast_head":"<!-- This site is optimized with the Yoast SEO plugin v26.5 - https:\/\/yoast.com\/wordpress\/plugins\/seo\/ -->\n<title>Primer Airbus A350-941ACJ adquirido para el Estado Alem\u00e1n | Delphos Magazine<\/title>\n<meta name=\"description\" content=\"Delphos Magazine es el principal medio de prensa generador y proveedor de contenidos aeron\u00e1uticos y de defensa de Latinoam\u00e9rica y el mundo\" \/>\n<meta name=\"robots\" content=\"index, follow, max-snippet:-1, max-image-preview:large, max-video-preview:-1\" \/>\n<link rel=\"canonical\" href=\"https:\/\/www.delphosmagazine.com\/en\/primer-airbus-a350-941acj-adquirido-para-el-estado-aleman\/\" \/>\n<meta property=\"og:locale\" content=\"en_US\" \/>\n<meta property=\"og:type\" content=\"article\" \/>\n<meta property=\"og:title\" content=\"Primer Airbus A350-941ACJ adquirido para el Estado Alem\u00e1n | Delphos Magazine\" \/>\n<meta property=\"og:description\" content=\"Delphos Magazine es el principal medio de prensa generador y proveedor de contenidos aeron\u00e1uticos y de defensa de Latinoam\u00e9rica y el mundo\" \/>\n<meta property=\"og:url\" content=\"https:\/\/www.delphosmagazine.com\/en\/primer-airbus-a350-941acj-adquirido-para-el-estado-aleman\/\" \/>\n<meta property=\"og:site_name\" content=\"Delphos Magazine\" \/>\n<meta property=\"article:published_time\" content=\"2020-05-07T18:48:57+00:00\" \/>\n<meta property=\"article:modified_time\" content=\"2020-05-28T21:36:17+00:00\" \/>\n<meta property=\"og:image\" content=\"https:\/\/www.delphosmagazine.com\/wp-content\/uploads\/2020\/05\/EDHI_A350-941ACJ_Aleman_Delphos_004.jpg\" \/>\n\t<meta property=\"og:image:width\" content=\"2000\" \/>\n\t<meta property=\"og:image:height\" content=\"1333\" \/>\n\t<meta property=\"og:image:type\" content=\"image\/jpeg\" \/>\n<meta name=\"author\" content=\"Varitech\" \/>\n<meta name=\"twitter:card\" content=\"summary_large_image\" \/>\n<meta name=\"twitter:label1\" content=\"Written by\" \/>\n\t<meta name=\"twitter:data1\" content=\"Varitech\" \/>\n\t<meta name=\"twitter:label2\" content=\"Est. reading time\" \/>\n\t<meta name=\"twitter:data2\" content=\"1 minute\" \/>\n<script type=\"application\/ld+json\" class=\"yoast-schema-graph\">{\"@context\":\"https:\/\/schema.org\",\"@graph\":[{\"@type\":\"Article\",\"@id\":\"https:\/\/www.delphosmagazine.com\/primer-airbus-a350-941acj-adquirido-para-el-estado-aleman\/#article\",\"isPartOf\":{\"@id\":\"https:\/\/www.delphosmagazine.com\/primer-airbus-a350-941acj-adquirido-para-el-estado-aleman\/\"},\"author\":{\"name\":\"Varitech\",\"@id\":\"https:\/\/www.delphosmagazine.com\/#\/schema\/person\/ca31ea697fc6c143e0d63be58c577e6b\"},\"headline\":\"Primer Airbus A350-941ACJ adquirido para el Estado Alem\u00e1n\",\"datePublished\":\"2020-05-07T18:48:57+00:00\",\"dateModified\":\"2020-05-28T21:36:17+00:00\",\"mainEntityOfPage\":{\"@id\":\"https:\/\/www.delphosmagazine.com\/primer-airbus-a350-941acj-adquirido-para-el-estado-aleman\/\"},\"wordCount\":273,\"commentCount\":0,\"publisher\":{\"@id\":\"https:\/\/www.delphosmagazine.com\/#organization\"},\"image\":{\"@id\":\"https:\/\/www.delphosmagazine.com\/primer-airbus-a350-941acj-adquirido-para-el-estado-aleman\/#primaryimage\"},\"thumbnailUrl\":\"https:\/\/www.delphosmagazine.com\/wp-content\/uploads\/2020\/05\/EDHI_A350-941ACJ_Aleman_Delphos_004.jpg\",\"keywords\":[\"A350\",\"Airbus A350\",\"Estado Alem\u00e1n\",\"Hamburgo\"],\"articleSection\":[\"Aviaci\u00f3n\",\"Aviaci\u00f3n Ejecutiva\",\"Aviaci\u00f3n Militar\",\"Destacados\"],\"inLanguage\":\"en-US\",\"potentialAction\":[{\"@type\":\"CommentAction\",\"name\":\"Comment\",\"target\":[\"https:\/\/www.delphosmagazine.com\/primer-airbus-a350-941acj-adquirido-para-el-estado-aleman\/#respond\"]}]},{\"@type\":\"WebPage\",\"@id\":\"https:\/\/www.delphosmagazine.com\/primer-airbus-a350-941acj-adquirido-para-el-estado-aleman\/\",\"url\":\"https:\/\/www.delphosmagazine.com\/primer-airbus-a350-941acj-adquirido-para-el-estado-aleman\/\",\"name\":\"Primer Airbus A350-941ACJ adquirido para el Estado Alem\u00e1n | Delphos Magazine\",\"isPartOf\":{\"@id\":\"https:\/\/www.delphosmagazine.com\/#website\"},\"primaryImageOfPage\":{\"@id\":\"https:\/\/www.delphosmagazine.com\/primer-airbus-a350-941acj-adquirido-para-el-estado-aleman\/#primaryimage\"},\"image\":{\"@id\":\"https:\/\/www.delphosmagazine.com\/primer-airbus-a350-941acj-adquirido-para-el-estado-aleman\/#primaryimage\"},\"thumbnailUrl\":\"https:\/\/www.delphosmagazine.com\/wp-content\/uploads\/2020\/05\/EDHI_A350-941ACJ_Aleman_Delphos_004.jpg\",\"datePublished\":\"2020-05-07T18:48:57+00:00\",\"dateModified\":\"2020-05-28T21:36:17+00:00\",\"description\":\"Delphos Magazine es el principal medio de prensa generador y proveedor de contenidos aeron\u00e1uticos y de defensa de Latinoam\u00e9rica y el mundo\",\"breadcrumb\":{\"@id\":\"https:\/\/www.delphosmagazine.com\/primer-airbus-a350-941acj-adquirido-para-el-estado-aleman\/#breadcrumb\"},\"inLanguage\":\"en-US\",\"potentialAction\":[{\"@type\":\"ReadAction\",\"target\":[\"https:\/\/www.delphosmagazine.com\/primer-airbus-a350-941acj-adquirido-para-el-estado-aleman\/\"]}]},{\"@type\":\"ImageObject\",\"inLanguage\":\"en-US\",\"@id\":\"https:\/\/www.delphosmagazine.com\/primer-airbus-a350-941acj-adquirido-para-el-estado-aleman\/#primaryimage\",\"url\":\"https:\/\/www.delphosmagazine.com\/wp-content\/uploads\/2020\/05\/EDHI_A350-941ACJ_Aleman_Delphos_004.jpg\",\"contentUrl\":\"https:\/\/www.delphosmagazine.com\/wp-content\/uploads\/2020\/05\/EDHI_A350-941ACJ_Aleman_Delphos_004.jpg\",\"width\":2000,\"height\":1333},{\"@type\":\"BreadcrumbList\",\"@id\":\"https:\/\/www.delphosmagazine.com\/primer-airbus-a350-941acj-adquirido-para-el-estado-aleman\/#breadcrumb\",\"itemListElement\":[{\"@type\":\"ListItem\",\"position\":1,\"name\":\"Portada\",\"item\":\"https:\/\/www.delphosmagazine.com\/\"},{\"@type\":\"ListItem\",\"position\":2,\"name\":\"Primer Airbus A350-941ACJ adquirido para el Estado Alem\u00e1n\"}]},{\"@type\":\"WebSite\",\"@id\":\"https:\/\/www.delphosmagazine.com\/#website\",\"url\":\"https:\/\/www.delphosmagazine.com\/\",\"name\":\"Delphos Magazine\",\"description\":\"principal medio de prensa generador y proveedor de contenidos aeron\u00e1uticos y de defensa de Latinoam\u00e9rica y el mundo\",\"publisher\":{\"@id\":\"https:\/\/www.delphosmagazine.com\/#organization\"},\"potentialAction\":[{\"@type\":\"SearchAction\",\"target\":{\"@type\":\"EntryPoint\",\"urlTemplate\":\"https:\/\/www.delphosmagazine.com\/?s={search_term_string}\"},\"query-input\":{\"@type\":\"PropertyValueSpecification\",\"valueRequired\":true,\"valueName\":\"search_term_string\"}}],\"inLanguage\":\"en-US\"},{\"@type\":\"Organization\",\"@id\":\"https:\/\/www.delphosmagazine.com\/#organization\",\"name\":\"Delphos Magazine\",\"url\":\"https:\/\/www.delphosmagazine.com\/\",\"logo\":{\"@type\":\"ImageObject\",\"inLanguage\":\"en-US\",\"@id\":\"https:\/\/www.delphosmagazine.com\/#\/schema\/logo\/image\/\",\"url\":\"https:\/\/www.delphosmagazine.com\/wp-content\/uploads\/2020\/10\/logo-negro.jpg\",\"contentUrl\":\"https:\/\/www.delphosmagazine.com\/wp-content\/uploads\/2020\/10\/logo-negro.jpg\",\"width\":872,\"height\":202,\"caption\":\"Delphos Magazine\"},\"image\":{\"@id\":\"https:\/\/www.delphosmagazine.com\/#\/schema\/logo\/image\/\"}},{\"@type\":\"Person\",\"@id\":\"https:\/\/www.delphosmagazine.com\/#\/schema\/person\/ca31ea697fc6c143e0d63be58c577e6b\",\"name\":\"Varitech\",\"image\":{\"@type\":\"ImageObject\",\"inLanguage\":\"en-US\",\"@id\":\"https:\/\/www.delphosmagazine.com\/#\/schema\/person\/image\/\",\"url\":\"https:\/\/secure.gravatar.com\/avatar\/a9943634b30ae329f1a041bbbee525de?s=96&d=mm&r=g\",\"contentUrl\":\"https:\/\/secure.gravatar.com\/avatar\/a9943634b30ae329f1a041bbbee525de?s=96&d=mm&r=g\",\"caption\":\"Varitech\"},\"url\":\"https:\/\/www.delphosmagazine.com\/en\/author\/carlos-valle\/\"}]}<\/script>\n<!-- \/ Yoast SEO plugin. -->","yoast_head_json":{"title":"Primer Airbus A350-941ACJ adquirido para el Estado Alem\u00e1n | Delphos Magazine","description":"Delphos Magazine es el principal medio de prensa generador y proveedor de contenidos aeron\u00e1uticos y de defensa de Latinoam\u00e9rica y el mundo","robots":{"index":"index","follow":"follow","max-snippet":"max-snippet:-1","max-image-preview":"max-image-preview:large","max-video-preview":"max-video-preview:-1"},"canonical":"https:\/\/www.delphosmagazine.com\/en\/primer-airbus-a350-941acj-adquirido-para-el-estado-aleman\/","og_locale":"en_US","og_type":"article","og_title":"Primer Airbus A350-941ACJ adquirido para el Estado Alem\u00e1n | Delphos Magazine","og_description":"Delphos Magazine es el principal medio de prensa generador y proveedor de contenidos aeron\u00e1uticos y de defensa de Latinoam\u00e9rica y el mundo","og_url":"https:\/\/www.delphosmagazine.com\/en\/primer-airbus-a350-941acj-adquirido-para-el-estado-aleman\/","og_site_name":"Delphos Magazine","article_published_time":"2020-05-07T18:48:57+00:00","article_modified_time":"2020-05-28T21:36:17+00:00","og_image":[{"width":2000,"height":1333,"url":"https:\/\/www.delphosmagazine.com\/wp-content\/uploads\/2020\/05\/EDHI_A350-941ACJ_Aleman_Delphos_004.jpg","type":"image\/jpeg"}],"author":"Varitech","twitter_card":"summary_large_image","twitter_misc":{"Written by":"Varitech","Est. reading time":"1 minute"},"schema":{"@context":"https:\/\/schema.org","@graph":[{"@type":"Article","@id":"https:\/\/www.delphosmagazine.com\/primer-airbus-a350-941acj-adquirido-para-el-estado-aleman\/#article","isPartOf":{"@id":"https:\/\/www.delphosmagazine.com\/primer-airbus-a350-941acj-adquirido-para-el-estado-aleman\/"},"author":{"name":"Varitech","@id":"https:\/\/www.delphosmagazine.com\/#\/schema\/person\/ca31ea697fc6c143e0d63be58c577e6b"},"headline":"Primer Airbus A350-941ACJ adquirido para el Estado Alem\u00e1n","datePublished":"2020-05-07T18:48:57+00:00","dateModified":"2020-05-28T21:36:17+00:00","mainEntityOfPage":{"@id":"https:\/\/www.delphosmagazine.com\/primer-airbus-a350-941acj-adquirido-para-el-estado-aleman\/"},"wordCount":273,"commentCount":0,"publisher":{"@id":"https:\/\/www.delphosmagazine.com\/#organization"},"image":{"@id":"https:\/\/www.delphosmagazine.com\/primer-airbus-a350-941acj-adquirido-para-el-estado-aleman\/#primaryimage"},"thumbnailUrl":"https:\/\/www.delphosmagazine.com\/wp-content\/uploads\/2020\/05\/EDHI_A350-941ACJ_Aleman_Delphos_004.jpg","keywords":["A350","Airbus A350","Estado Alem\u00e1n","Hamburgo"],"articleSection":["Aviaci\u00f3n","Aviaci\u00f3n Ejecutiva","Aviaci\u00f3n Militar","Destacados"],"inLanguage":"en-US","potentialAction":[{"@type":"CommentAction","name":"Comment","target":["https:\/\/www.delphosmagazine.com\/primer-airbus-a350-941acj-adquirido-para-el-estado-aleman\/#respond"]}]},{"@type":"WebPage","@id":"https:\/\/www.delphosmagazine.com\/primer-airbus-a350-941acj-adquirido-para-el-estado-aleman\/","url":"https:\/\/www.delphosmagazine.com\/primer-airbus-a350-941acj-adquirido-para-el-estado-aleman\/","name":"Primer Airbus A350-941ACJ adquirido para el Estado Alem\u00e1n | Delphos Magazine","isPartOf":{"@id":"https:\/\/www.delphosmagazine.com\/#website"},"primaryImageOfPage":{"@id":"https:\/\/www.delphosmagazine.com\/primer-airbus-a350-941acj-adquirido-para-el-estado-aleman\/#primaryimage"},"image":{"@id":"https:\/\/www.delphosmagazine.com\/primer-airbus-a350-941acj-adquirido-para-el-estado-aleman\/#primaryimage"},"thumbnailUrl":"https:\/\/www.delphosmagazine.com\/wp-content\/uploads\/2020\/05\/EDHI_A350-941ACJ_Aleman_Delphos_004.jpg","datePublished":"2020-05-07T18:48:57+00:00","dateModified":"2020-05-28T21:36:17+00:00","description":"Delphos Magazine es el principal medio de prensa generador y proveedor de contenidos aeron\u00e1uticos y de defensa de Latinoam\u00e9rica y el mundo","breadcrumb":{"@id":"https:\/\/www.delphosmagazine.com\/primer-airbus-a350-941acj-adquirido-para-el-estado-aleman\/#breadcrumb"},"inLanguage":"en-US","potentialAction":[{"@type":"ReadAction","target":["https:\/\/www.delphosmagazine.com\/primer-airbus-a350-941acj-adquirido-para-el-estado-aleman\/"]}]},{"@type":"ImageObject","inLanguage":"en-US","@id":"https:\/\/www.delphosmagazine.com\/primer-airbus-a350-941acj-adquirido-para-el-estado-aleman\/#primaryimage","url":"https:\/\/www.delphosmagazine.com\/wp-content\/uploads\/2020\/05\/EDHI_A350-941ACJ_Aleman_Delphos_004.jpg","contentUrl":"https:\/\/www.delphosmagazine.com\/wp-content\/uploads\/2020\/05\/EDHI_A350-941ACJ_Aleman_Delphos_004.jpg","width":2000,"height":1333},{"@type":"BreadcrumbList","@id":"https:\/\/www.delphosmagazine.com\/primer-airbus-a350-941acj-adquirido-para-el-estado-aleman\/#breadcrumb","itemListElement":[{"@type":"ListItem","position":1,"name":"Portada","item":"https:\/\/www.delphosmagazine.com\/"},{"@type":"ListItem","position":2,"name":"Primer Airbus A350-941ACJ adquirido para el Estado Alem\u00e1n"}]},{"@type":"WebSite","@id":"https:\/\/www.delphosmagazine.com\/#website","url":"https:\/\/www.delphosmagazine.com\/","name":"Delphos Magazine","description":"principal medio de prensa generador y proveedor de contenidos aeron\u00e1uticos y de defensa de Latinoam\u00e9rica y el mundo","publisher":{"@id":"https:\/\/www.delphosmagazine.com\/#organization"},"potentialAction":[{"@type":"SearchAction","target":{"@type":"EntryPoint","urlTemplate":"https:\/\/www.delphosmagazine.com\/?s={search_term_string}"},"query-input":{"@type":"PropertyValueSpecification","valueRequired":true,"valueName":"search_term_string"}}],"inLanguage":"en-US"},{"@type":"Organization","@id":"https:\/\/www.delphosmagazine.com\/#organization","name":"Delphos Magazine","url":"https:\/\/www.delphosmagazine.com\/","logo":{"@type":"ImageObject","inLanguage":"en-US","@id":"https:\/\/www.delphosmagazine.com\/#\/schema\/logo\/image\/","url":"https:\/\/www.delphosmagazine.com\/wp-content\/uploads\/2020\/10\/logo-negro.jpg","contentUrl":"https:\/\/www.delphosmagazine.com\/wp-content\/uploads\/2020\/10\/logo-negro.jpg","width":872,"height":202,"caption":"Delphos Magazine"},"image":{"@id":"https:\/\/www.delphosmagazine.com\/#\/schema\/logo\/image\/"}},{"@type":"Person","@id":"https:\/\/www.delphosmagazine.com\/#\/schema\/person\/ca31ea697fc6c143e0d63be58c577e6b","name":"Varitech","image":{"@type":"ImageObject","inLanguage":"en-US","@id":"https:\/\/www.delphosmagazine.com\/#\/schema\/person\/image\/","url":"https:\/\/secure.gravatar.com\/avatar\/a9943634b30ae329f1a041bbbee525de?s=96&d=mm&r=g","contentUrl":"https:\/\/secure.gravatar.com\/avatar\/a9943634b30ae329f1a041bbbee525de?s=96&d=mm&r=g","caption":"Varitech"},"url":"https:\/\/www.delphosmagazine.com\/en\/author\/carlos-valle\/"}]}},"_links":{"self":[{"href":"https:\/\/www.delphosmagazine.com\/en\/wp-json\/wp\/v2\/posts\/3792","targetHints":{"allow":["GET"]}}],"collection":[{"href":"https:\/\/www.delphosmagazine.com\/en\/wp-json\/wp\/v2\/posts"}],"about":[{"href":"https:\/\/www.delphosmagazine.com\/en\/wp-json\/wp\/v2\/types\/post"}],"author":[{"embeddable":true,"href":"https:\/\/www.delphosmagazine.com\/en\/wp-json\/wp\/v2\/users\/3"}],"replies":[{"embeddable":true,"href":"https:\/\/www.delphosmagazine.com\/en\/wp-json\/wp\/v2\/comments?post=3792"}],"version-history":[{"count":0,"href":"https:\/\/www.delphosmagazine.com\/en\/wp-json\/wp\/v2\/posts\/3792\/revisions"}],"wp:featuredmedia":[{"embeddable":true,"href":"https:\/\/www.delphosmagazine.com\/en\/wp-json\/wp\/v2\/media\/3797"}],"wp:attachment":[{"href":"https:\/\/www.delphosmagazine.com\/en\/wp-json\/wp\/v2\/media?parent=3792"}],"wp:term":[{"taxonomy":"category","embeddable":true,"href":"https:\/\/www.delphosmagazine.com\/en\/wp-json\/wp\/v2\/categories?post=3792"},{"taxonomy":"post_tag","embeddable":true,"href":"https:\/\/www.delphosmagazine.com\/en\/wp-json\/wp\/v2\/tags?post=3792"}],"curies":[{"name":"wp","href":"https:\/\/api.w.org\/{rel}","templated":true}]}}