{"id":3458,"date":"2020-01-14T19:54:05","date_gmt":"2020-01-14T22:54:05","guid":{"rendered":"https:\/\/www.delphosmagazine.com\/?p=3458"},"modified":"2020-05-28T19:41:20","modified_gmt":"2020-05-28T22:41:20","slug":"la-fach-realizo-traslado-de-corazon-desde-temuco-a-santiago","status":"publish","type":"post","link":"https:\/\/www.delphosmagazine.com\/en\/la-fach-realizo-traslado-de-corazon-desde-temuco-a-santiago\/","title":{"rendered":"LA FACH REALIZ\u00d3 TRASLADO DE CORAZ\u00d3N  DESDE TEMUCO A SANTIAGO"},"content":{"rendered":"<p style=\"font-weight: 400;\">La Fuerza A\u00e9rea de Chile informa que durante la tarde del lunes 13 de enero realiz\u00f3 de manera exitosa el traslado de un coraz\u00f3n, desde el Hospital Regional en Temuco hasta Santiago. El traslado se efectu\u00f3 gracias a las capacidades polivalentes de sus medios, en esta oportunidad de la aeronave GIV de dotaci\u00f3n de II\u00aa Brigada A\u00e9rea, en un operativo conjunto con Carabineros de Chile.<\/p>\n<p style=\"font-weight: 400;\">Es preciso consignar que este operativo se inici\u00f3 con el traslado del equipo m\u00e9dico del Hospital del T\u00f3rax hasta la capital regional de la Araucan\u00eda, quienes fueron los encargados del procedimiento de extracci\u00f3n de dicho \u00f3rgano. Con este proceso concluido, el coraz\u00f3n fue trasladado hasta la Base A\u00e9rea Pudahuel, y desde all\u00ed derivado en un helic\u00f3ptero de Carabineros hasta la Posta Central, para su posterior trasplante en el Instituto Nacional del T\u00f3rax.<\/p>\n<p style=\"font-weight: 400;\">La Fuerza A\u00e9rea se mantiene con sus medios humanos y materiales disponible los 365 d\u00edas del a\u00f1o a fin de brindar apoyo humanitario a la comunidad, tal como en esta oportunidad, con la materializaci\u00f3n del traslado de un equipo m\u00e9dico y de \u00f3rgano<\/p>\n<div id='gallery-1' class='gallery galleryid-3458 gallery-columns-3 gallery-size-medium'><figure class='gallery-item'>\n\t\t\t<div class='gallery-icon landscape'>\n\t\t\t\t<a href='https:\/\/www.delphosmagazine.com\/wp-content\/uploads\/2020\/01\/2-9.jpg'><img loading=\"lazy\" decoding=\"async\" width=\"300\" height=\"200\" src=\"https:\/\/www.delphosmagazine.com\/wp-content\/uploads\/2020\/01\/2-9-300x200.jpg\" class=\"attachment-medium size-medium\" alt=\"\" srcset=\"https:\/\/www.delphosmagazine.com\/wp-content\/uploads\/2020\/01\/2-9-300x200.jpg 300w, https:\/\/www.delphosmagazine.com\/wp-content\/uploads\/2020\/01\/2-9-768x513.jpg 768w, https:\/\/www.delphosmagazine.com\/wp-content\/uploads\/2020\/01\/2-9-90x60.jpg 90w, https:\/\/www.delphosmagazine.com\/wp-content\/uploads\/2020\/01\/2-9-180x120.jpg 180w, https:\/\/www.delphosmagazine.com\/wp-content\/uploads\/2020\/01\/2-9-95x64.jpg 95w, https:\/\/www.delphosmagazine.com\/wp-content\/uploads\/2020\/01\/2-9.jpg 1000w\" sizes=\"auto, (max-width: 300px) 100vw, 300px\" \/><\/a>\n\t\t\t<\/div><\/figure><figure class='gallery-item'>\n\t\t\t<div class='gallery-icon landscape'>\n\t\t\t\t<a href='https:\/\/www.delphosmagazine.com\/wp-content\/uploads\/2020\/01\/1-21.jpg'><img loading=\"lazy\" decoding=\"async\" width=\"300\" height=\"200\" src=\"https:\/\/www.delphosmagazine.com\/wp-content\/uploads\/2020\/01\/1-21-300x200.jpg\" class=\"attachment-medium size-medium\" alt=\"\" srcset=\"https:\/\/www.delphosmagazine.com\/wp-content\/uploads\/2020\/01\/1-21-300x200.jpg 300w, https:\/\/www.delphosmagazine.com\/wp-content\/uploads\/2020\/01\/1-21-768x512.jpg 768w, https:\/\/www.delphosmagazine.com\/wp-content\/uploads\/2020\/01\/1-21-150x100.jpg 150w, https:\/\/www.delphosmagazine.com\/wp-content\/uploads\/2020\/01\/1-21-696x464.jpg 696w, https:\/\/www.delphosmagazine.com\/wp-content\/uploads\/2020\/01\/1-21.jpg 1000w\" sizes=\"auto, (max-width: 300px) 100vw, 300px\" \/><\/a>\n\t\t\t<\/div><\/figure>\n\t\t<\/div>\n\n<p>Fuente: FACh<\/p>","protected":false},"excerpt":{"rendered":"<p>La Fuerza A\u00e9rea de Chile informa que durante la tarde del lunes 13 de enero realiz\u00f3 de manera exitosa el traslado de un coraz\u00f3n, desde el Hospital Regional en Temuco hasta Santiago. El traslado se efectu\u00f3 gracias a las capacidades polivalentes de sus medios, en esta oportunidad de la aeronave GIV de dotaci\u00f3n de II\u00aa [&hellip;]<\/p>\n","protected":false},"author":2,"featured_media":3460,"comment_status":"closed","ping_status":"open","sticky":false,"template":"","format":"standard","meta":{"footnotes":""},"categories":[3,4,7,26,40],"tags":[],"class_list":{"0":"post-3458","1":"post","2":"type-post","3":"status-publish","4":"format-standard","5":"has-post-thumbnail","7":"category-aviacion","8":"category-aviacion-militar","9":"category-defensa","10":"category-destacados","11":"category-aviacion-defensa"},"yoast_head":"<!-- This site is optimized with the Yoast SEO plugin v26.5 - https:\/\/yoast.com\/wordpress\/plugins\/seo\/ -->\n<title>LA FACH REALIZ\u00d3 TRASLADO DE CORAZ\u00d3N DESDE TEMUCO A SANTIAGO | Delphos Magazine<\/title>\n<meta name=\"description\" content=\"Delphos Magazine es el principal medio de prensa generador y proveedor de contenidos aeron\u00e1uticos y de defensa de Latinoam\u00e9rica y el mundo\" \/>\n<meta name=\"robots\" content=\"index, follow, max-snippet:-1, max-image-preview:large, max-video-preview:-1\" \/>\n<link rel=\"canonical\" href=\"https:\/\/www.delphosmagazine.com\/en\/la-fach-realizo-traslado-de-corazon-desde-temuco-a-santiago\/\" \/>\n<meta property=\"og:locale\" content=\"en_US\" \/>\n<meta property=\"og:type\" content=\"article\" \/>\n<meta property=\"og:title\" content=\"LA FACH REALIZ\u00d3 TRASLADO DE CORAZ\u00d3N DESDE TEMUCO A SANTIAGO | Delphos Magazine\" \/>\n<meta property=\"og:description\" content=\"Delphos Magazine es el principal medio de prensa generador y proveedor de contenidos aeron\u00e1uticos y de defensa de Latinoam\u00e9rica y el mundo\" \/>\n<meta property=\"og:url\" content=\"https:\/\/www.delphosmagazine.com\/en\/la-fach-realizo-traslado-de-corazon-desde-temuco-a-santiago\/\" \/>\n<meta property=\"og:site_name\" content=\"Delphos Magazine\" \/>\n<meta property=\"article:published_time\" content=\"2020-01-14T22:54:05+00:00\" \/>\n<meta property=\"article:modified_time\" content=\"2020-05-28T22:41:20+00:00\" \/>\n<meta property=\"og:image\" content=\"https:\/\/www.delphosmagazine.com\/wp-content\/uploads\/2020\/01\/1-21.jpg\" \/>\n\t<meta property=\"og:image:width\" content=\"1000\" \/>\n\t<meta property=\"og:image:height\" content=\"667\" \/>\n\t<meta property=\"og:image:type\" content=\"image\/jpeg\" \/>\n<meta name=\"author\" content=\"Delphos Magazine\" \/>\n<meta name=\"twitter:card\" content=\"summary_large_image\" \/>\n<meta name=\"twitter:label1\" content=\"Written by\" \/>\n\t<meta name=\"twitter:data1\" content=\"Delphos Magazine\" \/>\n\t<meta name=\"twitter:label2\" content=\"Est. reading time\" \/>\n\t<meta name=\"twitter:data2\" content=\"1 minute\" \/>\n<script type=\"application\/ld+json\" class=\"yoast-schema-graph\">{\"@context\":\"https:\/\/schema.org\",\"@graph\":[{\"@type\":\"Article\",\"@id\":\"https:\/\/www.delphosmagazine.com\/la-fach-realizo-traslado-de-corazon-desde-temuco-a-santiago\/#article\",\"isPartOf\":{\"@id\":\"https:\/\/www.delphosmagazine.com\/la-fach-realizo-traslado-de-corazon-desde-temuco-a-santiago\/\"},\"author\":{\"name\":\"Delphos Magazine\",\"@id\":\"https:\/\/www.delphosmagazine.com\/#\/schema\/person\/975be66d68fbd24bf1cf96e8871defe1\"},\"headline\":\"LA FACH REALIZ\u00d3 TRASLADO DE CORAZ\u00d3N DESDE TEMUCO A SANTIAGO\",\"datePublished\":\"2020-01-14T22:54:05+00:00\",\"dateModified\":\"2020-05-28T22:41:20+00:00\",\"mainEntityOfPage\":{\"@id\":\"https:\/\/www.delphosmagazine.com\/la-fach-realizo-traslado-de-corazon-desde-temuco-a-santiago\/\"},\"wordCount\":214,\"publisher\":{\"@id\":\"https:\/\/www.delphosmagazine.com\/#organization\"},\"image\":{\"@id\":\"https:\/\/www.delphosmagazine.com\/la-fach-realizo-traslado-de-corazon-desde-temuco-a-santiago\/#primaryimage\"},\"thumbnailUrl\":\"https:\/\/www.delphosmagazine.com\/wp-content\/uploads\/2020\/01\/1-21.jpg\",\"articleSection\":[\"Aviaci\u00f3n\",\"Aviaci\u00f3n Militar\",\"Defensa\",\"Destacados\",\"Operaciones A\u00e9reas\"],\"inLanguage\":\"en-US\"},{\"@type\":\"WebPage\",\"@id\":\"https:\/\/www.delphosmagazine.com\/la-fach-realizo-traslado-de-corazon-desde-temuco-a-santiago\/\",\"url\":\"https:\/\/www.delphosmagazine.com\/la-fach-realizo-traslado-de-corazon-desde-temuco-a-santiago\/\",\"name\":\"LA FACH REALIZ\u00d3 TRASLADO DE CORAZ\u00d3N DESDE TEMUCO A SANTIAGO | Delphos Magazine\",\"isPartOf\":{\"@id\":\"https:\/\/www.delphosmagazine.com\/#website\"},\"primaryImageOfPage\":{\"@id\":\"https:\/\/www.delphosmagazine.com\/la-fach-realizo-traslado-de-corazon-desde-temuco-a-santiago\/#primaryimage\"},\"image\":{\"@id\":\"https:\/\/www.delphosmagazine.com\/la-fach-realizo-traslado-de-corazon-desde-temuco-a-santiago\/#primaryimage\"},\"thumbnailUrl\":\"https:\/\/www.delphosmagazine.com\/wp-content\/uploads\/2020\/01\/1-21.jpg\",\"datePublished\":\"2020-01-14T22:54:05+00:00\",\"dateModified\":\"2020-05-28T22:41:20+00:00\",\"description\":\"Delphos Magazine es el principal medio de prensa generador y proveedor de contenidos aeron\u00e1uticos y de defensa de Latinoam\u00e9rica y el mundo\",\"breadcrumb\":{\"@id\":\"https:\/\/www.delphosmagazine.com\/la-fach-realizo-traslado-de-corazon-desde-temuco-a-santiago\/#breadcrumb\"},\"inLanguage\":\"en-US\",\"potentialAction\":[{\"@type\":\"ReadAction\",\"target\":[\"https:\/\/www.delphosmagazine.com\/la-fach-realizo-traslado-de-corazon-desde-temuco-a-santiago\/\"]}]},{\"@type\":\"ImageObject\",\"inLanguage\":\"en-US\",\"@id\":\"https:\/\/www.delphosmagazine.com\/la-fach-realizo-traslado-de-corazon-desde-temuco-a-santiago\/#primaryimage\",\"url\":\"https:\/\/www.delphosmagazine.com\/wp-content\/uploads\/2020\/01\/1-21.jpg\",\"contentUrl\":\"https:\/\/www.delphosmagazine.com\/wp-content\/uploads\/2020\/01\/1-21.jpg\",\"width\":1000,\"height\":667},{\"@type\":\"BreadcrumbList\",\"@id\":\"https:\/\/www.delphosmagazine.com\/la-fach-realizo-traslado-de-corazon-desde-temuco-a-santiago\/#breadcrumb\",\"itemListElement\":[{\"@type\":\"ListItem\",\"position\":1,\"name\":\"Portada\",\"item\":\"https:\/\/www.delphosmagazine.com\/\"},{\"@type\":\"ListItem\",\"position\":2,\"name\":\"LA FACH REALIZ\u00d3 TRASLADO DE CORAZ\u00d3N DESDE TEMUCO A SANTIAGO\"}]},{\"@type\":\"WebSite\",\"@id\":\"https:\/\/www.delphosmagazine.com\/#website\",\"url\":\"https:\/\/www.delphosmagazine.com\/\",\"name\":\"Delphos Magazine\",\"description\":\"principal medio de prensa generador y proveedor de contenidos aeron\u00e1uticos y de defensa de Latinoam\u00e9rica y el mundo\",\"publisher\":{\"@id\":\"https:\/\/www.delphosmagazine.com\/#organization\"},\"potentialAction\":[{\"@type\":\"SearchAction\",\"target\":{\"@type\":\"EntryPoint\",\"urlTemplate\":\"https:\/\/www.delphosmagazine.com\/?s={search_term_string}\"},\"query-input\":{\"@type\":\"PropertyValueSpecification\",\"valueRequired\":true,\"valueName\":\"search_term_string\"}}],\"inLanguage\":\"en-US\"},{\"@type\":\"Organization\",\"@id\":\"https:\/\/www.delphosmagazine.com\/#organization\",\"name\":\"Delphos Magazine\",\"url\":\"https:\/\/www.delphosmagazine.com\/\",\"logo\":{\"@type\":\"ImageObject\",\"inLanguage\":\"en-US\",\"@id\":\"https:\/\/www.delphosmagazine.com\/#\/schema\/logo\/image\/\",\"url\":\"https:\/\/www.delphosmagazine.com\/wp-content\/uploads\/2020\/10\/logo-negro.jpg\",\"contentUrl\":\"https:\/\/www.delphosmagazine.com\/wp-content\/uploads\/2020\/10\/logo-negro.jpg\",\"width\":872,\"height\":202,\"caption\":\"Delphos Magazine\"},\"image\":{\"@id\":\"https:\/\/www.delphosmagazine.com\/#\/schema\/logo\/image\/\"}},{\"@type\":\"Person\",\"@id\":\"https:\/\/www.delphosmagazine.com\/#\/schema\/person\/975be66d68fbd24bf1cf96e8871defe1\",\"name\":\"Delphos Magazine\",\"image\":{\"@type\":\"ImageObject\",\"inLanguage\":\"en-US\",\"@id\":\"https:\/\/www.delphosmagazine.com\/#\/schema\/person\/image\/\",\"url\":\"https:\/\/secure.gravatar.com\/avatar\/2aef69e4112a9a7b4cb49f96c0516035?s=96&d=mm&r=g\",\"contentUrl\":\"https:\/\/secure.gravatar.com\/avatar\/2aef69e4112a9a7b4cb49f96c0516035?s=96&d=mm&r=g\",\"caption\":\"Delphos Magazine\"},\"sameAs\":[\"https:\/\/www.delphosmagazine.com\"],\"url\":\"https:\/\/www.delphosmagazine.com\/en\/author\/delphosmagazine\/\"}]}<\/script>\n<!-- \/ Yoast SEO plugin. -->","yoast_head_json":{"title":"LA FACH REALIZ\u00d3 TRASLADO DE CORAZ\u00d3N DESDE TEMUCO A SANTIAGO | Delphos Magazine","description":"Delphos Magazine es el principal medio de prensa generador y proveedor de contenidos aeron\u00e1uticos y de defensa de Latinoam\u00e9rica y el mundo","robots":{"index":"index","follow":"follow","max-snippet":"max-snippet:-1","max-image-preview":"max-image-preview:large","max-video-preview":"max-video-preview:-1"},"canonical":"https:\/\/www.delphosmagazine.com\/en\/la-fach-realizo-traslado-de-corazon-desde-temuco-a-santiago\/","og_locale":"en_US","og_type":"article","og_title":"LA FACH REALIZ\u00d3 TRASLADO DE CORAZ\u00d3N DESDE TEMUCO A SANTIAGO | Delphos Magazine","og_description":"Delphos Magazine es el principal medio de prensa generador y proveedor de contenidos aeron\u00e1uticos y de defensa de Latinoam\u00e9rica y el mundo","og_url":"https:\/\/www.delphosmagazine.com\/en\/la-fach-realizo-traslado-de-corazon-desde-temuco-a-santiago\/","og_site_name":"Delphos Magazine","article_published_time":"2020-01-14T22:54:05+00:00","article_modified_time":"2020-05-28T22:41:20+00:00","og_image":[{"width":1000,"height":667,"url":"https:\/\/www.delphosmagazine.com\/wp-content\/uploads\/2020\/01\/1-21.jpg","type":"image\/jpeg"}],"author":"Delphos Magazine","twitter_card":"summary_large_image","twitter_misc":{"Written by":"Delphos Magazine","Est. reading time":"1 minute"},"schema":{"@context":"https:\/\/schema.org","@graph":[{"@type":"Article","@id":"https:\/\/www.delphosmagazine.com\/la-fach-realizo-traslado-de-corazon-desde-temuco-a-santiago\/#article","isPartOf":{"@id":"https:\/\/www.delphosmagazine.com\/la-fach-realizo-traslado-de-corazon-desde-temuco-a-santiago\/"},"author":{"name":"Delphos Magazine","@id":"https:\/\/www.delphosmagazine.com\/#\/schema\/person\/975be66d68fbd24bf1cf96e8871defe1"},"headline":"LA FACH REALIZ\u00d3 TRASLADO DE CORAZ\u00d3N DESDE TEMUCO A SANTIAGO","datePublished":"2020-01-14T22:54:05+00:00","dateModified":"2020-05-28T22:41:20+00:00","mainEntityOfPage":{"@id":"https:\/\/www.delphosmagazine.com\/la-fach-realizo-traslado-de-corazon-desde-temuco-a-santiago\/"},"wordCount":214,"publisher":{"@id":"https:\/\/www.delphosmagazine.com\/#organization"},"image":{"@id":"https:\/\/www.delphosmagazine.com\/la-fach-realizo-traslado-de-corazon-desde-temuco-a-santiago\/#primaryimage"},"thumbnailUrl":"https:\/\/www.delphosmagazine.com\/wp-content\/uploads\/2020\/01\/1-21.jpg","articleSection":["Aviaci\u00f3n","Aviaci\u00f3n Militar","Defensa","Destacados","Operaciones A\u00e9reas"],"inLanguage":"en-US"},{"@type":"WebPage","@id":"https:\/\/www.delphosmagazine.com\/la-fach-realizo-traslado-de-corazon-desde-temuco-a-santiago\/","url":"https:\/\/www.delphosmagazine.com\/la-fach-realizo-traslado-de-corazon-desde-temuco-a-santiago\/","name":"LA FACH REALIZ\u00d3 TRASLADO DE CORAZ\u00d3N DESDE TEMUCO A SANTIAGO | Delphos Magazine","isPartOf":{"@id":"https:\/\/www.delphosmagazine.com\/#website"},"primaryImageOfPage":{"@id":"https:\/\/www.delphosmagazine.com\/la-fach-realizo-traslado-de-corazon-desde-temuco-a-santiago\/#primaryimage"},"image":{"@id":"https:\/\/www.delphosmagazine.com\/la-fach-realizo-traslado-de-corazon-desde-temuco-a-santiago\/#primaryimage"},"thumbnailUrl":"https:\/\/www.delphosmagazine.com\/wp-content\/uploads\/2020\/01\/1-21.jpg","datePublished":"2020-01-14T22:54:05+00:00","dateModified":"2020-05-28T22:41:20+00:00","description":"Delphos Magazine es el principal medio de prensa generador y proveedor de contenidos aeron\u00e1uticos y de defensa de Latinoam\u00e9rica y el mundo","breadcrumb":{"@id":"https:\/\/www.delphosmagazine.com\/la-fach-realizo-traslado-de-corazon-desde-temuco-a-santiago\/#breadcrumb"},"inLanguage":"en-US","potentialAction":[{"@type":"ReadAction","target":["https:\/\/www.delphosmagazine.com\/la-fach-realizo-traslado-de-corazon-desde-temuco-a-santiago\/"]}]},{"@type":"ImageObject","inLanguage":"en-US","@id":"https:\/\/www.delphosmagazine.com\/la-fach-realizo-traslado-de-corazon-desde-temuco-a-santiago\/#primaryimage","url":"https:\/\/www.delphosmagazine.com\/wp-content\/uploads\/2020\/01\/1-21.jpg","contentUrl":"https:\/\/www.delphosmagazine.com\/wp-content\/uploads\/2020\/01\/1-21.jpg","width":1000,"height":667},{"@type":"BreadcrumbList","@id":"https:\/\/www.delphosmagazine.com\/la-fach-realizo-traslado-de-corazon-desde-temuco-a-santiago\/#breadcrumb","itemListElement":[{"@type":"ListItem","position":1,"name":"Portada","item":"https:\/\/www.delphosmagazine.com\/"},{"@type":"ListItem","position":2,"name":"LA FACH REALIZ\u00d3 TRASLADO DE CORAZ\u00d3N DESDE TEMUCO A SANTIAGO"}]},{"@type":"WebSite","@id":"https:\/\/www.delphosmagazine.com\/#website","url":"https:\/\/www.delphosmagazine.com\/","name":"Delphos Magazine","description":"principal medio de prensa generador y proveedor de contenidos aeron\u00e1uticos y de defensa de Latinoam\u00e9rica y el mundo","publisher":{"@id":"https:\/\/www.delphosmagazine.com\/#organization"},"potentialAction":[{"@type":"SearchAction","target":{"@type":"EntryPoint","urlTemplate":"https:\/\/www.delphosmagazine.com\/?s={search_term_string}"},"query-input":{"@type":"PropertyValueSpecification","valueRequired":true,"valueName":"search_term_string"}}],"inLanguage":"en-US"},{"@type":"Organization","@id":"https:\/\/www.delphosmagazine.com\/#organization","name":"Delphos Magazine","url":"https:\/\/www.delphosmagazine.com\/","logo":{"@type":"ImageObject","inLanguage":"en-US","@id":"https:\/\/www.delphosmagazine.com\/#\/schema\/logo\/image\/","url":"https:\/\/www.delphosmagazine.com\/wp-content\/uploads\/2020\/10\/logo-negro.jpg","contentUrl":"https:\/\/www.delphosmagazine.com\/wp-content\/uploads\/2020\/10\/logo-negro.jpg","width":872,"height":202,"caption":"Delphos Magazine"},"image":{"@id":"https:\/\/www.delphosmagazine.com\/#\/schema\/logo\/image\/"}},{"@type":"Person","@id":"https:\/\/www.delphosmagazine.com\/#\/schema\/person\/975be66d68fbd24bf1cf96e8871defe1","name":"Delphos Magazine","image":{"@type":"ImageObject","inLanguage":"en-US","@id":"https:\/\/www.delphosmagazine.com\/#\/schema\/person\/image\/","url":"https:\/\/secure.gravatar.com\/avatar\/2aef69e4112a9a7b4cb49f96c0516035?s=96&d=mm&r=g","contentUrl":"https:\/\/secure.gravatar.com\/avatar\/2aef69e4112a9a7b4cb49f96c0516035?s=96&d=mm&r=g","caption":"Delphos Magazine"},"sameAs":["https:\/\/www.delphosmagazine.com"],"url":"https:\/\/www.delphosmagazine.com\/en\/author\/delphosmagazine\/"}]}},"_links":{"self":[{"href":"https:\/\/www.delphosmagazine.com\/en\/wp-json\/wp\/v2\/posts\/3458","targetHints":{"allow":["GET"]}}],"collection":[{"href":"https:\/\/www.delphosmagazine.com\/en\/wp-json\/wp\/v2\/posts"}],"about":[{"href":"https:\/\/www.delphosmagazine.com\/en\/wp-json\/wp\/v2\/types\/post"}],"author":[{"embeddable":true,"href":"https:\/\/www.delphosmagazine.com\/en\/wp-json\/wp\/v2\/users\/2"}],"replies":[{"embeddable":true,"href":"https:\/\/www.delphosmagazine.com\/en\/wp-json\/wp\/v2\/comments?post=3458"}],"version-history":[{"count":0,"href":"https:\/\/www.delphosmagazine.com\/en\/wp-json\/wp\/v2\/posts\/3458\/revisions"}],"wp:featuredmedia":[{"embeddable":true,"href":"https:\/\/www.delphosmagazine.com\/en\/wp-json\/wp\/v2\/media\/3460"}],"wp:attachment":[{"href":"https:\/\/www.delphosmagazine.com\/en\/wp-json\/wp\/v2\/media?parent=3458"}],"wp:term":[{"taxonomy":"category","embeddable":true,"href":"https:\/\/www.delphosmagazine.com\/en\/wp-json\/wp\/v2\/categories?post=3458"},{"taxonomy":"post_tag","embeddable":true,"href":"https:\/\/www.delphosmagazine.com\/en\/wp-json\/wp\/v2\/tags?post=3458"}],"curies":[{"name":"wp","href":"https:\/\/api.w.org\/{rel}","templated":true}]}}