{"id":3292,"date":"2019-11-15T18:54:41","date_gmt":"2019-11-15T21:54:41","guid":{"rendered":"https:\/\/www.delphosmagazine.com\/?p=3292"},"modified":"2020-05-29T14:23:31","modified_gmt":"2020-05-29T17:23:31","slug":"fach-apoyo-con-medios-aereos-combate-al-incendio-en-sector-de-placilla","status":"publish","type":"post","link":"https:\/\/www.delphosmagazine.com\/en\/fach-apoyo-con-medios-aereos-combate-al-incendio-en-sector-de-placilla\/","title":{"rendered":"FACH APOY\u00d3 CON MEDIOS \u00c1EREOS COMBATE AL INCENDIO EN SECTOR DE PLACILLA"},"content":{"rendered":"<p style=\"font-weight: 400;\">La Fuerza A\u00e9rea de Chile en su constante apoy\u00f3 a la Corporaci\u00f3n Nacional Forestal (Conaf), esta tarde se despleg\u00f3 con material a\u00e9reo hacia las labores de combate al incendio forestal desatado en el sector de Placilla, en la Regi\u00f3n de Valpara\u00edso. En esta oportunidad se activ\u00f3 un Helic\u00f3ptero Bell 412 del Grupo de Aviaci\u00f3n N\u00ba 9 con sistema de lanzamiento bambi bucket.<\/p>\n<p style=\"font-weight: 400;\">Paralelamente, la aeronave no tripulada, Hermes 900, cumpli\u00f3 funciones de monitoreo y captura de im\u00e1genes del siniestro para determinar el nivel de avance del fuego, as\u00ed como tambi\u00e9n identificar las fuentes de agua m\u00e1s cercanas para facilitar el trabajo de los helic\u00f3pteros. Toda esta informaci\u00f3n se puso a disposici\u00f3n de Conaf para la toma de decisiones en el uso de los medios a\u00e9reos disponibles y las labores de los brigadistas en tierra.<\/p>\n<p style=\"font-weight: 400;\">Gracias a las capacidades polivalentes de sus medios, la Fuerza A\u00e9rea de Chile participa del Plan Nacional de Preveci\u00f3n y Combate de Incendios Forestales para la temporada 2019-2020.<\/p>\n<div id='gallery-1' class='gallery galleryid-3292 gallery-columns-3 gallery-size-thumbnail'><figure class='gallery-item'>\n\t\t\t<div class='gallery-icon portrait'>\n\t\t\t\t<a href='https:\/\/www.delphosmagazine.com\/wp-content\/uploads\/2019\/11\/Helico\u0301ptero-Fach.jpeg'><img loading=\"lazy\" decoding=\"async\" width=\"150\" height=\"150\" src=\"https:\/\/www.delphosmagazine.com\/wp-content\/uploads\/2019\/11\/Helico\u0301ptero-Fach-150x150.jpeg\" class=\"attachment-thumbnail size-thumbnail\" alt=\"\" \/><\/a>\n\t\t\t<\/div><\/figure><figure class='gallery-item'>\n\t\t\t<div class='gallery-icon landscape'>\n\t\t\t\t<a href='https:\/\/www.delphosmagazine.com\/wp-content\/uploads\/2019\/11\/Incendio-Placilla.jpeg'><img loading=\"lazy\" decoding=\"async\" width=\"150\" height=\"150\" src=\"https:\/\/www.delphosmagazine.com\/wp-content\/uploads\/2019\/11\/Incendio-Placilla-150x150.jpeg\" class=\"attachment-thumbnail size-thumbnail\" alt=\"\" \/><\/a>\n\t\t\t<\/div><\/figure>\n\t\t<\/div>\n\n<p>Fuente e Imagenes: FACh<\/p>","protected":false},"excerpt":{"rendered":"<p>La Fuerza A\u00e9rea de Chile en su constante apoy\u00f3 a la Corporaci\u00f3n Nacional Forestal (Conaf), esta tarde se despleg\u00f3 con material a\u00e9reo hacia las labores de combate al incendio forestal desatado en el sector de Placilla, en la Regi\u00f3n de Valpara\u00edso. En esta oportunidad se activ\u00f3 un Helic\u00f3ptero Bell 412 del Grupo de Aviaci\u00f3n N\u00ba [&hellip;]<\/p>\n","protected":false},"author":2,"featured_media":2769,"comment_status":"closed","ping_status":"open","sticky":false,"template":"","format":"standard","meta":{"footnotes":""},"categories":[3,4,15,7,26,11,12],"tags":[],"class_list":{"0":"post-3292","1":"post","2":"type-post","3":"status-publish","4":"format-standard","5":"has-post-thumbnail","7":"category-aviacion","8":"category-aviacion-militar","9":"category-comunicados","10":"category-defensa","11":"category-destacados","12":"category-helicopteros","13":"category-varios"},"yoast_head":"<!-- This site is optimized with the Yoast SEO plugin v26.5 - https:\/\/yoast.com\/wordpress\/plugins\/seo\/ -->\n<title>FACH APOY\u00d3 CON MEDIOS \u00c1EREOS COMBATE AL INCENDIO EN SECTOR DE PLACILLA | Delphos Magazine<\/title>\n<meta name=\"description\" content=\"Delphos Magazine es el principal medio de prensa generador y proveedor de contenidos aeron\u00e1uticos y de defensa de Latinoam\u00e9rica y el mundo\" \/>\n<meta name=\"robots\" content=\"index, follow, max-snippet:-1, max-image-preview:large, max-video-preview:-1\" \/>\n<link rel=\"canonical\" href=\"https:\/\/www.delphosmagazine.com\/en\/fach-apoyo-con-medios-aereos-combate-al-incendio-en-sector-de-placilla\/\" \/>\n<meta property=\"og:locale\" content=\"en_US\" \/>\n<meta property=\"og:type\" content=\"article\" \/>\n<meta property=\"og:title\" content=\"FACH APOY\u00d3 CON MEDIOS \u00c1EREOS COMBATE AL INCENDIO EN SECTOR DE PLACILLA | Delphos Magazine\" \/>\n<meta property=\"og:description\" content=\"Delphos Magazine es el principal medio de prensa generador y proveedor de contenidos aeron\u00e1uticos y de defensa de Latinoam\u00e9rica y el mundo\" \/>\n<meta property=\"og:url\" content=\"https:\/\/www.delphosmagazine.com\/en\/fach-apoyo-con-medios-aereos-combate-al-incendio-en-sector-de-placilla\/\" \/>\n<meta property=\"og:site_name\" content=\"Delphos Magazine\" \/>\n<meta property=\"article:published_time\" content=\"2019-11-15T21:54:41+00:00\" \/>\n<meta property=\"article:modified_time\" content=\"2020-05-29T17:23:31+00:00\" \/>\n<meta property=\"og:image\" content=\"https:\/\/www.delphosmagazine.com\/wp-content\/uploads\/2019\/07\/logo-fach.jpg\" \/>\n\t<meta property=\"og:image:width\" content=\"800\" \/>\n\t<meta property=\"og:image:height\" content=\"533\" \/>\n\t<meta property=\"og:image:type\" content=\"image\/jpeg\" \/>\n<meta name=\"author\" content=\"Delphos Magazine\" \/>\n<meta name=\"twitter:card\" content=\"summary_large_image\" \/>\n<meta name=\"twitter:label1\" content=\"Written by\" \/>\n\t<meta name=\"twitter:data1\" content=\"Delphos Magazine\" \/>\n\t<meta name=\"twitter:label2\" content=\"Est. reading time\" \/>\n\t<meta name=\"twitter:data2\" content=\"1 minute\" \/>\n<script type=\"application\/ld+json\" class=\"yoast-schema-graph\">{\"@context\":\"https:\/\/schema.org\",\"@graph\":[{\"@type\":\"Article\",\"@id\":\"https:\/\/www.delphosmagazine.com\/fach-apoyo-con-medios-aereos-combate-al-incendio-en-sector-de-placilla\/#article\",\"isPartOf\":{\"@id\":\"https:\/\/www.delphosmagazine.com\/fach-apoyo-con-medios-aereos-combate-al-incendio-en-sector-de-placilla\/\"},\"author\":{\"name\":\"Delphos Magazine\",\"@id\":\"https:\/\/www.delphosmagazine.com\/#\/schema\/person\/975be66d68fbd24bf1cf96e8871defe1\"},\"headline\":\"FACH APOY\u00d3 CON MEDIOS \u00c1EREOS COMBATE AL INCENDIO EN SECTOR DE PLACILLA\",\"datePublished\":\"2019-11-15T21:54:41+00:00\",\"dateModified\":\"2020-05-29T17:23:31+00:00\",\"mainEntityOfPage\":{\"@id\":\"https:\/\/www.delphosmagazine.com\/fach-apoyo-con-medios-aereos-combate-al-incendio-en-sector-de-placilla\/\"},\"wordCount\":195,\"publisher\":{\"@id\":\"https:\/\/www.delphosmagazine.com\/#organization\"},\"image\":{\"@id\":\"https:\/\/www.delphosmagazine.com\/fach-apoyo-con-medios-aereos-combate-al-incendio-en-sector-de-placilla\/#primaryimage\"},\"thumbnailUrl\":\"https:\/\/www.delphosmagazine.com\/wp-content\/uploads\/2019\/07\/logo-fach.jpg\",\"articleSection\":[\"Aviaci\u00f3n\",\"Aviaci\u00f3n Militar\",\"Comunicados\",\"Defensa\",\"Destacados\",\"Helic\u00f3pteros\",\"Varios\"],\"inLanguage\":\"en-US\"},{\"@type\":\"WebPage\",\"@id\":\"https:\/\/www.delphosmagazine.com\/fach-apoyo-con-medios-aereos-combate-al-incendio-en-sector-de-placilla\/\",\"url\":\"https:\/\/www.delphosmagazine.com\/fach-apoyo-con-medios-aereos-combate-al-incendio-en-sector-de-placilla\/\",\"name\":\"FACH APOY\u00d3 CON MEDIOS \u00c1EREOS COMBATE AL INCENDIO EN SECTOR DE PLACILLA | Delphos Magazine\",\"isPartOf\":{\"@id\":\"https:\/\/www.delphosmagazine.com\/#website\"},\"primaryImageOfPage\":{\"@id\":\"https:\/\/www.delphosmagazine.com\/fach-apoyo-con-medios-aereos-combate-al-incendio-en-sector-de-placilla\/#primaryimage\"},\"image\":{\"@id\":\"https:\/\/www.delphosmagazine.com\/fach-apoyo-con-medios-aereos-combate-al-incendio-en-sector-de-placilla\/#primaryimage\"},\"thumbnailUrl\":\"https:\/\/www.delphosmagazine.com\/wp-content\/uploads\/2019\/07\/logo-fach.jpg\",\"datePublished\":\"2019-11-15T21:54:41+00:00\",\"dateModified\":\"2020-05-29T17:23:31+00:00\",\"description\":\"Delphos Magazine es el principal medio de prensa generador y proveedor de contenidos aeron\u00e1uticos y de defensa de Latinoam\u00e9rica y el mundo\",\"breadcrumb\":{\"@id\":\"https:\/\/www.delphosmagazine.com\/fach-apoyo-con-medios-aereos-combate-al-incendio-en-sector-de-placilla\/#breadcrumb\"},\"inLanguage\":\"en-US\",\"potentialAction\":[{\"@type\":\"ReadAction\",\"target\":[\"https:\/\/www.delphosmagazine.com\/fach-apoyo-con-medios-aereos-combate-al-incendio-en-sector-de-placilla\/\"]}]},{\"@type\":\"ImageObject\",\"inLanguage\":\"en-US\",\"@id\":\"https:\/\/www.delphosmagazine.com\/fach-apoyo-con-medios-aereos-combate-al-incendio-en-sector-de-placilla\/#primaryimage\",\"url\":\"https:\/\/www.delphosmagazine.com\/wp-content\/uploads\/2019\/07\/logo-fach.jpg\",\"contentUrl\":\"https:\/\/www.delphosmagazine.com\/wp-content\/uploads\/2019\/07\/logo-fach.jpg\",\"width\":800,\"height\":533},{\"@type\":\"BreadcrumbList\",\"@id\":\"https:\/\/www.delphosmagazine.com\/fach-apoyo-con-medios-aereos-combate-al-incendio-en-sector-de-placilla\/#breadcrumb\",\"itemListElement\":[{\"@type\":\"ListItem\",\"position\":1,\"name\":\"Portada\",\"item\":\"https:\/\/www.delphosmagazine.com\/\"},{\"@type\":\"ListItem\",\"position\":2,\"name\":\"FACH APOY\u00d3 CON MEDIOS \u00c1EREOS COMBATE AL INCENDIO EN SECTOR DE PLACILLA\"}]},{\"@type\":\"WebSite\",\"@id\":\"https:\/\/www.delphosmagazine.com\/#website\",\"url\":\"https:\/\/www.delphosmagazine.com\/\",\"name\":\"Delphos Magazine\",\"description\":\"principal medio de prensa generador y proveedor de contenidos aeron\u00e1uticos y de defensa de Latinoam\u00e9rica y el mundo\",\"publisher\":{\"@id\":\"https:\/\/www.delphosmagazine.com\/#organization\"},\"potentialAction\":[{\"@type\":\"SearchAction\",\"target\":{\"@type\":\"EntryPoint\",\"urlTemplate\":\"https:\/\/www.delphosmagazine.com\/?s={search_term_string}\"},\"query-input\":{\"@type\":\"PropertyValueSpecification\",\"valueRequired\":true,\"valueName\":\"search_term_string\"}}],\"inLanguage\":\"en-US\"},{\"@type\":\"Organization\",\"@id\":\"https:\/\/www.delphosmagazine.com\/#organization\",\"name\":\"Delphos Magazine\",\"url\":\"https:\/\/www.delphosmagazine.com\/\",\"logo\":{\"@type\":\"ImageObject\",\"inLanguage\":\"en-US\",\"@id\":\"https:\/\/www.delphosmagazine.com\/#\/schema\/logo\/image\/\",\"url\":\"https:\/\/www.delphosmagazine.com\/wp-content\/uploads\/2020\/10\/logo-negro.jpg\",\"contentUrl\":\"https:\/\/www.delphosmagazine.com\/wp-content\/uploads\/2020\/10\/logo-negro.jpg\",\"width\":872,\"height\":202,\"caption\":\"Delphos Magazine\"},\"image\":{\"@id\":\"https:\/\/www.delphosmagazine.com\/#\/schema\/logo\/image\/\"}},{\"@type\":\"Person\",\"@id\":\"https:\/\/www.delphosmagazine.com\/#\/schema\/person\/975be66d68fbd24bf1cf96e8871defe1\",\"name\":\"Delphos Magazine\",\"image\":{\"@type\":\"ImageObject\",\"inLanguage\":\"en-US\",\"@id\":\"https:\/\/www.delphosmagazine.com\/#\/schema\/person\/image\/\",\"url\":\"https:\/\/secure.gravatar.com\/avatar\/2aef69e4112a9a7b4cb49f96c0516035?s=96&d=mm&r=g\",\"contentUrl\":\"https:\/\/secure.gravatar.com\/avatar\/2aef69e4112a9a7b4cb49f96c0516035?s=96&d=mm&r=g\",\"caption\":\"Delphos Magazine\"},\"sameAs\":[\"https:\/\/www.delphosmagazine.com\"],\"url\":\"https:\/\/www.delphosmagazine.com\/en\/author\/delphosmagazine\/\"}]}<\/script>\n<!-- \/ Yoast SEO plugin. -->","yoast_head_json":{"title":"FACH APOY\u00d3 CON MEDIOS \u00c1EREOS COMBATE AL INCENDIO EN SECTOR DE PLACILLA | Delphos Magazine","description":"Delphos Magazine es el principal medio de prensa generador y proveedor de contenidos aeron\u00e1uticos y de defensa de Latinoam\u00e9rica y el mundo","robots":{"index":"index","follow":"follow","max-snippet":"max-snippet:-1","max-image-preview":"max-image-preview:large","max-video-preview":"max-video-preview:-1"},"canonical":"https:\/\/www.delphosmagazine.com\/en\/fach-apoyo-con-medios-aereos-combate-al-incendio-en-sector-de-placilla\/","og_locale":"en_US","og_type":"article","og_title":"FACH APOY\u00d3 CON MEDIOS \u00c1EREOS COMBATE AL INCENDIO EN SECTOR DE PLACILLA | Delphos Magazine","og_description":"Delphos Magazine es el principal medio de prensa generador y proveedor de contenidos aeron\u00e1uticos y de defensa de Latinoam\u00e9rica y el mundo","og_url":"https:\/\/www.delphosmagazine.com\/en\/fach-apoyo-con-medios-aereos-combate-al-incendio-en-sector-de-placilla\/","og_site_name":"Delphos Magazine","article_published_time":"2019-11-15T21:54:41+00:00","article_modified_time":"2020-05-29T17:23:31+00:00","og_image":[{"width":800,"height":533,"url":"https:\/\/www.delphosmagazine.com\/wp-content\/uploads\/2019\/07\/logo-fach.jpg","type":"image\/jpeg"}],"author":"Delphos Magazine","twitter_card":"summary_large_image","twitter_misc":{"Written by":"Delphos Magazine","Est. reading time":"1 minute"},"schema":{"@context":"https:\/\/schema.org","@graph":[{"@type":"Article","@id":"https:\/\/www.delphosmagazine.com\/fach-apoyo-con-medios-aereos-combate-al-incendio-en-sector-de-placilla\/#article","isPartOf":{"@id":"https:\/\/www.delphosmagazine.com\/fach-apoyo-con-medios-aereos-combate-al-incendio-en-sector-de-placilla\/"},"author":{"name":"Delphos Magazine","@id":"https:\/\/www.delphosmagazine.com\/#\/schema\/person\/975be66d68fbd24bf1cf96e8871defe1"},"headline":"FACH APOY\u00d3 CON MEDIOS \u00c1EREOS COMBATE AL INCENDIO EN SECTOR DE PLACILLA","datePublished":"2019-11-15T21:54:41+00:00","dateModified":"2020-05-29T17:23:31+00:00","mainEntityOfPage":{"@id":"https:\/\/www.delphosmagazine.com\/fach-apoyo-con-medios-aereos-combate-al-incendio-en-sector-de-placilla\/"},"wordCount":195,"publisher":{"@id":"https:\/\/www.delphosmagazine.com\/#organization"},"image":{"@id":"https:\/\/www.delphosmagazine.com\/fach-apoyo-con-medios-aereos-combate-al-incendio-en-sector-de-placilla\/#primaryimage"},"thumbnailUrl":"https:\/\/www.delphosmagazine.com\/wp-content\/uploads\/2019\/07\/logo-fach.jpg","articleSection":["Aviaci\u00f3n","Aviaci\u00f3n Militar","Comunicados","Defensa","Destacados","Helic\u00f3pteros","Varios"],"inLanguage":"en-US"},{"@type":"WebPage","@id":"https:\/\/www.delphosmagazine.com\/fach-apoyo-con-medios-aereos-combate-al-incendio-en-sector-de-placilla\/","url":"https:\/\/www.delphosmagazine.com\/fach-apoyo-con-medios-aereos-combate-al-incendio-en-sector-de-placilla\/","name":"FACH APOY\u00d3 CON MEDIOS \u00c1EREOS COMBATE AL INCENDIO EN SECTOR DE PLACILLA | Delphos Magazine","isPartOf":{"@id":"https:\/\/www.delphosmagazine.com\/#website"},"primaryImageOfPage":{"@id":"https:\/\/www.delphosmagazine.com\/fach-apoyo-con-medios-aereos-combate-al-incendio-en-sector-de-placilla\/#primaryimage"},"image":{"@id":"https:\/\/www.delphosmagazine.com\/fach-apoyo-con-medios-aereos-combate-al-incendio-en-sector-de-placilla\/#primaryimage"},"thumbnailUrl":"https:\/\/www.delphosmagazine.com\/wp-content\/uploads\/2019\/07\/logo-fach.jpg","datePublished":"2019-11-15T21:54:41+00:00","dateModified":"2020-05-29T17:23:31+00:00","description":"Delphos Magazine es el principal medio de prensa generador y proveedor de contenidos aeron\u00e1uticos y de defensa de Latinoam\u00e9rica y el mundo","breadcrumb":{"@id":"https:\/\/www.delphosmagazine.com\/fach-apoyo-con-medios-aereos-combate-al-incendio-en-sector-de-placilla\/#breadcrumb"},"inLanguage":"en-US","potentialAction":[{"@type":"ReadAction","target":["https:\/\/www.delphosmagazine.com\/fach-apoyo-con-medios-aereos-combate-al-incendio-en-sector-de-placilla\/"]}]},{"@type":"ImageObject","inLanguage":"en-US","@id":"https:\/\/www.delphosmagazine.com\/fach-apoyo-con-medios-aereos-combate-al-incendio-en-sector-de-placilla\/#primaryimage","url":"https:\/\/www.delphosmagazine.com\/wp-content\/uploads\/2019\/07\/logo-fach.jpg","contentUrl":"https:\/\/www.delphosmagazine.com\/wp-content\/uploads\/2019\/07\/logo-fach.jpg","width":800,"height":533},{"@type":"BreadcrumbList","@id":"https:\/\/www.delphosmagazine.com\/fach-apoyo-con-medios-aereos-combate-al-incendio-en-sector-de-placilla\/#breadcrumb","itemListElement":[{"@type":"ListItem","position":1,"name":"Portada","item":"https:\/\/www.delphosmagazine.com\/"},{"@type":"ListItem","position":2,"name":"FACH APOY\u00d3 CON MEDIOS \u00c1EREOS COMBATE AL INCENDIO EN SECTOR DE PLACILLA"}]},{"@type":"WebSite","@id":"https:\/\/www.delphosmagazine.com\/#website","url":"https:\/\/www.delphosmagazine.com\/","name":"Delphos Magazine","description":"principal medio de prensa generador y proveedor de contenidos aeron\u00e1uticos y de defensa de Latinoam\u00e9rica y el mundo","publisher":{"@id":"https:\/\/www.delphosmagazine.com\/#organization"},"potentialAction":[{"@type":"SearchAction","target":{"@type":"EntryPoint","urlTemplate":"https:\/\/www.delphosmagazine.com\/?s={search_term_string}"},"query-input":{"@type":"PropertyValueSpecification","valueRequired":true,"valueName":"search_term_string"}}],"inLanguage":"en-US"},{"@type":"Organization","@id":"https:\/\/www.delphosmagazine.com\/#organization","name":"Delphos Magazine","url":"https:\/\/www.delphosmagazine.com\/","logo":{"@type":"ImageObject","inLanguage":"en-US","@id":"https:\/\/www.delphosmagazine.com\/#\/schema\/logo\/image\/","url":"https:\/\/www.delphosmagazine.com\/wp-content\/uploads\/2020\/10\/logo-negro.jpg","contentUrl":"https:\/\/www.delphosmagazine.com\/wp-content\/uploads\/2020\/10\/logo-negro.jpg","width":872,"height":202,"caption":"Delphos Magazine"},"image":{"@id":"https:\/\/www.delphosmagazine.com\/#\/schema\/logo\/image\/"}},{"@type":"Person","@id":"https:\/\/www.delphosmagazine.com\/#\/schema\/person\/975be66d68fbd24bf1cf96e8871defe1","name":"Delphos Magazine","image":{"@type":"ImageObject","inLanguage":"en-US","@id":"https:\/\/www.delphosmagazine.com\/#\/schema\/person\/image\/","url":"https:\/\/secure.gravatar.com\/avatar\/2aef69e4112a9a7b4cb49f96c0516035?s=96&d=mm&r=g","contentUrl":"https:\/\/secure.gravatar.com\/avatar\/2aef69e4112a9a7b4cb49f96c0516035?s=96&d=mm&r=g","caption":"Delphos Magazine"},"sameAs":["https:\/\/www.delphosmagazine.com"],"url":"https:\/\/www.delphosmagazine.com\/en\/author\/delphosmagazine\/"}]}},"_links":{"self":[{"href":"https:\/\/www.delphosmagazine.com\/en\/wp-json\/wp\/v2\/posts\/3292","targetHints":{"allow":["GET"]}}],"collection":[{"href":"https:\/\/www.delphosmagazine.com\/en\/wp-json\/wp\/v2\/posts"}],"about":[{"href":"https:\/\/www.delphosmagazine.com\/en\/wp-json\/wp\/v2\/types\/post"}],"author":[{"embeddable":true,"href":"https:\/\/www.delphosmagazine.com\/en\/wp-json\/wp\/v2\/users\/2"}],"replies":[{"embeddable":true,"href":"https:\/\/www.delphosmagazine.com\/en\/wp-json\/wp\/v2\/comments?post=3292"}],"version-history":[{"count":0,"href":"https:\/\/www.delphosmagazine.com\/en\/wp-json\/wp\/v2\/posts\/3292\/revisions"}],"wp:featuredmedia":[{"embeddable":true,"href":"https:\/\/www.delphosmagazine.com\/en\/wp-json\/wp\/v2\/media\/2769"}],"wp:attachment":[{"href":"https:\/\/www.delphosmagazine.com\/en\/wp-json\/wp\/v2\/media?parent=3292"}],"wp:term":[{"taxonomy":"category","embeddable":true,"href":"https:\/\/www.delphosmagazine.com\/en\/wp-json\/wp\/v2\/categories?post=3292"},{"taxonomy":"post_tag","embeddable":true,"href":"https:\/\/www.delphosmagazine.com\/en\/wp-json\/wp\/v2\/tags?post=3292"}],"curies":[{"name":"wp","href":"https:\/\/api.w.org\/{rel}","templated":true}]}}