{"id":3275,"date":"2019-10-31T17:28:27","date_gmt":"2019-10-31T20:28:27","guid":{"rendered":"https:\/\/www.delphosmagazine.com\/?p=3275"},"modified":"2020-05-28T18:04:42","modified_gmt":"2020-05-28T21:04:42","slug":"vietjet-ordena-a321xlr-y-firma-un-acuerdo-de-servicios-con-airbus","status":"publish","type":"post","link":"https:\/\/www.delphosmagazine.com\/en\/vietjet-ordena-a321xlr-y-firma-un-acuerdo-de-servicios-con-airbus\/","title":{"rendered":"Vietjet ordena A321XLR y firma un acuerdo de servicios con Airbus"},"content":{"rendered":"<p><span>El operador vietnamita Vietjet ha anunciado que agregar\u00e1 el A321XLR a su flota, con un pedido firme de 15 aviones y la conversi\u00f3n de cinco aviones A321neo de su cartera de pedidos existente.\u00a0El anuncio se realiz\u00f3 durante una visita a la sede de Airbus en Toulouse por el presidente y CEO de Vietjet, Nguyen Thi Phuong Thao, organizado por el CEO de Airbus, Guillaume Faury.<\/span><\/p>\n<p><span>Durante la visita, la aerol\u00ednea tambi\u00e9n firm\u00f3 un nuevo acuerdo de capacitaci\u00f3n con Airbus Services.\u00a0Esto ver\u00e1 a Airbus posicionar dos nuevos simuladores de vuelo completo de la Familia A320 en el centro de entrenamiento de la aerol\u00ednea en Ciudad Ho Chi Minh.\u00a0Airbus tambi\u00e9n proporcionar\u00e1 una gama de servicios de capacitaci\u00f3n a la aerol\u00ednea y sus instructores.<\/span><\/p>\n<p><span>Vietjet estar\u00e1 entre las primeras aerol\u00edneas en recibir el A321XLR.\u00a0La adici\u00f3n de la aeronave a su flota permitir\u00e1 a Vietjet expandir a\u00fan m\u00e1s su red, volando rutas m\u00e1s largas a trav\u00e9s de Asia, as\u00ed como a destinos tan lejanos como Australia y Rusia.<\/span><\/p>\n<p><span>El presidente y CEO de Vietjet, Nguyen Thi Phuong Thao, dijo: \u201cVietjet siempre ha sido pionero en la operaci\u00f3n de aviones nuevos, modernos, avanzados y eficientes en combustible.\u00a0Estamos orgullosos de operar una de las flotas Airbus m\u00e1s j\u00f3venes del mundo con una edad promedio de solo 2.7 a\u00f1os y esto ha contribuido en gran medida al \u00e9xito de Vietjet en los \u00faltimos a\u00f1os.\u00a0Tras la firma de este contrato, el nuevo A321XLR ser\u00e1 la actualizaci\u00f3n perfecta de la flota de Vietjet a medida que buscamos hacer crecer nuestra red de vuelos internacionales \u00ab.<\/span><\/p>\n<p><span>\u00abVietjet es uno de los operadores de m\u00e1s r\u00e1pido crecimiento en la regi\u00f3n asi\u00e1tica y nos sentimos orgullosos de que el A321XLR se una a su flota\u00bb, dijo el CEO de Airbus, Guillaume Faury.\u00a0\u201cEste pedido es otro respaldo s\u00f3lido de nuestra decisi\u00f3n de llevar una verdadera capacidad de largo alcance al mercado de pasillo \u00fanico con el A321XLR, lo que permite a las aerol\u00edneas ampliar sus redes al menor costo posible.\u00a0Adem\u00e1s, tambi\u00e9n nos complace desarrollar a\u00fan m\u00e1s nuestra colaboraci\u00f3n con Vietjet en el \u00e1rea de capacitaci\u00f3n \u201d.<\/span><\/p>\n<p>Fuente e Imagen: Airbus<\/p>","protected":false},"excerpt":{"rendered":"<p>El operador vietnamita Vietjet ha anunciado que agregar\u00e1 el A321XLR a su flota, con un pedido firme de 15 aviones y la conversi\u00f3n de cinco aviones A321neo de su cartera de pedidos existente.\u00a0El anuncio se realiz\u00f3 durante una visita a la sede de Airbus en Toulouse por el presidente y CEO de Vietjet, Nguyen Thi [&hellip;]<\/p>\n","protected":false},"author":2,"featured_media":3276,"comment_status":"open","ping_status":"open","sticky":false,"template":"","format":"standard","meta":{"footnotes":""},"categories":[3,5,26],"tags":[],"class_list":{"0":"post-3275","1":"post","2":"type-post","3":"status-publish","4":"format-standard","5":"has-post-thumbnail","7":"category-aviacion","8":"category-aviacion-civil-comercial","9":"category-destacados"},"yoast_head":"<!-- This site is optimized with the Yoast SEO plugin v26.5 - https:\/\/yoast.com\/wordpress\/plugins\/seo\/ -->\n<title>Vietjet ordena A321XLR y firma un acuerdo de servicios con Airbus | Delphos Magazine<\/title>\n<meta name=\"description\" content=\"Delphos Magazine es el principal medio de prensa generador y proveedor de contenidos aeron\u00e1uticos y de defensa de Latinoam\u00e9rica y el mundo\" \/>\n<meta name=\"robots\" content=\"index, follow, max-snippet:-1, max-image-preview:large, max-video-preview:-1\" \/>\n<link rel=\"canonical\" href=\"https:\/\/www.delphosmagazine.com\/en\/vietjet-ordena-a321xlr-y-firma-un-acuerdo-de-servicios-con-airbus\/\" \/>\n<meta property=\"og:locale\" content=\"en_US\" \/>\n<meta property=\"og:type\" content=\"article\" \/>\n<meta property=\"og:title\" content=\"Vietjet ordena A321XLR y firma un acuerdo de servicios con Airbus | Delphos Magazine\" \/>\n<meta property=\"og:description\" content=\"Delphos Magazine es el principal medio de prensa generador y proveedor de contenidos aeron\u00e1uticos y de defensa de Latinoam\u00e9rica y el mundo\" \/>\n<meta property=\"og:url\" content=\"https:\/\/www.delphosmagazine.com\/en\/vietjet-ordena-a321xlr-y-firma-un-acuerdo-de-servicios-con-airbus\/\" \/>\n<meta property=\"og:site_name\" content=\"Delphos Magazine\" \/>\n<meta property=\"article:published_time\" content=\"2019-10-31T20:28:27+00:00\" \/>\n<meta property=\"article:modified_time\" content=\"2020-05-28T21:04:42+00:00\" \/>\n<meta property=\"og:image\" content=\"https:\/\/www.delphosmagazine.com\/wp-content\/uploads\/2019\/10\/A321XLR-Vietjet.jpg\" \/>\n\t<meta property=\"og:image:width\" content=\"1920\" \/>\n\t<meta property=\"og:image:height\" content=\"1441\" \/>\n\t<meta property=\"og:image:type\" content=\"image\/jpeg\" \/>\n<meta name=\"author\" content=\"Delphos Magazine\" \/>\n<meta name=\"twitter:card\" content=\"summary_large_image\" \/>\n<meta name=\"twitter:label1\" content=\"Written by\" \/>\n\t<meta name=\"twitter:data1\" content=\"Delphos Magazine\" \/>\n\t<meta name=\"twitter:label2\" content=\"Est. reading time\" \/>\n\t<meta name=\"twitter:data2\" content=\"2 minutes\" \/>\n<script type=\"application\/ld+json\" class=\"yoast-schema-graph\">{\"@context\":\"https:\/\/schema.org\",\"@graph\":[{\"@type\":\"Article\",\"@id\":\"https:\/\/www.delphosmagazine.com\/vietjet-ordena-a321xlr-y-firma-un-acuerdo-de-servicios-con-airbus\/#article\",\"isPartOf\":{\"@id\":\"https:\/\/www.delphosmagazine.com\/vietjet-ordena-a321xlr-y-firma-un-acuerdo-de-servicios-con-airbus\/\"},\"author\":{\"name\":\"Delphos Magazine\",\"@id\":\"https:\/\/www.delphosmagazine.com\/#\/schema\/person\/975be66d68fbd24bf1cf96e8871defe1\"},\"headline\":\"Vietjet ordena A321XLR y firma un acuerdo de servicios con Airbus\",\"datePublished\":\"2019-10-31T20:28:27+00:00\",\"dateModified\":\"2020-05-28T21:04:42+00:00\",\"mainEntityOfPage\":{\"@id\":\"https:\/\/www.delphosmagazine.com\/vietjet-ordena-a321xlr-y-firma-un-acuerdo-de-servicios-con-airbus\/\"},\"wordCount\":402,\"commentCount\":0,\"publisher\":{\"@id\":\"https:\/\/www.delphosmagazine.com\/#organization\"},\"image\":{\"@id\":\"https:\/\/www.delphosmagazine.com\/vietjet-ordena-a321xlr-y-firma-un-acuerdo-de-servicios-con-airbus\/#primaryimage\"},\"thumbnailUrl\":\"https:\/\/www.delphosmagazine.com\/wp-content\/uploads\/2019\/10\/A321XLR-Vietjet.jpg\",\"articleSection\":[\"Aviaci\u00f3n\",\"Aviaci\u00f3n Comercial\",\"Destacados\"],\"inLanguage\":\"en-US\",\"potentialAction\":[{\"@type\":\"CommentAction\",\"name\":\"Comment\",\"target\":[\"https:\/\/www.delphosmagazine.com\/vietjet-ordena-a321xlr-y-firma-un-acuerdo-de-servicios-con-airbus\/#respond\"]}]},{\"@type\":\"WebPage\",\"@id\":\"https:\/\/www.delphosmagazine.com\/vietjet-ordena-a321xlr-y-firma-un-acuerdo-de-servicios-con-airbus\/\",\"url\":\"https:\/\/www.delphosmagazine.com\/vietjet-ordena-a321xlr-y-firma-un-acuerdo-de-servicios-con-airbus\/\",\"name\":\"Vietjet ordena A321XLR y firma un acuerdo de servicios con Airbus | Delphos Magazine\",\"isPartOf\":{\"@id\":\"https:\/\/www.delphosmagazine.com\/#website\"},\"primaryImageOfPage\":{\"@id\":\"https:\/\/www.delphosmagazine.com\/vietjet-ordena-a321xlr-y-firma-un-acuerdo-de-servicios-con-airbus\/#primaryimage\"},\"image\":{\"@id\":\"https:\/\/www.delphosmagazine.com\/vietjet-ordena-a321xlr-y-firma-un-acuerdo-de-servicios-con-airbus\/#primaryimage\"},\"thumbnailUrl\":\"https:\/\/www.delphosmagazine.com\/wp-content\/uploads\/2019\/10\/A321XLR-Vietjet.jpg\",\"datePublished\":\"2019-10-31T20:28:27+00:00\",\"dateModified\":\"2020-05-28T21:04:42+00:00\",\"description\":\"Delphos Magazine es el principal medio de prensa generador y proveedor de contenidos aeron\u00e1uticos y de defensa de Latinoam\u00e9rica y el mundo\",\"breadcrumb\":{\"@id\":\"https:\/\/www.delphosmagazine.com\/vietjet-ordena-a321xlr-y-firma-un-acuerdo-de-servicios-con-airbus\/#breadcrumb\"},\"inLanguage\":\"en-US\",\"potentialAction\":[{\"@type\":\"ReadAction\",\"target\":[\"https:\/\/www.delphosmagazine.com\/vietjet-ordena-a321xlr-y-firma-un-acuerdo-de-servicios-con-airbus\/\"]}]},{\"@type\":\"ImageObject\",\"inLanguage\":\"en-US\",\"@id\":\"https:\/\/www.delphosmagazine.com\/vietjet-ordena-a321xlr-y-firma-un-acuerdo-de-servicios-con-airbus\/#primaryimage\",\"url\":\"https:\/\/www.delphosmagazine.com\/wp-content\/uploads\/2019\/10\/A321XLR-Vietjet.jpg\",\"contentUrl\":\"https:\/\/www.delphosmagazine.com\/wp-content\/uploads\/2019\/10\/A321XLR-Vietjet.jpg\",\"width\":1920,\"height\":1441},{\"@type\":\"BreadcrumbList\",\"@id\":\"https:\/\/www.delphosmagazine.com\/vietjet-ordena-a321xlr-y-firma-un-acuerdo-de-servicios-con-airbus\/#breadcrumb\",\"itemListElement\":[{\"@type\":\"ListItem\",\"position\":1,\"name\":\"Portada\",\"item\":\"https:\/\/www.delphosmagazine.com\/\"},{\"@type\":\"ListItem\",\"position\":2,\"name\":\"Vietjet ordena A321XLR y firma un acuerdo de servicios con Airbus\"}]},{\"@type\":\"WebSite\",\"@id\":\"https:\/\/www.delphosmagazine.com\/#website\",\"url\":\"https:\/\/www.delphosmagazine.com\/\",\"name\":\"Delphos Magazine\",\"description\":\"principal medio de prensa generador y proveedor de contenidos aeron\u00e1uticos y de defensa de Latinoam\u00e9rica y el mundo\",\"publisher\":{\"@id\":\"https:\/\/www.delphosmagazine.com\/#organization\"},\"potentialAction\":[{\"@type\":\"SearchAction\",\"target\":{\"@type\":\"EntryPoint\",\"urlTemplate\":\"https:\/\/www.delphosmagazine.com\/?s={search_term_string}\"},\"query-input\":{\"@type\":\"PropertyValueSpecification\",\"valueRequired\":true,\"valueName\":\"search_term_string\"}}],\"inLanguage\":\"en-US\"},{\"@type\":\"Organization\",\"@id\":\"https:\/\/www.delphosmagazine.com\/#organization\",\"name\":\"Delphos Magazine\",\"url\":\"https:\/\/www.delphosmagazine.com\/\",\"logo\":{\"@type\":\"ImageObject\",\"inLanguage\":\"en-US\",\"@id\":\"https:\/\/www.delphosmagazine.com\/#\/schema\/logo\/image\/\",\"url\":\"https:\/\/www.delphosmagazine.com\/wp-content\/uploads\/2020\/10\/logo-negro.jpg\",\"contentUrl\":\"https:\/\/www.delphosmagazine.com\/wp-content\/uploads\/2020\/10\/logo-negro.jpg\",\"width\":872,\"height\":202,\"caption\":\"Delphos Magazine\"},\"image\":{\"@id\":\"https:\/\/www.delphosmagazine.com\/#\/schema\/logo\/image\/\"}},{\"@type\":\"Person\",\"@id\":\"https:\/\/www.delphosmagazine.com\/#\/schema\/person\/975be66d68fbd24bf1cf96e8871defe1\",\"name\":\"Delphos Magazine\",\"image\":{\"@type\":\"ImageObject\",\"inLanguage\":\"en-US\",\"@id\":\"https:\/\/www.delphosmagazine.com\/#\/schema\/person\/image\/\",\"url\":\"https:\/\/secure.gravatar.com\/avatar\/2aef69e4112a9a7b4cb49f96c0516035?s=96&d=mm&r=g\",\"contentUrl\":\"https:\/\/secure.gravatar.com\/avatar\/2aef69e4112a9a7b4cb49f96c0516035?s=96&d=mm&r=g\",\"caption\":\"Delphos Magazine\"},\"sameAs\":[\"https:\/\/www.delphosmagazine.com\"],\"url\":\"https:\/\/www.delphosmagazine.com\/en\/author\/delphosmagazine\/\"}]}<\/script>\n<!-- \/ Yoast SEO plugin. -->","yoast_head_json":{"title":"Vietjet ordena A321XLR y firma un acuerdo de servicios con Airbus | Delphos Magazine","description":"Delphos Magazine es el principal medio de prensa generador y proveedor de contenidos aeron\u00e1uticos y de defensa de Latinoam\u00e9rica y el mundo","robots":{"index":"index","follow":"follow","max-snippet":"max-snippet:-1","max-image-preview":"max-image-preview:large","max-video-preview":"max-video-preview:-1"},"canonical":"https:\/\/www.delphosmagazine.com\/en\/vietjet-ordena-a321xlr-y-firma-un-acuerdo-de-servicios-con-airbus\/","og_locale":"en_US","og_type":"article","og_title":"Vietjet ordena A321XLR y firma un acuerdo de servicios con Airbus | Delphos Magazine","og_description":"Delphos Magazine es el principal medio de prensa generador y proveedor de contenidos aeron\u00e1uticos y de defensa de Latinoam\u00e9rica y el mundo","og_url":"https:\/\/www.delphosmagazine.com\/en\/vietjet-ordena-a321xlr-y-firma-un-acuerdo-de-servicios-con-airbus\/","og_site_name":"Delphos Magazine","article_published_time":"2019-10-31T20:28:27+00:00","article_modified_time":"2020-05-28T21:04:42+00:00","og_image":[{"width":1920,"height":1441,"url":"https:\/\/www.delphosmagazine.com\/wp-content\/uploads\/2019\/10\/A321XLR-Vietjet.jpg","type":"image\/jpeg"}],"author":"Delphos Magazine","twitter_card":"summary_large_image","twitter_misc":{"Written by":"Delphos Magazine","Est. reading time":"2 minutes"},"schema":{"@context":"https:\/\/schema.org","@graph":[{"@type":"Article","@id":"https:\/\/www.delphosmagazine.com\/vietjet-ordena-a321xlr-y-firma-un-acuerdo-de-servicios-con-airbus\/#article","isPartOf":{"@id":"https:\/\/www.delphosmagazine.com\/vietjet-ordena-a321xlr-y-firma-un-acuerdo-de-servicios-con-airbus\/"},"author":{"name":"Delphos Magazine","@id":"https:\/\/www.delphosmagazine.com\/#\/schema\/person\/975be66d68fbd24bf1cf96e8871defe1"},"headline":"Vietjet ordena A321XLR y firma un acuerdo de servicios con Airbus","datePublished":"2019-10-31T20:28:27+00:00","dateModified":"2020-05-28T21:04:42+00:00","mainEntityOfPage":{"@id":"https:\/\/www.delphosmagazine.com\/vietjet-ordena-a321xlr-y-firma-un-acuerdo-de-servicios-con-airbus\/"},"wordCount":402,"commentCount":0,"publisher":{"@id":"https:\/\/www.delphosmagazine.com\/#organization"},"image":{"@id":"https:\/\/www.delphosmagazine.com\/vietjet-ordena-a321xlr-y-firma-un-acuerdo-de-servicios-con-airbus\/#primaryimage"},"thumbnailUrl":"https:\/\/www.delphosmagazine.com\/wp-content\/uploads\/2019\/10\/A321XLR-Vietjet.jpg","articleSection":["Aviaci\u00f3n","Aviaci\u00f3n Comercial","Destacados"],"inLanguage":"en-US","potentialAction":[{"@type":"CommentAction","name":"Comment","target":["https:\/\/www.delphosmagazine.com\/vietjet-ordena-a321xlr-y-firma-un-acuerdo-de-servicios-con-airbus\/#respond"]}]},{"@type":"WebPage","@id":"https:\/\/www.delphosmagazine.com\/vietjet-ordena-a321xlr-y-firma-un-acuerdo-de-servicios-con-airbus\/","url":"https:\/\/www.delphosmagazine.com\/vietjet-ordena-a321xlr-y-firma-un-acuerdo-de-servicios-con-airbus\/","name":"Vietjet ordena A321XLR y firma un acuerdo de servicios con Airbus | Delphos Magazine","isPartOf":{"@id":"https:\/\/www.delphosmagazine.com\/#website"},"primaryImageOfPage":{"@id":"https:\/\/www.delphosmagazine.com\/vietjet-ordena-a321xlr-y-firma-un-acuerdo-de-servicios-con-airbus\/#primaryimage"},"image":{"@id":"https:\/\/www.delphosmagazine.com\/vietjet-ordena-a321xlr-y-firma-un-acuerdo-de-servicios-con-airbus\/#primaryimage"},"thumbnailUrl":"https:\/\/www.delphosmagazine.com\/wp-content\/uploads\/2019\/10\/A321XLR-Vietjet.jpg","datePublished":"2019-10-31T20:28:27+00:00","dateModified":"2020-05-28T21:04:42+00:00","description":"Delphos Magazine es el principal medio de prensa generador y proveedor de contenidos aeron\u00e1uticos y de defensa de Latinoam\u00e9rica y el mundo","breadcrumb":{"@id":"https:\/\/www.delphosmagazine.com\/vietjet-ordena-a321xlr-y-firma-un-acuerdo-de-servicios-con-airbus\/#breadcrumb"},"inLanguage":"en-US","potentialAction":[{"@type":"ReadAction","target":["https:\/\/www.delphosmagazine.com\/vietjet-ordena-a321xlr-y-firma-un-acuerdo-de-servicios-con-airbus\/"]}]},{"@type":"ImageObject","inLanguage":"en-US","@id":"https:\/\/www.delphosmagazine.com\/vietjet-ordena-a321xlr-y-firma-un-acuerdo-de-servicios-con-airbus\/#primaryimage","url":"https:\/\/www.delphosmagazine.com\/wp-content\/uploads\/2019\/10\/A321XLR-Vietjet.jpg","contentUrl":"https:\/\/www.delphosmagazine.com\/wp-content\/uploads\/2019\/10\/A321XLR-Vietjet.jpg","width":1920,"height":1441},{"@type":"BreadcrumbList","@id":"https:\/\/www.delphosmagazine.com\/vietjet-ordena-a321xlr-y-firma-un-acuerdo-de-servicios-con-airbus\/#breadcrumb","itemListElement":[{"@type":"ListItem","position":1,"name":"Portada","item":"https:\/\/www.delphosmagazine.com\/"},{"@type":"ListItem","position":2,"name":"Vietjet ordena A321XLR y firma un acuerdo de servicios con Airbus"}]},{"@type":"WebSite","@id":"https:\/\/www.delphosmagazine.com\/#website","url":"https:\/\/www.delphosmagazine.com\/","name":"Delphos Magazine","description":"principal medio de prensa generador y proveedor de contenidos aeron\u00e1uticos y de defensa de Latinoam\u00e9rica y el mundo","publisher":{"@id":"https:\/\/www.delphosmagazine.com\/#organization"},"potentialAction":[{"@type":"SearchAction","target":{"@type":"EntryPoint","urlTemplate":"https:\/\/www.delphosmagazine.com\/?s={search_term_string}"},"query-input":{"@type":"PropertyValueSpecification","valueRequired":true,"valueName":"search_term_string"}}],"inLanguage":"en-US"},{"@type":"Organization","@id":"https:\/\/www.delphosmagazine.com\/#organization","name":"Delphos Magazine","url":"https:\/\/www.delphosmagazine.com\/","logo":{"@type":"ImageObject","inLanguage":"en-US","@id":"https:\/\/www.delphosmagazine.com\/#\/schema\/logo\/image\/","url":"https:\/\/www.delphosmagazine.com\/wp-content\/uploads\/2020\/10\/logo-negro.jpg","contentUrl":"https:\/\/www.delphosmagazine.com\/wp-content\/uploads\/2020\/10\/logo-negro.jpg","width":872,"height":202,"caption":"Delphos Magazine"},"image":{"@id":"https:\/\/www.delphosmagazine.com\/#\/schema\/logo\/image\/"}},{"@type":"Person","@id":"https:\/\/www.delphosmagazine.com\/#\/schema\/person\/975be66d68fbd24bf1cf96e8871defe1","name":"Delphos Magazine","image":{"@type":"ImageObject","inLanguage":"en-US","@id":"https:\/\/www.delphosmagazine.com\/#\/schema\/person\/image\/","url":"https:\/\/secure.gravatar.com\/avatar\/2aef69e4112a9a7b4cb49f96c0516035?s=96&d=mm&r=g","contentUrl":"https:\/\/secure.gravatar.com\/avatar\/2aef69e4112a9a7b4cb49f96c0516035?s=96&d=mm&r=g","caption":"Delphos Magazine"},"sameAs":["https:\/\/www.delphosmagazine.com"],"url":"https:\/\/www.delphosmagazine.com\/en\/author\/delphosmagazine\/"}]}},"_links":{"self":[{"href":"https:\/\/www.delphosmagazine.com\/en\/wp-json\/wp\/v2\/posts\/3275","targetHints":{"allow":["GET"]}}],"collection":[{"href":"https:\/\/www.delphosmagazine.com\/en\/wp-json\/wp\/v2\/posts"}],"about":[{"href":"https:\/\/www.delphosmagazine.com\/en\/wp-json\/wp\/v2\/types\/post"}],"author":[{"embeddable":true,"href":"https:\/\/www.delphosmagazine.com\/en\/wp-json\/wp\/v2\/users\/2"}],"replies":[{"embeddable":true,"href":"https:\/\/www.delphosmagazine.com\/en\/wp-json\/wp\/v2\/comments?post=3275"}],"version-history":[{"count":0,"href":"https:\/\/www.delphosmagazine.com\/en\/wp-json\/wp\/v2\/posts\/3275\/revisions"}],"wp:featuredmedia":[{"embeddable":true,"href":"https:\/\/www.delphosmagazine.com\/en\/wp-json\/wp\/v2\/media\/3276"}],"wp:attachment":[{"href":"https:\/\/www.delphosmagazine.com\/en\/wp-json\/wp\/v2\/media?parent=3275"}],"wp:term":[{"taxonomy":"category","embeddable":true,"href":"https:\/\/www.delphosmagazine.com\/en\/wp-json\/wp\/v2\/categories?post=3275"},{"taxonomy":"post_tag","embeddable":true,"href":"https:\/\/www.delphosmagazine.com\/en\/wp-json\/wp\/v2\/tags?post=3275"}],"curies":[{"name":"wp","href":"https:\/\/api.w.org\/{rel}","templated":true}]}}