{"id":2999,"date":"2019-09-04T20:15:38","date_gmt":"2019-09-04T23:15:38","guid":{"rendered":"https:\/\/www.delphosmagazine.com\/?p=2999"},"modified":"2020-05-28T19:06:09","modified_gmt":"2020-05-28T22:06:09","slug":"pzl-mielec-presenta-una-nueva-estacion-de-almacenaje-para-el-black-hawk","status":"publish","type":"post","link":"https:\/\/www.delphosmagazine.com\/en\/pzl-mielec-presenta-una-nueva-estacion-de-almacenaje-para-el-black-hawk\/","title":{"rendered":"PZL Mielec presenta una Nueva estaci\u00f3n de almacenaje para el Black hawk"},"content":{"rendered":"<p>Durante la Exposici\u00f3n de la Industria de Defensa Internacional de MSPO, PZL Mielec, una compa\u00f1\u00eda de Lockheed Martin exhibi\u00f3 un helic\u00f3ptero S-70i\u00a0 Armed Black Hawk\u00a0\u00a0equipado con una estaci\u00f3n de almacenaje externo.\u00a0Dise\u00f1ado en PZL Mielec como una alternativa m\u00e1s liviana y de menor costo a las alas externas de doble estaci\u00f3n actualmente desplegadas, una torre de una sola estaci\u00f3n conectada a uno o ambos lados del avi\u00f3n ser\u00e1 compatible con el sistema de armas avanzado que permite a los artilleros de pilotos de Black Hawk Apoye las operaciones en el campo de batalla utilizando armas de fuego de avance, cohetes y misiles aire-tierra.<\/p>\n<p>\u00abEstamos desarrollando el pil\u00f3n de estaci\u00f3n \u00fanica en respuesta a las solicitudes de los militares de\u00a0<span class=\"xn-location\">Europa<\/span>\u00a0,\u00a0<span class=\"xn-location\">Am\u00e9rica Latina<\/span>\u00a0y\u00a0<span class=\"xn-location\">Asia<\/span>\u00a0para un helic\u00f3ptero de apoyo en el campo de batalla que pueda estar armado para diferentes tipos de misiones que no siempre necesitan cuatro estaciones de armas\u00bb, dijo Janusz Zakr\u0119cki , presidente, director general de PZL Mielec.\u00a0\u00abLos operadores pueden armar el avi\u00f3n para misiones de extinci\u00f3n de incendios, vigilancia, reconocimiento armado, escolta armada y asalto a\u00e9reo, y a\u00fan desempe\u00f1an otras funciones de servicios p\u00fablicos cuando los pilones y las tiendas deben permanecer en el avi\u00f3n\u00bb.<\/p>\n<p>Fuente e Imagen: Lockheed Martin<\/p>","protected":false},"excerpt":{"rendered":"<p>Durante la Exposici\u00f3n de la Industria de Defensa Internacional de MSPO, PZL Mielec, una compa\u00f1\u00eda de Lockheed Martin exhibi\u00f3 un helic\u00f3ptero S-70i\u00a0 Armed Black Hawk\u00a0\u00a0equipado con una estaci\u00f3n de almacenaje externo.\u00a0Dise\u00f1ado en PZL Mielec como una alternativa m\u00e1s liviana y de menor costo a las alas externas de doble estaci\u00f3n actualmente desplegadas, una torre de [&hellip;]<\/p>\n","protected":false},"author":2,"featured_media":3000,"comment_status":"closed","ping_status":"open","sticky":false,"template":"","format":"standard","meta":{"footnotes":""},"categories":[13,3,4,7,26,28,11],"tags":[],"class_list":{"0":"post-2999","1":"post","2":"type-post","3":"status-publish","4":"format-standard","5":"has-post-thumbnail","7":"category-actividades-aeronauticas","8":"category-aviacion","9":"category-aviacion-militar","10":"category-defensa","11":"category-destacados","12":"category-ferias-aeroespaciales-y-defensa","13":"category-helicopteros"},"yoast_head":"<!-- This site is optimized with the Yoast SEO plugin v26.5 - https:\/\/yoast.com\/wordpress\/plugins\/seo\/ -->\n<title>PZL Mielec presenta una Nueva estaci\u00f3n de almacenaje para el Black hawk | Delphos Magazine<\/title>\n<meta name=\"description\" content=\"Delphos Magazine es el principal medio de prensa generador y proveedor de contenidos aeron\u00e1uticos y de defensa de Latinoam\u00e9rica y el mundo\" \/>\n<meta name=\"robots\" content=\"index, follow, max-snippet:-1, max-image-preview:large, max-video-preview:-1\" \/>\n<link rel=\"canonical\" href=\"https:\/\/www.delphosmagazine.com\/en\/pzl-mielec-presenta-una-nueva-estacion-de-almacenaje-para-el-black-hawk\/\" \/>\n<meta property=\"og:locale\" content=\"en_US\" \/>\n<meta property=\"og:type\" content=\"article\" \/>\n<meta property=\"og:title\" content=\"PZL Mielec presenta una Nueva estaci\u00f3n de almacenaje para el Black hawk | Delphos Magazine\" \/>\n<meta property=\"og:description\" content=\"Delphos Magazine es el principal medio de prensa generador y proveedor de contenidos aeron\u00e1uticos y de defensa de Latinoam\u00e9rica y el mundo\" \/>\n<meta property=\"og:url\" content=\"https:\/\/www.delphosmagazine.com\/en\/pzl-mielec-presenta-una-nueva-estacion-de-almacenaje-para-el-black-hawk\/\" \/>\n<meta property=\"og:site_name\" content=\"Delphos Magazine\" \/>\n<meta property=\"article:published_time\" content=\"2019-09-04T23:15:38+00:00\" \/>\n<meta property=\"article:modified_time\" content=\"2020-05-28T22:06:09+00:00\" \/>\n<meta property=\"og:image\" content=\"https:\/\/www.delphosmagazine.com\/wp-content\/uploads\/2019\/09\/black-hawk.jpg\" \/>\n\t<meta property=\"og:image:width\" content=\"2700\" \/>\n\t<meta property=\"og:image:height\" content=\"1800\" \/>\n\t<meta property=\"og:image:type\" content=\"image\/jpeg\" \/>\n<meta name=\"author\" content=\"Delphos Magazine\" \/>\n<meta name=\"twitter:card\" content=\"summary_large_image\" \/>\n<meta name=\"twitter:label1\" content=\"Written by\" \/>\n\t<meta name=\"twitter:data1\" content=\"Delphos Magazine\" \/>\n\t<meta name=\"twitter:label2\" content=\"Est. reading time\" \/>\n\t<meta name=\"twitter:data2\" content=\"1 minute\" \/>\n<script type=\"application\/ld+json\" class=\"yoast-schema-graph\">{\"@context\":\"https:\/\/schema.org\",\"@graph\":[{\"@type\":\"Article\",\"@id\":\"https:\/\/www.delphosmagazine.com\/pzl-mielec-presenta-una-nueva-estacion-de-almacenaje-para-el-black-hawk\/#article\",\"isPartOf\":{\"@id\":\"https:\/\/www.delphosmagazine.com\/pzl-mielec-presenta-una-nueva-estacion-de-almacenaje-para-el-black-hawk\/\"},\"author\":{\"name\":\"Delphos Magazine\",\"@id\":\"https:\/\/www.delphosmagazine.com\/#\/schema\/person\/975be66d68fbd24bf1cf96e8871defe1\"},\"headline\":\"PZL Mielec presenta una Nueva estaci\u00f3n de almacenaje para el Black hawk\",\"datePublished\":\"2019-09-04T23:15:38+00:00\",\"dateModified\":\"2020-05-28T22:06:09+00:00\",\"mainEntityOfPage\":{\"@id\":\"https:\/\/www.delphosmagazine.com\/pzl-mielec-presenta-una-nueva-estacion-de-almacenaje-para-el-black-hawk\/\"},\"wordCount\":240,\"publisher\":{\"@id\":\"https:\/\/www.delphosmagazine.com\/#organization\"},\"image\":{\"@id\":\"https:\/\/www.delphosmagazine.com\/pzl-mielec-presenta-una-nueva-estacion-de-almacenaje-para-el-black-hawk\/#primaryimage\"},\"thumbnailUrl\":\"https:\/\/www.delphosmagazine.com\/wp-content\/uploads\/2019\/09\/black-hawk.jpg\",\"articleSection\":[\"Actividades A\u00e9ronauticas\",\"Aviaci\u00f3n\",\"Aviaci\u00f3n Militar\",\"Defensa\",\"Destacados\",\"Ferias Aeroespaciales y Defensa\",\"Helic\u00f3pteros\"],\"inLanguage\":\"en-US\"},{\"@type\":\"WebPage\",\"@id\":\"https:\/\/www.delphosmagazine.com\/pzl-mielec-presenta-una-nueva-estacion-de-almacenaje-para-el-black-hawk\/\",\"url\":\"https:\/\/www.delphosmagazine.com\/pzl-mielec-presenta-una-nueva-estacion-de-almacenaje-para-el-black-hawk\/\",\"name\":\"PZL Mielec presenta una Nueva estaci\u00f3n de almacenaje para el Black hawk | Delphos Magazine\",\"isPartOf\":{\"@id\":\"https:\/\/www.delphosmagazine.com\/#website\"},\"primaryImageOfPage\":{\"@id\":\"https:\/\/www.delphosmagazine.com\/pzl-mielec-presenta-una-nueva-estacion-de-almacenaje-para-el-black-hawk\/#primaryimage\"},\"image\":{\"@id\":\"https:\/\/www.delphosmagazine.com\/pzl-mielec-presenta-una-nueva-estacion-de-almacenaje-para-el-black-hawk\/#primaryimage\"},\"thumbnailUrl\":\"https:\/\/www.delphosmagazine.com\/wp-content\/uploads\/2019\/09\/black-hawk.jpg\",\"datePublished\":\"2019-09-04T23:15:38+00:00\",\"dateModified\":\"2020-05-28T22:06:09+00:00\",\"description\":\"Delphos Magazine es el principal medio de prensa generador y proveedor de contenidos aeron\u00e1uticos y de defensa de Latinoam\u00e9rica y el mundo\",\"breadcrumb\":{\"@id\":\"https:\/\/www.delphosmagazine.com\/pzl-mielec-presenta-una-nueva-estacion-de-almacenaje-para-el-black-hawk\/#breadcrumb\"},\"inLanguage\":\"en-US\",\"potentialAction\":[{\"@type\":\"ReadAction\",\"target\":[\"https:\/\/www.delphosmagazine.com\/pzl-mielec-presenta-una-nueva-estacion-de-almacenaje-para-el-black-hawk\/\"]}]},{\"@type\":\"ImageObject\",\"inLanguage\":\"en-US\",\"@id\":\"https:\/\/www.delphosmagazine.com\/pzl-mielec-presenta-una-nueva-estacion-de-almacenaje-para-el-black-hawk\/#primaryimage\",\"url\":\"https:\/\/www.delphosmagazine.com\/wp-content\/uploads\/2019\/09\/black-hawk.jpg\",\"contentUrl\":\"https:\/\/www.delphosmagazine.com\/wp-content\/uploads\/2019\/09\/black-hawk.jpg\",\"width\":2700,\"height\":1800,\"caption\":\"An S-70i Black Hawk helicopter at the MSPO trade show carries a lightweight single-station external stores pylon supporting four Hellfire air-to-ground missiles. The prototype pylon\u2019s drop design offers a wide field of fire to the crew-served machine gun, which also can be locked into a fixed forward position for control by a pilot gunner.\"},{\"@type\":\"BreadcrumbList\",\"@id\":\"https:\/\/www.delphosmagazine.com\/pzl-mielec-presenta-una-nueva-estacion-de-almacenaje-para-el-black-hawk\/#breadcrumb\",\"itemListElement\":[{\"@type\":\"ListItem\",\"position\":1,\"name\":\"Portada\",\"item\":\"https:\/\/www.delphosmagazine.com\/\"},{\"@type\":\"ListItem\",\"position\":2,\"name\":\"PZL Mielec presenta una Nueva estaci\u00f3n de almacenaje para el Black hawk\"}]},{\"@type\":\"WebSite\",\"@id\":\"https:\/\/www.delphosmagazine.com\/#website\",\"url\":\"https:\/\/www.delphosmagazine.com\/\",\"name\":\"Delphos Magazine\",\"description\":\"principal medio de prensa generador y proveedor de contenidos aeron\u00e1uticos y de defensa de Latinoam\u00e9rica y el mundo\",\"publisher\":{\"@id\":\"https:\/\/www.delphosmagazine.com\/#organization\"},\"potentialAction\":[{\"@type\":\"SearchAction\",\"target\":{\"@type\":\"EntryPoint\",\"urlTemplate\":\"https:\/\/www.delphosmagazine.com\/?s={search_term_string}\"},\"query-input\":{\"@type\":\"PropertyValueSpecification\",\"valueRequired\":true,\"valueName\":\"search_term_string\"}}],\"inLanguage\":\"en-US\"},{\"@type\":\"Organization\",\"@id\":\"https:\/\/www.delphosmagazine.com\/#organization\",\"name\":\"Delphos Magazine\",\"url\":\"https:\/\/www.delphosmagazine.com\/\",\"logo\":{\"@type\":\"ImageObject\",\"inLanguage\":\"en-US\",\"@id\":\"https:\/\/www.delphosmagazine.com\/#\/schema\/logo\/image\/\",\"url\":\"https:\/\/www.delphosmagazine.com\/wp-content\/uploads\/2020\/10\/logo-negro.jpg\",\"contentUrl\":\"https:\/\/www.delphosmagazine.com\/wp-content\/uploads\/2020\/10\/logo-negro.jpg\",\"width\":872,\"height\":202,\"caption\":\"Delphos Magazine\"},\"image\":{\"@id\":\"https:\/\/www.delphosmagazine.com\/#\/schema\/logo\/image\/\"}},{\"@type\":\"Person\",\"@id\":\"https:\/\/www.delphosmagazine.com\/#\/schema\/person\/975be66d68fbd24bf1cf96e8871defe1\",\"name\":\"Delphos Magazine\",\"image\":{\"@type\":\"ImageObject\",\"inLanguage\":\"en-US\",\"@id\":\"https:\/\/www.delphosmagazine.com\/#\/schema\/person\/image\/\",\"url\":\"https:\/\/secure.gravatar.com\/avatar\/2aef69e4112a9a7b4cb49f96c0516035?s=96&d=mm&r=g\",\"contentUrl\":\"https:\/\/secure.gravatar.com\/avatar\/2aef69e4112a9a7b4cb49f96c0516035?s=96&d=mm&r=g\",\"caption\":\"Delphos Magazine\"},\"sameAs\":[\"https:\/\/www.delphosmagazine.com\"],\"url\":\"https:\/\/www.delphosmagazine.com\/en\/author\/delphosmagazine\/\"}]}<\/script>\n<!-- \/ Yoast SEO plugin. -->","yoast_head_json":{"title":"PZL Mielec presenta una Nueva estaci\u00f3n de almacenaje para el Black hawk | Delphos Magazine","description":"Delphos Magazine es el principal medio de prensa generador y proveedor de contenidos aeron\u00e1uticos y de defensa de Latinoam\u00e9rica y el mundo","robots":{"index":"index","follow":"follow","max-snippet":"max-snippet:-1","max-image-preview":"max-image-preview:large","max-video-preview":"max-video-preview:-1"},"canonical":"https:\/\/www.delphosmagazine.com\/en\/pzl-mielec-presenta-una-nueva-estacion-de-almacenaje-para-el-black-hawk\/","og_locale":"en_US","og_type":"article","og_title":"PZL Mielec presenta una Nueva estaci\u00f3n de almacenaje para el Black hawk | Delphos Magazine","og_description":"Delphos Magazine es el principal medio de prensa generador y proveedor de contenidos aeron\u00e1uticos y de defensa de Latinoam\u00e9rica y el mundo","og_url":"https:\/\/www.delphosmagazine.com\/en\/pzl-mielec-presenta-una-nueva-estacion-de-almacenaje-para-el-black-hawk\/","og_site_name":"Delphos Magazine","article_published_time":"2019-09-04T23:15:38+00:00","article_modified_time":"2020-05-28T22:06:09+00:00","og_image":[{"width":2700,"height":1800,"url":"https:\/\/www.delphosmagazine.com\/wp-content\/uploads\/2019\/09\/black-hawk.jpg","type":"image\/jpeg"}],"author":"Delphos Magazine","twitter_card":"summary_large_image","twitter_misc":{"Written by":"Delphos Magazine","Est. reading time":"1 minute"},"schema":{"@context":"https:\/\/schema.org","@graph":[{"@type":"Article","@id":"https:\/\/www.delphosmagazine.com\/pzl-mielec-presenta-una-nueva-estacion-de-almacenaje-para-el-black-hawk\/#article","isPartOf":{"@id":"https:\/\/www.delphosmagazine.com\/pzl-mielec-presenta-una-nueva-estacion-de-almacenaje-para-el-black-hawk\/"},"author":{"name":"Delphos Magazine","@id":"https:\/\/www.delphosmagazine.com\/#\/schema\/person\/975be66d68fbd24bf1cf96e8871defe1"},"headline":"PZL Mielec presenta una Nueva estaci\u00f3n de almacenaje para el Black hawk","datePublished":"2019-09-04T23:15:38+00:00","dateModified":"2020-05-28T22:06:09+00:00","mainEntityOfPage":{"@id":"https:\/\/www.delphosmagazine.com\/pzl-mielec-presenta-una-nueva-estacion-de-almacenaje-para-el-black-hawk\/"},"wordCount":240,"publisher":{"@id":"https:\/\/www.delphosmagazine.com\/#organization"},"image":{"@id":"https:\/\/www.delphosmagazine.com\/pzl-mielec-presenta-una-nueva-estacion-de-almacenaje-para-el-black-hawk\/#primaryimage"},"thumbnailUrl":"https:\/\/www.delphosmagazine.com\/wp-content\/uploads\/2019\/09\/black-hawk.jpg","articleSection":["Actividades A\u00e9ronauticas","Aviaci\u00f3n","Aviaci\u00f3n Militar","Defensa","Destacados","Ferias Aeroespaciales y Defensa","Helic\u00f3pteros"],"inLanguage":"en-US"},{"@type":"WebPage","@id":"https:\/\/www.delphosmagazine.com\/pzl-mielec-presenta-una-nueva-estacion-de-almacenaje-para-el-black-hawk\/","url":"https:\/\/www.delphosmagazine.com\/pzl-mielec-presenta-una-nueva-estacion-de-almacenaje-para-el-black-hawk\/","name":"PZL Mielec presenta una Nueva estaci\u00f3n de almacenaje para el Black hawk | Delphos Magazine","isPartOf":{"@id":"https:\/\/www.delphosmagazine.com\/#website"},"primaryImageOfPage":{"@id":"https:\/\/www.delphosmagazine.com\/pzl-mielec-presenta-una-nueva-estacion-de-almacenaje-para-el-black-hawk\/#primaryimage"},"image":{"@id":"https:\/\/www.delphosmagazine.com\/pzl-mielec-presenta-una-nueva-estacion-de-almacenaje-para-el-black-hawk\/#primaryimage"},"thumbnailUrl":"https:\/\/www.delphosmagazine.com\/wp-content\/uploads\/2019\/09\/black-hawk.jpg","datePublished":"2019-09-04T23:15:38+00:00","dateModified":"2020-05-28T22:06:09+00:00","description":"Delphos Magazine es el principal medio de prensa generador y proveedor de contenidos aeron\u00e1uticos y de defensa de Latinoam\u00e9rica y el mundo","breadcrumb":{"@id":"https:\/\/www.delphosmagazine.com\/pzl-mielec-presenta-una-nueva-estacion-de-almacenaje-para-el-black-hawk\/#breadcrumb"},"inLanguage":"en-US","potentialAction":[{"@type":"ReadAction","target":["https:\/\/www.delphosmagazine.com\/pzl-mielec-presenta-una-nueva-estacion-de-almacenaje-para-el-black-hawk\/"]}]},{"@type":"ImageObject","inLanguage":"en-US","@id":"https:\/\/www.delphosmagazine.com\/pzl-mielec-presenta-una-nueva-estacion-de-almacenaje-para-el-black-hawk\/#primaryimage","url":"https:\/\/www.delphosmagazine.com\/wp-content\/uploads\/2019\/09\/black-hawk.jpg","contentUrl":"https:\/\/www.delphosmagazine.com\/wp-content\/uploads\/2019\/09\/black-hawk.jpg","width":2700,"height":1800,"caption":"An S-70i Black Hawk helicopter at the MSPO trade show carries a lightweight single-station external stores pylon supporting four Hellfire air-to-ground missiles. The prototype pylon\u2019s drop design offers a wide field of fire to the crew-served machine gun, which also can be locked into a fixed forward position for control by a pilot gunner."},{"@type":"BreadcrumbList","@id":"https:\/\/www.delphosmagazine.com\/pzl-mielec-presenta-una-nueva-estacion-de-almacenaje-para-el-black-hawk\/#breadcrumb","itemListElement":[{"@type":"ListItem","position":1,"name":"Portada","item":"https:\/\/www.delphosmagazine.com\/"},{"@type":"ListItem","position":2,"name":"PZL Mielec presenta una Nueva estaci\u00f3n de almacenaje para el Black hawk"}]},{"@type":"WebSite","@id":"https:\/\/www.delphosmagazine.com\/#website","url":"https:\/\/www.delphosmagazine.com\/","name":"Delphos Magazine","description":"principal medio de prensa generador y proveedor de contenidos aeron\u00e1uticos y de defensa de Latinoam\u00e9rica y el mundo","publisher":{"@id":"https:\/\/www.delphosmagazine.com\/#organization"},"potentialAction":[{"@type":"SearchAction","target":{"@type":"EntryPoint","urlTemplate":"https:\/\/www.delphosmagazine.com\/?s={search_term_string}"},"query-input":{"@type":"PropertyValueSpecification","valueRequired":true,"valueName":"search_term_string"}}],"inLanguage":"en-US"},{"@type":"Organization","@id":"https:\/\/www.delphosmagazine.com\/#organization","name":"Delphos Magazine","url":"https:\/\/www.delphosmagazine.com\/","logo":{"@type":"ImageObject","inLanguage":"en-US","@id":"https:\/\/www.delphosmagazine.com\/#\/schema\/logo\/image\/","url":"https:\/\/www.delphosmagazine.com\/wp-content\/uploads\/2020\/10\/logo-negro.jpg","contentUrl":"https:\/\/www.delphosmagazine.com\/wp-content\/uploads\/2020\/10\/logo-negro.jpg","width":872,"height":202,"caption":"Delphos Magazine"},"image":{"@id":"https:\/\/www.delphosmagazine.com\/#\/schema\/logo\/image\/"}},{"@type":"Person","@id":"https:\/\/www.delphosmagazine.com\/#\/schema\/person\/975be66d68fbd24bf1cf96e8871defe1","name":"Delphos Magazine","image":{"@type":"ImageObject","inLanguage":"en-US","@id":"https:\/\/www.delphosmagazine.com\/#\/schema\/person\/image\/","url":"https:\/\/secure.gravatar.com\/avatar\/2aef69e4112a9a7b4cb49f96c0516035?s=96&d=mm&r=g","contentUrl":"https:\/\/secure.gravatar.com\/avatar\/2aef69e4112a9a7b4cb49f96c0516035?s=96&d=mm&r=g","caption":"Delphos Magazine"},"sameAs":["https:\/\/www.delphosmagazine.com"],"url":"https:\/\/www.delphosmagazine.com\/en\/author\/delphosmagazine\/"}]}},"_links":{"self":[{"href":"https:\/\/www.delphosmagazine.com\/en\/wp-json\/wp\/v2\/posts\/2999","targetHints":{"allow":["GET"]}}],"collection":[{"href":"https:\/\/www.delphosmagazine.com\/en\/wp-json\/wp\/v2\/posts"}],"about":[{"href":"https:\/\/www.delphosmagazine.com\/en\/wp-json\/wp\/v2\/types\/post"}],"author":[{"embeddable":true,"href":"https:\/\/www.delphosmagazine.com\/en\/wp-json\/wp\/v2\/users\/2"}],"replies":[{"embeddable":true,"href":"https:\/\/www.delphosmagazine.com\/en\/wp-json\/wp\/v2\/comments?post=2999"}],"version-history":[{"count":0,"href":"https:\/\/www.delphosmagazine.com\/en\/wp-json\/wp\/v2\/posts\/2999\/revisions"}],"wp:featuredmedia":[{"embeddable":true,"href":"https:\/\/www.delphosmagazine.com\/en\/wp-json\/wp\/v2\/media\/3000"}],"wp:attachment":[{"href":"https:\/\/www.delphosmagazine.com\/en\/wp-json\/wp\/v2\/media?parent=2999"}],"wp:term":[{"taxonomy":"category","embeddable":true,"href":"https:\/\/www.delphosmagazine.com\/en\/wp-json\/wp\/v2\/categories?post=2999"},{"taxonomy":"post_tag","embeddable":true,"href":"https:\/\/www.delphosmagazine.com\/en\/wp-json\/wp\/v2\/tags?post=2999"}],"curies":[{"name":"wp","href":"https:\/\/api.w.org\/{rel}","templated":true}]}}