{"id":2989,"date":"2019-09-02T20:09:46","date_gmt":"2019-09-02T23:09:46","guid":{"rendered":"https:\/\/www.delphosmagazine.com\/?p=2989"},"modified":"2020-05-28T19:06:28","modified_gmt":"2020-05-28T22:06:28","slug":"puertas-abiertas-en-la-brigada-de-aviacion","status":"publish","type":"post","link":"https:\/\/www.delphosmagazine.com\/en\/puertas-abiertas-en-la-brigada-de-aviacion\/","title":{"rendered":"PUERTAS ABIERTAS EN LA BRIGADA DE AVIACION"},"content":{"rendered":"<p>Con una gran Convocatoria La Brigada de Aviaci\u00f3n del Ejercito realizo su tradicional Puertas abiertas en el aer\u00f3dromo De La Independencia de Rancagua, dicha actividad conto con la presencia de aeronaves de dotaci\u00f3n de la unidad como el Cessna C-172S, CASA 212, AS-350 Ecureuil, AS-532 Cougar MD-350 Defender y Cessna Grand Caravan.<\/p>\n<div id='gallery-1' class='gallery galleryid-2989 gallery-columns-4 gallery-size-thumbnail'><figure class='gallery-item'>\n\t\t\t<div class='gallery-icon landscape'>\n\t\t\t\t<a href='https:\/\/www.delphosmagazine.com\/wp-content\/uploads\/2019\/09\/69999401_453790035469111_2974418642373967872_n.jpg'><img loading=\"lazy\" decoding=\"async\" width=\"150\" height=\"150\" src=\"https:\/\/www.delphosmagazine.com\/wp-content\/uploads\/2019\/09\/69999401_453790035469111_2974418642373967872_n-150x150.jpg\" class=\"attachment-thumbnail size-thumbnail\" alt=\"\" \/><\/a>\n\t\t\t<\/div><\/figure><figure class='gallery-item'>\n\t\t\t<div class='gallery-icon landscape'>\n\t\t\t\t<a href='https:\/\/www.delphosmagazine.com\/wp-content\/uploads\/2019\/09\/69584492_453790005469114_8980743819565727744_n.jpg'><img loading=\"lazy\" decoding=\"async\" width=\"150\" height=\"150\" src=\"https:\/\/www.delphosmagazine.com\/wp-content\/uploads\/2019\/09\/69584492_453790005469114_8980743819565727744_n-150x150.jpg\" class=\"attachment-thumbnail size-thumbnail\" alt=\"\" \/><\/a>\n\t\t\t<\/div><\/figure><figure class='gallery-item'>\n\t\t\t<div class='gallery-icon landscape'>\n\t\t\t\t<a href='https:\/\/www.delphosmagazine.com\/wp-content\/uploads\/2019\/09\/69431643_453790002135781_538688486325092352_n.jpg'><img loading=\"lazy\" decoding=\"async\" width=\"150\" height=\"150\" src=\"https:\/\/www.delphosmagazine.com\/wp-content\/uploads\/2019\/09\/69431643_453790002135781_538688486325092352_n-150x150.jpg\" class=\"attachment-thumbnail size-thumbnail\" alt=\"\" \/><\/a>\n\t\t\t<\/div><\/figure><figure class='gallery-item'>\n\t\t\t<div class='gallery-icon landscape'>\n\t\t\t\t<a href='https:\/\/www.delphosmagazine.com\/wp-content\/uploads\/2019\/09\/69702040_453789948802453_8576181595617099776_n.jpg'><img loading=\"lazy\" decoding=\"async\" width=\"150\" height=\"150\" src=\"https:\/\/www.delphosmagazine.com\/wp-content\/uploads\/2019\/09\/69702040_453789948802453_8576181595617099776_n-150x150.jpg\" class=\"attachment-thumbnail size-thumbnail\" alt=\"\" \/><\/a>\n\t\t\t<\/div><\/figure><figure class='gallery-item'>\n\t\t\t<div class='gallery-icon landscape'>\n\t\t\t\t<a href='https:\/\/www.delphosmagazine.com\/wp-content\/uploads\/2019\/09\/69683170_453789958802452_1085030441162899456_n.jpg'><img loading=\"lazy\" decoding=\"async\" width=\"150\" height=\"150\" src=\"https:\/\/www.delphosmagazine.com\/wp-content\/uploads\/2019\/09\/69683170_453789958802452_1085030441162899456_n-150x150.jpg\" class=\"attachment-thumbnail size-thumbnail\" alt=\"\" \/><\/a>\n\t\t\t<\/div><\/figure><figure class='gallery-item'>\n\t\t\t<div class='gallery-icon landscape'>\n\t\t\t\t<a href='https:\/\/www.delphosmagazine.com\/wp-content\/uploads\/2019\/09\/69404350_453789918802456_4700127774533222400_n.jpg'><img loading=\"lazy\" decoding=\"async\" width=\"150\" height=\"150\" src=\"https:\/\/www.delphosmagazine.com\/wp-content\/uploads\/2019\/09\/69404350_453789918802456_4700127774533222400_n-150x150.jpg\" class=\"attachment-thumbnail size-thumbnail\" alt=\"\" \/><\/a>\n\t\t\t<\/div><\/figure><figure class='gallery-item'>\n\t\t\t<div class='gallery-icon landscape'>\n\t\t\t\t<a href='https:\/\/www.delphosmagazine.com\/wp-content\/uploads\/2019\/09\/69487737_453789912135790_7769930055639105536_n.jpg'><img loading=\"lazy\" decoding=\"async\" width=\"150\" height=\"150\" src=\"https:\/\/www.delphosmagazine.com\/wp-content\/uploads\/2019\/09\/69487737_453789912135790_7769930055639105536_n-150x150.jpg\" class=\"attachment-thumbnail size-thumbnail\" alt=\"\" \/><\/a>\n\t\t\t<\/div><\/figure>\n\t\t<\/div>\n\n<p>Adem\u00e1s, participo en la exposici\u00f3n est\u00e1tica una aeronave Aero Boero 180 RVR (CC-KWD) y un planeador DG Flugzeugbau DG-1000S (CC-ASZ) pertenecientes al Club de Planeadores de Vitacura.<\/p>\n<p>&nbsp;<\/p>\n<p>El club de maquetismo de Talca se presento con diversas colecciones que van desde aeronaves a escala a veh\u00edculos diversos.<\/p>\n<p>Esta actividad se enmarca en las actividades que realizara el Ejercito de Chile durante el presente mes. Esto enmarcado en las actividades del mes de la patria.<\/p>","protected":false},"excerpt":{"rendered":"<p>Con una gran Convocatoria La Brigada de Aviaci\u00f3n del Ejercito realizo su tradicional Puertas abiertas en el aer\u00f3dromo De La Independencia de Rancagua, dicha actividad conto con la presencia de aeronaves de dotaci\u00f3n de la unidad como el Cessna C-172S, CASA 212, AS-350 Ecureuil, AS-532 Cougar MD-350 Defender y Cessna Grand Caravan. Adem\u00e1s, participo en [&hellip;]<\/p>\n","protected":false},"author":2,"featured_media":2991,"comment_status":"open","ping_status":"open","sticky":false,"template":"","format":"standard","meta":{"footnotes":""},"categories":[13,3,4,7,26,11,12],"tags":[],"class_list":{"0":"post-2989","1":"post","2":"type-post","3":"status-publish","4":"format-standard","5":"has-post-thumbnail","7":"category-actividades-aeronauticas","8":"category-aviacion","9":"category-aviacion-militar","10":"category-defensa","11":"category-destacados","12":"category-helicopteros","13":"category-varios"},"yoast_head":"<!-- This site is optimized with the Yoast SEO plugin v26.5 - https:\/\/yoast.com\/wordpress\/plugins\/seo\/ -->\n<title>PUERTAS ABIERTAS EN LA BRIGADA DE AVIACION | Delphos Magazine<\/title>\n<meta name=\"description\" content=\"Delphos Magazine es el principal medio de prensa generador y proveedor de contenidos aeron\u00e1uticos y de defensa de Latinoam\u00e9rica y el mundo\" \/>\n<meta name=\"robots\" content=\"index, follow, max-snippet:-1, max-image-preview:large, max-video-preview:-1\" \/>\n<link rel=\"canonical\" href=\"https:\/\/www.delphosmagazine.com\/en\/puertas-abiertas-en-la-brigada-de-aviacion\/\" \/>\n<meta property=\"og:locale\" content=\"en_US\" \/>\n<meta property=\"og:type\" content=\"article\" \/>\n<meta property=\"og:title\" content=\"PUERTAS ABIERTAS EN LA BRIGADA DE AVIACION | Delphos Magazine\" \/>\n<meta property=\"og:description\" content=\"Delphos Magazine es el principal medio de prensa generador y proveedor de contenidos aeron\u00e1uticos y de defensa de Latinoam\u00e9rica y el mundo\" \/>\n<meta property=\"og:url\" content=\"https:\/\/www.delphosmagazine.com\/en\/puertas-abiertas-en-la-brigada-de-aviacion\/\" \/>\n<meta property=\"og:site_name\" content=\"Delphos Magazine\" \/>\n<meta property=\"article:published_time\" content=\"2019-09-02T23:09:46+00:00\" \/>\n<meta property=\"article:modified_time\" content=\"2020-05-28T22:06:28+00:00\" \/>\n<meta property=\"og:image\" content=\"https:\/\/www.delphosmagazine.com\/wp-content\/uploads\/2019\/09\/69482438_453790028802445_778581376382271488_n.jpg\" \/>\n\t<meta property=\"og:image:width\" content=\"960\" \/>\n\t<meta property=\"og:image:height\" content=\"726\" \/>\n\t<meta property=\"og:image:type\" content=\"image\/jpeg\" \/>\n<meta name=\"author\" content=\"Delphos Magazine\" \/>\n<meta name=\"twitter:card\" content=\"summary_large_image\" \/>\n<meta name=\"twitter:label1\" content=\"Written by\" \/>\n\t<meta name=\"twitter:data1\" content=\"Delphos Magazine\" \/>\n\t<meta name=\"twitter:label2\" content=\"Est. reading time\" \/>\n\t<meta name=\"twitter:data2\" content=\"1 minute\" \/>\n<script type=\"application\/ld+json\" class=\"yoast-schema-graph\">{\"@context\":\"https:\/\/schema.org\",\"@graph\":[{\"@type\":\"Article\",\"@id\":\"https:\/\/www.delphosmagazine.com\/puertas-abiertas-en-la-brigada-de-aviacion\/#article\",\"isPartOf\":{\"@id\":\"https:\/\/www.delphosmagazine.com\/puertas-abiertas-en-la-brigada-de-aviacion\/\"},\"author\":{\"name\":\"Delphos Magazine\",\"@id\":\"https:\/\/www.delphosmagazine.com\/#\/schema\/person\/975be66d68fbd24bf1cf96e8871defe1\"},\"headline\":\"PUERTAS ABIERTAS EN LA BRIGADA DE AVIACION\",\"datePublished\":\"2019-09-02T23:09:46+00:00\",\"dateModified\":\"2020-05-28T22:06:28+00:00\",\"mainEntityOfPage\":{\"@id\":\"https:\/\/www.delphosmagazine.com\/puertas-abiertas-en-la-brigada-de-aviacion\/\"},\"wordCount\":146,\"commentCount\":0,\"publisher\":{\"@id\":\"https:\/\/www.delphosmagazine.com\/#organization\"},\"image\":{\"@id\":\"https:\/\/www.delphosmagazine.com\/puertas-abiertas-en-la-brigada-de-aviacion\/#primaryimage\"},\"thumbnailUrl\":\"https:\/\/www.delphosmagazine.com\/wp-content\/uploads\/2019\/09\/69482438_453790028802445_778581376382271488_n.jpg\",\"articleSection\":[\"Actividades A\u00e9ronauticas\",\"Aviaci\u00f3n\",\"Aviaci\u00f3n Militar\",\"Defensa\",\"Destacados\",\"Helic\u00f3pteros\",\"Varios\"],\"inLanguage\":\"en-US\",\"potentialAction\":[{\"@type\":\"CommentAction\",\"name\":\"Comment\",\"target\":[\"https:\/\/www.delphosmagazine.com\/puertas-abiertas-en-la-brigada-de-aviacion\/#respond\"]}]},{\"@type\":\"WebPage\",\"@id\":\"https:\/\/www.delphosmagazine.com\/puertas-abiertas-en-la-brigada-de-aviacion\/\",\"url\":\"https:\/\/www.delphosmagazine.com\/puertas-abiertas-en-la-brigada-de-aviacion\/\",\"name\":\"PUERTAS ABIERTAS EN LA BRIGADA DE AVIACION | Delphos Magazine\",\"isPartOf\":{\"@id\":\"https:\/\/www.delphosmagazine.com\/#website\"},\"primaryImageOfPage\":{\"@id\":\"https:\/\/www.delphosmagazine.com\/puertas-abiertas-en-la-brigada-de-aviacion\/#primaryimage\"},\"image\":{\"@id\":\"https:\/\/www.delphosmagazine.com\/puertas-abiertas-en-la-brigada-de-aviacion\/#primaryimage\"},\"thumbnailUrl\":\"https:\/\/www.delphosmagazine.com\/wp-content\/uploads\/2019\/09\/69482438_453790028802445_778581376382271488_n.jpg\",\"datePublished\":\"2019-09-02T23:09:46+00:00\",\"dateModified\":\"2020-05-28T22:06:28+00:00\",\"description\":\"Delphos Magazine es el principal medio de prensa generador y proveedor de contenidos aeron\u00e1uticos y de defensa de Latinoam\u00e9rica y el mundo\",\"breadcrumb\":{\"@id\":\"https:\/\/www.delphosmagazine.com\/puertas-abiertas-en-la-brigada-de-aviacion\/#breadcrumb\"},\"inLanguage\":\"en-US\",\"potentialAction\":[{\"@type\":\"ReadAction\",\"target\":[\"https:\/\/www.delphosmagazine.com\/puertas-abiertas-en-la-brigada-de-aviacion\/\"]}]},{\"@type\":\"ImageObject\",\"inLanguage\":\"en-US\",\"@id\":\"https:\/\/www.delphosmagazine.com\/puertas-abiertas-en-la-brigada-de-aviacion\/#primaryimage\",\"url\":\"https:\/\/www.delphosmagazine.com\/wp-content\/uploads\/2019\/09\/69482438_453790028802445_778581376382271488_n.jpg\",\"contentUrl\":\"https:\/\/www.delphosmagazine.com\/wp-content\/uploads\/2019\/09\/69482438_453790028802445_778581376382271488_n.jpg\",\"width\":960,\"height\":726},{\"@type\":\"BreadcrumbList\",\"@id\":\"https:\/\/www.delphosmagazine.com\/puertas-abiertas-en-la-brigada-de-aviacion\/#breadcrumb\",\"itemListElement\":[{\"@type\":\"ListItem\",\"position\":1,\"name\":\"Portada\",\"item\":\"https:\/\/www.delphosmagazine.com\/\"},{\"@type\":\"ListItem\",\"position\":2,\"name\":\"PUERTAS ABIERTAS EN LA BRIGADA DE AVIACION\"}]},{\"@type\":\"WebSite\",\"@id\":\"https:\/\/www.delphosmagazine.com\/#website\",\"url\":\"https:\/\/www.delphosmagazine.com\/\",\"name\":\"Delphos Magazine\",\"description\":\"principal medio de prensa generador y proveedor de contenidos aeron\u00e1uticos y de defensa de Latinoam\u00e9rica y el mundo\",\"publisher\":{\"@id\":\"https:\/\/www.delphosmagazine.com\/#organization\"},\"potentialAction\":[{\"@type\":\"SearchAction\",\"target\":{\"@type\":\"EntryPoint\",\"urlTemplate\":\"https:\/\/www.delphosmagazine.com\/?s={search_term_string}\"},\"query-input\":{\"@type\":\"PropertyValueSpecification\",\"valueRequired\":true,\"valueName\":\"search_term_string\"}}],\"inLanguage\":\"en-US\"},{\"@type\":\"Organization\",\"@id\":\"https:\/\/www.delphosmagazine.com\/#organization\",\"name\":\"Delphos Magazine\",\"url\":\"https:\/\/www.delphosmagazine.com\/\",\"logo\":{\"@type\":\"ImageObject\",\"inLanguage\":\"en-US\",\"@id\":\"https:\/\/www.delphosmagazine.com\/#\/schema\/logo\/image\/\",\"url\":\"https:\/\/www.delphosmagazine.com\/wp-content\/uploads\/2020\/10\/logo-negro.jpg\",\"contentUrl\":\"https:\/\/www.delphosmagazine.com\/wp-content\/uploads\/2020\/10\/logo-negro.jpg\",\"width\":872,\"height\":202,\"caption\":\"Delphos Magazine\"},\"image\":{\"@id\":\"https:\/\/www.delphosmagazine.com\/#\/schema\/logo\/image\/\"}},{\"@type\":\"Person\",\"@id\":\"https:\/\/www.delphosmagazine.com\/#\/schema\/person\/975be66d68fbd24bf1cf96e8871defe1\",\"name\":\"Delphos Magazine\",\"image\":{\"@type\":\"ImageObject\",\"inLanguage\":\"en-US\",\"@id\":\"https:\/\/www.delphosmagazine.com\/#\/schema\/person\/image\/\",\"url\":\"https:\/\/secure.gravatar.com\/avatar\/2aef69e4112a9a7b4cb49f96c0516035?s=96&d=mm&r=g\",\"contentUrl\":\"https:\/\/secure.gravatar.com\/avatar\/2aef69e4112a9a7b4cb49f96c0516035?s=96&d=mm&r=g\",\"caption\":\"Delphos Magazine\"},\"sameAs\":[\"https:\/\/www.delphosmagazine.com\"],\"url\":\"https:\/\/www.delphosmagazine.com\/en\/author\/delphosmagazine\/\"}]}<\/script>\n<!-- \/ Yoast SEO plugin. -->","yoast_head_json":{"title":"PUERTAS ABIERTAS EN LA BRIGADA DE AVIACION | Delphos Magazine","description":"Delphos Magazine es el principal medio de prensa generador y proveedor de contenidos aeron\u00e1uticos y de defensa de Latinoam\u00e9rica y el mundo","robots":{"index":"index","follow":"follow","max-snippet":"max-snippet:-1","max-image-preview":"max-image-preview:large","max-video-preview":"max-video-preview:-1"},"canonical":"https:\/\/www.delphosmagazine.com\/en\/puertas-abiertas-en-la-brigada-de-aviacion\/","og_locale":"en_US","og_type":"article","og_title":"PUERTAS ABIERTAS EN LA BRIGADA DE AVIACION | Delphos Magazine","og_description":"Delphos Magazine es el principal medio de prensa generador y proveedor de contenidos aeron\u00e1uticos y de defensa de Latinoam\u00e9rica y el mundo","og_url":"https:\/\/www.delphosmagazine.com\/en\/puertas-abiertas-en-la-brigada-de-aviacion\/","og_site_name":"Delphos Magazine","article_published_time":"2019-09-02T23:09:46+00:00","article_modified_time":"2020-05-28T22:06:28+00:00","og_image":[{"width":960,"height":726,"url":"https:\/\/www.delphosmagazine.com\/wp-content\/uploads\/2019\/09\/69482438_453790028802445_778581376382271488_n.jpg","type":"image\/jpeg"}],"author":"Delphos Magazine","twitter_card":"summary_large_image","twitter_misc":{"Written by":"Delphos Magazine","Est. reading time":"1 minute"},"schema":{"@context":"https:\/\/schema.org","@graph":[{"@type":"Article","@id":"https:\/\/www.delphosmagazine.com\/puertas-abiertas-en-la-brigada-de-aviacion\/#article","isPartOf":{"@id":"https:\/\/www.delphosmagazine.com\/puertas-abiertas-en-la-brigada-de-aviacion\/"},"author":{"name":"Delphos Magazine","@id":"https:\/\/www.delphosmagazine.com\/#\/schema\/person\/975be66d68fbd24bf1cf96e8871defe1"},"headline":"PUERTAS ABIERTAS EN LA BRIGADA DE AVIACION","datePublished":"2019-09-02T23:09:46+00:00","dateModified":"2020-05-28T22:06:28+00:00","mainEntityOfPage":{"@id":"https:\/\/www.delphosmagazine.com\/puertas-abiertas-en-la-brigada-de-aviacion\/"},"wordCount":146,"commentCount":0,"publisher":{"@id":"https:\/\/www.delphosmagazine.com\/#organization"},"image":{"@id":"https:\/\/www.delphosmagazine.com\/puertas-abiertas-en-la-brigada-de-aviacion\/#primaryimage"},"thumbnailUrl":"https:\/\/www.delphosmagazine.com\/wp-content\/uploads\/2019\/09\/69482438_453790028802445_778581376382271488_n.jpg","articleSection":["Actividades A\u00e9ronauticas","Aviaci\u00f3n","Aviaci\u00f3n Militar","Defensa","Destacados","Helic\u00f3pteros","Varios"],"inLanguage":"en-US","potentialAction":[{"@type":"CommentAction","name":"Comment","target":["https:\/\/www.delphosmagazine.com\/puertas-abiertas-en-la-brigada-de-aviacion\/#respond"]}]},{"@type":"WebPage","@id":"https:\/\/www.delphosmagazine.com\/puertas-abiertas-en-la-brigada-de-aviacion\/","url":"https:\/\/www.delphosmagazine.com\/puertas-abiertas-en-la-brigada-de-aviacion\/","name":"PUERTAS ABIERTAS EN LA BRIGADA DE AVIACION | Delphos Magazine","isPartOf":{"@id":"https:\/\/www.delphosmagazine.com\/#website"},"primaryImageOfPage":{"@id":"https:\/\/www.delphosmagazine.com\/puertas-abiertas-en-la-brigada-de-aviacion\/#primaryimage"},"image":{"@id":"https:\/\/www.delphosmagazine.com\/puertas-abiertas-en-la-brigada-de-aviacion\/#primaryimage"},"thumbnailUrl":"https:\/\/www.delphosmagazine.com\/wp-content\/uploads\/2019\/09\/69482438_453790028802445_778581376382271488_n.jpg","datePublished":"2019-09-02T23:09:46+00:00","dateModified":"2020-05-28T22:06:28+00:00","description":"Delphos Magazine es el principal medio de prensa generador y proveedor de contenidos aeron\u00e1uticos y de defensa de Latinoam\u00e9rica y el mundo","breadcrumb":{"@id":"https:\/\/www.delphosmagazine.com\/puertas-abiertas-en-la-brigada-de-aviacion\/#breadcrumb"},"inLanguage":"en-US","potentialAction":[{"@type":"ReadAction","target":["https:\/\/www.delphosmagazine.com\/puertas-abiertas-en-la-brigada-de-aviacion\/"]}]},{"@type":"ImageObject","inLanguage":"en-US","@id":"https:\/\/www.delphosmagazine.com\/puertas-abiertas-en-la-brigada-de-aviacion\/#primaryimage","url":"https:\/\/www.delphosmagazine.com\/wp-content\/uploads\/2019\/09\/69482438_453790028802445_778581376382271488_n.jpg","contentUrl":"https:\/\/www.delphosmagazine.com\/wp-content\/uploads\/2019\/09\/69482438_453790028802445_778581376382271488_n.jpg","width":960,"height":726},{"@type":"BreadcrumbList","@id":"https:\/\/www.delphosmagazine.com\/puertas-abiertas-en-la-brigada-de-aviacion\/#breadcrumb","itemListElement":[{"@type":"ListItem","position":1,"name":"Portada","item":"https:\/\/www.delphosmagazine.com\/"},{"@type":"ListItem","position":2,"name":"PUERTAS ABIERTAS EN LA BRIGADA DE AVIACION"}]},{"@type":"WebSite","@id":"https:\/\/www.delphosmagazine.com\/#website","url":"https:\/\/www.delphosmagazine.com\/","name":"Delphos Magazine","description":"principal medio de prensa generador y proveedor de contenidos aeron\u00e1uticos y de defensa de Latinoam\u00e9rica y el mundo","publisher":{"@id":"https:\/\/www.delphosmagazine.com\/#organization"},"potentialAction":[{"@type":"SearchAction","target":{"@type":"EntryPoint","urlTemplate":"https:\/\/www.delphosmagazine.com\/?s={search_term_string}"},"query-input":{"@type":"PropertyValueSpecification","valueRequired":true,"valueName":"search_term_string"}}],"inLanguage":"en-US"},{"@type":"Organization","@id":"https:\/\/www.delphosmagazine.com\/#organization","name":"Delphos Magazine","url":"https:\/\/www.delphosmagazine.com\/","logo":{"@type":"ImageObject","inLanguage":"en-US","@id":"https:\/\/www.delphosmagazine.com\/#\/schema\/logo\/image\/","url":"https:\/\/www.delphosmagazine.com\/wp-content\/uploads\/2020\/10\/logo-negro.jpg","contentUrl":"https:\/\/www.delphosmagazine.com\/wp-content\/uploads\/2020\/10\/logo-negro.jpg","width":872,"height":202,"caption":"Delphos Magazine"},"image":{"@id":"https:\/\/www.delphosmagazine.com\/#\/schema\/logo\/image\/"}},{"@type":"Person","@id":"https:\/\/www.delphosmagazine.com\/#\/schema\/person\/975be66d68fbd24bf1cf96e8871defe1","name":"Delphos Magazine","image":{"@type":"ImageObject","inLanguage":"en-US","@id":"https:\/\/www.delphosmagazine.com\/#\/schema\/person\/image\/","url":"https:\/\/secure.gravatar.com\/avatar\/2aef69e4112a9a7b4cb49f96c0516035?s=96&d=mm&r=g","contentUrl":"https:\/\/secure.gravatar.com\/avatar\/2aef69e4112a9a7b4cb49f96c0516035?s=96&d=mm&r=g","caption":"Delphos Magazine"},"sameAs":["https:\/\/www.delphosmagazine.com"],"url":"https:\/\/www.delphosmagazine.com\/en\/author\/delphosmagazine\/"}]}},"_links":{"self":[{"href":"https:\/\/www.delphosmagazine.com\/en\/wp-json\/wp\/v2\/posts\/2989","targetHints":{"allow":["GET"]}}],"collection":[{"href":"https:\/\/www.delphosmagazine.com\/en\/wp-json\/wp\/v2\/posts"}],"about":[{"href":"https:\/\/www.delphosmagazine.com\/en\/wp-json\/wp\/v2\/types\/post"}],"author":[{"embeddable":true,"href":"https:\/\/www.delphosmagazine.com\/en\/wp-json\/wp\/v2\/users\/2"}],"replies":[{"embeddable":true,"href":"https:\/\/www.delphosmagazine.com\/en\/wp-json\/wp\/v2\/comments?post=2989"}],"version-history":[{"count":0,"href":"https:\/\/www.delphosmagazine.com\/en\/wp-json\/wp\/v2\/posts\/2989\/revisions"}],"wp:featuredmedia":[{"embeddable":true,"href":"https:\/\/www.delphosmagazine.com\/en\/wp-json\/wp\/v2\/media\/2991"}],"wp:attachment":[{"href":"https:\/\/www.delphosmagazine.com\/en\/wp-json\/wp\/v2\/media?parent=2989"}],"wp:term":[{"taxonomy":"category","embeddable":true,"href":"https:\/\/www.delphosmagazine.com\/en\/wp-json\/wp\/v2\/categories?post=2989"},{"taxonomy":"post_tag","embeddable":true,"href":"https:\/\/www.delphosmagazine.com\/en\/wp-json\/wp\/v2\/tags?post=2989"}],"curies":[{"name":"wp","href":"https:\/\/api.w.org\/{rel}","templated":true}]}}