{"id":2986,"date":"2019-09-02T18:41:15","date_gmt":"2019-09-02T21:41:15","guid":{"rendered":"https:\/\/www.delphosmagazine.com\/?p=2986"},"modified":"2020-05-28T18:45:00","modified_gmt":"2020-05-28T21:45:00","slug":"boeing-y-klm-anuncian-pedido-de-dos-aviones-777","status":"publish","type":"post","link":"https:\/\/www.delphosmagazine.com\/en\/boeing-y-klm-anuncian-pedido-de-dos-aviones-777\/","title":{"rendered":"Boeing y KLM anuncian pedido de dos aviones 777"},"content":{"rendered":"<p><span>\u00a0Boeing y KLM Royal Dutch Airlines anunciaron hoy que la aerol\u00ednea ha ordenado dos aviones m\u00e1s 777-300ER (Rango extendido) mientras contin\u00faa operando uno de\u00a0<\/span><span class=\"xn-location\"><span>los<\/span><\/span><span>\u00a0m\u00e1s modernos\u00a0de\u00a0<span class=\"xn-location\">Europa<\/span>\u00a0y flota eficiente.\u00a0<\/span><\/p>\n<p><span>El pedido, valorado en\u00a0<\/span><span class=\"xn-money\"><span>$ 751 millones<\/span><\/span><span>\u00a0a precios de lista actuales, se atribuy\u00f3 previamente a un cliente no identificado en el sitio web de pedidos y entregas de Boeing.<\/span><\/p>\n<p><span>\u00abKLM es uno de los principales operadores de red del mundo y un pionero de la aviaci\u00f3n y estamos encantados de que la aerol\u00ednea haya seleccionado una vez m\u00e1s el Boeing 777-300ER para fortalecer su flota de largo recorrido para el futuro\u00bb, dijo\u00a0<\/span><span class=\"xn-person\"><span>Ihssane Mounir<\/span><\/span><span>\u00a0, vicepresidente senior de Comercial Ventas y marketing para The Boeing Company.\u00a0\u00abEl continuo inter\u00e9s de KLM en los 777-300ER muestra el atractivo y el valor duraderos del 777, gracias a su excelente econom\u00eda operativa, rendimiento superior y popularidad entre los pasajeros\u00bb.<\/span><\/p>\n<p><span>El 777-300ER puede acomodar hasta 396 pasajeros en una configuraci\u00f3n de dos clases y tiene un alcance m\u00e1ximo de 7,370 millas n\u00e1uticas (13,650 km).\u00a0El avi\u00f3n es el pasillo gemelo m\u00e1s confiable del mundo con una confiabilidad de horario del 99.5 por ciento.<\/span><\/p>\n<p><span>Operando desde su base de operaciones en\u00a0<\/span><span class=\"xn-location\"><span>Amsterdam<\/span><\/span><span>\u00a0, el Grupo KLM sirve a una red global de 92 ciudades europeas y 70 destinos intercontinentales con una flota de 209 aviones.\u00a0El transportista opera 29 777, incluidos 14 777-300ER.\u00a0Tambi\u00e9n vuela 747 y la familia 787 Dreamliner.<\/span><\/p>\n<p><span>KLM, la aerol\u00ednea m\u00e1s antigua del mundo que todav\u00eda opera bajo su nombre original, celebra su centenario este a\u00f1o.\u00a0En 2004 se fusion\u00f3 con Air France para crear\u00a0<\/span><span class=\"xn-location\"><span>el<\/span><\/span><span>grupo de aerol\u00edneas m\u00e1s grande\u00a0<span class=\"xn-location\">de Europa<\/span>\u00a0.\u00a0Air France-KLM Group es tambi\u00e9n uno de los mayores operadores de la familia 777 con casi 100 entre las flotas combinadas.<\/span><\/p>\n<p>Fuente e Imagen: Boeing<\/p>","protected":false},"excerpt":{"rendered":"<p>\u00a0Boeing y KLM Royal Dutch Airlines anunciaron hoy que la aerol\u00ednea ha ordenado dos aviones m\u00e1s 777-300ER (Rango extendido) mientras contin\u00faa operando uno de\u00a0los\u00a0m\u00e1s modernos\u00a0de\u00a0Europa\u00a0y flota eficiente.\u00a0 El pedido, valorado en\u00a0$ 751 millones\u00a0a precios de lista actuales, se atribuy\u00f3 previamente a un cliente no identificado en el sitio web de pedidos y entregas de Boeing. [&hellip;]<\/p>\n","protected":false},"author":2,"featured_media":2987,"comment_status":"closed","ping_status":"open","sticky":false,"template":"","format":"standard","meta":{"footnotes":""},"categories":[3,5,26],"tags":[],"class_list":{"0":"post-2986","1":"post","2":"type-post","3":"status-publish","4":"format-standard","5":"has-post-thumbnail","7":"category-aviacion","8":"category-aviacion-civil-comercial","9":"category-destacados"},"yoast_head":"<!-- This site is optimized with the Yoast SEO plugin v26.5 - https:\/\/yoast.com\/wordpress\/plugins\/seo\/ -->\n<title>Boeing y KLM anuncian pedido de dos aviones 777 | Delphos Magazine<\/title>\n<meta name=\"description\" content=\"Delphos Magazine es el principal medio de prensa generador y proveedor de contenidos aeron\u00e1uticos y de defensa de Latinoam\u00e9rica y el mundo\" \/>\n<meta name=\"robots\" content=\"index, follow, max-snippet:-1, max-image-preview:large, max-video-preview:-1\" \/>\n<link rel=\"canonical\" href=\"https:\/\/www.delphosmagazine.com\/en\/boeing-y-klm-anuncian-pedido-de-dos-aviones-777\/\" \/>\n<meta property=\"og:locale\" content=\"en_US\" \/>\n<meta property=\"og:type\" content=\"article\" \/>\n<meta property=\"og:title\" content=\"Boeing y KLM anuncian pedido de dos aviones 777 | Delphos Magazine\" \/>\n<meta property=\"og:description\" content=\"Delphos Magazine es el principal medio de prensa generador y proveedor de contenidos aeron\u00e1uticos y de defensa de Latinoam\u00e9rica y el mundo\" \/>\n<meta property=\"og:url\" content=\"https:\/\/www.delphosmagazine.com\/en\/boeing-y-klm-anuncian-pedido-de-dos-aviones-777\/\" \/>\n<meta property=\"og:site_name\" content=\"Delphos Magazine\" \/>\n<meta property=\"article:published_time\" content=\"2019-09-02T21:41:15+00:00\" \/>\n<meta property=\"article:modified_time\" content=\"2020-05-28T21:45:00+00:00\" \/>\n<meta property=\"og:image\" content=\"https:\/\/www.delphosmagazine.com\/wp-content\/uploads\/2019\/09\/dreamliner-klm.jpg\" \/>\n\t<meta property=\"og:image:width\" content=\"1920\" \/>\n\t<meta property=\"og:image:height\" content=\"1080\" \/>\n\t<meta property=\"og:image:type\" content=\"image\/jpeg\" \/>\n<meta name=\"author\" content=\"Delphos Magazine\" \/>\n<meta name=\"twitter:card\" content=\"summary_large_image\" \/>\n<meta name=\"twitter:label1\" content=\"Written by\" \/>\n\t<meta name=\"twitter:data1\" content=\"Delphos Magazine\" \/>\n\t<meta name=\"twitter:label2\" content=\"Est. reading time\" \/>\n\t<meta name=\"twitter:data2\" content=\"2 minutes\" \/>\n<script type=\"application\/ld+json\" class=\"yoast-schema-graph\">{\"@context\":\"https:\/\/schema.org\",\"@graph\":[{\"@type\":\"Article\",\"@id\":\"https:\/\/www.delphosmagazine.com\/boeing-y-klm-anuncian-pedido-de-dos-aviones-777\/#article\",\"isPartOf\":{\"@id\":\"https:\/\/www.delphosmagazine.com\/boeing-y-klm-anuncian-pedido-de-dos-aviones-777\/\"},\"author\":{\"name\":\"Delphos Magazine\",\"@id\":\"https:\/\/www.delphosmagazine.com\/#\/schema\/person\/975be66d68fbd24bf1cf96e8871defe1\"},\"headline\":\"Boeing y KLM anuncian pedido de dos aviones 777\",\"datePublished\":\"2019-09-02T21:41:15+00:00\",\"dateModified\":\"2020-05-28T21:45:00+00:00\",\"mainEntityOfPage\":{\"@id\":\"https:\/\/www.delphosmagazine.com\/boeing-y-klm-anuncian-pedido-de-dos-aviones-777\/\"},\"wordCount\":315,\"publisher\":{\"@id\":\"https:\/\/www.delphosmagazine.com\/#organization\"},\"image\":{\"@id\":\"https:\/\/www.delphosmagazine.com\/boeing-y-klm-anuncian-pedido-de-dos-aviones-777\/#primaryimage\"},\"thumbnailUrl\":\"https:\/\/www.delphosmagazine.com\/wp-content\/uploads\/2019\/09\/dreamliner-klm.jpg\",\"articleSection\":[\"Aviaci\u00f3n\",\"Aviaci\u00f3n Comercial\",\"Destacados\"],\"inLanguage\":\"en-US\"},{\"@type\":\"WebPage\",\"@id\":\"https:\/\/www.delphosmagazine.com\/boeing-y-klm-anuncian-pedido-de-dos-aviones-777\/\",\"url\":\"https:\/\/www.delphosmagazine.com\/boeing-y-klm-anuncian-pedido-de-dos-aviones-777\/\",\"name\":\"Boeing y KLM anuncian pedido de dos aviones 777 | Delphos Magazine\",\"isPartOf\":{\"@id\":\"https:\/\/www.delphosmagazine.com\/#website\"},\"primaryImageOfPage\":{\"@id\":\"https:\/\/www.delphosmagazine.com\/boeing-y-klm-anuncian-pedido-de-dos-aviones-777\/#primaryimage\"},\"image\":{\"@id\":\"https:\/\/www.delphosmagazine.com\/boeing-y-klm-anuncian-pedido-de-dos-aviones-777\/#primaryimage\"},\"thumbnailUrl\":\"https:\/\/www.delphosmagazine.com\/wp-content\/uploads\/2019\/09\/dreamliner-klm.jpg\",\"datePublished\":\"2019-09-02T21:41:15+00:00\",\"dateModified\":\"2020-05-28T21:45:00+00:00\",\"description\":\"Delphos Magazine es el principal medio de prensa generador y proveedor de contenidos aeron\u00e1uticos y de defensa de Latinoam\u00e9rica y el mundo\",\"breadcrumb\":{\"@id\":\"https:\/\/www.delphosmagazine.com\/boeing-y-klm-anuncian-pedido-de-dos-aviones-777\/#breadcrumb\"},\"inLanguage\":\"en-US\",\"potentialAction\":[{\"@type\":\"ReadAction\",\"target\":[\"https:\/\/www.delphosmagazine.com\/boeing-y-klm-anuncian-pedido-de-dos-aviones-777\/\"]}]},{\"@type\":\"ImageObject\",\"inLanguage\":\"en-US\",\"@id\":\"https:\/\/www.delphosmagazine.com\/boeing-y-klm-anuncian-pedido-de-dos-aviones-777\/#primaryimage\",\"url\":\"https:\/\/www.delphosmagazine.com\/wp-content\/uploads\/2019\/09\/dreamliner-klm.jpg\",\"contentUrl\":\"https:\/\/www.delphosmagazine.com\/wp-content\/uploads\/2019\/09\/dreamliner-klm.jpg\",\"width\":1920,\"height\":1080},{\"@type\":\"BreadcrumbList\",\"@id\":\"https:\/\/www.delphosmagazine.com\/boeing-y-klm-anuncian-pedido-de-dos-aviones-777\/#breadcrumb\",\"itemListElement\":[{\"@type\":\"ListItem\",\"position\":1,\"name\":\"Portada\",\"item\":\"https:\/\/www.delphosmagazine.com\/\"},{\"@type\":\"ListItem\",\"position\":2,\"name\":\"Boeing y KLM anuncian pedido de dos aviones 777\"}]},{\"@type\":\"WebSite\",\"@id\":\"https:\/\/www.delphosmagazine.com\/#website\",\"url\":\"https:\/\/www.delphosmagazine.com\/\",\"name\":\"Delphos Magazine\",\"description\":\"principal medio de prensa generador y proveedor de contenidos aeron\u00e1uticos y de defensa de Latinoam\u00e9rica y el mundo\",\"publisher\":{\"@id\":\"https:\/\/www.delphosmagazine.com\/#organization\"},\"potentialAction\":[{\"@type\":\"SearchAction\",\"target\":{\"@type\":\"EntryPoint\",\"urlTemplate\":\"https:\/\/www.delphosmagazine.com\/?s={search_term_string}\"},\"query-input\":{\"@type\":\"PropertyValueSpecification\",\"valueRequired\":true,\"valueName\":\"search_term_string\"}}],\"inLanguage\":\"en-US\"},{\"@type\":\"Organization\",\"@id\":\"https:\/\/www.delphosmagazine.com\/#organization\",\"name\":\"Delphos Magazine\",\"url\":\"https:\/\/www.delphosmagazine.com\/\",\"logo\":{\"@type\":\"ImageObject\",\"inLanguage\":\"en-US\",\"@id\":\"https:\/\/www.delphosmagazine.com\/#\/schema\/logo\/image\/\",\"url\":\"https:\/\/www.delphosmagazine.com\/wp-content\/uploads\/2020\/10\/logo-negro.jpg\",\"contentUrl\":\"https:\/\/www.delphosmagazine.com\/wp-content\/uploads\/2020\/10\/logo-negro.jpg\",\"width\":872,\"height\":202,\"caption\":\"Delphos Magazine\"},\"image\":{\"@id\":\"https:\/\/www.delphosmagazine.com\/#\/schema\/logo\/image\/\"}},{\"@type\":\"Person\",\"@id\":\"https:\/\/www.delphosmagazine.com\/#\/schema\/person\/975be66d68fbd24bf1cf96e8871defe1\",\"name\":\"Delphos Magazine\",\"image\":{\"@type\":\"ImageObject\",\"inLanguage\":\"en-US\",\"@id\":\"https:\/\/www.delphosmagazine.com\/#\/schema\/person\/image\/\",\"url\":\"https:\/\/secure.gravatar.com\/avatar\/2aef69e4112a9a7b4cb49f96c0516035?s=96&d=mm&r=g\",\"contentUrl\":\"https:\/\/secure.gravatar.com\/avatar\/2aef69e4112a9a7b4cb49f96c0516035?s=96&d=mm&r=g\",\"caption\":\"Delphos Magazine\"},\"sameAs\":[\"https:\/\/www.delphosmagazine.com\"],\"url\":\"https:\/\/www.delphosmagazine.com\/en\/author\/delphosmagazine\/\"}]}<\/script>\n<!-- \/ Yoast SEO plugin. -->","yoast_head_json":{"title":"Boeing y KLM anuncian pedido de dos aviones 777 | Delphos Magazine","description":"Delphos Magazine es el principal medio de prensa generador y proveedor de contenidos aeron\u00e1uticos y de defensa de Latinoam\u00e9rica y el mundo","robots":{"index":"index","follow":"follow","max-snippet":"max-snippet:-1","max-image-preview":"max-image-preview:large","max-video-preview":"max-video-preview:-1"},"canonical":"https:\/\/www.delphosmagazine.com\/en\/boeing-y-klm-anuncian-pedido-de-dos-aviones-777\/","og_locale":"en_US","og_type":"article","og_title":"Boeing y KLM anuncian pedido de dos aviones 777 | Delphos Magazine","og_description":"Delphos Magazine es el principal medio de prensa generador y proveedor de contenidos aeron\u00e1uticos y de defensa de Latinoam\u00e9rica y el mundo","og_url":"https:\/\/www.delphosmagazine.com\/en\/boeing-y-klm-anuncian-pedido-de-dos-aviones-777\/","og_site_name":"Delphos Magazine","article_published_time":"2019-09-02T21:41:15+00:00","article_modified_time":"2020-05-28T21:45:00+00:00","og_image":[{"width":1920,"height":1080,"url":"https:\/\/www.delphosmagazine.com\/wp-content\/uploads\/2019\/09\/dreamliner-klm.jpg","type":"image\/jpeg"}],"author":"Delphos Magazine","twitter_card":"summary_large_image","twitter_misc":{"Written by":"Delphos Magazine","Est. reading time":"2 minutes"},"schema":{"@context":"https:\/\/schema.org","@graph":[{"@type":"Article","@id":"https:\/\/www.delphosmagazine.com\/boeing-y-klm-anuncian-pedido-de-dos-aviones-777\/#article","isPartOf":{"@id":"https:\/\/www.delphosmagazine.com\/boeing-y-klm-anuncian-pedido-de-dos-aviones-777\/"},"author":{"name":"Delphos Magazine","@id":"https:\/\/www.delphosmagazine.com\/#\/schema\/person\/975be66d68fbd24bf1cf96e8871defe1"},"headline":"Boeing y KLM anuncian pedido de dos aviones 777","datePublished":"2019-09-02T21:41:15+00:00","dateModified":"2020-05-28T21:45:00+00:00","mainEntityOfPage":{"@id":"https:\/\/www.delphosmagazine.com\/boeing-y-klm-anuncian-pedido-de-dos-aviones-777\/"},"wordCount":315,"publisher":{"@id":"https:\/\/www.delphosmagazine.com\/#organization"},"image":{"@id":"https:\/\/www.delphosmagazine.com\/boeing-y-klm-anuncian-pedido-de-dos-aviones-777\/#primaryimage"},"thumbnailUrl":"https:\/\/www.delphosmagazine.com\/wp-content\/uploads\/2019\/09\/dreamliner-klm.jpg","articleSection":["Aviaci\u00f3n","Aviaci\u00f3n Comercial","Destacados"],"inLanguage":"en-US"},{"@type":"WebPage","@id":"https:\/\/www.delphosmagazine.com\/boeing-y-klm-anuncian-pedido-de-dos-aviones-777\/","url":"https:\/\/www.delphosmagazine.com\/boeing-y-klm-anuncian-pedido-de-dos-aviones-777\/","name":"Boeing y KLM anuncian pedido de dos aviones 777 | Delphos Magazine","isPartOf":{"@id":"https:\/\/www.delphosmagazine.com\/#website"},"primaryImageOfPage":{"@id":"https:\/\/www.delphosmagazine.com\/boeing-y-klm-anuncian-pedido-de-dos-aviones-777\/#primaryimage"},"image":{"@id":"https:\/\/www.delphosmagazine.com\/boeing-y-klm-anuncian-pedido-de-dos-aviones-777\/#primaryimage"},"thumbnailUrl":"https:\/\/www.delphosmagazine.com\/wp-content\/uploads\/2019\/09\/dreamliner-klm.jpg","datePublished":"2019-09-02T21:41:15+00:00","dateModified":"2020-05-28T21:45:00+00:00","description":"Delphos Magazine es el principal medio de prensa generador y proveedor de contenidos aeron\u00e1uticos y de defensa de Latinoam\u00e9rica y el mundo","breadcrumb":{"@id":"https:\/\/www.delphosmagazine.com\/boeing-y-klm-anuncian-pedido-de-dos-aviones-777\/#breadcrumb"},"inLanguage":"en-US","potentialAction":[{"@type":"ReadAction","target":["https:\/\/www.delphosmagazine.com\/boeing-y-klm-anuncian-pedido-de-dos-aviones-777\/"]}]},{"@type":"ImageObject","inLanguage":"en-US","@id":"https:\/\/www.delphosmagazine.com\/boeing-y-klm-anuncian-pedido-de-dos-aviones-777\/#primaryimage","url":"https:\/\/www.delphosmagazine.com\/wp-content\/uploads\/2019\/09\/dreamliner-klm.jpg","contentUrl":"https:\/\/www.delphosmagazine.com\/wp-content\/uploads\/2019\/09\/dreamliner-klm.jpg","width":1920,"height":1080},{"@type":"BreadcrumbList","@id":"https:\/\/www.delphosmagazine.com\/boeing-y-klm-anuncian-pedido-de-dos-aviones-777\/#breadcrumb","itemListElement":[{"@type":"ListItem","position":1,"name":"Portada","item":"https:\/\/www.delphosmagazine.com\/"},{"@type":"ListItem","position":2,"name":"Boeing y KLM anuncian pedido de dos aviones 777"}]},{"@type":"WebSite","@id":"https:\/\/www.delphosmagazine.com\/#website","url":"https:\/\/www.delphosmagazine.com\/","name":"Delphos Magazine","description":"principal medio de prensa generador y proveedor de contenidos aeron\u00e1uticos y de defensa de Latinoam\u00e9rica y el mundo","publisher":{"@id":"https:\/\/www.delphosmagazine.com\/#organization"},"potentialAction":[{"@type":"SearchAction","target":{"@type":"EntryPoint","urlTemplate":"https:\/\/www.delphosmagazine.com\/?s={search_term_string}"},"query-input":{"@type":"PropertyValueSpecification","valueRequired":true,"valueName":"search_term_string"}}],"inLanguage":"en-US"},{"@type":"Organization","@id":"https:\/\/www.delphosmagazine.com\/#organization","name":"Delphos Magazine","url":"https:\/\/www.delphosmagazine.com\/","logo":{"@type":"ImageObject","inLanguage":"en-US","@id":"https:\/\/www.delphosmagazine.com\/#\/schema\/logo\/image\/","url":"https:\/\/www.delphosmagazine.com\/wp-content\/uploads\/2020\/10\/logo-negro.jpg","contentUrl":"https:\/\/www.delphosmagazine.com\/wp-content\/uploads\/2020\/10\/logo-negro.jpg","width":872,"height":202,"caption":"Delphos Magazine"},"image":{"@id":"https:\/\/www.delphosmagazine.com\/#\/schema\/logo\/image\/"}},{"@type":"Person","@id":"https:\/\/www.delphosmagazine.com\/#\/schema\/person\/975be66d68fbd24bf1cf96e8871defe1","name":"Delphos Magazine","image":{"@type":"ImageObject","inLanguage":"en-US","@id":"https:\/\/www.delphosmagazine.com\/#\/schema\/person\/image\/","url":"https:\/\/secure.gravatar.com\/avatar\/2aef69e4112a9a7b4cb49f96c0516035?s=96&d=mm&r=g","contentUrl":"https:\/\/secure.gravatar.com\/avatar\/2aef69e4112a9a7b4cb49f96c0516035?s=96&d=mm&r=g","caption":"Delphos Magazine"},"sameAs":["https:\/\/www.delphosmagazine.com"],"url":"https:\/\/www.delphosmagazine.com\/en\/author\/delphosmagazine\/"}]}},"_links":{"self":[{"href":"https:\/\/www.delphosmagazine.com\/en\/wp-json\/wp\/v2\/posts\/2986","targetHints":{"allow":["GET"]}}],"collection":[{"href":"https:\/\/www.delphosmagazine.com\/en\/wp-json\/wp\/v2\/posts"}],"about":[{"href":"https:\/\/www.delphosmagazine.com\/en\/wp-json\/wp\/v2\/types\/post"}],"author":[{"embeddable":true,"href":"https:\/\/www.delphosmagazine.com\/en\/wp-json\/wp\/v2\/users\/2"}],"replies":[{"embeddable":true,"href":"https:\/\/www.delphosmagazine.com\/en\/wp-json\/wp\/v2\/comments?post=2986"}],"version-history":[{"count":0,"href":"https:\/\/www.delphosmagazine.com\/en\/wp-json\/wp\/v2\/posts\/2986\/revisions"}],"wp:featuredmedia":[{"embeddable":true,"href":"https:\/\/www.delphosmagazine.com\/en\/wp-json\/wp\/v2\/media\/2987"}],"wp:attachment":[{"href":"https:\/\/www.delphosmagazine.com\/en\/wp-json\/wp\/v2\/media?parent=2986"}],"wp:term":[{"taxonomy":"category","embeddable":true,"href":"https:\/\/www.delphosmagazine.com\/en\/wp-json\/wp\/v2\/categories?post=2986"},{"taxonomy":"post_tag","embeddable":true,"href":"https:\/\/www.delphosmagazine.com\/en\/wp-json\/wp\/v2\/tags?post=2986"}],"curies":[{"name":"wp","href":"https:\/\/api.w.org\/{rel}","templated":true}]}}