{"id":2882,"date":"2019-08-20T18:45:31","date_gmt":"2019-08-20T21:45:31","guid":{"rendered":"https:\/\/www.delphosmagazine.com\/?p=2882"},"modified":"2020-05-29T14:24:05","modified_gmt":"2020-05-29T17:24:05","slug":"fuerza-aerea-de-chile-participo-en-actividades-conmemorativas-al-natalicio-de-bernardo-ohiggins","status":"publish","type":"post","link":"https:\/\/www.delphosmagazine.com\/en\/fuerza-aerea-de-chile-participo-en-actividades-conmemorativas-al-natalicio-de-bernardo-ohiggins\/","title":{"rendered":"FUERZA A\u00c9REA DE CHILE PARTICIP\u00d3 EN ACTIVIDADES CONMEMORATIVAS AL NATALICIO DE BERNARDO O\u00b4HIGGINS"},"content":{"rendered":"<p>El martes 20 de agosto, el Comandante en Jefe de la Fuerza A\u00e9rea de Chile, General del Aire Arturo Merino N\u00fa\u00f1ez, acompa\u00f1ado de parte del Alto Mando Institucional, asisti\u00f3 a la conmemoraci\u00f3n de los 241 a\u00f1os del Natalicio de Bernardo O\u00b4Higgins, que se realiz\u00f3 en el Parque Monumental de Chill\u00e1n Viejo, Regi\u00f3n de \u00d1uble.<\/p>\n<p>La ceremonia fue presidida por el Presidente de la Rep\u00fablica, Sebasti\u00e1n Pi\u00f1era Echenique, y cont\u00f3 con la participaci\u00f3n de autoridades pol\u00edticas, representantes de las Fuerzas Armadas y de Orden y organizaciones civiles de la zona.<\/p>\n<p>En la ocasi\u00f3n, un destacamento de honor de la Escuela de Aviaci\u00f3n \u00abManuel \u00c1valos Prado\u00bb particip\u00f3 de este nuevo aniversario del Pr\u00f3cer de la Patria. Durante la ceremonia, las autoridades asistentes procedieron a depositar ofrendas florales para posteriormente dar paso al desfile c\u00edvico-militar.<\/p>\n<div id='gallery-1' class='gallery galleryid-2882 gallery-columns-2 gallery-size-thumbnail'><figure class='gallery-item'>\n\t\t\t<div class='gallery-icon landscape'>\n\t\t\t\t<a href='https:\/\/www.delphosmagazine.com\/wp-content\/uploads\/2019\/08\/4-5.jpg'><img loading=\"lazy\" decoding=\"async\" width=\"150\" height=\"150\" src=\"https:\/\/www.delphosmagazine.com\/wp-content\/uploads\/2019\/08\/4-5-150x150.jpg\" class=\"attachment-thumbnail size-thumbnail\" alt=\"\" \/><\/a>\n\t\t\t<\/div><\/figure><figure class='gallery-item'>\n\t\t\t<div class='gallery-icon landscape'>\n\t\t\t\t<a href='https:\/\/www.delphosmagazine.com\/wp-content\/uploads\/2019\/08\/2-7.jpg'><img loading=\"lazy\" decoding=\"async\" width=\"150\" height=\"150\" src=\"https:\/\/www.delphosmagazine.com\/wp-content\/uploads\/2019\/08\/2-7-150x150.jpg\" class=\"attachment-thumbnail size-thumbnail\" alt=\"\" \/><\/a>\n\t\t\t<\/div><\/figure><figure class='gallery-item'>\n\t\t\t<div class='gallery-icon landscape'>\n\t\t\t\t<a href='https:\/\/www.delphosmagazine.com\/wp-content\/uploads\/2019\/08\/1-20.jpg'><img loading=\"lazy\" decoding=\"async\" width=\"150\" height=\"150\" src=\"https:\/\/www.delphosmagazine.com\/wp-content\/uploads\/2019\/08\/1-20-150x150.jpg\" class=\"attachment-thumbnail size-thumbnail\" alt=\"\" \/><\/a>\n\t\t\t<\/div><\/figure><figure class='gallery-item'>\n\t\t\t<div class='gallery-icon landscape'>\n\t\t\t\t<a href='https:\/\/www.delphosmagazine.com\/wp-content\/uploads\/2019\/08\/5-4.jpg'><img loading=\"lazy\" decoding=\"async\" width=\"150\" height=\"150\" src=\"https:\/\/www.delphosmagazine.com\/wp-content\/uploads\/2019\/08\/5-4-150x150.jpg\" class=\"attachment-thumbnail size-thumbnail\" alt=\"\" \/><\/a>\n\t\t\t<\/div><\/figure><figure class='gallery-item'>\n\t\t\t<div class='gallery-icon landscape'>\n\t\t\t\t<a href='https:\/\/www.delphosmagazine.com\/wp-content\/uploads\/2019\/08\/6-1.jpg'><img loading=\"lazy\" decoding=\"async\" width=\"150\" height=\"150\" src=\"https:\/\/www.delphosmagazine.com\/wp-content\/uploads\/2019\/08\/6-1-150x150.jpg\" class=\"attachment-thumbnail size-thumbnail\" alt=\"\" \/><\/a>\n\t\t\t<\/div><\/figure><figure class='gallery-item'>\n\t\t\t<div class='gallery-icon landscape'>\n\t\t\t\t<a href='https:\/\/www.delphosmagazine.com\/wp-content\/uploads\/2019\/08\/8.jpg'><img loading=\"lazy\" decoding=\"async\" width=\"150\" height=\"150\" src=\"https:\/\/www.delphosmagazine.com\/wp-content\/uploads\/2019\/08\/8-150x150.jpg\" class=\"attachment-thumbnail size-thumbnail\" alt=\"\" \/><\/a>\n\t\t\t<\/div><\/figure>\n\t\t<\/div>\n\n<p><strong>I\u00aa BRIGADA A\u00c9REA<\/strong><\/p>\n<p>En tanto, en la ciudad de Iquique, el acto cont\u00f3 con la participaci\u00f3n de las m\u00e1ximas autoridades regionales. En representaci\u00f3n de la I\u00aa Brigada A\u00e9rea particip\u00f3 el Coronel de Aviaci\u00f3n (A) Rodrigo Fuentes, quien junto al Comandante de Escuadrilla (AD) Ra\u00fal Z\u00e1rate depositaron la ofrenda floral Institucional en honor al pr\u00f3cer de la Patria.<\/p>\n<p>Durante la ceremonia, el Intendente Miguel \u00c1ngel Quezada entreg\u00f3 unas palabras y salud\u00f3 a los presentes para luego dar inicio al desfile c\u00edvico-militar, donde una secci\u00f3n de la Fuerza A\u00e9rea rindi\u00f3 los honores respectivos.<\/p>\n<p>Fuente e Imgenes. Fuerza Aerea de Chile<\/p>","protected":false},"excerpt":{"rendered":"<p>El martes 20 de agosto, el Comandante en Jefe de la Fuerza A\u00e9rea de Chile, General del Aire Arturo Merino N\u00fa\u00f1ez, acompa\u00f1ado de parte del Alto Mando Institucional, asisti\u00f3 a la conmemoraci\u00f3n de los 241 a\u00f1os del Natalicio de Bernardo O\u00b4Higgins, que se realiz\u00f3 en el Parque Monumental de Chill\u00e1n Viejo, Regi\u00f3n de \u00d1uble. La [&hellip;]<\/p>\n","protected":false},"author":2,"featured_media":2886,"comment_status":"closed","ping_status":"open","sticky":false,"template":"","format":"standard","meta":{"footnotes":""},"categories":[15,7,14,26,12],"tags":[],"class_list":{"0":"post-2882","1":"post","2":"type-post","3":"status-publish","4":"format-standard","5":"has-post-thumbnail","7":"category-comunicados","8":"category-defensa","9":"category-desfiles-conmemoraciones","10":"category-destacados","11":"category-varios"},"yoast_head":"<!-- This site is optimized with the Yoast SEO plugin v26.5 - https:\/\/yoast.com\/wordpress\/plugins\/seo\/ -->\n<title>FUERZA A\u00c9REA DE CHILE PARTICIP\u00d3 EN ACTIVIDADES CONMEMORATIVAS AL NATALICIO DE BERNARDO O\u00b4HIGGINS | Delphos Magazine<\/title>\n<meta name=\"description\" content=\"Delphos Magazine es el principal medio de prensa generador y proveedor de contenidos aeron\u00e1uticos y de defensa de Latinoam\u00e9rica y el mundo\" \/>\n<meta name=\"robots\" content=\"index, follow, max-snippet:-1, max-image-preview:large, max-video-preview:-1\" \/>\n<link rel=\"canonical\" href=\"https:\/\/www.delphosmagazine.com\/en\/fuerza-aerea-de-chile-participo-en-actividades-conmemorativas-al-natalicio-de-bernardo-ohiggins\/\" \/>\n<meta property=\"og:locale\" content=\"en_US\" \/>\n<meta property=\"og:type\" content=\"article\" \/>\n<meta property=\"og:title\" content=\"FUERZA A\u00c9REA DE CHILE PARTICIP\u00d3 EN ACTIVIDADES CONMEMORATIVAS AL NATALICIO DE BERNARDO O\u00b4HIGGINS | Delphos Magazine\" \/>\n<meta property=\"og:description\" content=\"Delphos Magazine es el principal medio de prensa generador y proveedor de contenidos aeron\u00e1uticos y de defensa de Latinoam\u00e9rica y el mundo\" \/>\n<meta property=\"og:url\" content=\"https:\/\/www.delphosmagazine.com\/en\/fuerza-aerea-de-chile-participo-en-actividades-conmemorativas-al-natalicio-de-bernardo-ohiggins\/\" \/>\n<meta property=\"og:site_name\" content=\"Delphos Magazine\" \/>\n<meta property=\"article:published_time\" content=\"2019-08-20T21:45:31+00:00\" \/>\n<meta property=\"article:modified_time\" content=\"2020-05-29T17:24:05+00:00\" \/>\n<meta property=\"og:image\" content=\"https:\/\/www.delphosmagazine.com\/wp-content\/uploads\/2019\/08\/1-20.jpg\" \/>\n\t<meta property=\"og:image:width\" content=\"800\" \/>\n\t<meta property=\"og:image:height\" content=\"533\" \/>\n\t<meta property=\"og:image:type\" content=\"image\/jpeg\" \/>\n<meta name=\"author\" content=\"Delphos Magazine\" \/>\n<meta name=\"twitter:card\" content=\"summary_large_image\" \/>\n<meta name=\"twitter:label1\" content=\"Written by\" \/>\n\t<meta name=\"twitter:data1\" content=\"Delphos Magazine\" \/>\n\t<meta name=\"twitter:label2\" content=\"Est. reading time\" \/>\n\t<meta name=\"twitter:data2\" content=\"1 minute\" \/>\n<script type=\"application\/ld+json\" class=\"yoast-schema-graph\">{\"@context\":\"https:\/\/schema.org\",\"@graph\":[{\"@type\":\"Article\",\"@id\":\"https:\/\/www.delphosmagazine.com\/fuerza-aerea-de-chile-participo-en-actividades-conmemorativas-al-natalicio-de-bernardo-ohiggins\/#article\",\"isPartOf\":{\"@id\":\"https:\/\/www.delphosmagazine.com\/fuerza-aerea-de-chile-participo-en-actividades-conmemorativas-al-natalicio-de-bernardo-ohiggins\/\"},\"author\":{\"name\":\"Delphos Magazine\",\"@id\":\"https:\/\/www.delphosmagazine.com\/#\/schema\/person\/975be66d68fbd24bf1cf96e8871defe1\"},\"headline\":\"FUERZA A\u00c9REA DE CHILE PARTICIP\u00d3 EN ACTIVIDADES CONMEMORATIVAS AL NATALICIO DE BERNARDO O\u00b4HIGGINS\",\"datePublished\":\"2019-08-20T21:45:31+00:00\",\"dateModified\":\"2020-05-29T17:24:05+00:00\",\"mainEntityOfPage\":{\"@id\":\"https:\/\/www.delphosmagazine.com\/fuerza-aerea-de-chile-participo-en-actividades-conmemorativas-al-natalicio-de-bernardo-ohiggins\/\"},\"wordCount\":277,\"publisher\":{\"@id\":\"https:\/\/www.delphosmagazine.com\/#organization\"},\"image\":{\"@id\":\"https:\/\/www.delphosmagazine.com\/fuerza-aerea-de-chile-participo-en-actividades-conmemorativas-al-natalicio-de-bernardo-ohiggins\/#primaryimage\"},\"thumbnailUrl\":\"https:\/\/www.delphosmagazine.com\/wp-content\/uploads\/2019\/08\/1-20.jpg\",\"articleSection\":[\"Comunicados\",\"Defensa\",\"Desfiles \/ Conmemoraciones\",\"Destacados\",\"Varios\"],\"inLanguage\":\"en-US\"},{\"@type\":\"WebPage\",\"@id\":\"https:\/\/www.delphosmagazine.com\/fuerza-aerea-de-chile-participo-en-actividades-conmemorativas-al-natalicio-de-bernardo-ohiggins\/\",\"url\":\"https:\/\/www.delphosmagazine.com\/fuerza-aerea-de-chile-participo-en-actividades-conmemorativas-al-natalicio-de-bernardo-ohiggins\/\",\"name\":\"FUERZA A\u00c9REA DE CHILE PARTICIP\u00d3 EN ACTIVIDADES CONMEMORATIVAS AL NATALICIO DE BERNARDO O\u00b4HIGGINS | Delphos Magazine\",\"isPartOf\":{\"@id\":\"https:\/\/www.delphosmagazine.com\/#website\"},\"primaryImageOfPage\":{\"@id\":\"https:\/\/www.delphosmagazine.com\/fuerza-aerea-de-chile-participo-en-actividades-conmemorativas-al-natalicio-de-bernardo-ohiggins\/#primaryimage\"},\"image\":{\"@id\":\"https:\/\/www.delphosmagazine.com\/fuerza-aerea-de-chile-participo-en-actividades-conmemorativas-al-natalicio-de-bernardo-ohiggins\/#primaryimage\"},\"thumbnailUrl\":\"https:\/\/www.delphosmagazine.com\/wp-content\/uploads\/2019\/08\/1-20.jpg\",\"datePublished\":\"2019-08-20T21:45:31+00:00\",\"dateModified\":\"2020-05-29T17:24:05+00:00\",\"description\":\"Delphos Magazine es el principal medio de prensa generador y proveedor de contenidos aeron\u00e1uticos y de defensa de Latinoam\u00e9rica y el mundo\",\"breadcrumb\":{\"@id\":\"https:\/\/www.delphosmagazine.com\/fuerza-aerea-de-chile-participo-en-actividades-conmemorativas-al-natalicio-de-bernardo-ohiggins\/#breadcrumb\"},\"inLanguage\":\"en-US\",\"potentialAction\":[{\"@type\":\"ReadAction\",\"target\":[\"https:\/\/www.delphosmagazine.com\/fuerza-aerea-de-chile-participo-en-actividades-conmemorativas-al-natalicio-de-bernardo-ohiggins\/\"]}]},{\"@type\":\"ImageObject\",\"inLanguage\":\"en-US\",\"@id\":\"https:\/\/www.delphosmagazine.com\/fuerza-aerea-de-chile-participo-en-actividades-conmemorativas-al-natalicio-de-bernardo-ohiggins\/#primaryimage\",\"url\":\"https:\/\/www.delphosmagazine.com\/wp-content\/uploads\/2019\/08\/1-20.jpg\",\"contentUrl\":\"https:\/\/www.delphosmagazine.com\/wp-content\/uploads\/2019\/08\/1-20.jpg\",\"width\":800,\"height\":533},{\"@type\":\"BreadcrumbList\",\"@id\":\"https:\/\/www.delphosmagazine.com\/fuerza-aerea-de-chile-participo-en-actividades-conmemorativas-al-natalicio-de-bernardo-ohiggins\/#breadcrumb\",\"itemListElement\":[{\"@type\":\"ListItem\",\"position\":1,\"name\":\"Portada\",\"item\":\"https:\/\/www.delphosmagazine.com\/\"},{\"@type\":\"ListItem\",\"position\":2,\"name\":\"FUERZA A\u00c9REA DE CHILE PARTICIP\u00d3 EN ACTIVIDADES CONMEMORATIVAS AL NATALICIO DE BERNARDO O\u00b4HIGGINS\"}]},{\"@type\":\"WebSite\",\"@id\":\"https:\/\/www.delphosmagazine.com\/#website\",\"url\":\"https:\/\/www.delphosmagazine.com\/\",\"name\":\"Delphos Magazine\",\"description\":\"principal medio de prensa generador y proveedor de contenidos aeron\u00e1uticos y de defensa de Latinoam\u00e9rica y el mundo\",\"publisher\":{\"@id\":\"https:\/\/www.delphosmagazine.com\/#organization\"},\"potentialAction\":[{\"@type\":\"SearchAction\",\"target\":{\"@type\":\"EntryPoint\",\"urlTemplate\":\"https:\/\/www.delphosmagazine.com\/?s={search_term_string}\"},\"query-input\":{\"@type\":\"PropertyValueSpecification\",\"valueRequired\":true,\"valueName\":\"search_term_string\"}}],\"inLanguage\":\"en-US\"},{\"@type\":\"Organization\",\"@id\":\"https:\/\/www.delphosmagazine.com\/#organization\",\"name\":\"Delphos Magazine\",\"url\":\"https:\/\/www.delphosmagazine.com\/\",\"logo\":{\"@type\":\"ImageObject\",\"inLanguage\":\"en-US\",\"@id\":\"https:\/\/www.delphosmagazine.com\/#\/schema\/logo\/image\/\",\"url\":\"https:\/\/www.delphosmagazine.com\/wp-content\/uploads\/2020\/10\/logo-negro.jpg\",\"contentUrl\":\"https:\/\/www.delphosmagazine.com\/wp-content\/uploads\/2020\/10\/logo-negro.jpg\",\"width\":872,\"height\":202,\"caption\":\"Delphos Magazine\"},\"image\":{\"@id\":\"https:\/\/www.delphosmagazine.com\/#\/schema\/logo\/image\/\"}},{\"@type\":\"Person\",\"@id\":\"https:\/\/www.delphosmagazine.com\/#\/schema\/person\/975be66d68fbd24bf1cf96e8871defe1\",\"name\":\"Delphos Magazine\",\"image\":{\"@type\":\"ImageObject\",\"inLanguage\":\"en-US\",\"@id\":\"https:\/\/www.delphosmagazine.com\/#\/schema\/person\/image\/\",\"url\":\"https:\/\/secure.gravatar.com\/avatar\/2aef69e4112a9a7b4cb49f96c0516035?s=96&d=mm&r=g\",\"contentUrl\":\"https:\/\/secure.gravatar.com\/avatar\/2aef69e4112a9a7b4cb49f96c0516035?s=96&d=mm&r=g\",\"caption\":\"Delphos Magazine\"},\"sameAs\":[\"https:\/\/www.delphosmagazine.com\"],\"url\":\"https:\/\/www.delphosmagazine.com\/en\/author\/delphosmagazine\/\"}]}<\/script>\n<!-- \/ Yoast SEO plugin. -->","yoast_head_json":{"title":"FUERZA A\u00c9REA DE CHILE PARTICIP\u00d3 EN ACTIVIDADES CONMEMORATIVAS AL NATALICIO DE BERNARDO O\u00b4HIGGINS | Delphos Magazine","description":"Delphos Magazine es el principal medio de prensa generador y proveedor de contenidos aeron\u00e1uticos y de defensa de Latinoam\u00e9rica y el mundo","robots":{"index":"index","follow":"follow","max-snippet":"max-snippet:-1","max-image-preview":"max-image-preview:large","max-video-preview":"max-video-preview:-1"},"canonical":"https:\/\/www.delphosmagazine.com\/en\/fuerza-aerea-de-chile-participo-en-actividades-conmemorativas-al-natalicio-de-bernardo-ohiggins\/","og_locale":"en_US","og_type":"article","og_title":"FUERZA A\u00c9REA DE CHILE PARTICIP\u00d3 EN ACTIVIDADES CONMEMORATIVAS AL NATALICIO DE BERNARDO O\u00b4HIGGINS | Delphos Magazine","og_description":"Delphos Magazine es el principal medio de prensa generador y proveedor de contenidos aeron\u00e1uticos y de defensa de Latinoam\u00e9rica y el mundo","og_url":"https:\/\/www.delphosmagazine.com\/en\/fuerza-aerea-de-chile-participo-en-actividades-conmemorativas-al-natalicio-de-bernardo-ohiggins\/","og_site_name":"Delphos Magazine","article_published_time":"2019-08-20T21:45:31+00:00","article_modified_time":"2020-05-29T17:24:05+00:00","og_image":[{"width":800,"height":533,"url":"https:\/\/www.delphosmagazine.com\/wp-content\/uploads\/2019\/08\/1-20.jpg","type":"image\/jpeg"}],"author":"Delphos Magazine","twitter_card":"summary_large_image","twitter_misc":{"Written by":"Delphos Magazine","Est. reading time":"1 minute"},"schema":{"@context":"https:\/\/schema.org","@graph":[{"@type":"Article","@id":"https:\/\/www.delphosmagazine.com\/fuerza-aerea-de-chile-participo-en-actividades-conmemorativas-al-natalicio-de-bernardo-ohiggins\/#article","isPartOf":{"@id":"https:\/\/www.delphosmagazine.com\/fuerza-aerea-de-chile-participo-en-actividades-conmemorativas-al-natalicio-de-bernardo-ohiggins\/"},"author":{"name":"Delphos Magazine","@id":"https:\/\/www.delphosmagazine.com\/#\/schema\/person\/975be66d68fbd24bf1cf96e8871defe1"},"headline":"FUERZA A\u00c9REA DE CHILE PARTICIP\u00d3 EN ACTIVIDADES CONMEMORATIVAS AL NATALICIO DE BERNARDO O\u00b4HIGGINS","datePublished":"2019-08-20T21:45:31+00:00","dateModified":"2020-05-29T17:24:05+00:00","mainEntityOfPage":{"@id":"https:\/\/www.delphosmagazine.com\/fuerza-aerea-de-chile-participo-en-actividades-conmemorativas-al-natalicio-de-bernardo-ohiggins\/"},"wordCount":277,"publisher":{"@id":"https:\/\/www.delphosmagazine.com\/#organization"},"image":{"@id":"https:\/\/www.delphosmagazine.com\/fuerza-aerea-de-chile-participo-en-actividades-conmemorativas-al-natalicio-de-bernardo-ohiggins\/#primaryimage"},"thumbnailUrl":"https:\/\/www.delphosmagazine.com\/wp-content\/uploads\/2019\/08\/1-20.jpg","articleSection":["Comunicados","Defensa","Desfiles \/ Conmemoraciones","Destacados","Varios"],"inLanguage":"en-US"},{"@type":"WebPage","@id":"https:\/\/www.delphosmagazine.com\/fuerza-aerea-de-chile-participo-en-actividades-conmemorativas-al-natalicio-de-bernardo-ohiggins\/","url":"https:\/\/www.delphosmagazine.com\/fuerza-aerea-de-chile-participo-en-actividades-conmemorativas-al-natalicio-de-bernardo-ohiggins\/","name":"FUERZA A\u00c9REA DE CHILE PARTICIP\u00d3 EN ACTIVIDADES CONMEMORATIVAS AL NATALICIO DE BERNARDO O\u00b4HIGGINS | Delphos Magazine","isPartOf":{"@id":"https:\/\/www.delphosmagazine.com\/#website"},"primaryImageOfPage":{"@id":"https:\/\/www.delphosmagazine.com\/fuerza-aerea-de-chile-participo-en-actividades-conmemorativas-al-natalicio-de-bernardo-ohiggins\/#primaryimage"},"image":{"@id":"https:\/\/www.delphosmagazine.com\/fuerza-aerea-de-chile-participo-en-actividades-conmemorativas-al-natalicio-de-bernardo-ohiggins\/#primaryimage"},"thumbnailUrl":"https:\/\/www.delphosmagazine.com\/wp-content\/uploads\/2019\/08\/1-20.jpg","datePublished":"2019-08-20T21:45:31+00:00","dateModified":"2020-05-29T17:24:05+00:00","description":"Delphos Magazine es el principal medio de prensa generador y proveedor de contenidos aeron\u00e1uticos y de defensa de Latinoam\u00e9rica y el mundo","breadcrumb":{"@id":"https:\/\/www.delphosmagazine.com\/fuerza-aerea-de-chile-participo-en-actividades-conmemorativas-al-natalicio-de-bernardo-ohiggins\/#breadcrumb"},"inLanguage":"en-US","potentialAction":[{"@type":"ReadAction","target":["https:\/\/www.delphosmagazine.com\/fuerza-aerea-de-chile-participo-en-actividades-conmemorativas-al-natalicio-de-bernardo-ohiggins\/"]}]},{"@type":"ImageObject","inLanguage":"en-US","@id":"https:\/\/www.delphosmagazine.com\/fuerza-aerea-de-chile-participo-en-actividades-conmemorativas-al-natalicio-de-bernardo-ohiggins\/#primaryimage","url":"https:\/\/www.delphosmagazine.com\/wp-content\/uploads\/2019\/08\/1-20.jpg","contentUrl":"https:\/\/www.delphosmagazine.com\/wp-content\/uploads\/2019\/08\/1-20.jpg","width":800,"height":533},{"@type":"BreadcrumbList","@id":"https:\/\/www.delphosmagazine.com\/fuerza-aerea-de-chile-participo-en-actividades-conmemorativas-al-natalicio-de-bernardo-ohiggins\/#breadcrumb","itemListElement":[{"@type":"ListItem","position":1,"name":"Portada","item":"https:\/\/www.delphosmagazine.com\/"},{"@type":"ListItem","position":2,"name":"FUERZA A\u00c9REA DE CHILE PARTICIP\u00d3 EN ACTIVIDADES CONMEMORATIVAS AL NATALICIO DE BERNARDO O\u00b4HIGGINS"}]},{"@type":"WebSite","@id":"https:\/\/www.delphosmagazine.com\/#website","url":"https:\/\/www.delphosmagazine.com\/","name":"Delphos Magazine","description":"principal medio de prensa generador y proveedor de contenidos aeron\u00e1uticos y de defensa de Latinoam\u00e9rica y el mundo","publisher":{"@id":"https:\/\/www.delphosmagazine.com\/#organization"},"potentialAction":[{"@type":"SearchAction","target":{"@type":"EntryPoint","urlTemplate":"https:\/\/www.delphosmagazine.com\/?s={search_term_string}"},"query-input":{"@type":"PropertyValueSpecification","valueRequired":true,"valueName":"search_term_string"}}],"inLanguage":"en-US"},{"@type":"Organization","@id":"https:\/\/www.delphosmagazine.com\/#organization","name":"Delphos Magazine","url":"https:\/\/www.delphosmagazine.com\/","logo":{"@type":"ImageObject","inLanguage":"en-US","@id":"https:\/\/www.delphosmagazine.com\/#\/schema\/logo\/image\/","url":"https:\/\/www.delphosmagazine.com\/wp-content\/uploads\/2020\/10\/logo-negro.jpg","contentUrl":"https:\/\/www.delphosmagazine.com\/wp-content\/uploads\/2020\/10\/logo-negro.jpg","width":872,"height":202,"caption":"Delphos Magazine"},"image":{"@id":"https:\/\/www.delphosmagazine.com\/#\/schema\/logo\/image\/"}},{"@type":"Person","@id":"https:\/\/www.delphosmagazine.com\/#\/schema\/person\/975be66d68fbd24bf1cf96e8871defe1","name":"Delphos Magazine","image":{"@type":"ImageObject","inLanguage":"en-US","@id":"https:\/\/www.delphosmagazine.com\/#\/schema\/person\/image\/","url":"https:\/\/secure.gravatar.com\/avatar\/2aef69e4112a9a7b4cb49f96c0516035?s=96&d=mm&r=g","contentUrl":"https:\/\/secure.gravatar.com\/avatar\/2aef69e4112a9a7b4cb49f96c0516035?s=96&d=mm&r=g","caption":"Delphos Magazine"},"sameAs":["https:\/\/www.delphosmagazine.com"],"url":"https:\/\/www.delphosmagazine.com\/en\/author\/delphosmagazine\/"}]}},"_links":{"self":[{"href":"https:\/\/www.delphosmagazine.com\/en\/wp-json\/wp\/v2\/posts\/2882","targetHints":{"allow":["GET"]}}],"collection":[{"href":"https:\/\/www.delphosmagazine.com\/en\/wp-json\/wp\/v2\/posts"}],"about":[{"href":"https:\/\/www.delphosmagazine.com\/en\/wp-json\/wp\/v2\/types\/post"}],"author":[{"embeddable":true,"href":"https:\/\/www.delphosmagazine.com\/en\/wp-json\/wp\/v2\/users\/2"}],"replies":[{"embeddable":true,"href":"https:\/\/www.delphosmagazine.com\/en\/wp-json\/wp\/v2\/comments?post=2882"}],"version-history":[{"count":0,"href":"https:\/\/www.delphosmagazine.com\/en\/wp-json\/wp\/v2\/posts\/2882\/revisions"}],"wp:featuredmedia":[{"embeddable":true,"href":"https:\/\/www.delphosmagazine.com\/en\/wp-json\/wp\/v2\/media\/2886"}],"wp:attachment":[{"href":"https:\/\/www.delphosmagazine.com\/en\/wp-json\/wp\/v2\/media?parent=2882"}],"wp:term":[{"taxonomy":"category","embeddable":true,"href":"https:\/\/www.delphosmagazine.com\/en\/wp-json\/wp\/v2\/categories?post=2882"},{"taxonomy":"post_tag","embeddable":true,"href":"https:\/\/www.delphosmagazine.com\/en\/wp-json\/wp\/v2\/tags?post=2882"}],"curies":[{"name":"wp","href":"https:\/\/api.w.org\/{rel}","templated":true}]}}