{"id":23395,"date":"2026-08-28T23:43:33","date_gmt":"2026-08-29T03:43:33","guid":{"rendered":"https:\/\/www.delphosmagazine.com\/?p=23395"},"modified":"2026-08-30T23:44:12","modified_gmt":"2026-08-31T03:44:12","slug":"saab-realiza-el-primer-vuelo-del-gripen-f-biplaza-en-linkoping","status":"publish","type":"post","link":"https:\/\/www.delphosmagazine.com\/en\/saab-realiza-el-primer-vuelo-del-gripen-f-biplaza-en-linkoping\/","title":{"rendered":"Saab realiza el primer vuelo del Gripen F biplaza en Link\u00f6ping"},"content":{"rendered":"<p><strong>Saab realiz\u00f3 el primer vuelo del Gripen F, variante biplaza del Gripen E, en un vuelo de 40 minutos desde Link\u00f6ping, Suecia, el 28 de agosto de 2026.<\/strong><\/p>\n<p>&nbsp;<\/p>\n<p>Saab complet\u00f3 con \u00e9xito el primer vuelo del Gripen F, la variante biplaza del caza Gripen E, en un vuelo inaugural que se desarroll\u00f3 el 28 de agosto de 2026 desde el aer\u00f3dromo de la compa\u00f1\u00eda en Link\u00f6ping, Suecia. La aeronave despeg\u00f3 a las 09:40 hora local y permaneci\u00f3 en el aire durante aproximadamente 40 minutos, en una misi\u00f3n destinada a verificar el funcionamiento de sus sistemas principales y sus primeras caracter\u00edsticas de vuelo.<\/p>\n<p>El vuelo fue conducido por el piloto de pruebas jefe de Saab, Jakob H\u00f6gberg, y por el teniente coronel aviador Abdon de Rezende Vasconcelos, piloto de pruebas de la Fuerza A\u00e9rea Brasile\u00f1a (FAB), reflejando el car\u00e1cter conjunto del programa desarrollado en cooperaci\u00f3n con la industria brasile\u00f1a. Durante la sortie inaugural, los pilotos comprobaron el comportamiento inicial de la aeronave y validaron los sistemas cr\u00edticos del avi\u00f3n, marcando el inicio de la campa\u00f1a de ensayos en vuelo del Gripen F.<\/p>\n<p>El Gripen F est\u00e1 concebido como la versi\u00f3n biplaza del Gripen E\/F\u201139, orientada a roles de entrenamiento avanzado y operaciones que se beneficien de una segunda cabina, como misiones complejas de combate, guerra electr\u00f3nica o integraci\u00f3n de nuevas capacidades. Tras completar las pruebas en Suecia, el avi\u00f3n se preparar\u00e1 para su entrega a la Fuerza A\u00e9rea Brasile\u00f1a, que opera la familia Gripen E\/F bajo la denominaci\u00f3n F\u201139E\/F.<\/p>\n<p>Im\u00e1genes: Saab.<\/p>\n<div id='gallery-1' class='gallery galleryid-23395 gallery-columns-2 gallery-size-medium'><figure class='gallery-item'>\n\t\t\t<div class='gallery-icon landscape'>\n\t\t\t\t<a href='https:\/\/www.delphosmagazine.com\/wp-content\/uploads\/2026\/08\/20260828-en-5416166-2.jpg'><img loading=\"lazy\" decoding=\"async\" width=\"300\" height=\"200\" src=\"https:\/\/www.delphosmagazine.com\/wp-content\/uploads\/2026\/08\/20260828-en-5416166-2-300x200.jpg\" class=\"attachment-medium size-medium\" alt=\"\" srcset=\"https:\/\/www.delphosmagazine.com\/wp-content\/uploads\/2026\/08\/20260828-en-5416166-2-300x200.jpg 300w, https:\/\/www.delphosmagazine.com\/wp-content\/uploads\/2026\/08\/20260828-en-5416166-2-1024x683.jpg 1024w, https:\/\/www.delphosmagazine.com\/wp-content\/uploads\/2026\/08\/20260828-en-5416166-2-768x512.jpg 768w, https:\/\/www.delphosmagazine.com\/wp-content\/uploads\/2026\/08\/20260828-en-5416166-2-18x12.jpg 18w, https:\/\/www.delphosmagazine.com\/wp-content\/uploads\/2026\/08\/20260828-en-5416166-2-150x100.jpg 150w, https:\/\/www.delphosmagazine.com\/wp-content\/uploads\/2026\/08\/20260828-en-5416166-2-696x464.jpg 696w, https:\/\/www.delphosmagazine.com\/wp-content\/uploads\/2026\/08\/20260828-en-5416166-2-1068x712.jpg 1068w, https:\/\/www.delphosmagazine.com\/wp-content\/uploads\/2026\/08\/20260828-en-5416166-2.jpg 1200w\" sizes=\"auto, (max-width: 300px) 100vw, 300px\" \/><\/a>\n\t\t\t<\/div><\/figure><figure class='gallery-item'>\n\t\t\t<div class='gallery-icon landscape'>\n\t\t\t\t<a href='https:\/\/www.delphosmagazine.com\/wp-content\/uploads\/2026\/08\/20260828-en-5416166-1.jpg'><img loading=\"lazy\" decoding=\"async\" width=\"300\" height=\"169\" src=\"https:\/\/www.delphosmagazine.com\/wp-content\/uploads\/2026\/08\/20260828-en-5416166-1-300x169.jpg\" class=\"attachment-medium size-medium\" alt=\"\" srcset=\"https:\/\/www.delphosmagazine.com\/wp-content\/uploads\/2026\/08\/20260828-en-5416166-1-300x169.jpg 300w, https:\/\/www.delphosmagazine.com\/wp-content\/uploads\/2026\/08\/20260828-en-5416166-1-1024x576.jpg 1024w, https:\/\/www.delphosmagazine.com\/wp-content\/uploads\/2026\/08\/20260828-en-5416166-1-768x432.jpg 768w, https:\/\/www.delphosmagazine.com\/wp-content\/uploads\/2026\/08\/20260828-en-5416166-1-18x10.jpg 18w, https:\/\/www.delphosmagazine.com\/wp-content\/uploads\/2026\/08\/20260828-en-5416166-1-150x84.jpg 150w, https:\/\/www.delphosmagazine.com\/wp-content\/uploads\/2026\/08\/20260828-en-5416166-1-696x392.jpg 696w, https:\/\/www.delphosmagazine.com\/wp-content\/uploads\/2026\/08\/20260828-en-5416166-1-1068x601.jpg 1068w, https:\/\/www.delphosmagazine.com\/wp-content\/uploads\/2026\/08\/20260828-en-5416166-1.jpg 1200w\" sizes=\"auto, (max-width: 300px) 100vw, 300px\" \/><\/a>\n\t\t\t<\/div><\/figure>\n\t\t<\/div>","protected":false},"excerpt":{"rendered":"<p>Saab realiz\u00f3 el primer vuelo del Gripen F, variante biplaza del Gripen E, en un vuelo de 40 minutos desde Link\u00f6ping, Suecia, el 28 de agosto de 2026. &nbsp; Saab complet\u00f3 con \u00e9xito el primer vuelo del Gripen F, la variante biplaza del caza Gripen E, en un vuelo inaugural que se desarroll\u00f3 el 28 [&hellip;]<\/p>\n","protected":false},"author":2,"featured_media":23397,"comment_status":"closed","ping_status":"closed","sticky":false,"template":"","format":"standard","meta":{"footnotes":""},"categories":[4,7],"tags":[],"class_list":{"0":"post-23395","1":"post","2":"type-post","3":"status-publish","4":"format-standard","5":"has-post-thumbnail","7":"category-aviacion-militar","8":"category-defensa"},"yoast_head":"<!-- This site is optimized with the Yoast SEO plugin v26.5 - https:\/\/yoast.com\/wordpress\/plugins\/seo\/ -->\n<title>Saab realiza el primer vuelo del Gripen F biplaza en Link\u00f6ping | Delphos Magazine<\/title>\n<meta name=\"description\" content=\"Delphos Magazine es el principal medio de prensa generador y proveedor de contenidos aeron\u00e1uticos y de defensa de Latinoam\u00e9rica y el mundo\" \/>\n<meta name=\"robots\" content=\"index, follow, max-snippet:-1, max-image-preview:large, max-video-preview:-1\" \/>\n<link rel=\"canonical\" href=\"https:\/\/www.delphosmagazine.com\/en\/saab-realiza-el-primer-vuelo-del-gripen-f-biplaza-en-linkoping\/\" \/>\n<meta property=\"og:locale\" content=\"en_US\" \/>\n<meta property=\"og:type\" content=\"article\" \/>\n<meta property=\"og:title\" content=\"Saab realiza el primer vuelo del Gripen F biplaza en Link\u00f6ping | Delphos Magazine\" \/>\n<meta property=\"og:description\" content=\"Delphos Magazine es el principal medio de prensa generador y proveedor de contenidos aeron\u00e1uticos y de defensa de Latinoam\u00e9rica y el mundo\" \/>\n<meta property=\"og:url\" content=\"https:\/\/www.delphosmagazine.com\/en\/saab-realiza-el-primer-vuelo-del-gripen-f-biplaza-en-linkoping\/\" \/>\n<meta property=\"og:site_name\" content=\"Delphos Magazine\" \/>\n<meta property=\"article:published_time\" content=\"2026-08-29T03:43:33+00:00\" \/>\n<meta property=\"article:modified_time\" content=\"2026-08-31T03:44:12+00:00\" \/>\n<meta property=\"og:image\" content=\"https:\/\/www.delphosmagazine.com\/wp-content\/uploads\/2026\/08\/20260828-en-5416166-1.jpg\" \/>\n\t<meta property=\"og:image:width\" content=\"1200\" \/>\n\t<meta property=\"og:image:height\" content=\"675\" \/>\n\t<meta property=\"og:image:type\" content=\"image\/jpeg\" \/>\n<meta name=\"author\" content=\"Delphos Magazine\" \/>\n<meta name=\"twitter:card\" content=\"summary_large_image\" \/>\n<meta name=\"twitter:label1\" content=\"Written by\" \/>\n\t<meta name=\"twitter:data1\" content=\"Delphos Magazine\" \/>\n\t<meta name=\"twitter:label2\" content=\"Est. reading time\" \/>\n\t<meta name=\"twitter:data2\" content=\"2 minutes\" \/>\n<script type=\"application\/ld+json\" class=\"yoast-schema-graph\">{\"@context\":\"https:\/\/schema.org\",\"@graph\":[{\"@type\":\"Article\",\"@id\":\"https:\/\/www.delphosmagazine.com\/saab-realiza-el-primer-vuelo-del-gripen-f-biplaza-en-linkoping\/#article\",\"isPartOf\":{\"@id\":\"https:\/\/www.delphosmagazine.com\/saab-realiza-el-primer-vuelo-del-gripen-f-biplaza-en-linkoping\/\"},\"author\":{\"name\":\"Delphos Magazine\",\"@id\":\"https:\/\/www.delphosmagazine.com\/#\/schema\/person\/975be66d68fbd24bf1cf96e8871defe1\"},\"headline\":\"Saab realiza el primer vuelo del Gripen F biplaza en Link\u00f6ping\",\"datePublished\":\"2026-08-29T03:43:33+00:00\",\"dateModified\":\"2026-08-31T03:44:12+00:00\",\"mainEntityOfPage\":{\"@id\":\"https:\/\/www.delphosmagazine.com\/saab-realiza-el-primer-vuelo-del-gripen-f-biplaza-en-linkoping\/\"},\"wordCount\":290,\"publisher\":{\"@id\":\"https:\/\/www.delphosmagazine.com\/#organization\"},\"image\":{\"@id\":\"https:\/\/www.delphosmagazine.com\/saab-realiza-el-primer-vuelo-del-gripen-f-biplaza-en-linkoping\/#primaryimage\"},\"thumbnailUrl\":\"https:\/\/www.delphosmagazine.com\/wp-content\/uploads\/2026\/08\/20260828-en-5416166-1.jpg\",\"articleSection\":[\"Aviaci\u00f3n Militar\",\"Defensa\"],\"inLanguage\":\"en-US\"},{\"@type\":\"WebPage\",\"@id\":\"https:\/\/www.delphosmagazine.com\/saab-realiza-el-primer-vuelo-del-gripen-f-biplaza-en-linkoping\/\",\"url\":\"https:\/\/www.delphosmagazine.com\/saab-realiza-el-primer-vuelo-del-gripen-f-biplaza-en-linkoping\/\",\"name\":\"Saab realiza el primer vuelo del Gripen F biplaza en Link\u00f6ping | Delphos Magazine\",\"isPartOf\":{\"@id\":\"https:\/\/www.delphosmagazine.com\/#website\"},\"primaryImageOfPage\":{\"@id\":\"https:\/\/www.delphosmagazine.com\/saab-realiza-el-primer-vuelo-del-gripen-f-biplaza-en-linkoping\/#primaryimage\"},\"image\":{\"@id\":\"https:\/\/www.delphosmagazine.com\/saab-realiza-el-primer-vuelo-del-gripen-f-biplaza-en-linkoping\/#primaryimage\"},\"thumbnailUrl\":\"https:\/\/www.delphosmagazine.com\/wp-content\/uploads\/2026\/08\/20260828-en-5416166-1.jpg\",\"datePublished\":\"2026-08-29T03:43:33+00:00\",\"dateModified\":\"2026-08-31T03:44:12+00:00\",\"description\":\"Delphos Magazine es el principal medio de prensa generador y proveedor de contenidos aeron\u00e1uticos y de defensa de Latinoam\u00e9rica y el mundo\",\"breadcrumb\":{\"@id\":\"https:\/\/www.delphosmagazine.com\/saab-realiza-el-primer-vuelo-del-gripen-f-biplaza-en-linkoping\/#breadcrumb\"},\"inLanguage\":\"en-US\",\"potentialAction\":[{\"@type\":\"ReadAction\",\"target\":[\"https:\/\/www.delphosmagazine.com\/saab-realiza-el-primer-vuelo-del-gripen-f-biplaza-en-linkoping\/\"]}]},{\"@type\":\"ImageObject\",\"inLanguage\":\"en-US\",\"@id\":\"https:\/\/www.delphosmagazine.com\/saab-realiza-el-primer-vuelo-del-gripen-f-biplaza-en-linkoping\/#primaryimage\",\"url\":\"https:\/\/www.delphosmagazine.com\/wp-content\/uploads\/2026\/08\/20260828-en-5416166-1.jpg\",\"contentUrl\":\"https:\/\/www.delphosmagazine.com\/wp-content\/uploads\/2026\/08\/20260828-en-5416166-1.jpg\",\"width\":1200,\"height\":675},{\"@type\":\"BreadcrumbList\",\"@id\":\"https:\/\/www.delphosmagazine.com\/saab-realiza-el-primer-vuelo-del-gripen-f-biplaza-en-linkoping\/#breadcrumb\",\"itemListElement\":[{\"@type\":\"ListItem\",\"position\":1,\"name\":\"Portada\",\"item\":\"https:\/\/www.delphosmagazine.com\/\"},{\"@type\":\"ListItem\",\"position\":2,\"name\":\"Saab realiza el primer vuelo del Gripen F biplaza en Link\u00f6ping\"}]},{\"@type\":\"WebSite\",\"@id\":\"https:\/\/www.delphosmagazine.com\/#website\",\"url\":\"https:\/\/www.delphosmagazine.com\/\",\"name\":\"Delphos Magazine\",\"description\":\"principal medio de prensa generador y proveedor de contenidos aeron\u00e1uticos y de defensa de Latinoam\u00e9rica y el mundo\",\"publisher\":{\"@id\":\"https:\/\/www.delphosmagazine.com\/#organization\"},\"potentialAction\":[{\"@type\":\"SearchAction\",\"target\":{\"@type\":\"EntryPoint\",\"urlTemplate\":\"https:\/\/www.delphosmagazine.com\/?s={search_term_string}\"},\"query-input\":{\"@type\":\"PropertyValueSpecification\",\"valueRequired\":true,\"valueName\":\"search_term_string\"}}],\"inLanguage\":\"en-US\"},{\"@type\":\"Organization\",\"@id\":\"https:\/\/www.delphosmagazine.com\/#organization\",\"name\":\"Delphos Magazine\",\"url\":\"https:\/\/www.delphosmagazine.com\/\",\"logo\":{\"@type\":\"ImageObject\",\"inLanguage\":\"en-US\",\"@id\":\"https:\/\/www.delphosmagazine.com\/#\/schema\/logo\/image\/\",\"url\":\"https:\/\/www.delphosmagazine.com\/wp-content\/uploads\/2020\/10\/logo-negro.jpg\",\"contentUrl\":\"https:\/\/www.delphosmagazine.com\/wp-content\/uploads\/2020\/10\/logo-negro.jpg\",\"width\":872,\"height\":202,\"caption\":\"Delphos Magazine\"},\"image\":{\"@id\":\"https:\/\/www.delphosmagazine.com\/#\/schema\/logo\/image\/\"}},{\"@type\":\"Person\",\"@id\":\"https:\/\/www.delphosmagazine.com\/#\/schema\/person\/975be66d68fbd24bf1cf96e8871defe1\",\"name\":\"Delphos Magazine\",\"image\":{\"@type\":\"ImageObject\",\"inLanguage\":\"en-US\",\"@id\":\"https:\/\/www.delphosmagazine.com\/#\/schema\/person\/image\/\",\"url\":\"https:\/\/secure.gravatar.com\/avatar\/2aef69e4112a9a7b4cb49f96c0516035?s=96&d=mm&r=g\",\"contentUrl\":\"https:\/\/secure.gravatar.com\/avatar\/2aef69e4112a9a7b4cb49f96c0516035?s=96&d=mm&r=g\",\"caption\":\"Delphos Magazine\"},\"sameAs\":[\"https:\/\/www.delphosmagazine.com\"],\"url\":\"https:\/\/www.delphosmagazine.com\/en\/author\/delphosmagazine\/\"}]}<\/script>\n<!-- \/ Yoast SEO plugin. -->","yoast_head_json":{"title":"Saab realiza el primer vuelo del Gripen F biplaza en Link\u00f6ping | Delphos Magazine","description":"Delphos Magazine es el principal medio de prensa generador y proveedor de contenidos aeron\u00e1uticos y de defensa de Latinoam\u00e9rica y el mundo","robots":{"index":"index","follow":"follow","max-snippet":"max-snippet:-1","max-image-preview":"max-image-preview:large","max-video-preview":"max-video-preview:-1"},"canonical":"https:\/\/www.delphosmagazine.com\/en\/saab-realiza-el-primer-vuelo-del-gripen-f-biplaza-en-linkoping\/","og_locale":"en_US","og_type":"article","og_title":"Saab realiza el primer vuelo del Gripen F biplaza en Link\u00f6ping | Delphos Magazine","og_description":"Delphos Magazine es el principal medio de prensa generador y proveedor de contenidos aeron\u00e1uticos y de defensa de Latinoam\u00e9rica y el mundo","og_url":"https:\/\/www.delphosmagazine.com\/en\/saab-realiza-el-primer-vuelo-del-gripen-f-biplaza-en-linkoping\/","og_site_name":"Delphos Magazine","article_published_time":"2026-08-29T03:43:33+00:00","article_modified_time":"2026-08-31T03:44:12+00:00","og_image":[{"width":1200,"height":675,"url":"https:\/\/www.delphosmagazine.com\/wp-content\/uploads\/2026\/08\/20260828-en-5416166-1.jpg","type":"image\/jpeg"}],"author":"Delphos Magazine","twitter_card":"summary_large_image","twitter_misc":{"Written by":"Delphos Magazine","Est. reading time":"2 minutes"},"schema":{"@context":"https:\/\/schema.org","@graph":[{"@type":"Article","@id":"https:\/\/www.delphosmagazine.com\/saab-realiza-el-primer-vuelo-del-gripen-f-biplaza-en-linkoping\/#article","isPartOf":{"@id":"https:\/\/www.delphosmagazine.com\/saab-realiza-el-primer-vuelo-del-gripen-f-biplaza-en-linkoping\/"},"author":{"name":"Delphos Magazine","@id":"https:\/\/www.delphosmagazine.com\/#\/schema\/person\/975be66d68fbd24bf1cf96e8871defe1"},"headline":"Saab realiza el primer vuelo del Gripen F biplaza en Link\u00f6ping","datePublished":"2026-08-29T03:43:33+00:00","dateModified":"2026-08-31T03:44:12+00:00","mainEntityOfPage":{"@id":"https:\/\/www.delphosmagazine.com\/saab-realiza-el-primer-vuelo-del-gripen-f-biplaza-en-linkoping\/"},"wordCount":290,"publisher":{"@id":"https:\/\/www.delphosmagazine.com\/#organization"},"image":{"@id":"https:\/\/www.delphosmagazine.com\/saab-realiza-el-primer-vuelo-del-gripen-f-biplaza-en-linkoping\/#primaryimage"},"thumbnailUrl":"https:\/\/www.delphosmagazine.com\/wp-content\/uploads\/2026\/08\/20260828-en-5416166-1.jpg","articleSection":["Aviaci\u00f3n Militar","Defensa"],"inLanguage":"en-US"},{"@type":"WebPage","@id":"https:\/\/www.delphosmagazine.com\/saab-realiza-el-primer-vuelo-del-gripen-f-biplaza-en-linkoping\/","url":"https:\/\/www.delphosmagazine.com\/saab-realiza-el-primer-vuelo-del-gripen-f-biplaza-en-linkoping\/","name":"Saab realiza el primer vuelo del Gripen F biplaza en Link\u00f6ping | Delphos Magazine","isPartOf":{"@id":"https:\/\/www.delphosmagazine.com\/#website"},"primaryImageOfPage":{"@id":"https:\/\/www.delphosmagazine.com\/saab-realiza-el-primer-vuelo-del-gripen-f-biplaza-en-linkoping\/#primaryimage"},"image":{"@id":"https:\/\/www.delphosmagazine.com\/saab-realiza-el-primer-vuelo-del-gripen-f-biplaza-en-linkoping\/#primaryimage"},"thumbnailUrl":"https:\/\/www.delphosmagazine.com\/wp-content\/uploads\/2026\/08\/20260828-en-5416166-1.jpg","datePublished":"2026-08-29T03:43:33+00:00","dateModified":"2026-08-31T03:44:12+00:00","description":"Delphos Magazine es el principal medio de prensa generador y proveedor de contenidos aeron\u00e1uticos y de defensa de Latinoam\u00e9rica y el mundo","breadcrumb":{"@id":"https:\/\/www.delphosmagazine.com\/saab-realiza-el-primer-vuelo-del-gripen-f-biplaza-en-linkoping\/#breadcrumb"},"inLanguage":"en-US","potentialAction":[{"@type":"ReadAction","target":["https:\/\/www.delphosmagazine.com\/saab-realiza-el-primer-vuelo-del-gripen-f-biplaza-en-linkoping\/"]}]},{"@type":"ImageObject","inLanguage":"en-US","@id":"https:\/\/www.delphosmagazine.com\/saab-realiza-el-primer-vuelo-del-gripen-f-biplaza-en-linkoping\/#primaryimage","url":"https:\/\/www.delphosmagazine.com\/wp-content\/uploads\/2026\/08\/20260828-en-5416166-1.jpg","contentUrl":"https:\/\/www.delphosmagazine.com\/wp-content\/uploads\/2026\/08\/20260828-en-5416166-1.jpg","width":1200,"height":675},{"@type":"BreadcrumbList","@id":"https:\/\/www.delphosmagazine.com\/saab-realiza-el-primer-vuelo-del-gripen-f-biplaza-en-linkoping\/#breadcrumb","itemListElement":[{"@type":"ListItem","position":1,"name":"Portada","item":"https:\/\/www.delphosmagazine.com\/"},{"@type":"ListItem","position":2,"name":"Saab realiza el primer vuelo del Gripen F biplaza en Link\u00f6ping"}]},{"@type":"WebSite","@id":"https:\/\/www.delphosmagazine.com\/#website","url":"https:\/\/www.delphosmagazine.com\/","name":"Delphos Magazine","description":"principal medio de prensa generador y proveedor de contenidos aeron\u00e1uticos y de defensa de Latinoam\u00e9rica y el mundo","publisher":{"@id":"https:\/\/www.delphosmagazine.com\/#organization"},"potentialAction":[{"@type":"SearchAction","target":{"@type":"EntryPoint","urlTemplate":"https:\/\/www.delphosmagazine.com\/?s={search_term_string}"},"query-input":{"@type":"PropertyValueSpecification","valueRequired":true,"valueName":"search_term_string"}}],"inLanguage":"en-US"},{"@type":"Organization","@id":"https:\/\/www.delphosmagazine.com\/#organization","name":"Delphos Magazine","url":"https:\/\/www.delphosmagazine.com\/","logo":{"@type":"ImageObject","inLanguage":"en-US","@id":"https:\/\/www.delphosmagazine.com\/#\/schema\/logo\/image\/","url":"https:\/\/www.delphosmagazine.com\/wp-content\/uploads\/2020\/10\/logo-negro.jpg","contentUrl":"https:\/\/www.delphosmagazine.com\/wp-content\/uploads\/2020\/10\/logo-negro.jpg","width":872,"height":202,"caption":"Delphos Magazine"},"image":{"@id":"https:\/\/www.delphosmagazine.com\/#\/schema\/logo\/image\/"}},{"@type":"Person","@id":"https:\/\/www.delphosmagazine.com\/#\/schema\/person\/975be66d68fbd24bf1cf96e8871defe1","name":"Delphos Magazine","image":{"@type":"ImageObject","inLanguage":"en-US","@id":"https:\/\/www.delphosmagazine.com\/#\/schema\/person\/image\/","url":"https:\/\/secure.gravatar.com\/avatar\/2aef69e4112a9a7b4cb49f96c0516035?s=96&d=mm&r=g","contentUrl":"https:\/\/secure.gravatar.com\/avatar\/2aef69e4112a9a7b4cb49f96c0516035?s=96&d=mm&r=g","caption":"Delphos Magazine"},"sameAs":["https:\/\/www.delphosmagazine.com"],"url":"https:\/\/www.delphosmagazine.com\/en\/author\/delphosmagazine\/"}]}},"_links":{"self":[{"href":"https:\/\/www.delphosmagazine.com\/en\/wp-json\/wp\/v2\/posts\/23395","targetHints":{"allow":["GET"]}}],"collection":[{"href":"https:\/\/www.delphosmagazine.com\/en\/wp-json\/wp\/v2\/posts"}],"about":[{"href":"https:\/\/www.delphosmagazine.com\/en\/wp-json\/wp\/v2\/types\/post"}],"author":[{"embeddable":true,"href":"https:\/\/www.delphosmagazine.com\/en\/wp-json\/wp\/v2\/users\/2"}],"replies":[{"embeddable":true,"href":"https:\/\/www.delphosmagazine.com\/en\/wp-json\/wp\/v2\/comments?post=23395"}],"version-history":[{"count":1,"href":"https:\/\/www.delphosmagazine.com\/en\/wp-json\/wp\/v2\/posts\/23395\/revisions"}],"predecessor-version":[{"id":23398,"href":"https:\/\/www.delphosmagazine.com\/en\/wp-json\/wp\/v2\/posts\/23395\/revisions\/23398"}],"wp:featuredmedia":[{"embeddable":true,"href":"https:\/\/www.delphosmagazine.com\/en\/wp-json\/wp\/v2\/media\/23397"}],"wp:attachment":[{"href":"https:\/\/www.delphosmagazine.com\/en\/wp-json\/wp\/v2\/media?parent=23395"}],"wp:term":[{"taxonomy":"category","embeddable":true,"href":"https:\/\/www.delphosmagazine.com\/en\/wp-json\/wp\/v2\/categories?post=23395"},{"taxonomy":"post_tag","embeddable":true,"href":"https:\/\/www.delphosmagazine.com\/en\/wp-json\/wp\/v2\/tags?post=23395"}],"curies":[{"name":"wp","href":"https:\/\/api.w.org\/{rel}","templated":true}]}}