{"id":23384,"date":"2026-08-22T23:39:53","date_gmt":"2026-08-23T03:39:53","guid":{"rendered":"https:\/\/www.delphosmagazine.com\/?p=23384"},"modified":"2026-08-30T23:41:38","modified_gmt":"2026-08-31T03:41:38","slug":"saab-revela-su-vision-de-combate-tripulado-no-tripulado-con-el-a3-001","status":"publish","type":"post","link":"https:\/\/www.delphosmagazine.com\/en\/saab-revela-su-vision-de-combate-tripulado-no-tripulado-con-el-a3-001\/","title":{"rendered":"Saab revela su visi\u00f3n de combate tripulado no tripulado con el A3 001"},"content":{"rendered":"<p><strong>Saab mostr\u00f3 un modelo a escala real del concepto A3\u2011001, una aeronave de combate no tripulada pensada para operar de forma aut\u00f3noma junto a cazas tripulados como el Gripen.<\/strong><\/p>\n<p><strong>\u00a0<\/strong><\/p>\n<p>Saab present\u00f3 un modelo a escala real de su concepto de sistema a\u00e9reo de combate no tripulado A3\u2011001 durante el Jubilee Air Show de las Fuerzas Armadas de Suecia en la Base A\u00e9rea de Malmen, en Link\u00f6ping. La compa\u00f1\u00eda describi\u00f3 el A3\u2011001 como una posible evoluci\u00f3n futura de las capacidades de combate a\u00e9reo, donde plataformas tripuladas y no tripuladas operan de forma integrada dentro de un mismo sistema.<\/p>\n<p>El concepto est\u00e1 pensado para complementar al Gripen y a futuros cazas tripulados en misiones de alto riesgo, especialmente en espacios a\u00e9reos fuertemente defendidos. Saab identific\u00f3 como roles potenciales la guerra electr\u00f3nica, la supresi\u00f3n de defensas a\u00e9reas enemigas (SEAD) y operaciones de ataque de precisi\u00f3n en entornos muy contested, con el objetivo de exponer menos al piloto humano y aumentar la supervivencia del conjunto.<\/p>\n<p>El dise\u00f1o del A3\u2011001 incorpora baja observabilidad, un alto grado de autonom\u00eda y capacidad de operar en m\u00faltiples dominios (aire, tierra, mar, espacio y ciber) como parte de un enfoque de \u201csistema de sistemas\u201d. Aunque Saab no ha divulgado datos detallados de rendimiento (velocidad, alcance, carga de armas, motor), el concepto se presenta como un \u201cwingman\u201d colaborativo de gama alta que podr\u00eda entrar en servicio a mediados de la d\u00e9cada de 2030 si Suecia decide continuar el desarrollo.<\/p>\n<p>La empresa se\u00f1al\u00f3 que est\u00e1 trabajando con Suecia en tecnolog\u00edas para la pr\u00f3xima generaci\u00f3n de sistemas de combate a\u00e9reo y que tiene previsto volar demostradores no tripulados con caracter\u00edsticas similares a las de un caza antes de 2030. El A3\u2011001 se enmarca dentro del programa ACP (Autonomous Collaborative Platform) de Saab, que incluye demostradores tecnol\u00f3gicos A1 y A2 para madurar las capacidades necesarias antes de un posible sistema operacional<\/p>\n<p>Im\u00e1genes: Saab.<\/p>\n<div id='gallery-1' class='gallery galleryid-23384 gallery-columns-3 gallery-size-thumbnail'><figure class='gallery-item'>\n\t\t\t<div class='gallery-icon landscape'>\n\t\t\t\t<a href='https:\/\/www.delphosmagazine.com\/wp-content\/uploads\/2026\/08\/20260822-en-5412280-3.jpg'><img loading=\"lazy\" decoding=\"async\" width=\"150\" height=\"150\" src=\"https:\/\/www.delphosmagazine.com\/wp-content\/uploads\/2026\/08\/20260822-en-5412280-3-150x150.jpg\" class=\"attachment-thumbnail size-thumbnail\" alt=\"\" \/><\/a>\n\t\t\t<\/div><\/figure><figure class='gallery-item'>\n\t\t\t<div class='gallery-icon landscape'>\n\t\t\t\t<a href='https:\/\/www.delphosmagazine.com\/wp-content\/uploads\/2026\/08\/20260822-en-5412280-2.jpg'><img loading=\"lazy\" decoding=\"async\" width=\"150\" height=\"150\" src=\"https:\/\/www.delphosmagazine.com\/wp-content\/uploads\/2026\/08\/20260822-en-5412280-2-150x150.jpg\" class=\"attachment-thumbnail size-thumbnail\" alt=\"\" \/><\/a>\n\t\t\t<\/div><\/figure><figure class='gallery-item'>\n\t\t\t<div class='gallery-icon landscape'>\n\t\t\t\t<a href='https:\/\/www.delphosmagazine.com\/wp-content\/uploads\/2026\/08\/20260822-en-5412280-1.jpg'><img loading=\"lazy\" decoding=\"async\" width=\"150\" height=\"150\" src=\"https:\/\/www.delphosmagazine.com\/wp-content\/uploads\/2026\/08\/20260822-en-5412280-1-150x150.jpg\" class=\"attachment-thumbnail size-thumbnail\" alt=\"\" \/><\/a>\n\t\t\t<\/div><\/figure>\n\t\t<\/div>","protected":false},"excerpt":{"rendered":"<p>Saab mostr\u00f3 un modelo a escala real del concepto A3\u2011001, una aeronave de combate no tripulada pensada para operar de forma aut\u00f3noma junto a cazas tripulados como el Gripen. \u00a0 Saab present\u00f3 un modelo a escala real de su concepto de sistema a\u00e9reo de combate no tripulado A3\u2011001 durante el Jubilee Air Show de las [&hellip;]<\/p>\n","protected":false},"author":2,"featured_media":23387,"comment_status":"closed","ping_status":"closed","sticky":false,"template":"","format":"standard","meta":{"footnotes":""},"categories":[4,7,1659],"tags":[],"class_list":{"0":"post-23384","1":"post","2":"type-post","3":"status-publish","4":"format-standard","5":"has-post-thumbnail","7":"category-aviacion-militar","8":"category-defensa","9":"category-uav"},"yoast_head":"<!-- This site is optimized with the Yoast SEO plugin v26.5 - https:\/\/yoast.com\/wordpress\/plugins\/seo\/ -->\n<title>Saab revela su visi\u00f3n de combate tripulado no tripulado con el A3 001 | Delphos Magazine<\/title>\n<meta name=\"description\" content=\"Delphos Magazine es el principal medio de prensa generador y proveedor de contenidos aeron\u00e1uticos y de defensa de Latinoam\u00e9rica y el mundo\" \/>\n<meta name=\"robots\" content=\"index, follow, max-snippet:-1, max-image-preview:large, max-video-preview:-1\" \/>\n<link rel=\"canonical\" href=\"https:\/\/www.delphosmagazine.com\/en\/saab-revela-su-vision-de-combate-tripulado-no-tripulado-con-el-a3-001\/\" \/>\n<meta property=\"og:locale\" content=\"en_US\" \/>\n<meta property=\"og:type\" content=\"article\" \/>\n<meta property=\"og:title\" content=\"Saab revela su visi\u00f3n de combate tripulado no tripulado con el A3 001 | Delphos Magazine\" \/>\n<meta property=\"og:description\" content=\"Delphos Magazine es el principal medio de prensa generador y proveedor de contenidos aeron\u00e1uticos y de defensa de Latinoam\u00e9rica y el mundo\" \/>\n<meta property=\"og:url\" content=\"https:\/\/www.delphosmagazine.com\/en\/saab-revela-su-vision-de-combate-tripulado-no-tripulado-con-el-a3-001\/\" \/>\n<meta property=\"og:site_name\" content=\"Delphos Magazine\" \/>\n<meta property=\"article:published_time\" content=\"2026-08-23T03:39:53+00:00\" \/>\n<meta property=\"article:modified_time\" content=\"2026-08-31T03:41:38+00:00\" \/>\n<meta property=\"og:image\" content=\"https:\/\/www.delphosmagazine.com\/wp-content\/uploads\/2026\/08\/20260822-en-5412280-1.jpg\" \/>\n\t<meta property=\"og:image:width\" content=\"1200\" \/>\n\t<meta property=\"og:image:height\" content=\"675\" \/>\n\t<meta property=\"og:image:type\" content=\"image\/jpeg\" \/>\n<meta name=\"author\" content=\"Delphos Magazine\" \/>\n<meta name=\"twitter:card\" content=\"summary_large_image\" \/>\n<meta name=\"twitter:label1\" content=\"Written by\" \/>\n\t<meta name=\"twitter:data1\" content=\"Delphos Magazine\" \/>\n\t<meta name=\"twitter:label2\" content=\"Est. reading time\" \/>\n\t<meta name=\"twitter:data2\" content=\"2 minutes\" \/>\n<script type=\"application\/ld+json\" class=\"yoast-schema-graph\">{\"@context\":\"https:\/\/schema.org\",\"@graph\":[{\"@type\":\"Article\",\"@id\":\"https:\/\/www.delphosmagazine.com\/saab-revela-su-vision-de-combate-tripulado-no-tripulado-con-el-a3-001\/#article\",\"isPartOf\":{\"@id\":\"https:\/\/www.delphosmagazine.com\/saab-revela-su-vision-de-combate-tripulado-no-tripulado-con-el-a3-001\/\"},\"author\":{\"name\":\"Delphos Magazine\",\"@id\":\"https:\/\/www.delphosmagazine.com\/#\/schema\/person\/975be66d68fbd24bf1cf96e8871defe1\"},\"headline\":\"Saab revela su visi\u00f3n de combate tripulado no tripulado con el A3 001\",\"datePublished\":\"2026-08-23T03:39:53+00:00\",\"dateModified\":\"2026-08-31T03:41:38+00:00\",\"mainEntityOfPage\":{\"@id\":\"https:\/\/www.delphosmagazine.com\/saab-revela-su-vision-de-combate-tripulado-no-tripulado-con-el-a3-001\/\"},\"wordCount\":350,\"publisher\":{\"@id\":\"https:\/\/www.delphosmagazine.com\/#organization\"},\"image\":{\"@id\":\"https:\/\/www.delphosmagazine.com\/saab-revela-su-vision-de-combate-tripulado-no-tripulado-con-el-a3-001\/#primaryimage\"},\"thumbnailUrl\":\"https:\/\/www.delphosmagazine.com\/wp-content\/uploads\/2026\/08\/20260822-en-5412280-1.jpg\",\"articleSection\":[\"Aviaci\u00f3n Militar\",\"Defensa\",\"UAV\"],\"inLanguage\":\"en-US\"},{\"@type\":\"WebPage\",\"@id\":\"https:\/\/www.delphosmagazine.com\/saab-revela-su-vision-de-combate-tripulado-no-tripulado-con-el-a3-001\/\",\"url\":\"https:\/\/www.delphosmagazine.com\/saab-revela-su-vision-de-combate-tripulado-no-tripulado-con-el-a3-001\/\",\"name\":\"Saab revela su visi\u00f3n de combate tripulado no tripulado con el A3 001 | Delphos Magazine\",\"isPartOf\":{\"@id\":\"https:\/\/www.delphosmagazine.com\/#website\"},\"primaryImageOfPage\":{\"@id\":\"https:\/\/www.delphosmagazine.com\/saab-revela-su-vision-de-combate-tripulado-no-tripulado-con-el-a3-001\/#primaryimage\"},\"image\":{\"@id\":\"https:\/\/www.delphosmagazine.com\/saab-revela-su-vision-de-combate-tripulado-no-tripulado-con-el-a3-001\/#primaryimage\"},\"thumbnailUrl\":\"https:\/\/www.delphosmagazine.com\/wp-content\/uploads\/2026\/08\/20260822-en-5412280-1.jpg\",\"datePublished\":\"2026-08-23T03:39:53+00:00\",\"dateModified\":\"2026-08-31T03:41:38+00:00\",\"description\":\"Delphos Magazine es el principal medio de prensa generador y proveedor de contenidos aeron\u00e1uticos y de defensa de Latinoam\u00e9rica y el mundo\",\"breadcrumb\":{\"@id\":\"https:\/\/www.delphosmagazine.com\/saab-revela-su-vision-de-combate-tripulado-no-tripulado-con-el-a3-001\/#breadcrumb\"},\"inLanguage\":\"en-US\",\"potentialAction\":[{\"@type\":\"ReadAction\",\"target\":[\"https:\/\/www.delphosmagazine.com\/saab-revela-su-vision-de-combate-tripulado-no-tripulado-con-el-a3-001\/\"]}]},{\"@type\":\"ImageObject\",\"inLanguage\":\"en-US\",\"@id\":\"https:\/\/www.delphosmagazine.com\/saab-revela-su-vision-de-combate-tripulado-no-tripulado-con-el-a3-001\/#primaryimage\",\"url\":\"https:\/\/www.delphosmagazine.com\/wp-content\/uploads\/2026\/08\/20260822-en-5412280-1.jpg\",\"contentUrl\":\"https:\/\/www.delphosmagazine.com\/wp-content\/uploads\/2026\/08\/20260822-en-5412280-1.jpg\",\"width\":1200,\"height\":675},{\"@type\":\"BreadcrumbList\",\"@id\":\"https:\/\/www.delphosmagazine.com\/saab-revela-su-vision-de-combate-tripulado-no-tripulado-con-el-a3-001\/#breadcrumb\",\"itemListElement\":[{\"@type\":\"ListItem\",\"position\":1,\"name\":\"Portada\",\"item\":\"https:\/\/www.delphosmagazine.com\/\"},{\"@type\":\"ListItem\",\"position\":2,\"name\":\"Saab revela su visi\u00f3n de combate tripulado no tripulado con el A3 001\"}]},{\"@type\":\"WebSite\",\"@id\":\"https:\/\/www.delphosmagazine.com\/#website\",\"url\":\"https:\/\/www.delphosmagazine.com\/\",\"name\":\"Delphos Magazine\",\"description\":\"principal medio de prensa generador y proveedor de contenidos aeron\u00e1uticos y de defensa de Latinoam\u00e9rica y el mundo\",\"publisher\":{\"@id\":\"https:\/\/www.delphosmagazine.com\/#organization\"},\"potentialAction\":[{\"@type\":\"SearchAction\",\"target\":{\"@type\":\"EntryPoint\",\"urlTemplate\":\"https:\/\/www.delphosmagazine.com\/?s={search_term_string}\"},\"query-input\":{\"@type\":\"PropertyValueSpecification\",\"valueRequired\":true,\"valueName\":\"search_term_string\"}}],\"inLanguage\":\"en-US\"},{\"@type\":\"Organization\",\"@id\":\"https:\/\/www.delphosmagazine.com\/#organization\",\"name\":\"Delphos Magazine\",\"url\":\"https:\/\/www.delphosmagazine.com\/\",\"logo\":{\"@type\":\"ImageObject\",\"inLanguage\":\"en-US\",\"@id\":\"https:\/\/www.delphosmagazine.com\/#\/schema\/logo\/image\/\",\"url\":\"https:\/\/www.delphosmagazine.com\/wp-content\/uploads\/2020\/10\/logo-negro.jpg\",\"contentUrl\":\"https:\/\/www.delphosmagazine.com\/wp-content\/uploads\/2020\/10\/logo-negro.jpg\",\"width\":872,\"height\":202,\"caption\":\"Delphos Magazine\"},\"image\":{\"@id\":\"https:\/\/www.delphosmagazine.com\/#\/schema\/logo\/image\/\"}},{\"@type\":\"Person\",\"@id\":\"https:\/\/www.delphosmagazine.com\/#\/schema\/person\/975be66d68fbd24bf1cf96e8871defe1\",\"name\":\"Delphos Magazine\",\"image\":{\"@type\":\"ImageObject\",\"inLanguage\":\"en-US\",\"@id\":\"https:\/\/www.delphosmagazine.com\/#\/schema\/person\/image\/\",\"url\":\"https:\/\/secure.gravatar.com\/avatar\/2aef69e4112a9a7b4cb49f96c0516035?s=96&d=mm&r=g\",\"contentUrl\":\"https:\/\/secure.gravatar.com\/avatar\/2aef69e4112a9a7b4cb49f96c0516035?s=96&d=mm&r=g\",\"caption\":\"Delphos Magazine\"},\"sameAs\":[\"https:\/\/www.delphosmagazine.com\"],\"url\":\"https:\/\/www.delphosmagazine.com\/en\/author\/delphosmagazine\/\"}]}<\/script>\n<!-- \/ Yoast SEO plugin. -->","yoast_head_json":{"title":"Saab revela su visi\u00f3n de combate tripulado no tripulado con el A3 001 | Delphos Magazine","description":"Delphos Magazine es el principal medio de prensa generador y proveedor de contenidos aeron\u00e1uticos y de defensa de Latinoam\u00e9rica y el mundo","robots":{"index":"index","follow":"follow","max-snippet":"max-snippet:-1","max-image-preview":"max-image-preview:large","max-video-preview":"max-video-preview:-1"},"canonical":"https:\/\/www.delphosmagazine.com\/en\/saab-revela-su-vision-de-combate-tripulado-no-tripulado-con-el-a3-001\/","og_locale":"en_US","og_type":"article","og_title":"Saab revela su visi\u00f3n de combate tripulado no tripulado con el A3 001 | Delphos Magazine","og_description":"Delphos Magazine es el principal medio de prensa generador y proveedor de contenidos aeron\u00e1uticos y de defensa de Latinoam\u00e9rica y el mundo","og_url":"https:\/\/www.delphosmagazine.com\/en\/saab-revela-su-vision-de-combate-tripulado-no-tripulado-con-el-a3-001\/","og_site_name":"Delphos Magazine","article_published_time":"2026-08-23T03:39:53+00:00","article_modified_time":"2026-08-31T03:41:38+00:00","og_image":[{"width":1200,"height":675,"url":"https:\/\/www.delphosmagazine.com\/wp-content\/uploads\/2026\/08\/20260822-en-5412280-1.jpg","type":"image\/jpeg"}],"author":"Delphos Magazine","twitter_card":"summary_large_image","twitter_misc":{"Written by":"Delphos Magazine","Est. reading time":"2 minutes"},"schema":{"@context":"https:\/\/schema.org","@graph":[{"@type":"Article","@id":"https:\/\/www.delphosmagazine.com\/saab-revela-su-vision-de-combate-tripulado-no-tripulado-con-el-a3-001\/#article","isPartOf":{"@id":"https:\/\/www.delphosmagazine.com\/saab-revela-su-vision-de-combate-tripulado-no-tripulado-con-el-a3-001\/"},"author":{"name":"Delphos Magazine","@id":"https:\/\/www.delphosmagazine.com\/#\/schema\/person\/975be66d68fbd24bf1cf96e8871defe1"},"headline":"Saab revela su visi\u00f3n de combate tripulado no tripulado con el A3 001","datePublished":"2026-08-23T03:39:53+00:00","dateModified":"2026-08-31T03:41:38+00:00","mainEntityOfPage":{"@id":"https:\/\/www.delphosmagazine.com\/saab-revela-su-vision-de-combate-tripulado-no-tripulado-con-el-a3-001\/"},"wordCount":350,"publisher":{"@id":"https:\/\/www.delphosmagazine.com\/#organization"},"image":{"@id":"https:\/\/www.delphosmagazine.com\/saab-revela-su-vision-de-combate-tripulado-no-tripulado-con-el-a3-001\/#primaryimage"},"thumbnailUrl":"https:\/\/www.delphosmagazine.com\/wp-content\/uploads\/2026\/08\/20260822-en-5412280-1.jpg","articleSection":["Aviaci\u00f3n Militar","Defensa","UAV"],"inLanguage":"en-US"},{"@type":"WebPage","@id":"https:\/\/www.delphosmagazine.com\/saab-revela-su-vision-de-combate-tripulado-no-tripulado-con-el-a3-001\/","url":"https:\/\/www.delphosmagazine.com\/saab-revela-su-vision-de-combate-tripulado-no-tripulado-con-el-a3-001\/","name":"Saab revela su visi\u00f3n de combate tripulado no tripulado con el A3 001 | Delphos Magazine","isPartOf":{"@id":"https:\/\/www.delphosmagazine.com\/#website"},"primaryImageOfPage":{"@id":"https:\/\/www.delphosmagazine.com\/saab-revela-su-vision-de-combate-tripulado-no-tripulado-con-el-a3-001\/#primaryimage"},"image":{"@id":"https:\/\/www.delphosmagazine.com\/saab-revela-su-vision-de-combate-tripulado-no-tripulado-con-el-a3-001\/#primaryimage"},"thumbnailUrl":"https:\/\/www.delphosmagazine.com\/wp-content\/uploads\/2026\/08\/20260822-en-5412280-1.jpg","datePublished":"2026-08-23T03:39:53+00:00","dateModified":"2026-08-31T03:41:38+00:00","description":"Delphos Magazine es el principal medio de prensa generador y proveedor de contenidos aeron\u00e1uticos y de defensa de Latinoam\u00e9rica y el mundo","breadcrumb":{"@id":"https:\/\/www.delphosmagazine.com\/saab-revela-su-vision-de-combate-tripulado-no-tripulado-con-el-a3-001\/#breadcrumb"},"inLanguage":"en-US","potentialAction":[{"@type":"ReadAction","target":["https:\/\/www.delphosmagazine.com\/saab-revela-su-vision-de-combate-tripulado-no-tripulado-con-el-a3-001\/"]}]},{"@type":"ImageObject","inLanguage":"en-US","@id":"https:\/\/www.delphosmagazine.com\/saab-revela-su-vision-de-combate-tripulado-no-tripulado-con-el-a3-001\/#primaryimage","url":"https:\/\/www.delphosmagazine.com\/wp-content\/uploads\/2026\/08\/20260822-en-5412280-1.jpg","contentUrl":"https:\/\/www.delphosmagazine.com\/wp-content\/uploads\/2026\/08\/20260822-en-5412280-1.jpg","width":1200,"height":675},{"@type":"BreadcrumbList","@id":"https:\/\/www.delphosmagazine.com\/saab-revela-su-vision-de-combate-tripulado-no-tripulado-con-el-a3-001\/#breadcrumb","itemListElement":[{"@type":"ListItem","position":1,"name":"Portada","item":"https:\/\/www.delphosmagazine.com\/"},{"@type":"ListItem","position":2,"name":"Saab revela su visi\u00f3n de combate tripulado no tripulado con el A3 001"}]},{"@type":"WebSite","@id":"https:\/\/www.delphosmagazine.com\/#website","url":"https:\/\/www.delphosmagazine.com\/","name":"Delphos Magazine","description":"principal medio de prensa generador y proveedor de contenidos aeron\u00e1uticos y de defensa de Latinoam\u00e9rica y el mundo","publisher":{"@id":"https:\/\/www.delphosmagazine.com\/#organization"},"potentialAction":[{"@type":"SearchAction","target":{"@type":"EntryPoint","urlTemplate":"https:\/\/www.delphosmagazine.com\/?s={search_term_string}"},"query-input":{"@type":"PropertyValueSpecification","valueRequired":true,"valueName":"search_term_string"}}],"inLanguage":"en-US"},{"@type":"Organization","@id":"https:\/\/www.delphosmagazine.com\/#organization","name":"Delphos Magazine","url":"https:\/\/www.delphosmagazine.com\/","logo":{"@type":"ImageObject","inLanguage":"en-US","@id":"https:\/\/www.delphosmagazine.com\/#\/schema\/logo\/image\/","url":"https:\/\/www.delphosmagazine.com\/wp-content\/uploads\/2020\/10\/logo-negro.jpg","contentUrl":"https:\/\/www.delphosmagazine.com\/wp-content\/uploads\/2020\/10\/logo-negro.jpg","width":872,"height":202,"caption":"Delphos Magazine"},"image":{"@id":"https:\/\/www.delphosmagazine.com\/#\/schema\/logo\/image\/"}},{"@type":"Person","@id":"https:\/\/www.delphosmagazine.com\/#\/schema\/person\/975be66d68fbd24bf1cf96e8871defe1","name":"Delphos Magazine","image":{"@type":"ImageObject","inLanguage":"en-US","@id":"https:\/\/www.delphosmagazine.com\/#\/schema\/person\/image\/","url":"https:\/\/secure.gravatar.com\/avatar\/2aef69e4112a9a7b4cb49f96c0516035?s=96&d=mm&r=g","contentUrl":"https:\/\/secure.gravatar.com\/avatar\/2aef69e4112a9a7b4cb49f96c0516035?s=96&d=mm&r=g","caption":"Delphos Magazine"},"sameAs":["https:\/\/www.delphosmagazine.com"],"url":"https:\/\/www.delphosmagazine.com\/en\/author\/delphosmagazine\/"}]}},"_links":{"self":[{"href":"https:\/\/www.delphosmagazine.com\/en\/wp-json\/wp\/v2\/posts\/23384","targetHints":{"allow":["GET"]}}],"collection":[{"href":"https:\/\/www.delphosmagazine.com\/en\/wp-json\/wp\/v2\/posts"}],"about":[{"href":"https:\/\/www.delphosmagazine.com\/en\/wp-json\/wp\/v2\/types\/post"}],"author":[{"embeddable":true,"href":"https:\/\/www.delphosmagazine.com\/en\/wp-json\/wp\/v2\/users\/2"}],"replies":[{"embeddable":true,"href":"https:\/\/www.delphosmagazine.com\/en\/wp-json\/wp\/v2\/comments?post=23384"}],"version-history":[{"count":1,"href":"https:\/\/www.delphosmagazine.com\/en\/wp-json\/wp\/v2\/posts\/23384\/revisions"}],"predecessor-version":[{"id":23388,"href":"https:\/\/www.delphosmagazine.com\/en\/wp-json\/wp\/v2\/posts\/23384\/revisions\/23388"}],"wp:featuredmedia":[{"embeddable":true,"href":"https:\/\/www.delphosmagazine.com\/en\/wp-json\/wp\/v2\/media\/23387"}],"wp:attachment":[{"href":"https:\/\/www.delphosmagazine.com\/en\/wp-json\/wp\/v2\/media?parent=23384"}],"wp:term":[{"taxonomy":"category","embeddable":true,"href":"https:\/\/www.delphosmagazine.com\/en\/wp-json\/wp\/v2\/categories?post=23384"},{"taxonomy":"post_tag","embeddable":true,"href":"https:\/\/www.delphosmagazine.com\/en\/wp-json\/wp\/v2\/tags?post=23384"}],"curies":[{"name":"wp","href":"https:\/\/api.w.org\/{rel}","templated":true}]}}