{"id":2066,"date":"2019-05-13T14:06:42","date_gmt":"2019-05-13T17:06:42","guid":{"rendered":"https:\/\/www.delphosmagazine.com\/?p=2066"},"modified":"2020-05-28T18:21:00","modified_gmt":"2020-05-28T21:21:00","slug":"azul-recibe-el-primer-airbus-a330neo-en-america","status":"publish","type":"post","link":"https:\/\/www.delphosmagazine.com\/en\/azul-recibe-el-primer-airbus-a330neo-en-america\/","title":{"rendered":"Azul recibe el primer Airbus A330neo en Am\u00e9rica"},"content":{"rendered":"<p>El primer A330neo de las Am\u00e9ricas se ha entregado a Azul Linhas A\u00e9reas, que se convierte as\u00ed en la primera aerol\u00ednea americana que opera con el A330-900, en arrendamiento financiero de Avolon. El avi\u00f3n es el primero de los 15 A330neo encargados por Avolon.<\/p>\n<p>&nbsp;<\/p>\n<p>La aerol\u00ednea piensa destinar su A330neo, el A330 de nueva generaci\u00f3n de Airbus, a ampliar su red de rutas internacionales entre Brasil y Europa y Estados Unidos. Con una configuraci\u00f3n de cabina de tres clases y 34 plazas en clase Business, 96 en Economy Xtra y 168 en Economy, el A330neo ofrece a los pasajeros un mayor confort y la m\u00e1s avanzada experiencia de vuelo, mientras que la aerol\u00ednea se beneficiar\u00e1 de la insuperable econom\u00eda operativa de la aeronave.<\/p>\n<p>&nbsp;<\/p>\n<p>\u201cEstamos muy orgullosos de ser el primer operador del A330neo en las Am\u00e9ricas. Este nuevo avi\u00f3n desempe\u00f1ar\u00e1 un papel clave en la ampliaci\u00f3n de nuestros mercados internacionales y facilitar\u00e1 nuestra estrategia de contar con una flota moderna y eficiente en consumo\u201d, asegura John Rodgerson, CEO de Azul.<\/p>\n<p>\u201cCon sus numerosas caracter\u00edsticas nuevas y cabina Airspace, el A330neo no puede sino aumentar los numerosos premios a la calidad en viajes de Azul\u201d, ha dicho Christian Scherer, Chief Commercial Officer de Airbus. \u201cAlto nivel de innovaci\u00f3n, confort superior para los pasajeros y una reducci\u00f3n del 25% en consumo, todo en un mismo paquete &#8211; eso es el A330neo\u201d.<\/p>\n<p>&nbsp;<\/p>\n<div id='gallery-1' class='gallery galleryid-2066 gallery-columns-3 gallery-size-medium'><figure class='gallery-item'>\n\t\t\t<div class='gallery-icon landscape'>\n\t\t\t\t<a href='https:\/\/www.delphosmagazine.com\/wp-content\/uploads\/2019\/05\/A330-900-AZUL-infographic-.jpg'><img loading=\"lazy\" decoding=\"async\" width=\"300\" height=\"169\" src=\"https:\/\/www.delphosmagazine.com\/wp-content\/uploads\/2019\/05\/A330-900-AZUL-infographic--300x169.jpg\" class=\"attachment-medium size-medium\" alt=\"\" srcset=\"https:\/\/www.delphosmagazine.com\/wp-content\/uploads\/2019\/05\/A330-900-AZUL-infographic--300x169.jpg 300w, https:\/\/www.delphosmagazine.com\/wp-content\/uploads\/2019\/05\/A330-900-AZUL-infographic--768x432.jpg 768w, https:\/\/www.delphosmagazine.com\/wp-content\/uploads\/2019\/05\/A330-900-AZUL-infographic--1024x576.jpg 1024w\" sizes=\"auto, (max-width: 300px) 100vw, 300px\" \/><\/a>\n\t\t\t<\/div><\/figure>\n\t\t<\/div>\n\n<p>El A330neo es un aut\u00e9ntico avi\u00f3n de nueva generaci\u00f3n basado en las caracter\u00edsticas del avi\u00f3n de cabina ancha m\u00e1s vendido -el A330- y que aprovecha las ventajas de la tecnolog\u00eda del A350 XWB. Dotado de motores Rolls-Royce Trent 7000 de \u00faltima generaci\u00f3n, el A330neo ofrece un nivel de eficiencia sin precedentes \u2013 con un consumo de combustible por asiento un 25% inferior al de aviones competidores de la generaci\u00f3n anterior. Provisto de la cabina Airspace by Airbus, el A330neo ofrece una experiencia \u00fanica a los pasajeros, m\u00e1s espacio individual y sistema de entretenimiento en vuelo y conectividad de \u00faltima generaci\u00f3n.<\/p>\n<p>&nbsp;<\/p>\n<p>Constituida en 2008, Azul es un operador brasile\u00f1o que vuela a 108 destinos en Sudam\u00e9rica, Estados Unidos y Portugal.<\/p>\n<p>&nbsp;<\/p>\n<p>Airbus ha vendido 1.200 aviones en Am\u00e9rica Latina y el Caribe, con un backlog de cerca de 600 unidades y otras 700 en operaci\u00f3n, lo que representa una cuota de mercado del 56% de la flota en servicio. Desde 1994, Airbus acapara cerca del 70 por ciento de los pedidos netos en la regi\u00f3n.<\/p>\n<p>Fuente: Airbus<\/p>","protected":false},"excerpt":{"rendered":"<p>El primer A330neo de las Am\u00e9ricas se ha entregado a Azul Linhas A\u00e9reas, que se convierte as\u00ed en la primera aerol\u00ednea americana que opera con el A330-900, en arrendamiento financiero de Avolon. El avi\u00f3n es el primero de los 15 A330neo encargados por Avolon. &nbsp; La aerol\u00ednea piensa destinar su A330neo, el A330 de nueva [&hellip;]<\/p>\n","protected":false},"author":2,"featured_media":2068,"comment_status":"open","ping_status":"open","sticky":false,"template":"","format":"standard","meta":{"footnotes":""},"categories":[3,5,26],"tags":[],"class_list":{"0":"post-2066","1":"post","2":"type-post","3":"status-publish","4":"format-standard","5":"has-post-thumbnail","7":"category-aviacion","8":"category-aviacion-civil-comercial","9":"category-destacados"},"yoast_head":"<!-- This site is optimized with the Yoast SEO plugin v26.5 - https:\/\/yoast.com\/wordpress\/plugins\/seo\/ -->\n<title>Azul recibe el primer Airbus A330neo en Am\u00e9rica | Delphos Magazine<\/title>\n<meta name=\"description\" content=\"Delphos Magazine es el principal medio de prensa generador y proveedor de contenidos aeron\u00e1uticos y de defensa de Latinoam\u00e9rica y el mundo\" \/>\n<meta name=\"robots\" content=\"index, follow, max-snippet:-1, max-image-preview:large, max-video-preview:-1\" \/>\n<link rel=\"canonical\" href=\"https:\/\/www.delphosmagazine.com\/en\/azul-recibe-el-primer-airbus-a330neo-en-america\/\" \/>\n<meta property=\"og:locale\" content=\"en_US\" \/>\n<meta property=\"og:type\" content=\"article\" \/>\n<meta property=\"og:title\" content=\"Azul recibe el primer Airbus A330neo en Am\u00e9rica | Delphos Magazine\" \/>\n<meta property=\"og:description\" content=\"Delphos Magazine es el principal medio de prensa generador y proveedor de contenidos aeron\u00e1uticos y de defensa de Latinoam\u00e9rica y el mundo\" \/>\n<meta property=\"og:url\" content=\"https:\/\/www.delphosmagazine.com\/en\/azul-recibe-el-primer-airbus-a330neo-en-america\/\" \/>\n<meta property=\"og:site_name\" content=\"Delphos Magazine\" \/>\n<meta property=\"article:published_time\" content=\"2019-05-13T17:06:42+00:00\" \/>\n<meta property=\"article:modified_time\" content=\"2020-05-28T21:21:00+00:00\" \/>\n<meta property=\"og:image\" content=\"https:\/\/www.delphosmagazine.com\/wp-content\/uploads\/2019\/05\/A330-900-AZUL-take-off-.jpg\" \/>\n\t<meta property=\"og:image:width\" content=\"1813\" \/>\n\t<meta property=\"og:image:height\" content=\"1262\" \/>\n\t<meta property=\"og:image:type\" content=\"image\/jpeg\" \/>\n<meta name=\"author\" content=\"Delphos Magazine\" \/>\n<meta name=\"twitter:card\" content=\"summary_large_image\" \/>\n<meta name=\"twitter:label1\" content=\"Written by\" \/>\n\t<meta name=\"twitter:data1\" content=\"Delphos Magazine\" \/>\n\t<meta name=\"twitter:label2\" content=\"Est. reading time\" \/>\n\t<meta name=\"twitter:data2\" content=\"2 minutes\" \/>\n<script type=\"application\/ld+json\" class=\"yoast-schema-graph\">{\"@context\":\"https:\/\/schema.org\",\"@graph\":[{\"@type\":\"Article\",\"@id\":\"https:\/\/www.delphosmagazine.com\/azul-recibe-el-primer-airbus-a330neo-en-america\/#article\",\"isPartOf\":{\"@id\":\"https:\/\/www.delphosmagazine.com\/azul-recibe-el-primer-airbus-a330neo-en-america\/\"},\"author\":{\"name\":\"Delphos Magazine\",\"@id\":\"https:\/\/www.delphosmagazine.com\/#\/schema\/person\/975be66d68fbd24bf1cf96e8871defe1\"},\"headline\":\"Azul recibe el primer Airbus A330neo en Am\u00e9rica\",\"datePublished\":\"2019-05-13T17:06:42+00:00\",\"dateModified\":\"2020-05-28T21:21:00+00:00\",\"mainEntityOfPage\":{\"@id\":\"https:\/\/www.delphosmagazine.com\/azul-recibe-el-primer-airbus-a330neo-en-america\/\"},\"wordCount\":454,\"commentCount\":0,\"publisher\":{\"@id\":\"https:\/\/www.delphosmagazine.com\/#organization\"},\"image\":{\"@id\":\"https:\/\/www.delphosmagazine.com\/azul-recibe-el-primer-airbus-a330neo-en-america\/#primaryimage\"},\"thumbnailUrl\":\"https:\/\/www.delphosmagazine.com\/wp-content\/uploads\/2019\/05\/A330-900-AZUL-take-off-.jpg\",\"articleSection\":[\"Aviaci\u00f3n\",\"Aviaci\u00f3n Comercial\",\"Destacados\"],\"inLanguage\":\"en-US\",\"potentialAction\":[{\"@type\":\"CommentAction\",\"name\":\"Comment\",\"target\":[\"https:\/\/www.delphosmagazine.com\/azul-recibe-el-primer-airbus-a330neo-en-america\/#respond\"]}]},{\"@type\":\"WebPage\",\"@id\":\"https:\/\/www.delphosmagazine.com\/azul-recibe-el-primer-airbus-a330neo-en-america\/\",\"url\":\"https:\/\/www.delphosmagazine.com\/azul-recibe-el-primer-airbus-a330neo-en-america\/\",\"name\":\"Azul recibe el primer Airbus A330neo en Am\u00e9rica | Delphos Magazine\",\"isPartOf\":{\"@id\":\"https:\/\/www.delphosmagazine.com\/#website\"},\"primaryImageOfPage\":{\"@id\":\"https:\/\/www.delphosmagazine.com\/azul-recibe-el-primer-airbus-a330neo-en-america\/#primaryimage\"},\"image\":{\"@id\":\"https:\/\/www.delphosmagazine.com\/azul-recibe-el-primer-airbus-a330neo-en-america\/#primaryimage\"},\"thumbnailUrl\":\"https:\/\/www.delphosmagazine.com\/wp-content\/uploads\/2019\/05\/A330-900-AZUL-take-off-.jpg\",\"datePublished\":\"2019-05-13T17:06:42+00:00\",\"dateModified\":\"2020-05-28T21:21:00+00:00\",\"description\":\"Delphos Magazine es el principal medio de prensa generador y proveedor de contenidos aeron\u00e1uticos y de defensa de Latinoam\u00e9rica y el mundo\",\"breadcrumb\":{\"@id\":\"https:\/\/www.delphosmagazine.com\/azul-recibe-el-primer-airbus-a330neo-en-america\/#breadcrumb\"},\"inLanguage\":\"en-US\",\"potentialAction\":[{\"@type\":\"ReadAction\",\"target\":[\"https:\/\/www.delphosmagazine.com\/azul-recibe-el-primer-airbus-a330neo-en-america\/\"]}]},{\"@type\":\"ImageObject\",\"inLanguage\":\"en-US\",\"@id\":\"https:\/\/www.delphosmagazine.com\/azul-recibe-el-primer-airbus-a330neo-en-america\/#primaryimage\",\"url\":\"https:\/\/www.delphosmagazine.com\/wp-content\/uploads\/2019\/05\/A330-900-AZUL-take-off-.jpg\",\"contentUrl\":\"https:\/\/www.delphosmagazine.com\/wp-content\/uploads\/2019\/05\/A330-900-AZUL-take-off-.jpg\",\"width\":1813,\"height\":1262},{\"@type\":\"BreadcrumbList\",\"@id\":\"https:\/\/www.delphosmagazine.com\/azul-recibe-el-primer-airbus-a330neo-en-america\/#breadcrumb\",\"itemListElement\":[{\"@type\":\"ListItem\",\"position\":1,\"name\":\"Portada\",\"item\":\"https:\/\/www.delphosmagazine.com\/\"},{\"@type\":\"ListItem\",\"position\":2,\"name\":\"Azul recibe el primer Airbus A330neo en Am\u00e9rica\"}]},{\"@type\":\"WebSite\",\"@id\":\"https:\/\/www.delphosmagazine.com\/#website\",\"url\":\"https:\/\/www.delphosmagazine.com\/\",\"name\":\"Delphos Magazine\",\"description\":\"principal medio de prensa generador y proveedor de contenidos aeron\u00e1uticos y de defensa de Latinoam\u00e9rica y el mundo\",\"publisher\":{\"@id\":\"https:\/\/www.delphosmagazine.com\/#organization\"},\"potentialAction\":[{\"@type\":\"SearchAction\",\"target\":{\"@type\":\"EntryPoint\",\"urlTemplate\":\"https:\/\/www.delphosmagazine.com\/?s={search_term_string}\"},\"query-input\":{\"@type\":\"PropertyValueSpecification\",\"valueRequired\":true,\"valueName\":\"search_term_string\"}}],\"inLanguage\":\"en-US\"},{\"@type\":\"Organization\",\"@id\":\"https:\/\/www.delphosmagazine.com\/#organization\",\"name\":\"Delphos Magazine\",\"url\":\"https:\/\/www.delphosmagazine.com\/\",\"logo\":{\"@type\":\"ImageObject\",\"inLanguage\":\"en-US\",\"@id\":\"https:\/\/www.delphosmagazine.com\/#\/schema\/logo\/image\/\",\"url\":\"https:\/\/www.delphosmagazine.com\/wp-content\/uploads\/2020\/10\/logo-negro.jpg\",\"contentUrl\":\"https:\/\/www.delphosmagazine.com\/wp-content\/uploads\/2020\/10\/logo-negro.jpg\",\"width\":872,\"height\":202,\"caption\":\"Delphos Magazine\"},\"image\":{\"@id\":\"https:\/\/www.delphosmagazine.com\/#\/schema\/logo\/image\/\"}},{\"@type\":\"Person\",\"@id\":\"https:\/\/www.delphosmagazine.com\/#\/schema\/person\/975be66d68fbd24bf1cf96e8871defe1\",\"name\":\"Delphos Magazine\",\"image\":{\"@type\":\"ImageObject\",\"inLanguage\":\"en-US\",\"@id\":\"https:\/\/www.delphosmagazine.com\/#\/schema\/person\/image\/\",\"url\":\"https:\/\/secure.gravatar.com\/avatar\/2aef69e4112a9a7b4cb49f96c0516035?s=96&d=mm&r=g\",\"contentUrl\":\"https:\/\/secure.gravatar.com\/avatar\/2aef69e4112a9a7b4cb49f96c0516035?s=96&d=mm&r=g\",\"caption\":\"Delphos Magazine\"},\"sameAs\":[\"https:\/\/www.delphosmagazine.com\"],\"url\":\"https:\/\/www.delphosmagazine.com\/en\/author\/delphosmagazine\/\"}]}<\/script>\n<!-- \/ Yoast SEO plugin. -->","yoast_head_json":{"title":"Azul recibe el primer Airbus A330neo en Am\u00e9rica | Delphos Magazine","description":"Delphos Magazine es el principal medio de prensa generador y proveedor de contenidos aeron\u00e1uticos y de defensa de Latinoam\u00e9rica y el mundo","robots":{"index":"index","follow":"follow","max-snippet":"max-snippet:-1","max-image-preview":"max-image-preview:large","max-video-preview":"max-video-preview:-1"},"canonical":"https:\/\/www.delphosmagazine.com\/en\/azul-recibe-el-primer-airbus-a330neo-en-america\/","og_locale":"en_US","og_type":"article","og_title":"Azul recibe el primer Airbus A330neo en Am\u00e9rica | Delphos Magazine","og_description":"Delphos Magazine es el principal medio de prensa generador y proveedor de contenidos aeron\u00e1uticos y de defensa de Latinoam\u00e9rica y el mundo","og_url":"https:\/\/www.delphosmagazine.com\/en\/azul-recibe-el-primer-airbus-a330neo-en-america\/","og_site_name":"Delphos Magazine","article_published_time":"2019-05-13T17:06:42+00:00","article_modified_time":"2020-05-28T21:21:00+00:00","og_image":[{"width":1813,"height":1262,"url":"https:\/\/www.delphosmagazine.com\/wp-content\/uploads\/2019\/05\/A330-900-AZUL-take-off-.jpg","type":"image\/jpeg"}],"author":"Delphos Magazine","twitter_card":"summary_large_image","twitter_misc":{"Written by":"Delphos Magazine","Est. reading time":"2 minutes"},"schema":{"@context":"https:\/\/schema.org","@graph":[{"@type":"Article","@id":"https:\/\/www.delphosmagazine.com\/azul-recibe-el-primer-airbus-a330neo-en-america\/#article","isPartOf":{"@id":"https:\/\/www.delphosmagazine.com\/azul-recibe-el-primer-airbus-a330neo-en-america\/"},"author":{"name":"Delphos Magazine","@id":"https:\/\/www.delphosmagazine.com\/#\/schema\/person\/975be66d68fbd24bf1cf96e8871defe1"},"headline":"Azul recibe el primer Airbus A330neo en Am\u00e9rica","datePublished":"2019-05-13T17:06:42+00:00","dateModified":"2020-05-28T21:21:00+00:00","mainEntityOfPage":{"@id":"https:\/\/www.delphosmagazine.com\/azul-recibe-el-primer-airbus-a330neo-en-america\/"},"wordCount":454,"commentCount":0,"publisher":{"@id":"https:\/\/www.delphosmagazine.com\/#organization"},"image":{"@id":"https:\/\/www.delphosmagazine.com\/azul-recibe-el-primer-airbus-a330neo-en-america\/#primaryimage"},"thumbnailUrl":"https:\/\/www.delphosmagazine.com\/wp-content\/uploads\/2019\/05\/A330-900-AZUL-take-off-.jpg","articleSection":["Aviaci\u00f3n","Aviaci\u00f3n Comercial","Destacados"],"inLanguage":"en-US","potentialAction":[{"@type":"CommentAction","name":"Comment","target":["https:\/\/www.delphosmagazine.com\/azul-recibe-el-primer-airbus-a330neo-en-america\/#respond"]}]},{"@type":"WebPage","@id":"https:\/\/www.delphosmagazine.com\/azul-recibe-el-primer-airbus-a330neo-en-america\/","url":"https:\/\/www.delphosmagazine.com\/azul-recibe-el-primer-airbus-a330neo-en-america\/","name":"Azul recibe el primer Airbus A330neo en Am\u00e9rica | Delphos Magazine","isPartOf":{"@id":"https:\/\/www.delphosmagazine.com\/#website"},"primaryImageOfPage":{"@id":"https:\/\/www.delphosmagazine.com\/azul-recibe-el-primer-airbus-a330neo-en-america\/#primaryimage"},"image":{"@id":"https:\/\/www.delphosmagazine.com\/azul-recibe-el-primer-airbus-a330neo-en-america\/#primaryimage"},"thumbnailUrl":"https:\/\/www.delphosmagazine.com\/wp-content\/uploads\/2019\/05\/A330-900-AZUL-take-off-.jpg","datePublished":"2019-05-13T17:06:42+00:00","dateModified":"2020-05-28T21:21:00+00:00","description":"Delphos Magazine es el principal medio de prensa generador y proveedor de contenidos aeron\u00e1uticos y de defensa de Latinoam\u00e9rica y el mundo","breadcrumb":{"@id":"https:\/\/www.delphosmagazine.com\/azul-recibe-el-primer-airbus-a330neo-en-america\/#breadcrumb"},"inLanguage":"en-US","potentialAction":[{"@type":"ReadAction","target":["https:\/\/www.delphosmagazine.com\/azul-recibe-el-primer-airbus-a330neo-en-america\/"]}]},{"@type":"ImageObject","inLanguage":"en-US","@id":"https:\/\/www.delphosmagazine.com\/azul-recibe-el-primer-airbus-a330neo-en-america\/#primaryimage","url":"https:\/\/www.delphosmagazine.com\/wp-content\/uploads\/2019\/05\/A330-900-AZUL-take-off-.jpg","contentUrl":"https:\/\/www.delphosmagazine.com\/wp-content\/uploads\/2019\/05\/A330-900-AZUL-take-off-.jpg","width":1813,"height":1262},{"@type":"BreadcrumbList","@id":"https:\/\/www.delphosmagazine.com\/azul-recibe-el-primer-airbus-a330neo-en-america\/#breadcrumb","itemListElement":[{"@type":"ListItem","position":1,"name":"Portada","item":"https:\/\/www.delphosmagazine.com\/"},{"@type":"ListItem","position":2,"name":"Azul recibe el primer Airbus A330neo en Am\u00e9rica"}]},{"@type":"WebSite","@id":"https:\/\/www.delphosmagazine.com\/#website","url":"https:\/\/www.delphosmagazine.com\/","name":"Delphos Magazine","description":"principal medio de prensa generador y proveedor de contenidos aeron\u00e1uticos y de defensa de Latinoam\u00e9rica y el mundo","publisher":{"@id":"https:\/\/www.delphosmagazine.com\/#organization"},"potentialAction":[{"@type":"SearchAction","target":{"@type":"EntryPoint","urlTemplate":"https:\/\/www.delphosmagazine.com\/?s={search_term_string}"},"query-input":{"@type":"PropertyValueSpecification","valueRequired":true,"valueName":"search_term_string"}}],"inLanguage":"en-US"},{"@type":"Organization","@id":"https:\/\/www.delphosmagazine.com\/#organization","name":"Delphos Magazine","url":"https:\/\/www.delphosmagazine.com\/","logo":{"@type":"ImageObject","inLanguage":"en-US","@id":"https:\/\/www.delphosmagazine.com\/#\/schema\/logo\/image\/","url":"https:\/\/www.delphosmagazine.com\/wp-content\/uploads\/2020\/10\/logo-negro.jpg","contentUrl":"https:\/\/www.delphosmagazine.com\/wp-content\/uploads\/2020\/10\/logo-negro.jpg","width":872,"height":202,"caption":"Delphos Magazine"},"image":{"@id":"https:\/\/www.delphosmagazine.com\/#\/schema\/logo\/image\/"}},{"@type":"Person","@id":"https:\/\/www.delphosmagazine.com\/#\/schema\/person\/975be66d68fbd24bf1cf96e8871defe1","name":"Delphos Magazine","image":{"@type":"ImageObject","inLanguage":"en-US","@id":"https:\/\/www.delphosmagazine.com\/#\/schema\/person\/image\/","url":"https:\/\/secure.gravatar.com\/avatar\/2aef69e4112a9a7b4cb49f96c0516035?s=96&d=mm&r=g","contentUrl":"https:\/\/secure.gravatar.com\/avatar\/2aef69e4112a9a7b4cb49f96c0516035?s=96&d=mm&r=g","caption":"Delphos Magazine"},"sameAs":["https:\/\/www.delphosmagazine.com"],"url":"https:\/\/www.delphosmagazine.com\/en\/author\/delphosmagazine\/"}]}},"_links":{"self":[{"href":"https:\/\/www.delphosmagazine.com\/en\/wp-json\/wp\/v2\/posts\/2066","targetHints":{"allow":["GET"]}}],"collection":[{"href":"https:\/\/www.delphosmagazine.com\/en\/wp-json\/wp\/v2\/posts"}],"about":[{"href":"https:\/\/www.delphosmagazine.com\/en\/wp-json\/wp\/v2\/types\/post"}],"author":[{"embeddable":true,"href":"https:\/\/www.delphosmagazine.com\/en\/wp-json\/wp\/v2\/users\/2"}],"replies":[{"embeddable":true,"href":"https:\/\/www.delphosmagazine.com\/en\/wp-json\/wp\/v2\/comments?post=2066"}],"version-history":[{"count":0,"href":"https:\/\/www.delphosmagazine.com\/en\/wp-json\/wp\/v2\/posts\/2066\/revisions"}],"wp:featuredmedia":[{"embeddable":true,"href":"https:\/\/www.delphosmagazine.com\/en\/wp-json\/wp\/v2\/media\/2068"}],"wp:attachment":[{"href":"https:\/\/www.delphosmagazine.com\/en\/wp-json\/wp\/v2\/media?parent=2066"}],"wp:term":[{"taxonomy":"category","embeddable":true,"href":"https:\/\/www.delphosmagazine.com\/en\/wp-json\/wp\/v2\/categories?post=2066"},{"taxonomy":"post_tag","embeddable":true,"href":"https:\/\/www.delphosmagazine.com\/en\/wp-json\/wp\/v2\/tags?post=2066"}],"curies":[{"name":"wp","href":"https:\/\/api.w.org\/{rel}","templated":true}]}}