{"id":16105,"date":"2024-01-25T18:11:04","date_gmt":"2024-01-25T22:11:04","guid":{"rendered":"https:\/\/www.delphosmagazine.com\/?p=16105"},"modified":"2024-01-25T18:15:29","modified_gmt":"2024-01-25T22:15:29","slug":"copa-airlines-anuncia-reactivacion-de-sus-boeing-737-9max","status":"publish","type":"post","link":"https:\/\/www.delphosmagazine.com\/en\/copa-airlines-anuncia-reactivacion-de-sus-boeing-737-9max\/","title":{"rendered":"Copa Airlines anuncia reactivaci\u00f3n de sus Boeing 737-9 MAX"},"content":{"rendered":"<p style=\"text-align: justify;\">Copa Airlines informa que ha recibido autorizaci\u00f3n para que las veinti\u00fan (21) aeronaves que hab\u00edan sido temporalmente suspendidas, siguiendo la Directriz de Aeronavegabilidad emitida por la Administraci\u00f3n Federal de Aviaci\u00f3n (FAA) de los Estados Unidos, finalicen el riguroso proceso de inspecci\u00f3n requerido y puedan volver a operar bajo los m\u00e1s altos niveles de seguridad.<\/p>\n<p>Estas aeronaves se encontraban fuera de vuelo y en proceso de revisi\u00f3n desde el 06 de enero del 2024, cuando la FAA emiti\u00f3 una directriz de aeronavegabilidad, donde mandaba a dejar en tierra a estas aeronaves para que fueran revisadas las puertas de emergencia.\u00a0 Esto producto del accidente de un Boeing 737-9 MAX de Alaska Airlines, al cual se les desprendi\u00f3 una \u00abpuerta tap\u00f3n\u00bb.\u00a0 Esta puerta tap\u00f3n es una puerta de emergencia, que solo se activa si la aeronave lleva m\u00e1s de 200 pasajeros, en el caso de United y de Copa, esta puerta de emergencia no esta activa, por lo que lleva esta \u00abpuerta tap\u00f3n\u00bb que desde el interior pasa inadvertida.<\/p>\n<p style=\"text-align: justify;\">Las inspecciones de los 737 MAX 9, est\u00e1n siendo llevadas a cabo por t\u00e9cnicos profesionales de Copa Airlines, siguiendo los m\u00e1s altos est\u00e1ndares de calidad y con la supervisi\u00f3n de la Autoridad de Aviaci\u00f3n Civil (AAC) de Panam\u00e1.<\/p>\n<p style=\"text-align: justify;\">Copa Airlines estar\u00e1 reactivando gradualmente, a partir de hoy jueves 25 de enero, vuelos que hab\u00edan sido previamente cancelados, hasta regresar a un itinerario completo el domingo 28 de enero.<\/p>\n<p style=\"text-align: justify;\">Adem\u00e1s, la aerol\u00ednea est\u00e1 ofreciendo nuevas opciones para pasajeros cuyos itinerarios hayan sido afectados:<\/p>\n<ul style=\"text-align: justify;\">\n<li>Pasajeros que hayan confirmado un nuevo itinerario de viaje, podr\u00e1n cambiar a un nuevo vuelo sin cargo adicional, si as\u00ed lo desea.<\/li>\n<li>Pasajeros que a\u00fan no tienen un nuevo itinerario de viaje confirmado luego de que su vuelo original fue afectado, podr\u00e1n escoger un nuevo vuelo llamando al centro de llamadas o acerc\u00e1ndose a una oficina de ventas, aeropuerto o su agencia de viajes.<\/li>\n<li>Pasajeros cuyos boletos ya est\u00e1n en proceso de reembolso y desean viajar, deber\u00e1n comprar un nuevo boleto.<\/li>\n<\/ul>\n<p style=\"text-align: justify;\">La Aerol\u00ednea mantiene la recomendaci\u00f3n a sus pasajeros de verificar el estado de su vuelo en copa.com o en la aplicaci\u00f3n m\u00f3vil, antes de dirigirse al aeropuerto. Copa Airlines reitera que su m\u00e1xima prioridad es la seguridad de sus pasajeros y tripulaciones, a la vez que agradece la comprensi\u00f3n de todos los involucrados mientras se normaliza esta situaci\u00f3n.<\/p>\n<figure id=\"attachment_16106\" aria-describedby=\"caption-attachment-16106\" style=\"width: 1200px\" class=\"wp-caption aligncenter\"><img loading=\"lazy\" decoding=\"async\" class=\"size-full wp-image-16106\" src=\"https:\/\/www.delphosmagazine.com\/wp-content\/uploads\/2024\/01\/SCEL_Copa_Airline_B737-9MAX_HP-9919CMP-DM.jpg\" alt=\"\" width=\"1200\" height=\"675\" srcset=\"https:\/\/www.delphosmagazine.com\/wp-content\/uploads\/2024\/01\/SCEL_Copa_Airline_B737-9MAX_HP-9919CMP-DM.jpg 1200w, https:\/\/www.delphosmagazine.com\/wp-content\/uploads\/2024\/01\/SCEL_Copa_Airline_B737-9MAX_HP-9919CMP-DM-300x169.jpg 300w, https:\/\/www.delphosmagazine.com\/wp-content\/uploads\/2024\/01\/SCEL_Copa_Airline_B737-9MAX_HP-9919CMP-DM-1024x576.jpg 1024w, https:\/\/www.delphosmagazine.com\/wp-content\/uploads\/2024\/01\/SCEL_Copa_Airline_B737-9MAX_HP-9919CMP-DM-768x432.jpg 768w, https:\/\/www.delphosmagazine.com\/wp-content\/uploads\/2024\/01\/SCEL_Copa_Airline_B737-9MAX_HP-9919CMP-DM-18x10.jpg 18w, https:\/\/www.delphosmagazine.com\/wp-content\/uploads\/2024\/01\/SCEL_Copa_Airline_B737-9MAX_HP-9919CMP-DM-150x84.jpg 150w, https:\/\/www.delphosmagazine.com\/wp-content\/uploads\/2024\/01\/SCEL_Copa_Airline_B737-9MAX_HP-9919CMP-DM-696x392.jpg 696w, https:\/\/www.delphosmagazine.com\/wp-content\/uploads\/2024\/01\/SCEL_Copa_Airline_B737-9MAX_HP-9919CMP-DM-1068x601.jpg 1068w\" sizes=\"auto, (max-width: 1200px) 100vw, 1200px\" \/><figcaption id=\"caption-attachment-16106\" class=\"wp-caption-text\">SCEL \/ Copa Airlines \/ Boeing 737-9MAX \/ HP-9919CMP<\/figcaption><\/figure>","protected":false},"excerpt":{"rendered":"<p>Copa Airlines informa que ha recibido autorizaci\u00f3n para que las veinti\u00fan (21) aeronaves que hab\u00edan sido temporalmente suspendidas, siguiendo la Directriz de Aeronavegabilidad emitida por la Administraci\u00f3n Federal de Aviaci\u00f3n (FAA) de los Estados Unidos, finalicen el riguroso proceso de inspecci\u00f3n requerido y puedan volver a operar bajo los m\u00e1s altos niveles de seguridad. Estas [&hellip;]<\/p>\n","protected":false},"author":3,"featured_media":16106,"comment_status":"closed","ping_status":"closed","sticky":false,"template":"","format":"standard","meta":{"footnotes":""},"categories":[5],"tags":[1481,1482,54],"class_list":{"0":"post-16105","1":"post","2":"type-post","3":"status-publish","4":"format-standard","5":"has-post-thumbnail","7":"category-aviacion-civil-comercial","8":"tag-boeing-737-max-9","9":"tag-boeing-737-9-max","10":"tag-copa-airlines"},"yoast_head":"<!-- This site is optimized with the Yoast SEO plugin v26.5 - https:\/\/yoast.com\/wordpress\/plugins\/seo\/ -->\n<title>Copa Airlines anuncia reactivaci\u00f3n de sus Boeing 737-9 MAX | Delphos Magazine<\/title>\n<meta name=\"description\" content=\"Delphos Magazine es el principal medio de prensa generador y proveedor de contenidos aeron\u00e1uticos y de defensa de Latinoam\u00e9rica y el mundo\" \/>\n<meta name=\"robots\" content=\"index, follow, max-snippet:-1, max-image-preview:large, max-video-preview:-1\" \/>\n<link rel=\"canonical\" href=\"https:\/\/www.delphosmagazine.com\/en\/copa-airlines-anuncia-reactivacion-de-sus-boeing-737-9max\/\" \/>\n<meta property=\"og:locale\" content=\"en_US\" \/>\n<meta property=\"og:type\" content=\"article\" \/>\n<meta property=\"og:title\" content=\"Copa Airlines anuncia reactivaci\u00f3n de sus Boeing 737-9 MAX | Delphos Magazine\" \/>\n<meta property=\"og:description\" content=\"Delphos Magazine es el principal medio de prensa generador y proveedor de contenidos aeron\u00e1uticos y de defensa de Latinoam\u00e9rica y el mundo\" \/>\n<meta property=\"og:url\" content=\"https:\/\/www.delphosmagazine.com\/en\/copa-airlines-anuncia-reactivacion-de-sus-boeing-737-9max\/\" \/>\n<meta property=\"og:site_name\" content=\"Delphos Magazine\" \/>\n<meta property=\"article:published_time\" content=\"2024-01-25T22:11:04+00:00\" \/>\n<meta property=\"article:modified_time\" content=\"2024-01-25T22:15:29+00:00\" \/>\n<meta property=\"og:image\" content=\"https:\/\/www.delphosmagazine.com\/wp-content\/uploads\/2024\/01\/SCEL_Copa_Airline_B737-9MAX_HP-9919CMP-DM.jpg\" \/>\n\t<meta property=\"og:image:width\" content=\"1200\" \/>\n\t<meta property=\"og:image:height\" content=\"675\" \/>\n\t<meta property=\"og:image:type\" content=\"image\/jpeg\" \/>\n<meta name=\"author\" content=\"Varitech\" \/>\n<meta name=\"twitter:card\" content=\"summary_large_image\" \/>\n<meta name=\"twitter:label1\" content=\"Written by\" \/>\n\t<meta name=\"twitter:data1\" content=\"Varitech\" \/>\n\t<meta name=\"twitter:label2\" content=\"Est. reading time\" \/>\n\t<meta name=\"twitter:data2\" content=\"3 minutes\" \/>\n<script type=\"application\/ld+json\" class=\"yoast-schema-graph\">{\"@context\":\"https:\/\/schema.org\",\"@graph\":[{\"@type\":\"Article\",\"@id\":\"https:\/\/www.delphosmagazine.com\/copa-airlines-anuncia-reactivacion-de-sus-boeing-737-9max\/#article\",\"isPartOf\":{\"@id\":\"https:\/\/www.delphosmagazine.com\/copa-airlines-anuncia-reactivacion-de-sus-boeing-737-9max\/\"},\"author\":{\"name\":\"Varitech\",\"@id\":\"https:\/\/www.delphosmagazine.com\/#\/schema\/person\/ca31ea697fc6c143e0d63be58c577e6b\"},\"headline\":\"Copa Airlines anuncia reactivaci\u00f3n de sus Boeing 737-9 MAX\",\"datePublished\":\"2024-01-25T22:11:04+00:00\",\"dateModified\":\"2024-01-25T22:15:29+00:00\",\"mainEntityOfPage\":{\"@id\":\"https:\/\/www.delphosmagazine.com\/copa-airlines-anuncia-reactivacion-de-sus-boeing-737-9max\/\"},\"wordCount\":439,\"publisher\":{\"@id\":\"https:\/\/www.delphosmagazine.com\/#organization\"},\"image\":{\"@id\":\"https:\/\/www.delphosmagazine.com\/copa-airlines-anuncia-reactivacion-de-sus-boeing-737-9max\/#primaryimage\"},\"thumbnailUrl\":\"https:\/\/www.delphosmagazine.com\/wp-content\/uploads\/2024\/01\/SCEL_Copa_Airline_B737-9MAX_HP-9919CMP-DM.jpg\",\"keywords\":[\"Boeing 737 MAX 9\",\"Boeing 737-9 MAX\",\"Copa Airlines\"],\"articleSection\":[\"Aviaci\u00f3n Comercial\"],\"inLanguage\":\"en-US\"},{\"@type\":\"WebPage\",\"@id\":\"https:\/\/www.delphosmagazine.com\/copa-airlines-anuncia-reactivacion-de-sus-boeing-737-9max\/\",\"url\":\"https:\/\/www.delphosmagazine.com\/copa-airlines-anuncia-reactivacion-de-sus-boeing-737-9max\/\",\"name\":\"Copa Airlines anuncia reactivaci\u00f3n de sus Boeing 737-9 MAX | Delphos Magazine\",\"isPartOf\":{\"@id\":\"https:\/\/www.delphosmagazine.com\/#website\"},\"primaryImageOfPage\":{\"@id\":\"https:\/\/www.delphosmagazine.com\/copa-airlines-anuncia-reactivacion-de-sus-boeing-737-9max\/#primaryimage\"},\"image\":{\"@id\":\"https:\/\/www.delphosmagazine.com\/copa-airlines-anuncia-reactivacion-de-sus-boeing-737-9max\/#primaryimage\"},\"thumbnailUrl\":\"https:\/\/www.delphosmagazine.com\/wp-content\/uploads\/2024\/01\/SCEL_Copa_Airline_B737-9MAX_HP-9919CMP-DM.jpg\",\"datePublished\":\"2024-01-25T22:11:04+00:00\",\"dateModified\":\"2024-01-25T22:15:29+00:00\",\"description\":\"Delphos Magazine es el principal medio de prensa generador y proveedor de contenidos aeron\u00e1uticos y de defensa de Latinoam\u00e9rica y el mundo\",\"breadcrumb\":{\"@id\":\"https:\/\/www.delphosmagazine.com\/copa-airlines-anuncia-reactivacion-de-sus-boeing-737-9max\/#breadcrumb\"},\"inLanguage\":\"en-US\",\"potentialAction\":[{\"@type\":\"ReadAction\",\"target\":[\"https:\/\/www.delphosmagazine.com\/copa-airlines-anuncia-reactivacion-de-sus-boeing-737-9max\/\"]}]},{\"@type\":\"ImageObject\",\"inLanguage\":\"en-US\",\"@id\":\"https:\/\/www.delphosmagazine.com\/copa-airlines-anuncia-reactivacion-de-sus-boeing-737-9max\/#primaryimage\",\"url\":\"https:\/\/www.delphosmagazine.com\/wp-content\/uploads\/2024\/01\/SCEL_Copa_Airline_B737-9MAX_HP-9919CMP-DM.jpg\",\"contentUrl\":\"https:\/\/www.delphosmagazine.com\/wp-content\/uploads\/2024\/01\/SCEL_Copa_Airline_B737-9MAX_HP-9919CMP-DM.jpg\",\"width\":1200,\"height\":675,\"caption\":\"SCEL \/ Copa Airlines \/ Boeing 737-9MAX \/ HP-9919CMP\"},{\"@type\":\"BreadcrumbList\",\"@id\":\"https:\/\/www.delphosmagazine.com\/copa-airlines-anuncia-reactivacion-de-sus-boeing-737-9max\/#breadcrumb\",\"itemListElement\":[{\"@type\":\"ListItem\",\"position\":1,\"name\":\"Portada\",\"item\":\"https:\/\/www.delphosmagazine.com\/\"},{\"@type\":\"ListItem\",\"position\":2,\"name\":\"Copa Airlines anuncia reactivaci\u00f3n de sus Boeing 737-9 MAX\"}]},{\"@type\":\"WebSite\",\"@id\":\"https:\/\/www.delphosmagazine.com\/#website\",\"url\":\"https:\/\/www.delphosmagazine.com\/\",\"name\":\"Delphos Magazine\",\"description\":\"principal medio de prensa generador y proveedor de contenidos aeron\u00e1uticos y de defensa de Latinoam\u00e9rica y el mundo\",\"publisher\":{\"@id\":\"https:\/\/www.delphosmagazine.com\/#organization\"},\"potentialAction\":[{\"@type\":\"SearchAction\",\"target\":{\"@type\":\"EntryPoint\",\"urlTemplate\":\"https:\/\/www.delphosmagazine.com\/?s={search_term_string}\"},\"query-input\":{\"@type\":\"PropertyValueSpecification\",\"valueRequired\":true,\"valueName\":\"search_term_string\"}}],\"inLanguage\":\"en-US\"},{\"@type\":\"Organization\",\"@id\":\"https:\/\/www.delphosmagazine.com\/#organization\",\"name\":\"Delphos Magazine\",\"url\":\"https:\/\/www.delphosmagazine.com\/\",\"logo\":{\"@type\":\"ImageObject\",\"inLanguage\":\"en-US\",\"@id\":\"https:\/\/www.delphosmagazine.com\/#\/schema\/logo\/image\/\",\"url\":\"https:\/\/www.delphosmagazine.com\/wp-content\/uploads\/2020\/10\/logo-negro.jpg\",\"contentUrl\":\"https:\/\/www.delphosmagazine.com\/wp-content\/uploads\/2020\/10\/logo-negro.jpg\",\"width\":872,\"height\":202,\"caption\":\"Delphos Magazine\"},\"image\":{\"@id\":\"https:\/\/www.delphosmagazine.com\/#\/schema\/logo\/image\/\"}},{\"@type\":\"Person\",\"@id\":\"https:\/\/www.delphosmagazine.com\/#\/schema\/person\/ca31ea697fc6c143e0d63be58c577e6b\",\"name\":\"Varitech\",\"image\":{\"@type\":\"ImageObject\",\"inLanguage\":\"en-US\",\"@id\":\"https:\/\/www.delphosmagazine.com\/#\/schema\/person\/image\/\",\"url\":\"https:\/\/secure.gravatar.com\/avatar\/a9943634b30ae329f1a041bbbee525de?s=96&d=mm&r=g\",\"contentUrl\":\"https:\/\/secure.gravatar.com\/avatar\/a9943634b30ae329f1a041bbbee525de?s=96&d=mm&r=g\",\"caption\":\"Varitech\"},\"url\":\"https:\/\/www.delphosmagazine.com\/en\/author\/carlos-valle\/\"}]}<\/script>\n<!-- \/ Yoast SEO plugin. -->","yoast_head_json":{"title":"Copa Airlines anuncia reactivaci\u00f3n de sus Boeing 737-9 MAX | Delphos Magazine","description":"Delphos Magazine es el principal medio de prensa generador y proveedor de contenidos aeron\u00e1uticos y de defensa de Latinoam\u00e9rica y el mundo","robots":{"index":"index","follow":"follow","max-snippet":"max-snippet:-1","max-image-preview":"max-image-preview:large","max-video-preview":"max-video-preview:-1"},"canonical":"https:\/\/www.delphosmagazine.com\/en\/copa-airlines-anuncia-reactivacion-de-sus-boeing-737-9max\/","og_locale":"en_US","og_type":"article","og_title":"Copa Airlines anuncia reactivaci\u00f3n de sus Boeing 737-9 MAX | Delphos Magazine","og_description":"Delphos Magazine es el principal medio de prensa generador y proveedor de contenidos aeron\u00e1uticos y de defensa de Latinoam\u00e9rica y el mundo","og_url":"https:\/\/www.delphosmagazine.com\/en\/copa-airlines-anuncia-reactivacion-de-sus-boeing-737-9max\/","og_site_name":"Delphos Magazine","article_published_time":"2024-01-25T22:11:04+00:00","article_modified_time":"2024-01-25T22:15:29+00:00","og_image":[{"width":1200,"height":675,"url":"https:\/\/www.delphosmagazine.com\/wp-content\/uploads\/2024\/01\/SCEL_Copa_Airline_B737-9MAX_HP-9919CMP-DM.jpg","type":"image\/jpeg"}],"author":"Varitech","twitter_card":"summary_large_image","twitter_misc":{"Written by":"Varitech","Est. reading time":"3 minutes"},"schema":{"@context":"https:\/\/schema.org","@graph":[{"@type":"Article","@id":"https:\/\/www.delphosmagazine.com\/copa-airlines-anuncia-reactivacion-de-sus-boeing-737-9max\/#article","isPartOf":{"@id":"https:\/\/www.delphosmagazine.com\/copa-airlines-anuncia-reactivacion-de-sus-boeing-737-9max\/"},"author":{"name":"Varitech","@id":"https:\/\/www.delphosmagazine.com\/#\/schema\/person\/ca31ea697fc6c143e0d63be58c577e6b"},"headline":"Copa Airlines anuncia reactivaci\u00f3n de sus Boeing 737-9 MAX","datePublished":"2024-01-25T22:11:04+00:00","dateModified":"2024-01-25T22:15:29+00:00","mainEntityOfPage":{"@id":"https:\/\/www.delphosmagazine.com\/copa-airlines-anuncia-reactivacion-de-sus-boeing-737-9max\/"},"wordCount":439,"publisher":{"@id":"https:\/\/www.delphosmagazine.com\/#organization"},"image":{"@id":"https:\/\/www.delphosmagazine.com\/copa-airlines-anuncia-reactivacion-de-sus-boeing-737-9max\/#primaryimage"},"thumbnailUrl":"https:\/\/www.delphosmagazine.com\/wp-content\/uploads\/2024\/01\/SCEL_Copa_Airline_B737-9MAX_HP-9919CMP-DM.jpg","keywords":["Boeing 737 MAX 9","Boeing 737-9 MAX","Copa Airlines"],"articleSection":["Aviaci\u00f3n Comercial"],"inLanguage":"en-US"},{"@type":"WebPage","@id":"https:\/\/www.delphosmagazine.com\/copa-airlines-anuncia-reactivacion-de-sus-boeing-737-9max\/","url":"https:\/\/www.delphosmagazine.com\/copa-airlines-anuncia-reactivacion-de-sus-boeing-737-9max\/","name":"Copa Airlines anuncia reactivaci\u00f3n de sus Boeing 737-9 MAX | Delphos Magazine","isPartOf":{"@id":"https:\/\/www.delphosmagazine.com\/#website"},"primaryImageOfPage":{"@id":"https:\/\/www.delphosmagazine.com\/copa-airlines-anuncia-reactivacion-de-sus-boeing-737-9max\/#primaryimage"},"image":{"@id":"https:\/\/www.delphosmagazine.com\/copa-airlines-anuncia-reactivacion-de-sus-boeing-737-9max\/#primaryimage"},"thumbnailUrl":"https:\/\/www.delphosmagazine.com\/wp-content\/uploads\/2024\/01\/SCEL_Copa_Airline_B737-9MAX_HP-9919CMP-DM.jpg","datePublished":"2024-01-25T22:11:04+00:00","dateModified":"2024-01-25T22:15:29+00:00","description":"Delphos Magazine es el principal medio de prensa generador y proveedor de contenidos aeron\u00e1uticos y de defensa de Latinoam\u00e9rica y el mundo","breadcrumb":{"@id":"https:\/\/www.delphosmagazine.com\/copa-airlines-anuncia-reactivacion-de-sus-boeing-737-9max\/#breadcrumb"},"inLanguage":"en-US","potentialAction":[{"@type":"ReadAction","target":["https:\/\/www.delphosmagazine.com\/copa-airlines-anuncia-reactivacion-de-sus-boeing-737-9max\/"]}]},{"@type":"ImageObject","inLanguage":"en-US","@id":"https:\/\/www.delphosmagazine.com\/copa-airlines-anuncia-reactivacion-de-sus-boeing-737-9max\/#primaryimage","url":"https:\/\/www.delphosmagazine.com\/wp-content\/uploads\/2024\/01\/SCEL_Copa_Airline_B737-9MAX_HP-9919CMP-DM.jpg","contentUrl":"https:\/\/www.delphosmagazine.com\/wp-content\/uploads\/2024\/01\/SCEL_Copa_Airline_B737-9MAX_HP-9919CMP-DM.jpg","width":1200,"height":675,"caption":"SCEL \/ Copa Airlines \/ Boeing 737-9MAX \/ HP-9919CMP"},{"@type":"BreadcrumbList","@id":"https:\/\/www.delphosmagazine.com\/copa-airlines-anuncia-reactivacion-de-sus-boeing-737-9max\/#breadcrumb","itemListElement":[{"@type":"ListItem","position":1,"name":"Portada","item":"https:\/\/www.delphosmagazine.com\/"},{"@type":"ListItem","position":2,"name":"Copa Airlines anuncia reactivaci\u00f3n de sus Boeing 737-9 MAX"}]},{"@type":"WebSite","@id":"https:\/\/www.delphosmagazine.com\/#website","url":"https:\/\/www.delphosmagazine.com\/","name":"Delphos Magazine","description":"principal medio de prensa generador y proveedor de contenidos aeron\u00e1uticos y de defensa de Latinoam\u00e9rica y el mundo","publisher":{"@id":"https:\/\/www.delphosmagazine.com\/#organization"},"potentialAction":[{"@type":"SearchAction","target":{"@type":"EntryPoint","urlTemplate":"https:\/\/www.delphosmagazine.com\/?s={search_term_string}"},"query-input":{"@type":"PropertyValueSpecification","valueRequired":true,"valueName":"search_term_string"}}],"inLanguage":"en-US"},{"@type":"Organization","@id":"https:\/\/www.delphosmagazine.com\/#organization","name":"Delphos Magazine","url":"https:\/\/www.delphosmagazine.com\/","logo":{"@type":"ImageObject","inLanguage":"en-US","@id":"https:\/\/www.delphosmagazine.com\/#\/schema\/logo\/image\/","url":"https:\/\/www.delphosmagazine.com\/wp-content\/uploads\/2020\/10\/logo-negro.jpg","contentUrl":"https:\/\/www.delphosmagazine.com\/wp-content\/uploads\/2020\/10\/logo-negro.jpg","width":872,"height":202,"caption":"Delphos Magazine"},"image":{"@id":"https:\/\/www.delphosmagazine.com\/#\/schema\/logo\/image\/"}},{"@type":"Person","@id":"https:\/\/www.delphosmagazine.com\/#\/schema\/person\/ca31ea697fc6c143e0d63be58c577e6b","name":"Varitech","image":{"@type":"ImageObject","inLanguage":"en-US","@id":"https:\/\/www.delphosmagazine.com\/#\/schema\/person\/image\/","url":"https:\/\/secure.gravatar.com\/avatar\/a9943634b30ae329f1a041bbbee525de?s=96&d=mm&r=g","contentUrl":"https:\/\/secure.gravatar.com\/avatar\/a9943634b30ae329f1a041bbbee525de?s=96&d=mm&r=g","caption":"Varitech"},"url":"https:\/\/www.delphosmagazine.com\/en\/author\/carlos-valle\/"}]}},"_links":{"self":[{"href":"https:\/\/www.delphosmagazine.com\/en\/wp-json\/wp\/v2\/posts\/16105","targetHints":{"allow":["GET"]}}],"collection":[{"href":"https:\/\/www.delphosmagazine.com\/en\/wp-json\/wp\/v2\/posts"}],"about":[{"href":"https:\/\/www.delphosmagazine.com\/en\/wp-json\/wp\/v2\/types\/post"}],"author":[{"embeddable":true,"href":"https:\/\/www.delphosmagazine.com\/en\/wp-json\/wp\/v2\/users\/3"}],"replies":[{"embeddable":true,"href":"https:\/\/www.delphosmagazine.com\/en\/wp-json\/wp\/v2\/comments?post=16105"}],"version-history":[{"count":6,"href":"https:\/\/www.delphosmagazine.com\/en\/wp-json\/wp\/v2\/posts\/16105\/revisions"}],"predecessor-version":[{"id":16112,"href":"https:\/\/www.delphosmagazine.com\/en\/wp-json\/wp\/v2\/posts\/16105\/revisions\/16112"}],"wp:featuredmedia":[{"embeddable":true,"href":"https:\/\/www.delphosmagazine.com\/en\/wp-json\/wp\/v2\/media\/16106"}],"wp:attachment":[{"href":"https:\/\/www.delphosmagazine.com\/en\/wp-json\/wp\/v2\/media?parent=16105"}],"wp:term":[{"taxonomy":"category","embeddable":true,"href":"https:\/\/www.delphosmagazine.com\/en\/wp-json\/wp\/v2\/categories?post=16105"},{"taxonomy":"post_tag","embeddable":true,"href":"https:\/\/www.delphosmagazine.com\/en\/wp-json\/wp\/v2\/tags?post=16105"}],"curies":[{"name":"wp","href":"https:\/\/api.w.org\/{rel}","templated":true}]}}