{"id":14899,"date":"2023-09-14T14:50:54","date_gmt":"2023-09-14T18:50:54","guid":{"rendered":"https:\/\/www.delphosmagazine.com\/?p=14899"},"modified":"2023-09-14T14:50:54","modified_gmt":"2023-09-14T18:50:54","slug":"emirates-volara-a-sidney-con-a380-desde-noviembre","status":"publish","type":"post","link":"https:\/\/www.delphosmagazine.com\/en\/emirates-volara-a-sidney-con-a380-desde-noviembre\/","title":{"rendered":"Emirates volara a S\u00eddney con A380 desde noviembre"},"content":{"rendered":"<p style=\"text-align: justify;\">Emirates ha anunciado que actualizar\u00e1 sus servicios a S\u00eddney a una operaci\u00f3n totalmente A380. Con las tres franjas horarias de Emirates ya en uso en el aeropuerto de S\u00eddney, la aerol\u00ednea puede comprometer casi 2.000 asientos semanales adicionales con la actualizaci\u00f3n a su avi\u00f3n de dos pisos en su tercer vuelo diario, a partir del 4 de noviembre de 2023.<\/p>\n<p style=\"text-align: justify;\">El servicio A380 de Emirates, establecido en una configuraci\u00f3n de tres clases que ofrece 489 asientos, reemplazar\u00e1 al Boeing 777-300ER que se est\u00e1 desplegando actualmente en EK 416 y 417. Cada vuelo de regreso agrega m\u00e1s de 260 asientos diarios adicionales y m\u00e1s oportunidades de conexi\u00f3n desde y hacia Dubai, y acceso global a destinos populares en Europa, Medio Oriente y \u00c1frica. El tercer servicio del A380 complementar\u00e1 los otros dos servicios de cuatro clases del A380 de S\u00eddney, que ofrecen la \u00faltima cabina Premium Economy de Emirates.<\/p>\n<p style=\"text-align: justify;\">Emirates opera actualmente 63 servicios semanales a Australia, ofreciendo cerca de 56.000 asientos desde y hacia sus cuatro principales puertas de enlace. Melbourne y Sydney operan tres veces al d\u00eda, Brisbane es servida con vuelos diarios dobles, y la aerol\u00ednea tambi\u00e9n opera su buque insignia A380 diariamente a Perth. Emirates tambi\u00e9n ha reintroducido los servicios de Melbourne a Singapur, adem\u00e1s de conectar S\u00eddney con Christchurch, ofreciendo a los viajeros la \u00fanica experiencia del A380 en el Trans-Tasman.<\/p>\n<p style=\"text-align: justify;\">Regreso a Adelaida<\/p>\n<p style=\"text-align: justify;\">La introducci\u00f3n del Airbus A350 de Emirates en el verano de 2024 facilitar\u00e1 una mayor expansi\u00f3n de la red global de la aerol\u00ednea al permitir que su flota crezca y liberar m\u00e1s aviones de largo alcance de Emirates para servir a puntos como Adelaida. La aerol\u00ednea est\u00e1 en conversaciones cercanas con el aeropuerto de Adelaida para reanudar los servicios sin escalas como parte de su compromiso de reconectar a los viajeros de todos los rincones de Australia a su red.<\/p>\n<p style=\"text-align: justify;\">El tercer vuelo del A380 de S\u00eddney saldr\u00e1 de Dubai a las 2130 horas, llegando a S\u00eddney a las 1820 hora local. El vuelo de regreso sale de S\u00eddney a las 2110hrs, llegando a Dubai a las 0430hrs hora local.<\/p>\n<p style=\"text-align: justify;\">Emirates contin\u00faa expandiendo el despliegue de su buque insignia A380 para satisfacer la creciente demanda de viajes a nivel mundial. Hoy, la aerol\u00ednea vuela su buque insignia A380 a m\u00e1s de 50 destinos, con m\u00e1s ciudades listas para recibir el avi\u00f3n en los pr\u00f3ximos meses.<\/p>\n<p>Fuente: Emirates.<\/p>\n<p>Imagen: Carlos Valle DM.<\/p>\n<p><img loading=\"lazy\" decoding=\"async\" class=\"alignleft size-full wp-image-14734\" src=\"https:\/\/www.delphosmagazine.com\/wp-content\/uploads\/2023\/08\/EDDF_Emirate_A380_A6-EEY-DM.jpg\" alt=\"\" width=\"1200\" height=\"675\" srcset=\"https:\/\/www.delphosmagazine.com\/wp-content\/uploads\/2023\/08\/EDDF_Emirate_A380_A6-EEY-DM.jpg 1200w, https:\/\/www.delphosmagazine.com\/wp-content\/uploads\/2023\/08\/EDDF_Emirate_A380_A6-EEY-DM-300x169.jpg 300w, https:\/\/www.delphosmagazine.com\/wp-content\/uploads\/2023\/08\/EDDF_Emirate_A380_A6-EEY-DM-1024x576.jpg 1024w, https:\/\/www.delphosmagazine.com\/wp-content\/uploads\/2023\/08\/EDDF_Emirate_A380_A6-EEY-DM-768x432.jpg 768w, https:\/\/www.delphosmagazine.com\/wp-content\/uploads\/2023\/08\/EDDF_Emirate_A380_A6-EEY-DM-150x84.jpg 150w, https:\/\/www.delphosmagazine.com\/wp-content\/uploads\/2023\/08\/EDDF_Emirate_A380_A6-EEY-DM-696x392.jpg 696w, https:\/\/www.delphosmagazine.com\/wp-content\/uploads\/2023\/08\/EDDF_Emirate_A380_A6-EEY-DM-1068x601.jpg 1068w\" sizes=\"auto, (max-width: 1200px) 100vw, 1200px\" \/><\/p>","protected":false},"excerpt":{"rendered":"<p>Emirates ha anunciado que actualizar\u00e1 sus servicios a S\u00eddney a una operaci\u00f3n totalmente A380. Con las tres franjas horarias de Emirates ya en uso en el aeropuerto de S\u00eddney, la aerol\u00ednea puede comprometer casi 2.000 asientos semanales adicionales con la actualizaci\u00f3n a su avi\u00f3n de dos pisos en su tercer vuelo diario, a partir del [&hellip;]<\/p>\n","protected":false},"author":2,"featured_media":14734,"comment_status":"closed","ping_status":"closed","sticky":false,"template":"","format":"standard","meta":{"footnotes":""},"categories":[3,5,26],"tags":[53,519],"class_list":{"0":"post-14899","1":"post","2":"type-post","3":"status-publish","4":"format-standard","5":"has-post-thumbnail","7":"category-aviacion","8":"category-aviacion-civil-comercial","9":"category-destacados","10":"tag-a380","11":"tag-emirates"},"yoast_head":"<!-- This site is optimized with the Yoast SEO plugin v26.5 - https:\/\/yoast.com\/wordpress\/plugins\/seo\/ -->\n<title>Emirates volara a S\u00eddney con A380 desde noviembre | Delphos Magazine<\/title>\n<meta name=\"description\" content=\"Delphos Magazine es el principal medio de prensa generador y proveedor de contenidos aeron\u00e1uticos y de defensa de Latinoam\u00e9rica y el mundo\" \/>\n<meta name=\"robots\" content=\"index, follow, max-snippet:-1, max-image-preview:large, max-video-preview:-1\" \/>\n<link rel=\"canonical\" href=\"https:\/\/www.delphosmagazine.com\/en\/emirates-volara-a-sidney-con-a380-desde-noviembre\/\" \/>\n<meta property=\"og:locale\" content=\"en_US\" \/>\n<meta property=\"og:type\" content=\"article\" \/>\n<meta property=\"og:title\" content=\"Emirates volara a S\u00eddney con A380 desde noviembre | Delphos Magazine\" \/>\n<meta property=\"og:description\" content=\"Delphos Magazine es el principal medio de prensa generador y proveedor de contenidos aeron\u00e1uticos y de defensa de Latinoam\u00e9rica y el mundo\" \/>\n<meta property=\"og:url\" content=\"https:\/\/www.delphosmagazine.com\/en\/emirates-volara-a-sidney-con-a380-desde-noviembre\/\" \/>\n<meta property=\"og:site_name\" content=\"Delphos Magazine\" \/>\n<meta property=\"article:published_time\" content=\"2023-09-14T18:50:54+00:00\" \/>\n<meta property=\"og:image\" content=\"https:\/\/www.delphosmagazine.com\/wp-content\/uploads\/2023\/08\/EDDF_Emirate_A380_A6-EEY-DM.jpg\" \/>\n\t<meta property=\"og:image:width\" content=\"1200\" \/>\n\t<meta property=\"og:image:height\" content=\"675\" \/>\n\t<meta property=\"og:image:type\" content=\"image\/jpeg\" \/>\n<meta name=\"author\" content=\"Delphos Magazine\" \/>\n<meta name=\"twitter:card\" content=\"summary_large_image\" \/>\n<meta name=\"twitter:label1\" content=\"Written by\" \/>\n\t<meta name=\"twitter:data1\" content=\"Delphos Magazine\" \/>\n\t<meta name=\"twitter:label2\" content=\"Est. reading time\" \/>\n\t<meta name=\"twitter:data2\" content=\"3 minutes\" \/>\n<script type=\"application\/ld+json\" class=\"yoast-schema-graph\">{\"@context\":\"https:\/\/schema.org\",\"@graph\":[{\"@type\":\"Article\",\"@id\":\"https:\/\/www.delphosmagazine.com\/emirates-volara-a-sidney-con-a380-desde-noviembre\/#article\",\"isPartOf\":{\"@id\":\"https:\/\/www.delphosmagazine.com\/emirates-volara-a-sidney-con-a380-desde-noviembre\/\"},\"author\":{\"name\":\"Delphos Magazine\",\"@id\":\"https:\/\/www.delphosmagazine.com\/#\/schema\/person\/975be66d68fbd24bf1cf96e8871defe1\"},\"headline\":\"Emirates volara a S\u00eddney con A380 desde noviembre\",\"datePublished\":\"2023-09-14T18:50:54+00:00\",\"mainEntityOfPage\":{\"@id\":\"https:\/\/www.delphosmagazine.com\/emirates-volara-a-sidney-con-a380-desde-noviembre\/\"},\"wordCount\":427,\"publisher\":{\"@id\":\"https:\/\/www.delphosmagazine.com\/#organization\"},\"image\":{\"@id\":\"https:\/\/www.delphosmagazine.com\/emirates-volara-a-sidney-con-a380-desde-noviembre\/#primaryimage\"},\"thumbnailUrl\":\"https:\/\/www.delphosmagazine.com\/wp-content\/uploads\/2023\/08\/EDDF_Emirate_A380_A6-EEY-DM.jpg\",\"keywords\":[\"A380\",\"Emirates\"],\"articleSection\":[\"Aviaci\u00f3n\",\"Aviaci\u00f3n Comercial\",\"Destacados\"],\"inLanguage\":\"en-US\"},{\"@type\":\"WebPage\",\"@id\":\"https:\/\/www.delphosmagazine.com\/emirates-volara-a-sidney-con-a380-desde-noviembre\/\",\"url\":\"https:\/\/www.delphosmagazine.com\/emirates-volara-a-sidney-con-a380-desde-noviembre\/\",\"name\":\"Emirates volara a S\u00eddney con A380 desde noviembre | Delphos Magazine\",\"isPartOf\":{\"@id\":\"https:\/\/www.delphosmagazine.com\/#website\"},\"primaryImageOfPage\":{\"@id\":\"https:\/\/www.delphosmagazine.com\/emirates-volara-a-sidney-con-a380-desde-noviembre\/#primaryimage\"},\"image\":{\"@id\":\"https:\/\/www.delphosmagazine.com\/emirates-volara-a-sidney-con-a380-desde-noviembre\/#primaryimage\"},\"thumbnailUrl\":\"https:\/\/www.delphosmagazine.com\/wp-content\/uploads\/2023\/08\/EDDF_Emirate_A380_A6-EEY-DM.jpg\",\"datePublished\":\"2023-09-14T18:50:54+00:00\",\"description\":\"Delphos Magazine es el principal medio de prensa generador y proveedor de contenidos aeron\u00e1uticos y de defensa de Latinoam\u00e9rica y el mundo\",\"breadcrumb\":{\"@id\":\"https:\/\/www.delphosmagazine.com\/emirates-volara-a-sidney-con-a380-desde-noviembre\/#breadcrumb\"},\"inLanguage\":\"en-US\",\"potentialAction\":[{\"@type\":\"ReadAction\",\"target\":[\"https:\/\/www.delphosmagazine.com\/emirates-volara-a-sidney-con-a380-desde-noviembre\/\"]}]},{\"@type\":\"ImageObject\",\"inLanguage\":\"en-US\",\"@id\":\"https:\/\/www.delphosmagazine.com\/emirates-volara-a-sidney-con-a380-desde-noviembre\/#primaryimage\",\"url\":\"https:\/\/www.delphosmagazine.com\/wp-content\/uploads\/2023\/08\/EDDF_Emirate_A380_A6-EEY-DM.jpg\",\"contentUrl\":\"https:\/\/www.delphosmagazine.com\/wp-content\/uploads\/2023\/08\/EDDF_Emirate_A380_A6-EEY-DM.jpg\",\"width\":1200,\"height\":675},{\"@type\":\"BreadcrumbList\",\"@id\":\"https:\/\/www.delphosmagazine.com\/emirates-volara-a-sidney-con-a380-desde-noviembre\/#breadcrumb\",\"itemListElement\":[{\"@type\":\"ListItem\",\"position\":1,\"name\":\"Portada\",\"item\":\"https:\/\/www.delphosmagazine.com\/\"},{\"@type\":\"ListItem\",\"position\":2,\"name\":\"Emirates volara a S\u00eddney con A380 desde noviembre\"}]},{\"@type\":\"WebSite\",\"@id\":\"https:\/\/www.delphosmagazine.com\/#website\",\"url\":\"https:\/\/www.delphosmagazine.com\/\",\"name\":\"Delphos Magazine\",\"description\":\"principal medio de prensa generador y proveedor de contenidos aeron\u00e1uticos y de defensa de Latinoam\u00e9rica y el mundo\",\"publisher\":{\"@id\":\"https:\/\/www.delphosmagazine.com\/#organization\"},\"potentialAction\":[{\"@type\":\"SearchAction\",\"target\":{\"@type\":\"EntryPoint\",\"urlTemplate\":\"https:\/\/www.delphosmagazine.com\/?s={search_term_string}\"},\"query-input\":{\"@type\":\"PropertyValueSpecification\",\"valueRequired\":true,\"valueName\":\"search_term_string\"}}],\"inLanguage\":\"en-US\"},{\"@type\":\"Organization\",\"@id\":\"https:\/\/www.delphosmagazine.com\/#organization\",\"name\":\"Delphos Magazine\",\"url\":\"https:\/\/www.delphosmagazine.com\/\",\"logo\":{\"@type\":\"ImageObject\",\"inLanguage\":\"en-US\",\"@id\":\"https:\/\/www.delphosmagazine.com\/#\/schema\/logo\/image\/\",\"url\":\"https:\/\/www.delphosmagazine.com\/wp-content\/uploads\/2020\/10\/logo-negro.jpg\",\"contentUrl\":\"https:\/\/www.delphosmagazine.com\/wp-content\/uploads\/2020\/10\/logo-negro.jpg\",\"width\":872,\"height\":202,\"caption\":\"Delphos Magazine\"},\"image\":{\"@id\":\"https:\/\/www.delphosmagazine.com\/#\/schema\/logo\/image\/\"}},{\"@type\":\"Person\",\"@id\":\"https:\/\/www.delphosmagazine.com\/#\/schema\/person\/975be66d68fbd24bf1cf96e8871defe1\",\"name\":\"Delphos Magazine\",\"image\":{\"@type\":\"ImageObject\",\"inLanguage\":\"en-US\",\"@id\":\"https:\/\/www.delphosmagazine.com\/#\/schema\/person\/image\/\",\"url\":\"https:\/\/secure.gravatar.com\/avatar\/2aef69e4112a9a7b4cb49f96c0516035?s=96&d=mm&r=g\",\"contentUrl\":\"https:\/\/secure.gravatar.com\/avatar\/2aef69e4112a9a7b4cb49f96c0516035?s=96&d=mm&r=g\",\"caption\":\"Delphos Magazine\"},\"sameAs\":[\"https:\/\/www.delphosmagazine.com\"],\"url\":\"https:\/\/www.delphosmagazine.com\/en\/author\/delphosmagazine\/\"}]}<\/script>\n<!-- \/ Yoast SEO plugin. -->","yoast_head_json":{"title":"Emirates volara a S\u00eddney con A380 desde noviembre | Delphos Magazine","description":"Delphos Magazine es el principal medio de prensa generador y proveedor de contenidos aeron\u00e1uticos y de defensa de Latinoam\u00e9rica y el mundo","robots":{"index":"index","follow":"follow","max-snippet":"max-snippet:-1","max-image-preview":"max-image-preview:large","max-video-preview":"max-video-preview:-1"},"canonical":"https:\/\/www.delphosmagazine.com\/en\/emirates-volara-a-sidney-con-a380-desde-noviembre\/","og_locale":"en_US","og_type":"article","og_title":"Emirates volara a S\u00eddney con A380 desde noviembre | Delphos Magazine","og_description":"Delphos Magazine es el principal medio de prensa generador y proveedor de contenidos aeron\u00e1uticos y de defensa de Latinoam\u00e9rica y el mundo","og_url":"https:\/\/www.delphosmagazine.com\/en\/emirates-volara-a-sidney-con-a380-desde-noviembre\/","og_site_name":"Delphos Magazine","article_published_time":"2023-09-14T18:50:54+00:00","og_image":[{"width":1200,"height":675,"url":"https:\/\/www.delphosmagazine.com\/wp-content\/uploads\/2023\/08\/EDDF_Emirate_A380_A6-EEY-DM.jpg","type":"image\/jpeg"}],"author":"Delphos Magazine","twitter_card":"summary_large_image","twitter_misc":{"Written by":"Delphos Magazine","Est. reading time":"3 minutes"},"schema":{"@context":"https:\/\/schema.org","@graph":[{"@type":"Article","@id":"https:\/\/www.delphosmagazine.com\/emirates-volara-a-sidney-con-a380-desde-noviembre\/#article","isPartOf":{"@id":"https:\/\/www.delphosmagazine.com\/emirates-volara-a-sidney-con-a380-desde-noviembre\/"},"author":{"name":"Delphos Magazine","@id":"https:\/\/www.delphosmagazine.com\/#\/schema\/person\/975be66d68fbd24bf1cf96e8871defe1"},"headline":"Emirates volara a S\u00eddney con A380 desde noviembre","datePublished":"2023-09-14T18:50:54+00:00","mainEntityOfPage":{"@id":"https:\/\/www.delphosmagazine.com\/emirates-volara-a-sidney-con-a380-desde-noviembre\/"},"wordCount":427,"publisher":{"@id":"https:\/\/www.delphosmagazine.com\/#organization"},"image":{"@id":"https:\/\/www.delphosmagazine.com\/emirates-volara-a-sidney-con-a380-desde-noviembre\/#primaryimage"},"thumbnailUrl":"https:\/\/www.delphosmagazine.com\/wp-content\/uploads\/2023\/08\/EDDF_Emirate_A380_A6-EEY-DM.jpg","keywords":["A380","Emirates"],"articleSection":["Aviaci\u00f3n","Aviaci\u00f3n Comercial","Destacados"],"inLanguage":"en-US"},{"@type":"WebPage","@id":"https:\/\/www.delphosmagazine.com\/emirates-volara-a-sidney-con-a380-desde-noviembre\/","url":"https:\/\/www.delphosmagazine.com\/emirates-volara-a-sidney-con-a380-desde-noviembre\/","name":"Emirates volara a S\u00eddney con A380 desde noviembre | Delphos Magazine","isPartOf":{"@id":"https:\/\/www.delphosmagazine.com\/#website"},"primaryImageOfPage":{"@id":"https:\/\/www.delphosmagazine.com\/emirates-volara-a-sidney-con-a380-desde-noviembre\/#primaryimage"},"image":{"@id":"https:\/\/www.delphosmagazine.com\/emirates-volara-a-sidney-con-a380-desde-noviembre\/#primaryimage"},"thumbnailUrl":"https:\/\/www.delphosmagazine.com\/wp-content\/uploads\/2023\/08\/EDDF_Emirate_A380_A6-EEY-DM.jpg","datePublished":"2023-09-14T18:50:54+00:00","description":"Delphos Magazine es el principal medio de prensa generador y proveedor de contenidos aeron\u00e1uticos y de defensa de Latinoam\u00e9rica y el mundo","breadcrumb":{"@id":"https:\/\/www.delphosmagazine.com\/emirates-volara-a-sidney-con-a380-desde-noviembre\/#breadcrumb"},"inLanguage":"en-US","potentialAction":[{"@type":"ReadAction","target":["https:\/\/www.delphosmagazine.com\/emirates-volara-a-sidney-con-a380-desde-noviembre\/"]}]},{"@type":"ImageObject","inLanguage":"en-US","@id":"https:\/\/www.delphosmagazine.com\/emirates-volara-a-sidney-con-a380-desde-noviembre\/#primaryimage","url":"https:\/\/www.delphosmagazine.com\/wp-content\/uploads\/2023\/08\/EDDF_Emirate_A380_A6-EEY-DM.jpg","contentUrl":"https:\/\/www.delphosmagazine.com\/wp-content\/uploads\/2023\/08\/EDDF_Emirate_A380_A6-EEY-DM.jpg","width":1200,"height":675},{"@type":"BreadcrumbList","@id":"https:\/\/www.delphosmagazine.com\/emirates-volara-a-sidney-con-a380-desde-noviembre\/#breadcrumb","itemListElement":[{"@type":"ListItem","position":1,"name":"Portada","item":"https:\/\/www.delphosmagazine.com\/"},{"@type":"ListItem","position":2,"name":"Emirates volara a S\u00eddney con A380 desde noviembre"}]},{"@type":"WebSite","@id":"https:\/\/www.delphosmagazine.com\/#website","url":"https:\/\/www.delphosmagazine.com\/","name":"Delphos Magazine","description":"principal medio de prensa generador y proveedor de contenidos aeron\u00e1uticos y de defensa de Latinoam\u00e9rica y el mundo","publisher":{"@id":"https:\/\/www.delphosmagazine.com\/#organization"},"potentialAction":[{"@type":"SearchAction","target":{"@type":"EntryPoint","urlTemplate":"https:\/\/www.delphosmagazine.com\/?s={search_term_string}"},"query-input":{"@type":"PropertyValueSpecification","valueRequired":true,"valueName":"search_term_string"}}],"inLanguage":"en-US"},{"@type":"Organization","@id":"https:\/\/www.delphosmagazine.com\/#organization","name":"Delphos Magazine","url":"https:\/\/www.delphosmagazine.com\/","logo":{"@type":"ImageObject","inLanguage":"en-US","@id":"https:\/\/www.delphosmagazine.com\/#\/schema\/logo\/image\/","url":"https:\/\/www.delphosmagazine.com\/wp-content\/uploads\/2020\/10\/logo-negro.jpg","contentUrl":"https:\/\/www.delphosmagazine.com\/wp-content\/uploads\/2020\/10\/logo-negro.jpg","width":872,"height":202,"caption":"Delphos Magazine"},"image":{"@id":"https:\/\/www.delphosmagazine.com\/#\/schema\/logo\/image\/"}},{"@type":"Person","@id":"https:\/\/www.delphosmagazine.com\/#\/schema\/person\/975be66d68fbd24bf1cf96e8871defe1","name":"Delphos Magazine","image":{"@type":"ImageObject","inLanguage":"en-US","@id":"https:\/\/www.delphosmagazine.com\/#\/schema\/person\/image\/","url":"https:\/\/secure.gravatar.com\/avatar\/2aef69e4112a9a7b4cb49f96c0516035?s=96&d=mm&r=g","contentUrl":"https:\/\/secure.gravatar.com\/avatar\/2aef69e4112a9a7b4cb49f96c0516035?s=96&d=mm&r=g","caption":"Delphos Magazine"},"sameAs":["https:\/\/www.delphosmagazine.com"],"url":"https:\/\/www.delphosmagazine.com\/en\/author\/delphosmagazine\/"}]}},"_links":{"self":[{"href":"https:\/\/www.delphosmagazine.com\/en\/wp-json\/wp\/v2\/posts\/14899","targetHints":{"allow":["GET"]}}],"collection":[{"href":"https:\/\/www.delphosmagazine.com\/en\/wp-json\/wp\/v2\/posts"}],"about":[{"href":"https:\/\/www.delphosmagazine.com\/en\/wp-json\/wp\/v2\/types\/post"}],"author":[{"embeddable":true,"href":"https:\/\/www.delphosmagazine.com\/en\/wp-json\/wp\/v2\/users\/2"}],"replies":[{"embeddable":true,"href":"https:\/\/www.delphosmagazine.com\/en\/wp-json\/wp\/v2\/comments?post=14899"}],"version-history":[{"count":3,"href":"https:\/\/www.delphosmagazine.com\/en\/wp-json\/wp\/v2\/posts\/14899\/revisions"}],"predecessor-version":[{"id":14927,"href":"https:\/\/www.delphosmagazine.com\/en\/wp-json\/wp\/v2\/posts\/14899\/revisions\/14927"}],"wp:featuredmedia":[{"embeddable":true,"href":"https:\/\/www.delphosmagazine.com\/en\/wp-json\/wp\/v2\/media\/14734"}],"wp:attachment":[{"href":"https:\/\/www.delphosmagazine.com\/en\/wp-json\/wp\/v2\/media?parent=14899"}],"wp:term":[{"taxonomy":"category","embeddable":true,"href":"https:\/\/www.delphosmagazine.com\/en\/wp-json\/wp\/v2\/categories?post=14899"},{"taxonomy":"post_tag","embeddable":true,"href":"https:\/\/www.delphosmagazine.com\/en\/wp-json\/wp\/v2\/tags?post=14899"}],"curies":[{"name":"wp","href":"https:\/\/api.w.org\/{rel}","templated":true}]}}