{"id":14249,"date":"2023-07-06T21:49:54","date_gmt":"2023-07-07T01:49:54","guid":{"rendered":"https:\/\/www.delphosmagazine.com\/?p=14249"},"modified":"2023-07-06T21:49:54","modified_gmt":"2023-07-07T01:49:54","slug":"emirates-despega-hacia-montreal","status":"publish","type":"post","link":"https:\/\/www.delphosmagazine.com\/en\/emirates-despega-hacia-montreal\/","title":{"rendered":"Emirates despega hacia Montreal"},"content":{"rendered":"<p style=\"text-align: justify;\">Emirates ha lanzado su nueva ruta hacia Montreal, marcando el primer vuelo de pasajeros de la aerol\u00ednea a la capital cultural de Qu\u00e9bec, la segunda puerta de entrada a Canad\u00e1. El vuelo EK243 de Emirates cont\u00f3 con 340 pasajeros, incluida una delegaci\u00f3n VIP y medios de comunicaci\u00f3n a bordo.<\/p>\n<p style=\"text-align: justify;\">El nuevo servicio diario a Montreal complementa los siete servicios semanales de Emirates a Toronto y lleva la red norteamericana de la aerol\u00ednea a 14 destinos y un total de 18 en todo el continente americano. El servicio proporcionar\u00e1 a los viajeros a Canad\u00e1 conectividad a trav\u00e9s de Dubai desde puntos como L\u00edbano, India, Ir\u00e1n, Vietnam, Malasia, Tailandia y Sud\u00e1frica.<\/p>\n<p style=\"text-align: justify;\">Se espera que los servicios directos entre Dub\u00e1i y Montreal satisfagan la demanda de una combinaci\u00f3n diversa de datos demogr\u00e1ficos, incluidos los viajeros de negocios y de placer, adem\u00e1s de visitar a familiares y amigos que consisten en canadienses que viven y trabajan en los Emitaros Arabes Unidos.\u00a0 Dado que Montreal es el hogar de varias universidades de clase mundial, se espera que la ruta se vuelva inmensamente popular entre los estudiantes de Medio Oriente, Asia Occidental y Central y el Lejano Oriente.<\/p>\n<p style=\"text-align: justify;\">Los ejecutivos de Emirates a bordo incluyeron: Adnan Kazim, director comercial; Salem Obaidalla, Vicepresidente Senior de Operaciones Comerciales, Am\u00e9rica; y David Broz, Vicepresidente de Asuntos Aeropol\u00edticos e Industriales. Presente en el aeropuerto para despedir a la delegaci\u00f3n estaba SE Radha Krishna Panday, Embajadora de Canad\u00e1 en los Emiratos \u00c1rabes Unidos.<\/p>\n<p style=\"text-align: justify;\">Al mando del vuelo inaugural a Montreal estaban el capit\u00e1n Talal Al Hammadi (nacional de los EAU), el capit\u00e1n David Reny (canadiense), el primer oficial Omar Alhammadi (nacional de los EAU) y el primer oficial Veljko Veljovic (canadiense).<\/p>\n<p style=\"text-align: justify;\">Emirates operar\u00e1 su Boeing 777-300ER de tres clases en la ruta, con ocho suites privadas en Primera Clase, 42 asientos reclinables en Clase Ejecutiva y m\u00e1s de 300 asientos espaciosos en Clase Turista.<\/p>\n<p>Fuente e imagen: Emirates.<\/p>\n<p><img loading=\"lazy\" decoding=\"async\" class=\"alignleft size-full wp-image-14250\" src=\"https:\/\/www.delphosmagazine.com\/wp-content\/uploads\/2023\/07\/dsc02971-new.jpg\" alt=\"\" width=\"1200\" height=\"675\" srcset=\"https:\/\/www.delphosmagazine.com\/wp-content\/uploads\/2023\/07\/dsc02971-new.jpg 1200w, https:\/\/www.delphosmagazine.com\/wp-content\/uploads\/2023\/07\/dsc02971-new-300x169.jpg 300w, https:\/\/www.delphosmagazine.com\/wp-content\/uploads\/2023\/07\/dsc02971-new-1024x576.jpg 1024w, https:\/\/www.delphosmagazine.com\/wp-content\/uploads\/2023\/07\/dsc02971-new-768x432.jpg 768w, https:\/\/www.delphosmagazine.com\/wp-content\/uploads\/2023\/07\/dsc02971-new-150x84.jpg 150w, https:\/\/www.delphosmagazine.com\/wp-content\/uploads\/2023\/07\/dsc02971-new-696x392.jpg 696w, https:\/\/www.delphosmagazine.com\/wp-content\/uploads\/2023\/07\/dsc02971-new-1068x601.jpg 1068w\" sizes=\"auto, (max-width: 1200px) 100vw, 1200px\" \/><\/p>","protected":false},"excerpt":{"rendered":"<p>Emirates ha lanzado su nueva ruta hacia Montreal, marcando el primer vuelo de pasajeros de la aerol\u00ednea a la capital cultural de Qu\u00e9bec, la segunda puerta de entrada a Canad\u00e1. El vuelo EK243 de Emirates cont\u00f3 con 340 pasajeros, incluida una delegaci\u00f3n VIP y medios de comunicaci\u00f3n a bordo. El nuevo servicio diario a Montreal [&hellip;]<\/p>\n","protected":false},"author":2,"featured_media":14250,"comment_status":"closed","ping_status":"closed","sticky":false,"template":"","format":"standard","meta":{"footnotes":""},"categories":[3,5,26],"tags":[519],"class_list":{"0":"post-14249","1":"post","2":"type-post","3":"status-publish","4":"format-standard","5":"has-post-thumbnail","7":"category-aviacion","8":"category-aviacion-civil-comercial","9":"category-destacados","10":"tag-emirates"},"yoast_head":"<!-- This site is optimized with the Yoast SEO plugin v26.5 - https:\/\/yoast.com\/wordpress\/plugins\/seo\/ -->\n<title>Emirates despega hacia Montreal | Delphos Magazine<\/title>\n<meta name=\"description\" content=\"Delphos Magazine es el principal medio de prensa generador y proveedor de contenidos aeron\u00e1uticos y de defensa de Latinoam\u00e9rica y el mundo\" \/>\n<meta name=\"robots\" content=\"index, follow, max-snippet:-1, max-image-preview:large, max-video-preview:-1\" \/>\n<link rel=\"canonical\" href=\"https:\/\/www.delphosmagazine.com\/en\/emirates-despega-hacia-montreal\/\" \/>\n<meta property=\"og:locale\" content=\"en_US\" \/>\n<meta property=\"og:type\" content=\"article\" \/>\n<meta property=\"og:title\" content=\"Emirates despega hacia Montreal | Delphos Magazine\" \/>\n<meta property=\"og:description\" content=\"Delphos Magazine es el principal medio de prensa generador y proveedor de contenidos aeron\u00e1uticos y de defensa de Latinoam\u00e9rica y el mundo\" \/>\n<meta property=\"og:url\" content=\"https:\/\/www.delphosmagazine.com\/en\/emirates-despega-hacia-montreal\/\" \/>\n<meta property=\"og:site_name\" content=\"Delphos Magazine\" \/>\n<meta property=\"article:published_time\" content=\"2023-07-07T01:49:54+00:00\" \/>\n<meta property=\"og:image\" content=\"https:\/\/www.delphosmagazine.com\/wp-content\/uploads\/2023\/07\/dsc02971-new.jpg\" \/>\n\t<meta property=\"og:image:width\" content=\"1200\" \/>\n\t<meta property=\"og:image:height\" content=\"675\" \/>\n\t<meta property=\"og:image:type\" content=\"image\/jpeg\" \/>\n<meta name=\"author\" content=\"Delphos Magazine\" \/>\n<meta name=\"twitter:card\" content=\"summary_large_image\" \/>\n<meta name=\"twitter:label1\" content=\"Written by\" \/>\n\t<meta name=\"twitter:data1\" content=\"Delphos Magazine\" \/>\n\t<meta name=\"twitter:label2\" content=\"Est. reading time\" \/>\n\t<meta name=\"twitter:data2\" content=\"2 minutes\" \/>\n<script type=\"application\/ld+json\" class=\"yoast-schema-graph\">{\"@context\":\"https:\/\/schema.org\",\"@graph\":[{\"@type\":\"Article\",\"@id\":\"https:\/\/www.delphosmagazine.com\/emirates-despega-hacia-montreal\/#article\",\"isPartOf\":{\"@id\":\"https:\/\/www.delphosmagazine.com\/emirates-despega-hacia-montreal\/\"},\"author\":{\"name\":\"Delphos Magazine\",\"@id\":\"https:\/\/www.delphosmagazine.com\/#\/schema\/person\/975be66d68fbd24bf1cf96e8871defe1\"},\"headline\":\"Emirates despega hacia Montreal\",\"datePublished\":\"2023-07-07T01:49:54+00:00\",\"mainEntityOfPage\":{\"@id\":\"https:\/\/www.delphosmagazine.com\/emirates-despega-hacia-montreal\/\"},\"wordCount\":336,\"publisher\":{\"@id\":\"https:\/\/www.delphosmagazine.com\/#organization\"},\"image\":{\"@id\":\"https:\/\/www.delphosmagazine.com\/emirates-despega-hacia-montreal\/#primaryimage\"},\"thumbnailUrl\":\"https:\/\/www.delphosmagazine.com\/wp-content\/uploads\/2023\/07\/dsc02971-new.jpg\",\"keywords\":[\"Emirates\"],\"articleSection\":[\"Aviaci\u00f3n\",\"Aviaci\u00f3n Comercial\",\"Destacados\"],\"inLanguage\":\"en-US\"},{\"@type\":\"WebPage\",\"@id\":\"https:\/\/www.delphosmagazine.com\/emirates-despega-hacia-montreal\/\",\"url\":\"https:\/\/www.delphosmagazine.com\/emirates-despega-hacia-montreal\/\",\"name\":\"Emirates despega hacia Montreal | Delphos Magazine\",\"isPartOf\":{\"@id\":\"https:\/\/www.delphosmagazine.com\/#website\"},\"primaryImageOfPage\":{\"@id\":\"https:\/\/www.delphosmagazine.com\/emirates-despega-hacia-montreal\/#primaryimage\"},\"image\":{\"@id\":\"https:\/\/www.delphosmagazine.com\/emirates-despega-hacia-montreal\/#primaryimage\"},\"thumbnailUrl\":\"https:\/\/www.delphosmagazine.com\/wp-content\/uploads\/2023\/07\/dsc02971-new.jpg\",\"datePublished\":\"2023-07-07T01:49:54+00:00\",\"description\":\"Delphos Magazine es el principal medio de prensa generador y proveedor de contenidos aeron\u00e1uticos y de defensa de Latinoam\u00e9rica y el mundo\",\"breadcrumb\":{\"@id\":\"https:\/\/www.delphosmagazine.com\/emirates-despega-hacia-montreal\/#breadcrumb\"},\"inLanguage\":\"en-US\",\"potentialAction\":[{\"@type\":\"ReadAction\",\"target\":[\"https:\/\/www.delphosmagazine.com\/emirates-despega-hacia-montreal\/\"]}]},{\"@type\":\"ImageObject\",\"inLanguage\":\"en-US\",\"@id\":\"https:\/\/www.delphosmagazine.com\/emirates-despega-hacia-montreal\/#primaryimage\",\"url\":\"https:\/\/www.delphosmagazine.com\/wp-content\/uploads\/2023\/07\/dsc02971-new.jpg\",\"contentUrl\":\"https:\/\/www.delphosmagazine.com\/wp-content\/uploads\/2023\/07\/dsc02971-new.jpg\",\"width\":1200,\"height\":675},{\"@type\":\"BreadcrumbList\",\"@id\":\"https:\/\/www.delphosmagazine.com\/emirates-despega-hacia-montreal\/#breadcrumb\",\"itemListElement\":[{\"@type\":\"ListItem\",\"position\":1,\"name\":\"Portada\",\"item\":\"https:\/\/www.delphosmagazine.com\/\"},{\"@type\":\"ListItem\",\"position\":2,\"name\":\"Emirates despega hacia Montreal\"}]},{\"@type\":\"WebSite\",\"@id\":\"https:\/\/www.delphosmagazine.com\/#website\",\"url\":\"https:\/\/www.delphosmagazine.com\/\",\"name\":\"Delphos Magazine\",\"description\":\"principal medio de prensa generador y proveedor de contenidos aeron\u00e1uticos y de defensa de Latinoam\u00e9rica y el mundo\",\"publisher\":{\"@id\":\"https:\/\/www.delphosmagazine.com\/#organization\"},\"potentialAction\":[{\"@type\":\"SearchAction\",\"target\":{\"@type\":\"EntryPoint\",\"urlTemplate\":\"https:\/\/www.delphosmagazine.com\/?s={search_term_string}\"},\"query-input\":{\"@type\":\"PropertyValueSpecification\",\"valueRequired\":true,\"valueName\":\"search_term_string\"}}],\"inLanguage\":\"en-US\"},{\"@type\":\"Organization\",\"@id\":\"https:\/\/www.delphosmagazine.com\/#organization\",\"name\":\"Delphos Magazine\",\"url\":\"https:\/\/www.delphosmagazine.com\/\",\"logo\":{\"@type\":\"ImageObject\",\"inLanguage\":\"en-US\",\"@id\":\"https:\/\/www.delphosmagazine.com\/#\/schema\/logo\/image\/\",\"url\":\"https:\/\/www.delphosmagazine.com\/wp-content\/uploads\/2020\/10\/logo-negro.jpg\",\"contentUrl\":\"https:\/\/www.delphosmagazine.com\/wp-content\/uploads\/2020\/10\/logo-negro.jpg\",\"width\":872,\"height\":202,\"caption\":\"Delphos Magazine\"},\"image\":{\"@id\":\"https:\/\/www.delphosmagazine.com\/#\/schema\/logo\/image\/\"}},{\"@type\":\"Person\",\"@id\":\"https:\/\/www.delphosmagazine.com\/#\/schema\/person\/975be66d68fbd24bf1cf96e8871defe1\",\"name\":\"Delphos Magazine\",\"image\":{\"@type\":\"ImageObject\",\"inLanguage\":\"en-US\",\"@id\":\"https:\/\/www.delphosmagazine.com\/#\/schema\/person\/image\/\",\"url\":\"https:\/\/secure.gravatar.com\/avatar\/2aef69e4112a9a7b4cb49f96c0516035?s=96&d=mm&r=g\",\"contentUrl\":\"https:\/\/secure.gravatar.com\/avatar\/2aef69e4112a9a7b4cb49f96c0516035?s=96&d=mm&r=g\",\"caption\":\"Delphos Magazine\"},\"sameAs\":[\"https:\/\/www.delphosmagazine.com\"],\"url\":\"https:\/\/www.delphosmagazine.com\/en\/author\/delphosmagazine\/\"}]}<\/script>\n<!-- \/ Yoast SEO plugin. -->","yoast_head_json":{"title":"Emirates despega hacia Montreal | Delphos Magazine","description":"Delphos Magazine es el principal medio de prensa generador y proveedor de contenidos aeron\u00e1uticos y de defensa de Latinoam\u00e9rica y el mundo","robots":{"index":"index","follow":"follow","max-snippet":"max-snippet:-1","max-image-preview":"max-image-preview:large","max-video-preview":"max-video-preview:-1"},"canonical":"https:\/\/www.delphosmagazine.com\/en\/emirates-despega-hacia-montreal\/","og_locale":"en_US","og_type":"article","og_title":"Emirates despega hacia Montreal | Delphos Magazine","og_description":"Delphos Magazine es el principal medio de prensa generador y proveedor de contenidos aeron\u00e1uticos y de defensa de Latinoam\u00e9rica y el mundo","og_url":"https:\/\/www.delphosmagazine.com\/en\/emirates-despega-hacia-montreal\/","og_site_name":"Delphos Magazine","article_published_time":"2023-07-07T01:49:54+00:00","og_image":[{"width":1200,"height":675,"url":"https:\/\/www.delphosmagazine.com\/wp-content\/uploads\/2023\/07\/dsc02971-new.jpg","type":"image\/jpeg"}],"author":"Delphos Magazine","twitter_card":"summary_large_image","twitter_misc":{"Written by":"Delphos Magazine","Est. reading time":"2 minutes"},"schema":{"@context":"https:\/\/schema.org","@graph":[{"@type":"Article","@id":"https:\/\/www.delphosmagazine.com\/emirates-despega-hacia-montreal\/#article","isPartOf":{"@id":"https:\/\/www.delphosmagazine.com\/emirates-despega-hacia-montreal\/"},"author":{"name":"Delphos Magazine","@id":"https:\/\/www.delphosmagazine.com\/#\/schema\/person\/975be66d68fbd24bf1cf96e8871defe1"},"headline":"Emirates despega hacia Montreal","datePublished":"2023-07-07T01:49:54+00:00","mainEntityOfPage":{"@id":"https:\/\/www.delphosmagazine.com\/emirates-despega-hacia-montreal\/"},"wordCount":336,"publisher":{"@id":"https:\/\/www.delphosmagazine.com\/#organization"},"image":{"@id":"https:\/\/www.delphosmagazine.com\/emirates-despega-hacia-montreal\/#primaryimage"},"thumbnailUrl":"https:\/\/www.delphosmagazine.com\/wp-content\/uploads\/2023\/07\/dsc02971-new.jpg","keywords":["Emirates"],"articleSection":["Aviaci\u00f3n","Aviaci\u00f3n Comercial","Destacados"],"inLanguage":"en-US"},{"@type":"WebPage","@id":"https:\/\/www.delphosmagazine.com\/emirates-despega-hacia-montreal\/","url":"https:\/\/www.delphosmagazine.com\/emirates-despega-hacia-montreal\/","name":"Emirates despega hacia Montreal | Delphos Magazine","isPartOf":{"@id":"https:\/\/www.delphosmagazine.com\/#website"},"primaryImageOfPage":{"@id":"https:\/\/www.delphosmagazine.com\/emirates-despega-hacia-montreal\/#primaryimage"},"image":{"@id":"https:\/\/www.delphosmagazine.com\/emirates-despega-hacia-montreal\/#primaryimage"},"thumbnailUrl":"https:\/\/www.delphosmagazine.com\/wp-content\/uploads\/2023\/07\/dsc02971-new.jpg","datePublished":"2023-07-07T01:49:54+00:00","description":"Delphos Magazine es el principal medio de prensa generador y proveedor de contenidos aeron\u00e1uticos y de defensa de Latinoam\u00e9rica y el mundo","breadcrumb":{"@id":"https:\/\/www.delphosmagazine.com\/emirates-despega-hacia-montreal\/#breadcrumb"},"inLanguage":"en-US","potentialAction":[{"@type":"ReadAction","target":["https:\/\/www.delphosmagazine.com\/emirates-despega-hacia-montreal\/"]}]},{"@type":"ImageObject","inLanguage":"en-US","@id":"https:\/\/www.delphosmagazine.com\/emirates-despega-hacia-montreal\/#primaryimage","url":"https:\/\/www.delphosmagazine.com\/wp-content\/uploads\/2023\/07\/dsc02971-new.jpg","contentUrl":"https:\/\/www.delphosmagazine.com\/wp-content\/uploads\/2023\/07\/dsc02971-new.jpg","width":1200,"height":675},{"@type":"BreadcrumbList","@id":"https:\/\/www.delphosmagazine.com\/emirates-despega-hacia-montreal\/#breadcrumb","itemListElement":[{"@type":"ListItem","position":1,"name":"Portada","item":"https:\/\/www.delphosmagazine.com\/"},{"@type":"ListItem","position":2,"name":"Emirates despega hacia Montreal"}]},{"@type":"WebSite","@id":"https:\/\/www.delphosmagazine.com\/#website","url":"https:\/\/www.delphosmagazine.com\/","name":"Delphos Magazine","description":"principal medio de prensa generador y proveedor de contenidos aeron\u00e1uticos y de defensa de Latinoam\u00e9rica y el mundo","publisher":{"@id":"https:\/\/www.delphosmagazine.com\/#organization"},"potentialAction":[{"@type":"SearchAction","target":{"@type":"EntryPoint","urlTemplate":"https:\/\/www.delphosmagazine.com\/?s={search_term_string}"},"query-input":{"@type":"PropertyValueSpecification","valueRequired":true,"valueName":"search_term_string"}}],"inLanguage":"en-US"},{"@type":"Organization","@id":"https:\/\/www.delphosmagazine.com\/#organization","name":"Delphos Magazine","url":"https:\/\/www.delphosmagazine.com\/","logo":{"@type":"ImageObject","inLanguage":"en-US","@id":"https:\/\/www.delphosmagazine.com\/#\/schema\/logo\/image\/","url":"https:\/\/www.delphosmagazine.com\/wp-content\/uploads\/2020\/10\/logo-negro.jpg","contentUrl":"https:\/\/www.delphosmagazine.com\/wp-content\/uploads\/2020\/10\/logo-negro.jpg","width":872,"height":202,"caption":"Delphos Magazine"},"image":{"@id":"https:\/\/www.delphosmagazine.com\/#\/schema\/logo\/image\/"}},{"@type":"Person","@id":"https:\/\/www.delphosmagazine.com\/#\/schema\/person\/975be66d68fbd24bf1cf96e8871defe1","name":"Delphos Magazine","image":{"@type":"ImageObject","inLanguage":"en-US","@id":"https:\/\/www.delphosmagazine.com\/#\/schema\/person\/image\/","url":"https:\/\/secure.gravatar.com\/avatar\/2aef69e4112a9a7b4cb49f96c0516035?s=96&d=mm&r=g","contentUrl":"https:\/\/secure.gravatar.com\/avatar\/2aef69e4112a9a7b4cb49f96c0516035?s=96&d=mm&r=g","caption":"Delphos Magazine"},"sameAs":["https:\/\/www.delphosmagazine.com"],"url":"https:\/\/www.delphosmagazine.com\/en\/author\/delphosmagazine\/"}]}},"_links":{"self":[{"href":"https:\/\/www.delphosmagazine.com\/en\/wp-json\/wp\/v2\/posts\/14249","targetHints":{"allow":["GET"]}}],"collection":[{"href":"https:\/\/www.delphosmagazine.com\/en\/wp-json\/wp\/v2\/posts"}],"about":[{"href":"https:\/\/www.delphosmagazine.com\/en\/wp-json\/wp\/v2\/types\/post"}],"author":[{"embeddable":true,"href":"https:\/\/www.delphosmagazine.com\/en\/wp-json\/wp\/v2\/users\/2"}],"replies":[{"embeddable":true,"href":"https:\/\/www.delphosmagazine.com\/en\/wp-json\/wp\/v2\/comments?post=14249"}],"version-history":[{"count":3,"href":"https:\/\/www.delphosmagazine.com\/en\/wp-json\/wp\/v2\/posts\/14249\/revisions"}],"predecessor-version":[{"id":14266,"href":"https:\/\/www.delphosmagazine.com\/en\/wp-json\/wp\/v2\/posts\/14249\/revisions\/14266"}],"wp:featuredmedia":[{"embeddable":true,"href":"https:\/\/www.delphosmagazine.com\/en\/wp-json\/wp\/v2\/media\/14250"}],"wp:attachment":[{"href":"https:\/\/www.delphosmagazine.com\/en\/wp-json\/wp\/v2\/media?parent=14249"}],"wp:term":[{"taxonomy":"category","embeddable":true,"href":"https:\/\/www.delphosmagazine.com\/en\/wp-json\/wp\/v2\/categories?post=14249"},{"taxonomy":"post_tag","embeddable":true,"href":"https:\/\/www.delphosmagazine.com\/en\/wp-json\/wp\/v2\/tags?post=14249"}],"curies":[{"name":"wp","href":"https:\/\/api.w.org\/{rel}","templated":true}]}}