{"id":12466,"date":"2022-11-01T00:14:06","date_gmt":"2022-11-01T04:14:06","guid":{"rendered":"https:\/\/www.delphosmagazine.com\/?p=12466"},"modified":"2022-11-01T00:15:49","modified_gmt":"2022-11-01T04:15:49","slug":"avianca-e-ita-airways-inician-acuerdo-de-codigo-compartido","status":"publish","type":"post","link":"https:\/\/www.delphosmagazine.com\/en\/avianca-e-ita-airways-inician-acuerdo-de-codigo-compartido\/","title":{"rendered":"Avianca e ITA Airways inician acuerdo de c\u00f3digo compartido"},"content":{"rendered":"<p style=\"text-align: justify;\">Con fecha 31 de octubre de 2022, las aerol\u00edneas Avianca e ITA Airways dan inicio a un acuerdo de c\u00f3digo compartido que permitir\u00e1 a sus clientes viajar entre Bogot\u00e1, Cali, Medell\u00edn y Roma o viceversa, conectando a trav\u00e9s de Londres o Miami, con un solo boleto, en vuelos comercializados y operados conjuntamente por las dos aerol\u00edneas.<\/p>\n<p style=\"text-align: justify;\">Los clientes de Avianca tendr\u00e1n la posibilidad de conectar en doble v\u00eda entre Bogot\u00e1 y Roma, uno de los destinos m\u00e1s populares de Europa, a trav\u00e9s de Londres; a su vez, los clientes de la aerol\u00ednea italiana podr\u00e1n viajar en ambos sentidos entre Bogot\u00e1, Cali, Medell\u00edn y Roma conectando en Miami.<\/p>\n<p style=\"text-align: justify;\">As\u00ed mismo, a trav\u00e9s de Avianca, podr\u00e1n disfrutar de una de las redes m\u00e1s potentes de la regi\u00f3n con 125 rutas que conectan con 24 pa\u00edses de Europa y Am\u00e9rica Latina.<\/p>\n<p style=\"text-align: justify;\"><em>\u201cEn Avianca, seguimos impulsando la conectividad internacional, ofreciendo a nuestros clientes m\u00faltiples opciones de viaje para volar a su medida, y de manera sencilla y eficiente a los principales destinos del mundo. Con este acuerdo, esperamos transportar conjuntamente con ITA Airways cerca de 1.000 pasajeros adicionales entre Colombia y Roma, potenciando el turismo y los negocios entre ambos pa\u00edses. Con este c\u00f3digo compartido ofrecemos otra opci\u00f3n m\u00e1s para seguir potenciando la conectividad entre Am\u00e9rica Latina y Europa\u201d<\/em>, afirm\u00f3 Julio Ord\u00f3\u00f1ez, Director de Alianzas de Avianca.<\/p>\n<p style=\"text-align: justify;\"><em>\u201cEstamos muy orgullosos de habernos asociado con Avianca. Esta colaboraci\u00f3n nos permite llevar a nuestros pasajeros a Colombia gracias a los vuelos que conectan con Bogot\u00e1, as\u00ed como llevar a los pasajeros de Avianca a Italia y Europa con vuelos convenientes que conectan con Roma Fiumicino. Con este nuevo acuerdo, los acuerdos de c\u00f3digo compartido de ITA Airways ascienden a 30, un resultado muy importante conseguido por la compa\u00f1\u00eda en tan solo 12 meses\u201d<\/em>, dijo Andrea Benassi, Chief of Network, Fleet and Alliances ITA Airways.<\/p>\n<p style=\"text-align: justify;\">Los clientes de Avianca e ITA Airways podr\u00e1n acceder de forma sencilla y eficiente a este servicio conjunto, a trav\u00e9s de los canales de venta de ambas aerol\u00edneas:<\/p>\n<ul>\n<li style=\"text-align: justify;\">Avianca: Los tiquetes ya est\u00e1n a la venta en la aplicaci\u00f3n m\u00f3vil, la p\u00e1gina web www.avianca.com, los puntos de venta f\u00edsicos o a trav\u00e9s de las agencias de viaje.<\/li>\n<li style=\"text-align: justify;\">ITA Airways: Todos los vuelos de ITA Airways pueden comprarse en ita-airways.com, o a trav\u00e9s del centro de contacto de la compa\u00f1\u00eda, las agencias de viajes y las oficinas de venta en los aeropuertos.<\/li>\n<\/ul>\n<p><img loading=\"lazy\" decoding=\"async\" class=\"aligncenter size-full wp-image-12476\" src=\"https:\/\/www.delphosmagazine.com\/wp-content\/uploads\/2022\/10\/SCEL_A320neo_Avianca_N818AV-DelphosMagazine.jpg\" alt=\"\" width=\"1200\" height=\"675\" srcset=\"https:\/\/www.delphosmagazine.com\/wp-content\/uploads\/2022\/10\/SCEL_A320neo_Avianca_N818AV-DelphosMagazine.jpg 1200w, https:\/\/www.delphosmagazine.com\/wp-content\/uploads\/2022\/10\/SCEL_A320neo_Avianca_N818AV-DelphosMagazine-300x169.jpg 300w, https:\/\/www.delphosmagazine.com\/wp-content\/uploads\/2022\/10\/SCEL_A320neo_Avianca_N818AV-DelphosMagazine-1024x576.jpg 1024w, https:\/\/www.delphosmagazine.com\/wp-content\/uploads\/2022\/10\/SCEL_A320neo_Avianca_N818AV-DelphosMagazine-768x432.jpg 768w, https:\/\/www.delphosmagazine.com\/wp-content\/uploads\/2022\/10\/SCEL_A320neo_Avianca_N818AV-DelphosMagazine-150x84.jpg 150w, https:\/\/www.delphosmagazine.com\/wp-content\/uploads\/2022\/10\/SCEL_A320neo_Avianca_N818AV-DelphosMagazine-696x392.jpg 696w, https:\/\/www.delphosmagazine.com\/wp-content\/uploads\/2022\/10\/SCEL_A320neo_Avianca_N818AV-DelphosMagazine-1068x601.jpg 1068w\" sizes=\"auto, (max-width: 1200px) 100vw, 1200px\" \/><\/p>","protected":false},"excerpt":{"rendered":"<p>Con fecha 31 de octubre de 2022, las aerol\u00edneas Avianca e ITA Airways dan inicio a un acuerdo de c\u00f3digo compartido que permitir\u00e1 a sus clientes viajar entre Bogot\u00e1, Cali, Medell\u00edn y Roma o viceversa, conectando a trav\u00e9s de Londres o Miami, con un solo boleto, en vuelos comercializados y operados conjuntamente por las dos [&hellip;]<\/p>\n","protected":false},"author":2,"featured_media":12476,"comment_status":"closed","ping_status":"closed","sticky":false,"template":"","format":"standard","meta":{"footnotes":""},"categories":[5],"tags":[43,481,532],"class_list":{"0":"post-12466","1":"post","2":"type-post","3":"status-publish","4":"format-standard","5":"has-post-thumbnail","7":"category-aviacion-civil-comercial","8":"tag-avianca","9":"tag-codigo-compartido","10":"tag-ita-airways"},"yoast_head":"<!-- This site is optimized with the Yoast SEO plugin v26.5 - https:\/\/yoast.com\/wordpress\/plugins\/seo\/ -->\n<title>Avianca e ITA Airways inician acuerdo de c\u00f3digo compartido | Delphos Magazine<\/title>\n<meta name=\"description\" content=\"Delphos Magazine es el principal medio de prensa generador y proveedor de contenidos aeron\u00e1uticos y de defensa de Latinoam\u00e9rica y el mundo\" \/>\n<meta name=\"robots\" content=\"index, follow, max-snippet:-1, max-image-preview:large, max-video-preview:-1\" \/>\n<link rel=\"canonical\" href=\"https:\/\/www.delphosmagazine.com\/en\/avianca-e-ita-airways-inician-acuerdo-de-codigo-compartido\/\" \/>\n<meta property=\"og:locale\" content=\"en_US\" \/>\n<meta property=\"og:type\" content=\"article\" \/>\n<meta property=\"og:title\" content=\"Avianca e ITA Airways inician acuerdo de c\u00f3digo compartido | Delphos Magazine\" \/>\n<meta property=\"og:description\" content=\"Delphos Magazine es el principal medio de prensa generador y proveedor de contenidos aeron\u00e1uticos y de defensa de Latinoam\u00e9rica y el mundo\" \/>\n<meta property=\"og:url\" content=\"https:\/\/www.delphosmagazine.com\/en\/avianca-e-ita-airways-inician-acuerdo-de-codigo-compartido\/\" \/>\n<meta property=\"og:site_name\" content=\"Delphos Magazine\" \/>\n<meta property=\"article:published_time\" content=\"2022-11-01T04:14:06+00:00\" \/>\n<meta property=\"article:modified_time\" content=\"2022-11-01T04:15:49+00:00\" \/>\n<meta property=\"og:image\" content=\"https:\/\/www.delphosmagazine.com\/wp-content\/uploads\/2022\/10\/SCEL_A320neo_Avianca_N818AV-DelphosMagazine.jpg\" \/>\n\t<meta property=\"og:image:width\" content=\"1200\" \/>\n\t<meta property=\"og:image:height\" content=\"675\" \/>\n\t<meta property=\"og:image:type\" content=\"image\/jpeg\" \/>\n<meta name=\"author\" content=\"Delphos Magazine\" \/>\n<meta name=\"twitter:card\" content=\"summary_large_image\" \/>\n<meta name=\"twitter:label1\" content=\"Written by\" \/>\n\t<meta name=\"twitter:data1\" content=\"Delphos Magazine\" \/>\n\t<meta name=\"twitter:label2\" content=\"Est. reading time\" \/>\n\t<meta name=\"twitter:data2\" content=\"3 minutes\" \/>\n<script type=\"application\/ld+json\" class=\"yoast-schema-graph\">{\"@context\":\"https:\/\/schema.org\",\"@graph\":[{\"@type\":\"Article\",\"@id\":\"https:\/\/www.delphosmagazine.com\/avianca-e-ita-airways-inician-acuerdo-de-codigo-compartido\/#article\",\"isPartOf\":{\"@id\":\"https:\/\/www.delphosmagazine.com\/avianca-e-ita-airways-inician-acuerdo-de-codigo-compartido\/\"},\"author\":{\"name\":\"Delphos Magazine\",\"@id\":\"https:\/\/www.delphosmagazine.com\/#\/schema\/person\/975be66d68fbd24bf1cf96e8871defe1\"},\"headline\":\"Avianca e ITA Airways inician acuerdo de c\u00f3digo compartido\",\"datePublished\":\"2022-11-01T04:14:06+00:00\",\"dateModified\":\"2022-11-01T04:15:49+00:00\",\"mainEntityOfPage\":{\"@id\":\"https:\/\/www.delphosmagazine.com\/avianca-e-ita-airways-inician-acuerdo-de-codigo-compartido\/\"},\"wordCount\":444,\"publisher\":{\"@id\":\"https:\/\/www.delphosmagazine.com\/#organization\"},\"image\":{\"@id\":\"https:\/\/www.delphosmagazine.com\/avianca-e-ita-airways-inician-acuerdo-de-codigo-compartido\/#primaryimage\"},\"thumbnailUrl\":\"https:\/\/www.delphosmagazine.com\/wp-content\/uploads\/2022\/10\/SCEL_A320neo_Avianca_N818AV-DelphosMagazine.jpg\",\"keywords\":[\"Avianca\",\"Codigo Compartido\",\"ITA Airways\"],\"articleSection\":[\"Aviaci\u00f3n Comercial\"],\"inLanguage\":\"en-US\"},{\"@type\":\"WebPage\",\"@id\":\"https:\/\/www.delphosmagazine.com\/avianca-e-ita-airways-inician-acuerdo-de-codigo-compartido\/\",\"url\":\"https:\/\/www.delphosmagazine.com\/avianca-e-ita-airways-inician-acuerdo-de-codigo-compartido\/\",\"name\":\"Avianca e ITA Airways inician acuerdo de c\u00f3digo compartido | Delphos Magazine\",\"isPartOf\":{\"@id\":\"https:\/\/www.delphosmagazine.com\/#website\"},\"primaryImageOfPage\":{\"@id\":\"https:\/\/www.delphosmagazine.com\/avianca-e-ita-airways-inician-acuerdo-de-codigo-compartido\/#primaryimage\"},\"image\":{\"@id\":\"https:\/\/www.delphosmagazine.com\/avianca-e-ita-airways-inician-acuerdo-de-codigo-compartido\/#primaryimage\"},\"thumbnailUrl\":\"https:\/\/www.delphosmagazine.com\/wp-content\/uploads\/2022\/10\/SCEL_A320neo_Avianca_N818AV-DelphosMagazine.jpg\",\"datePublished\":\"2022-11-01T04:14:06+00:00\",\"dateModified\":\"2022-11-01T04:15:49+00:00\",\"description\":\"Delphos Magazine es el principal medio de prensa generador y proveedor de contenidos aeron\u00e1uticos y de defensa de Latinoam\u00e9rica y el mundo\",\"breadcrumb\":{\"@id\":\"https:\/\/www.delphosmagazine.com\/avianca-e-ita-airways-inician-acuerdo-de-codigo-compartido\/#breadcrumb\"},\"inLanguage\":\"en-US\",\"potentialAction\":[{\"@type\":\"ReadAction\",\"target\":[\"https:\/\/www.delphosmagazine.com\/avianca-e-ita-airways-inician-acuerdo-de-codigo-compartido\/\"]}]},{\"@type\":\"ImageObject\",\"inLanguage\":\"en-US\",\"@id\":\"https:\/\/www.delphosmagazine.com\/avianca-e-ita-airways-inician-acuerdo-de-codigo-compartido\/#primaryimage\",\"url\":\"https:\/\/www.delphosmagazine.com\/wp-content\/uploads\/2022\/10\/SCEL_A320neo_Avianca_N818AV-DelphosMagazine.jpg\",\"contentUrl\":\"https:\/\/www.delphosmagazine.com\/wp-content\/uploads\/2022\/10\/SCEL_A320neo_Avianca_N818AV-DelphosMagazine.jpg\",\"width\":1200,\"height\":675},{\"@type\":\"BreadcrumbList\",\"@id\":\"https:\/\/www.delphosmagazine.com\/avianca-e-ita-airways-inician-acuerdo-de-codigo-compartido\/#breadcrumb\",\"itemListElement\":[{\"@type\":\"ListItem\",\"position\":1,\"name\":\"Portada\",\"item\":\"https:\/\/www.delphosmagazine.com\/\"},{\"@type\":\"ListItem\",\"position\":2,\"name\":\"Avianca e ITA Airways inician acuerdo de c\u00f3digo compartido\"}]},{\"@type\":\"WebSite\",\"@id\":\"https:\/\/www.delphosmagazine.com\/#website\",\"url\":\"https:\/\/www.delphosmagazine.com\/\",\"name\":\"Delphos Magazine\",\"description\":\"principal medio de prensa generador y proveedor de contenidos aeron\u00e1uticos y de defensa de Latinoam\u00e9rica y el mundo\",\"publisher\":{\"@id\":\"https:\/\/www.delphosmagazine.com\/#organization\"},\"potentialAction\":[{\"@type\":\"SearchAction\",\"target\":{\"@type\":\"EntryPoint\",\"urlTemplate\":\"https:\/\/www.delphosmagazine.com\/?s={search_term_string}\"},\"query-input\":{\"@type\":\"PropertyValueSpecification\",\"valueRequired\":true,\"valueName\":\"search_term_string\"}}],\"inLanguage\":\"en-US\"},{\"@type\":\"Organization\",\"@id\":\"https:\/\/www.delphosmagazine.com\/#organization\",\"name\":\"Delphos Magazine\",\"url\":\"https:\/\/www.delphosmagazine.com\/\",\"logo\":{\"@type\":\"ImageObject\",\"inLanguage\":\"en-US\",\"@id\":\"https:\/\/www.delphosmagazine.com\/#\/schema\/logo\/image\/\",\"url\":\"https:\/\/www.delphosmagazine.com\/wp-content\/uploads\/2020\/10\/logo-negro.jpg\",\"contentUrl\":\"https:\/\/www.delphosmagazine.com\/wp-content\/uploads\/2020\/10\/logo-negro.jpg\",\"width\":872,\"height\":202,\"caption\":\"Delphos Magazine\"},\"image\":{\"@id\":\"https:\/\/www.delphosmagazine.com\/#\/schema\/logo\/image\/\"}},{\"@type\":\"Person\",\"@id\":\"https:\/\/www.delphosmagazine.com\/#\/schema\/person\/975be66d68fbd24bf1cf96e8871defe1\",\"name\":\"Delphos Magazine\",\"image\":{\"@type\":\"ImageObject\",\"inLanguage\":\"en-US\",\"@id\":\"https:\/\/www.delphosmagazine.com\/#\/schema\/person\/image\/\",\"url\":\"https:\/\/secure.gravatar.com\/avatar\/2aef69e4112a9a7b4cb49f96c0516035?s=96&d=mm&r=g\",\"contentUrl\":\"https:\/\/secure.gravatar.com\/avatar\/2aef69e4112a9a7b4cb49f96c0516035?s=96&d=mm&r=g\",\"caption\":\"Delphos Magazine\"},\"sameAs\":[\"https:\/\/www.delphosmagazine.com\"],\"url\":\"https:\/\/www.delphosmagazine.com\/en\/author\/delphosmagazine\/\"}]}<\/script>\n<!-- \/ Yoast SEO plugin. -->","yoast_head_json":{"title":"Avianca e ITA Airways inician acuerdo de c\u00f3digo compartido | Delphos Magazine","description":"Delphos Magazine es el principal medio de prensa generador y proveedor de contenidos aeron\u00e1uticos y de defensa de Latinoam\u00e9rica y el mundo","robots":{"index":"index","follow":"follow","max-snippet":"max-snippet:-1","max-image-preview":"max-image-preview:large","max-video-preview":"max-video-preview:-1"},"canonical":"https:\/\/www.delphosmagazine.com\/en\/avianca-e-ita-airways-inician-acuerdo-de-codigo-compartido\/","og_locale":"en_US","og_type":"article","og_title":"Avianca e ITA Airways inician acuerdo de c\u00f3digo compartido | Delphos Magazine","og_description":"Delphos Magazine es el principal medio de prensa generador y proveedor de contenidos aeron\u00e1uticos y de defensa de Latinoam\u00e9rica y el mundo","og_url":"https:\/\/www.delphosmagazine.com\/en\/avianca-e-ita-airways-inician-acuerdo-de-codigo-compartido\/","og_site_name":"Delphos Magazine","article_published_time":"2022-11-01T04:14:06+00:00","article_modified_time":"2022-11-01T04:15:49+00:00","og_image":[{"width":1200,"height":675,"url":"https:\/\/www.delphosmagazine.com\/wp-content\/uploads\/2022\/10\/SCEL_A320neo_Avianca_N818AV-DelphosMagazine.jpg","type":"image\/jpeg"}],"author":"Delphos Magazine","twitter_card":"summary_large_image","twitter_misc":{"Written by":"Delphos Magazine","Est. reading time":"3 minutes"},"schema":{"@context":"https:\/\/schema.org","@graph":[{"@type":"Article","@id":"https:\/\/www.delphosmagazine.com\/avianca-e-ita-airways-inician-acuerdo-de-codigo-compartido\/#article","isPartOf":{"@id":"https:\/\/www.delphosmagazine.com\/avianca-e-ita-airways-inician-acuerdo-de-codigo-compartido\/"},"author":{"name":"Delphos Magazine","@id":"https:\/\/www.delphosmagazine.com\/#\/schema\/person\/975be66d68fbd24bf1cf96e8871defe1"},"headline":"Avianca e ITA Airways inician acuerdo de c\u00f3digo compartido","datePublished":"2022-11-01T04:14:06+00:00","dateModified":"2022-11-01T04:15:49+00:00","mainEntityOfPage":{"@id":"https:\/\/www.delphosmagazine.com\/avianca-e-ita-airways-inician-acuerdo-de-codigo-compartido\/"},"wordCount":444,"publisher":{"@id":"https:\/\/www.delphosmagazine.com\/#organization"},"image":{"@id":"https:\/\/www.delphosmagazine.com\/avianca-e-ita-airways-inician-acuerdo-de-codigo-compartido\/#primaryimage"},"thumbnailUrl":"https:\/\/www.delphosmagazine.com\/wp-content\/uploads\/2022\/10\/SCEL_A320neo_Avianca_N818AV-DelphosMagazine.jpg","keywords":["Avianca","Codigo Compartido","ITA Airways"],"articleSection":["Aviaci\u00f3n Comercial"],"inLanguage":"en-US"},{"@type":"WebPage","@id":"https:\/\/www.delphosmagazine.com\/avianca-e-ita-airways-inician-acuerdo-de-codigo-compartido\/","url":"https:\/\/www.delphosmagazine.com\/avianca-e-ita-airways-inician-acuerdo-de-codigo-compartido\/","name":"Avianca e ITA Airways inician acuerdo de c\u00f3digo compartido | Delphos Magazine","isPartOf":{"@id":"https:\/\/www.delphosmagazine.com\/#website"},"primaryImageOfPage":{"@id":"https:\/\/www.delphosmagazine.com\/avianca-e-ita-airways-inician-acuerdo-de-codigo-compartido\/#primaryimage"},"image":{"@id":"https:\/\/www.delphosmagazine.com\/avianca-e-ita-airways-inician-acuerdo-de-codigo-compartido\/#primaryimage"},"thumbnailUrl":"https:\/\/www.delphosmagazine.com\/wp-content\/uploads\/2022\/10\/SCEL_A320neo_Avianca_N818AV-DelphosMagazine.jpg","datePublished":"2022-11-01T04:14:06+00:00","dateModified":"2022-11-01T04:15:49+00:00","description":"Delphos Magazine es el principal medio de prensa generador y proveedor de contenidos aeron\u00e1uticos y de defensa de Latinoam\u00e9rica y el mundo","breadcrumb":{"@id":"https:\/\/www.delphosmagazine.com\/avianca-e-ita-airways-inician-acuerdo-de-codigo-compartido\/#breadcrumb"},"inLanguage":"en-US","potentialAction":[{"@type":"ReadAction","target":["https:\/\/www.delphosmagazine.com\/avianca-e-ita-airways-inician-acuerdo-de-codigo-compartido\/"]}]},{"@type":"ImageObject","inLanguage":"en-US","@id":"https:\/\/www.delphosmagazine.com\/avianca-e-ita-airways-inician-acuerdo-de-codigo-compartido\/#primaryimage","url":"https:\/\/www.delphosmagazine.com\/wp-content\/uploads\/2022\/10\/SCEL_A320neo_Avianca_N818AV-DelphosMagazine.jpg","contentUrl":"https:\/\/www.delphosmagazine.com\/wp-content\/uploads\/2022\/10\/SCEL_A320neo_Avianca_N818AV-DelphosMagazine.jpg","width":1200,"height":675},{"@type":"BreadcrumbList","@id":"https:\/\/www.delphosmagazine.com\/avianca-e-ita-airways-inician-acuerdo-de-codigo-compartido\/#breadcrumb","itemListElement":[{"@type":"ListItem","position":1,"name":"Portada","item":"https:\/\/www.delphosmagazine.com\/"},{"@type":"ListItem","position":2,"name":"Avianca e ITA Airways inician acuerdo de c\u00f3digo compartido"}]},{"@type":"WebSite","@id":"https:\/\/www.delphosmagazine.com\/#website","url":"https:\/\/www.delphosmagazine.com\/","name":"Delphos Magazine","description":"principal medio de prensa generador y proveedor de contenidos aeron\u00e1uticos y de defensa de Latinoam\u00e9rica y el mundo","publisher":{"@id":"https:\/\/www.delphosmagazine.com\/#organization"},"potentialAction":[{"@type":"SearchAction","target":{"@type":"EntryPoint","urlTemplate":"https:\/\/www.delphosmagazine.com\/?s={search_term_string}"},"query-input":{"@type":"PropertyValueSpecification","valueRequired":true,"valueName":"search_term_string"}}],"inLanguage":"en-US"},{"@type":"Organization","@id":"https:\/\/www.delphosmagazine.com\/#organization","name":"Delphos Magazine","url":"https:\/\/www.delphosmagazine.com\/","logo":{"@type":"ImageObject","inLanguage":"en-US","@id":"https:\/\/www.delphosmagazine.com\/#\/schema\/logo\/image\/","url":"https:\/\/www.delphosmagazine.com\/wp-content\/uploads\/2020\/10\/logo-negro.jpg","contentUrl":"https:\/\/www.delphosmagazine.com\/wp-content\/uploads\/2020\/10\/logo-negro.jpg","width":872,"height":202,"caption":"Delphos Magazine"},"image":{"@id":"https:\/\/www.delphosmagazine.com\/#\/schema\/logo\/image\/"}},{"@type":"Person","@id":"https:\/\/www.delphosmagazine.com\/#\/schema\/person\/975be66d68fbd24bf1cf96e8871defe1","name":"Delphos Magazine","image":{"@type":"ImageObject","inLanguage":"en-US","@id":"https:\/\/www.delphosmagazine.com\/#\/schema\/person\/image\/","url":"https:\/\/secure.gravatar.com\/avatar\/2aef69e4112a9a7b4cb49f96c0516035?s=96&d=mm&r=g","contentUrl":"https:\/\/secure.gravatar.com\/avatar\/2aef69e4112a9a7b4cb49f96c0516035?s=96&d=mm&r=g","caption":"Delphos Magazine"},"sameAs":["https:\/\/www.delphosmagazine.com"],"url":"https:\/\/www.delphosmagazine.com\/en\/author\/delphosmagazine\/"}]}},"_links":{"self":[{"href":"https:\/\/www.delphosmagazine.com\/en\/wp-json\/wp\/v2\/posts\/12466","targetHints":{"allow":["GET"]}}],"collection":[{"href":"https:\/\/www.delphosmagazine.com\/en\/wp-json\/wp\/v2\/posts"}],"about":[{"href":"https:\/\/www.delphosmagazine.com\/en\/wp-json\/wp\/v2\/types\/post"}],"author":[{"embeddable":true,"href":"https:\/\/www.delphosmagazine.com\/en\/wp-json\/wp\/v2\/users\/2"}],"replies":[{"embeddable":true,"href":"https:\/\/www.delphosmagazine.com\/en\/wp-json\/wp\/v2\/comments?post=12466"}],"version-history":[{"count":5,"href":"https:\/\/www.delphosmagazine.com\/en\/wp-json\/wp\/v2\/posts\/12466\/revisions"}],"predecessor-version":[{"id":12478,"href":"https:\/\/www.delphosmagazine.com\/en\/wp-json\/wp\/v2\/posts\/12466\/revisions\/12478"}],"wp:featuredmedia":[{"embeddable":true,"href":"https:\/\/www.delphosmagazine.com\/en\/wp-json\/wp\/v2\/media\/12476"}],"wp:attachment":[{"href":"https:\/\/www.delphosmagazine.com\/en\/wp-json\/wp\/v2\/media?parent=12466"}],"wp:term":[{"taxonomy":"category","embeddable":true,"href":"https:\/\/www.delphosmagazine.com\/en\/wp-json\/wp\/v2\/categories?post=12466"},{"taxonomy":"post_tag","embeddable":true,"href":"https:\/\/www.delphosmagazine.com\/en\/wp-json\/wp\/v2\/tags?post=12466"}],"curies":[{"name":"wp","href":"https:\/\/api.w.org\/{rel}","templated":true}]}}