{"id":11926,"date":"2022-09-29T20:40:50","date_gmt":"2022-09-30T00:40:50","guid":{"rendered":"https:\/\/www.delphosmagazine.com\/?p=11926"},"modified":"2022-09-29T20:40:50","modified_gmt":"2022-09-30T00:40:50","slug":"westjet-amplia-su-flota-de-boeing-737-max","status":"publish","type":"post","link":"https:\/\/www.delphosmagazine.com\/en\/westjet-amplia-su-flota-de-boeing-737-max\/","title":{"rendered":"WestJet ampl\u00eda su flota de Boeing 737 MAX"},"content":{"rendered":"<p style=\"text-align: justify;\">Boeing y WestJet anunciaron hoy que la aerol\u00ednea est\u00e1 fortaleciendo su compromiso con la familia 737 MAX con un pedido de 42 737-10 y opciones para 22 aviones adicionales. Con una eficiencia de combustible y una fiabilidad l\u00edderes en la industria, el 737-10 permitir\u00e1 a la aerol\u00ednea canadiense llevar a cabo una ambiciosa expansi\u00f3n de la red y cumplir sus objetivos de sostenibilidad a largo plazo.<\/p>\n<p style=\"text-align: justify;\">\u00ab<em>El 737-10 cambiar\u00e1 las reglas del juego, con uno de los costos por asiento m\u00e1s bajos entre los aviones de gama media. Esto fomentar\u00e1 nuestro posicionamiento de bajo costo y asequibilidad para los canadienses<\/em>\u00ab, dijo Alexis von Hoensbroech, director ejecutivo de WestJet Group. \u201c<em>Adem\u00e1s, con su menor consumo de combustible y emisiones reducidas, el 737-10 mejorar\u00e1 a\u00fan m\u00e1s la huella ambiental de nuestra flota<\/em>\u201d.<\/p>\n<p style=\"text-align: justify;\">Desde que lanz\u00f3 su negocio con tres 737 en 1996, WestJet ha aumentado su flota de Boeing a m\u00e1s de 100 aviones, incluidos el 737-8 y el 787 Dreamliner. Incluyendo el 737-10, la aerol\u00ednea con sede en Calgary tiene m\u00e1s de 60 pedidos en firme para la familia 737 MAX.<\/p>\n<p style=\"text-align: justify;\">\u201c<em>El 737-10 brindar\u00e1 a WestJet capacidad adicional y una eficiencia inigualable a medida que la aerol\u00ednea ampl\u00ede su red de destinos en Canad\u00e1 y en todo el mundo<\/em>\u201d, dijo Stan Deal, presidente y director ejecutivo de Boeing Commercial Airplanes. \u00abEstamos orgullosos de que WestJet vea el valor de la familia 737 MAX y agregue el 737-10 para complementar el 737-8 por su capacidad, flexibilidad y sustentabilidad mejoradas sobresalientes\u00bb.<\/p>\n<p style=\"text-align: justify;\">Cada 737-10 reducir\u00e1 las emisiones de CO2 en millones de libras al a\u00f1o en comparaci\u00f3n con los aviones a los que sustituye, lo que permitir\u00e1 una mayor sostenibilidad. Como el avi\u00f3n de un solo pasillo m\u00e1s grande y eficiente de Boeing, el 737-10 tiene capacidad para 230 pasajeros con un alcance de 3100 millas n\u00e1uticas. WestJet tambi\u00e9n tiene m\u00e1s de 15 737-8 en servicio, que transportan a 178 pasajeros con un alcance de hasta 3500 millas n\u00e1uticas. Juntos, los dos modelos mejorar\u00e1n el desempe\u00f1o ambiental de la aerol\u00ednea para viajes a\u00e9reos de corta y media distancia.<\/p>\n<p style=\"text-align: justify;\">Con la expansi\u00f3n de su flota 737 MAX, el pedido de WestJet respalda el crecimiento de la industria de la aviaci\u00f3n en Canad\u00e1. El pa\u00eds alberga una de las mayores bases de suministro internacional de Boeing con m\u00e1s de 550 proveedores y socios. Actualmente, Boeing aporta CAD ~$5.3 mil millones en beneficio econ\u00f3mico a Canad\u00e1 anualmente, apoyando m\u00e1s de 20.000 puestos de trabajo. El sitio de fabricaci\u00f3n de Winnipeg de Boeing construye componentes compuestos para el 737 MAX y otros modelos de Boeing.<\/p>\n<p>Imagen: Boeing.Co<\/p>\n<p><img loading=\"lazy\" decoding=\"async\" class=\"aligncenter size-full wp-image-11927\" src=\"https:\/\/www.delphosmagazine.com\/wp-content\/uploads\/2022\/09\/Boeing-737-9_Westjet_1200px.jpg\" alt=\"\" width=\"1200\" height=\"675\" srcset=\"https:\/\/www.delphosmagazine.com\/wp-content\/uploads\/2022\/09\/Boeing-737-9_Westjet_1200px.jpg 1200w, https:\/\/www.delphosmagazine.com\/wp-content\/uploads\/2022\/09\/Boeing-737-9_Westjet_1200px-300x169.jpg 300w, https:\/\/www.delphosmagazine.com\/wp-content\/uploads\/2022\/09\/Boeing-737-9_Westjet_1200px-1024x576.jpg 1024w, https:\/\/www.delphosmagazine.com\/wp-content\/uploads\/2022\/09\/Boeing-737-9_Westjet_1200px-768x432.jpg 768w, https:\/\/www.delphosmagazine.com\/wp-content\/uploads\/2022\/09\/Boeing-737-9_Westjet_1200px-150x84.jpg 150w, https:\/\/www.delphosmagazine.com\/wp-content\/uploads\/2022\/09\/Boeing-737-9_Westjet_1200px-696x392.jpg 696w, https:\/\/www.delphosmagazine.com\/wp-content\/uploads\/2022\/09\/Boeing-737-9_Westjet_1200px-1068x601.jpg 1068w\" sizes=\"auto, (max-width: 1200px) 100vw, 1200px\" \/><\/p>","protected":false},"excerpt":{"rendered":"<p>Boeing y WestJet anunciaron hoy que la aerol\u00ednea est\u00e1 fortaleciendo su compromiso con la familia 737 MAX con un pedido de 42 737-10 y opciones para 22 aviones adicionales. Con una eficiencia de combustible y una fiabilidad l\u00edderes en la industria, el 737-10 permitir\u00e1 a la aerol\u00ednea canadiense llevar a cabo una ambiciosa expansi\u00f3n de [&hellip;]<\/p>\n","protected":false},"author":3,"featured_media":11927,"comment_status":"closed","ping_status":"closed","sticky":false,"template":"","format":"standard","meta":{"footnotes":""},"categories":[5],"tags":[300,1171,447,1172,1173],"class_list":{"0":"post-11926","1":"post","2":"type-post","3":"status-publish","4":"format-standard","5":"has-post-thumbnail","7":"category-aviacion-civil-comercial","8":"tag-boeing-737-max-10","9":"tag-boeing-737-10-max","10":"tag-canada","11":"tag-westjet","12":"tag-winnipeg"},"yoast_head":"<!-- This site is optimized with the Yoast SEO plugin v26.5 - https:\/\/yoast.com\/wordpress\/plugins\/seo\/ -->\n<title>WestJet ampl\u00eda su flota de Boeing 737 MAX | Delphos Magazine<\/title>\n<meta name=\"description\" content=\"Delphos Magazine es el principal medio de prensa generador y proveedor de contenidos aeron\u00e1uticos y de defensa de Latinoam\u00e9rica y el mundo\" \/>\n<meta name=\"robots\" content=\"index, follow, max-snippet:-1, max-image-preview:large, max-video-preview:-1\" \/>\n<link rel=\"canonical\" href=\"https:\/\/www.delphosmagazine.com\/en\/westjet-amplia-su-flota-de-boeing-737-max\/\" \/>\n<meta property=\"og:locale\" content=\"en_US\" \/>\n<meta property=\"og:type\" content=\"article\" \/>\n<meta property=\"og:title\" content=\"WestJet ampl\u00eda su flota de Boeing 737 MAX | Delphos Magazine\" \/>\n<meta property=\"og:description\" content=\"Delphos Magazine es el principal medio de prensa generador y proveedor de contenidos aeron\u00e1uticos y de defensa de Latinoam\u00e9rica y el mundo\" \/>\n<meta property=\"og:url\" content=\"https:\/\/www.delphosmagazine.com\/en\/westjet-amplia-su-flota-de-boeing-737-max\/\" \/>\n<meta property=\"og:site_name\" content=\"Delphos Magazine\" \/>\n<meta property=\"article:published_time\" content=\"2022-09-30T00:40:50+00:00\" \/>\n<meta property=\"og:image\" content=\"https:\/\/www.delphosmagazine.com\/wp-content\/uploads\/2022\/09\/Boeing-737-9_Westjet_1200px.jpg\" \/>\n\t<meta property=\"og:image:width\" content=\"1200\" \/>\n\t<meta property=\"og:image:height\" content=\"675\" \/>\n\t<meta property=\"og:image:type\" content=\"image\/jpeg\" \/>\n<meta name=\"author\" content=\"Varitech\" \/>\n<meta name=\"twitter:card\" content=\"summary_large_image\" \/>\n<meta name=\"twitter:label1\" content=\"Written by\" \/>\n\t<meta name=\"twitter:data1\" content=\"Varitech\" \/>\n\t<meta name=\"twitter:label2\" content=\"Est. reading time\" \/>\n\t<meta name=\"twitter:data2\" content=\"3 minutes\" \/>\n<script type=\"application\/ld+json\" class=\"yoast-schema-graph\">{\"@context\":\"https:\/\/schema.org\",\"@graph\":[{\"@type\":\"Article\",\"@id\":\"https:\/\/www.delphosmagazine.com\/westjet-amplia-su-flota-de-boeing-737-max\/#article\",\"isPartOf\":{\"@id\":\"https:\/\/www.delphosmagazine.com\/westjet-amplia-su-flota-de-boeing-737-max\/\"},\"author\":{\"name\":\"Varitech\",\"@id\":\"https:\/\/www.delphosmagazine.com\/#\/schema\/person\/ca31ea697fc6c143e0d63be58c577e6b\"},\"headline\":\"WestJet ampl\u00eda su flota de Boeing 737 MAX\",\"datePublished\":\"2022-09-30T00:40:50+00:00\",\"mainEntityOfPage\":{\"@id\":\"https:\/\/www.delphosmagazine.com\/westjet-amplia-su-flota-de-boeing-737-max\/\"},\"wordCount\":450,\"publisher\":{\"@id\":\"https:\/\/www.delphosmagazine.com\/#organization\"},\"image\":{\"@id\":\"https:\/\/www.delphosmagazine.com\/westjet-amplia-su-flota-de-boeing-737-max\/#primaryimage\"},\"thumbnailUrl\":\"https:\/\/www.delphosmagazine.com\/wp-content\/uploads\/2022\/09\/Boeing-737-9_Westjet_1200px.jpg\",\"keywords\":[\"Boeing 737 MAX 10\",\"Boeing 737-10 MAX\",\"Canad\u00e1\",\"WestJet\",\"Winnipeg\"],\"articleSection\":[\"Aviaci\u00f3n Comercial\"],\"inLanguage\":\"en-US\"},{\"@type\":\"WebPage\",\"@id\":\"https:\/\/www.delphosmagazine.com\/westjet-amplia-su-flota-de-boeing-737-max\/\",\"url\":\"https:\/\/www.delphosmagazine.com\/westjet-amplia-su-flota-de-boeing-737-max\/\",\"name\":\"WestJet ampl\u00eda su flota de Boeing 737 MAX | Delphos Magazine\",\"isPartOf\":{\"@id\":\"https:\/\/www.delphosmagazine.com\/#website\"},\"primaryImageOfPage\":{\"@id\":\"https:\/\/www.delphosmagazine.com\/westjet-amplia-su-flota-de-boeing-737-max\/#primaryimage\"},\"image\":{\"@id\":\"https:\/\/www.delphosmagazine.com\/westjet-amplia-su-flota-de-boeing-737-max\/#primaryimage\"},\"thumbnailUrl\":\"https:\/\/www.delphosmagazine.com\/wp-content\/uploads\/2022\/09\/Boeing-737-9_Westjet_1200px.jpg\",\"datePublished\":\"2022-09-30T00:40:50+00:00\",\"description\":\"Delphos Magazine es el principal medio de prensa generador y proveedor de contenidos aeron\u00e1uticos y de defensa de Latinoam\u00e9rica y el mundo\",\"breadcrumb\":{\"@id\":\"https:\/\/www.delphosmagazine.com\/westjet-amplia-su-flota-de-boeing-737-max\/#breadcrumb\"},\"inLanguage\":\"en-US\",\"potentialAction\":[{\"@type\":\"ReadAction\",\"target\":[\"https:\/\/www.delphosmagazine.com\/westjet-amplia-su-flota-de-boeing-737-max\/\"]}]},{\"@type\":\"ImageObject\",\"inLanguage\":\"en-US\",\"@id\":\"https:\/\/www.delphosmagazine.com\/westjet-amplia-su-flota-de-boeing-737-max\/#primaryimage\",\"url\":\"https:\/\/www.delphosmagazine.com\/wp-content\/uploads\/2022\/09\/Boeing-737-9_Westjet_1200px.jpg\",\"contentUrl\":\"https:\/\/www.delphosmagazine.com\/wp-content\/uploads\/2022\/09\/Boeing-737-9_Westjet_1200px.jpg\",\"width\":1200,\"height\":675},{\"@type\":\"BreadcrumbList\",\"@id\":\"https:\/\/www.delphosmagazine.com\/westjet-amplia-su-flota-de-boeing-737-max\/#breadcrumb\",\"itemListElement\":[{\"@type\":\"ListItem\",\"position\":1,\"name\":\"Portada\",\"item\":\"https:\/\/www.delphosmagazine.com\/\"},{\"@type\":\"ListItem\",\"position\":2,\"name\":\"WestJet ampl\u00eda su flota de Boeing 737 MAX\"}]},{\"@type\":\"WebSite\",\"@id\":\"https:\/\/www.delphosmagazine.com\/#website\",\"url\":\"https:\/\/www.delphosmagazine.com\/\",\"name\":\"Delphos Magazine\",\"description\":\"principal medio de prensa generador y proveedor de contenidos aeron\u00e1uticos y de defensa de Latinoam\u00e9rica y el mundo\",\"publisher\":{\"@id\":\"https:\/\/www.delphosmagazine.com\/#organization\"},\"potentialAction\":[{\"@type\":\"SearchAction\",\"target\":{\"@type\":\"EntryPoint\",\"urlTemplate\":\"https:\/\/www.delphosmagazine.com\/?s={search_term_string}\"},\"query-input\":{\"@type\":\"PropertyValueSpecification\",\"valueRequired\":true,\"valueName\":\"search_term_string\"}}],\"inLanguage\":\"en-US\"},{\"@type\":\"Organization\",\"@id\":\"https:\/\/www.delphosmagazine.com\/#organization\",\"name\":\"Delphos Magazine\",\"url\":\"https:\/\/www.delphosmagazine.com\/\",\"logo\":{\"@type\":\"ImageObject\",\"inLanguage\":\"en-US\",\"@id\":\"https:\/\/www.delphosmagazine.com\/#\/schema\/logo\/image\/\",\"url\":\"https:\/\/www.delphosmagazine.com\/wp-content\/uploads\/2020\/10\/logo-negro.jpg\",\"contentUrl\":\"https:\/\/www.delphosmagazine.com\/wp-content\/uploads\/2020\/10\/logo-negro.jpg\",\"width\":872,\"height\":202,\"caption\":\"Delphos Magazine\"},\"image\":{\"@id\":\"https:\/\/www.delphosmagazine.com\/#\/schema\/logo\/image\/\"}},{\"@type\":\"Person\",\"@id\":\"https:\/\/www.delphosmagazine.com\/#\/schema\/person\/ca31ea697fc6c143e0d63be58c577e6b\",\"name\":\"Varitech\",\"image\":{\"@type\":\"ImageObject\",\"inLanguage\":\"en-US\",\"@id\":\"https:\/\/www.delphosmagazine.com\/#\/schema\/person\/image\/\",\"url\":\"https:\/\/secure.gravatar.com\/avatar\/a9943634b30ae329f1a041bbbee525de?s=96&d=mm&r=g\",\"contentUrl\":\"https:\/\/secure.gravatar.com\/avatar\/a9943634b30ae329f1a041bbbee525de?s=96&d=mm&r=g\",\"caption\":\"Varitech\"},\"url\":\"https:\/\/www.delphosmagazine.com\/en\/author\/carlos-valle\/\"}]}<\/script>\n<!-- \/ Yoast SEO plugin. -->","yoast_head_json":{"title":"WestJet ampl\u00eda su flota de Boeing 737 MAX | Delphos Magazine","description":"Delphos Magazine es el principal medio de prensa generador y proveedor de contenidos aeron\u00e1uticos y de defensa de Latinoam\u00e9rica y el mundo","robots":{"index":"index","follow":"follow","max-snippet":"max-snippet:-1","max-image-preview":"max-image-preview:large","max-video-preview":"max-video-preview:-1"},"canonical":"https:\/\/www.delphosmagazine.com\/en\/westjet-amplia-su-flota-de-boeing-737-max\/","og_locale":"en_US","og_type":"article","og_title":"WestJet ampl\u00eda su flota de Boeing 737 MAX | Delphos Magazine","og_description":"Delphos Magazine es el principal medio de prensa generador y proveedor de contenidos aeron\u00e1uticos y de defensa de Latinoam\u00e9rica y el mundo","og_url":"https:\/\/www.delphosmagazine.com\/en\/westjet-amplia-su-flota-de-boeing-737-max\/","og_site_name":"Delphos Magazine","article_published_time":"2022-09-30T00:40:50+00:00","og_image":[{"width":1200,"height":675,"url":"https:\/\/www.delphosmagazine.com\/wp-content\/uploads\/2022\/09\/Boeing-737-9_Westjet_1200px.jpg","type":"image\/jpeg"}],"author":"Varitech","twitter_card":"summary_large_image","twitter_misc":{"Written by":"Varitech","Est. reading time":"3 minutes"},"schema":{"@context":"https:\/\/schema.org","@graph":[{"@type":"Article","@id":"https:\/\/www.delphosmagazine.com\/westjet-amplia-su-flota-de-boeing-737-max\/#article","isPartOf":{"@id":"https:\/\/www.delphosmagazine.com\/westjet-amplia-su-flota-de-boeing-737-max\/"},"author":{"name":"Varitech","@id":"https:\/\/www.delphosmagazine.com\/#\/schema\/person\/ca31ea697fc6c143e0d63be58c577e6b"},"headline":"WestJet ampl\u00eda su flota de Boeing 737 MAX","datePublished":"2022-09-30T00:40:50+00:00","mainEntityOfPage":{"@id":"https:\/\/www.delphosmagazine.com\/westjet-amplia-su-flota-de-boeing-737-max\/"},"wordCount":450,"publisher":{"@id":"https:\/\/www.delphosmagazine.com\/#organization"},"image":{"@id":"https:\/\/www.delphosmagazine.com\/westjet-amplia-su-flota-de-boeing-737-max\/#primaryimage"},"thumbnailUrl":"https:\/\/www.delphosmagazine.com\/wp-content\/uploads\/2022\/09\/Boeing-737-9_Westjet_1200px.jpg","keywords":["Boeing 737 MAX 10","Boeing 737-10 MAX","Canad\u00e1","WestJet","Winnipeg"],"articleSection":["Aviaci\u00f3n Comercial"],"inLanguage":"en-US"},{"@type":"WebPage","@id":"https:\/\/www.delphosmagazine.com\/westjet-amplia-su-flota-de-boeing-737-max\/","url":"https:\/\/www.delphosmagazine.com\/westjet-amplia-su-flota-de-boeing-737-max\/","name":"WestJet ampl\u00eda su flota de Boeing 737 MAX | Delphos Magazine","isPartOf":{"@id":"https:\/\/www.delphosmagazine.com\/#website"},"primaryImageOfPage":{"@id":"https:\/\/www.delphosmagazine.com\/westjet-amplia-su-flota-de-boeing-737-max\/#primaryimage"},"image":{"@id":"https:\/\/www.delphosmagazine.com\/westjet-amplia-su-flota-de-boeing-737-max\/#primaryimage"},"thumbnailUrl":"https:\/\/www.delphosmagazine.com\/wp-content\/uploads\/2022\/09\/Boeing-737-9_Westjet_1200px.jpg","datePublished":"2022-09-30T00:40:50+00:00","description":"Delphos Magazine es el principal medio de prensa generador y proveedor de contenidos aeron\u00e1uticos y de defensa de Latinoam\u00e9rica y el mundo","breadcrumb":{"@id":"https:\/\/www.delphosmagazine.com\/westjet-amplia-su-flota-de-boeing-737-max\/#breadcrumb"},"inLanguage":"en-US","potentialAction":[{"@type":"ReadAction","target":["https:\/\/www.delphosmagazine.com\/westjet-amplia-su-flota-de-boeing-737-max\/"]}]},{"@type":"ImageObject","inLanguage":"en-US","@id":"https:\/\/www.delphosmagazine.com\/westjet-amplia-su-flota-de-boeing-737-max\/#primaryimage","url":"https:\/\/www.delphosmagazine.com\/wp-content\/uploads\/2022\/09\/Boeing-737-9_Westjet_1200px.jpg","contentUrl":"https:\/\/www.delphosmagazine.com\/wp-content\/uploads\/2022\/09\/Boeing-737-9_Westjet_1200px.jpg","width":1200,"height":675},{"@type":"BreadcrumbList","@id":"https:\/\/www.delphosmagazine.com\/westjet-amplia-su-flota-de-boeing-737-max\/#breadcrumb","itemListElement":[{"@type":"ListItem","position":1,"name":"Portada","item":"https:\/\/www.delphosmagazine.com\/"},{"@type":"ListItem","position":2,"name":"WestJet ampl\u00eda su flota de Boeing 737 MAX"}]},{"@type":"WebSite","@id":"https:\/\/www.delphosmagazine.com\/#website","url":"https:\/\/www.delphosmagazine.com\/","name":"Delphos Magazine","description":"principal medio de prensa generador y proveedor de contenidos aeron\u00e1uticos y de defensa de Latinoam\u00e9rica y el mundo","publisher":{"@id":"https:\/\/www.delphosmagazine.com\/#organization"},"potentialAction":[{"@type":"SearchAction","target":{"@type":"EntryPoint","urlTemplate":"https:\/\/www.delphosmagazine.com\/?s={search_term_string}"},"query-input":{"@type":"PropertyValueSpecification","valueRequired":true,"valueName":"search_term_string"}}],"inLanguage":"en-US"},{"@type":"Organization","@id":"https:\/\/www.delphosmagazine.com\/#organization","name":"Delphos Magazine","url":"https:\/\/www.delphosmagazine.com\/","logo":{"@type":"ImageObject","inLanguage":"en-US","@id":"https:\/\/www.delphosmagazine.com\/#\/schema\/logo\/image\/","url":"https:\/\/www.delphosmagazine.com\/wp-content\/uploads\/2020\/10\/logo-negro.jpg","contentUrl":"https:\/\/www.delphosmagazine.com\/wp-content\/uploads\/2020\/10\/logo-negro.jpg","width":872,"height":202,"caption":"Delphos Magazine"},"image":{"@id":"https:\/\/www.delphosmagazine.com\/#\/schema\/logo\/image\/"}},{"@type":"Person","@id":"https:\/\/www.delphosmagazine.com\/#\/schema\/person\/ca31ea697fc6c143e0d63be58c577e6b","name":"Varitech","image":{"@type":"ImageObject","inLanguage":"en-US","@id":"https:\/\/www.delphosmagazine.com\/#\/schema\/person\/image\/","url":"https:\/\/secure.gravatar.com\/avatar\/a9943634b30ae329f1a041bbbee525de?s=96&d=mm&r=g","contentUrl":"https:\/\/secure.gravatar.com\/avatar\/a9943634b30ae329f1a041bbbee525de?s=96&d=mm&r=g","caption":"Varitech"},"url":"https:\/\/www.delphosmagazine.com\/en\/author\/carlos-valle\/"}]}},"_links":{"self":[{"href":"https:\/\/www.delphosmagazine.com\/en\/wp-json\/wp\/v2\/posts\/11926","targetHints":{"allow":["GET"]}}],"collection":[{"href":"https:\/\/www.delphosmagazine.com\/en\/wp-json\/wp\/v2\/posts"}],"about":[{"href":"https:\/\/www.delphosmagazine.com\/en\/wp-json\/wp\/v2\/types\/post"}],"author":[{"embeddable":true,"href":"https:\/\/www.delphosmagazine.com\/en\/wp-json\/wp\/v2\/users\/3"}],"replies":[{"embeddable":true,"href":"https:\/\/www.delphosmagazine.com\/en\/wp-json\/wp\/v2\/comments?post=11926"}],"version-history":[{"count":1,"href":"https:\/\/www.delphosmagazine.com\/en\/wp-json\/wp\/v2\/posts\/11926\/revisions"}],"predecessor-version":[{"id":11928,"href":"https:\/\/www.delphosmagazine.com\/en\/wp-json\/wp\/v2\/posts\/11926\/revisions\/11928"}],"wp:featuredmedia":[{"embeddable":true,"href":"https:\/\/www.delphosmagazine.com\/en\/wp-json\/wp\/v2\/media\/11927"}],"wp:attachment":[{"href":"https:\/\/www.delphosmagazine.com\/en\/wp-json\/wp\/v2\/media?parent=11926"}],"wp:term":[{"taxonomy":"category","embeddable":true,"href":"https:\/\/www.delphosmagazine.com\/en\/wp-json\/wp\/v2\/categories?post=11926"},{"taxonomy":"post_tag","embeddable":true,"href":"https:\/\/www.delphosmagazine.com\/en\/wp-json\/wp\/v2\/tags?post=11926"}],"curies":[{"name":"wp","href":"https:\/\/api.w.org\/{rel}","templated":true}]}}