{"id":11626,"date":"2022-08-12T13:19:18","date_gmt":"2022-08-12T17:19:18","guid":{"rendered":"https:\/\/www.delphosmagazine.com\/?p=11626"},"modified":"2022-08-12T13:19:18","modified_gmt":"2022-08-12T17:19:18","slug":"ceo-de-ryanair-michael-oleary-advierte-que-la-era-de-las-tarifas-ultrabajas-ha-terminado","status":"publish","type":"post","link":"https:\/\/www.delphosmagazine.com\/en\/ceo-de-ryanair-michael-oleary-advierte-que-la-era-de-las-tarifas-ultrabajas-ha-terminado\/","title":{"rendered":"CEO de Ryanair, Michael O&#8217;Leary, advierte que la era de las tarifas ultrabajas ha terminado"},"content":{"rendered":"<p style=\"text-align: justify;\">En una entrevista realizada por la BBC, el CEO de Ryanair, Michael O&#8217;Leary, se\u00f1alo que la era de las tarifas ultrabajas ha terminado y advirti\u00f3 que los precios de los boletos a\u00e9reos tendr\u00e1n que aumentar debido al aumento de los costos del combustible como resultado de la invasi\u00f3n rusa de Ucrania.<\/p>\n<p style=\"text-align: justify;\">O&#8217;Leary se\u00f1alo \u00abNo hay duda de que, en el extremo inferior del mercado, nuestras tarifas promocionales realmente baratas (las tarifas de un euro, las tarifas de 0,99 \u20ac, incluso las tarifas de 9,99 \u20ac) creo que no ver\u00e1 esas tarifas durante los pr\u00f3ximos a\u00f1os\u201d, adem\u00e1s a\u00f1adi\u00f3 \u201cCreemos que los 40 \u20ac deben subir hasta quiz\u00e1s los 50 \u20ac en los pr\u00f3ximos cinco a\u00f1os. Por lo tanto, la tarifa promedio de \u00a3 35 en el Reino Unido aumentar\u00e1 tal vez a \u00a3 42 o \u00a3 43\u201d<\/p>\n<p style=\"text-align: justify;\">La aerol\u00ednea de bajo costo irlandesa es conocida por sus ventas de boletos de costo ultra bajo. Pero seg\u00fan O&#8217;Leary, las tarifas ultrabajas resultan insostenibles durante este per\u00edodo marcado por las tensiones geopol\u00edticas, los problemas de la cadena de suministro y la volatilidad de los precios del petr\u00f3leo, as\u00ed como por posibles brotes de COVID-19.<\/p>\n<p style=\"text-align: justify;\">Los comentarios de O&#8217;Leary se hicieron poco despu\u00e9s de que la aerol\u00ednea econ\u00f3mica anunciara sus resultados financieros para el primer trimestre del a\u00f1o fiscal 2023.<\/p>\n<p style=\"text-align: justify;\">Durante el trimestre, Ryanair volvi\u00f3 a ser rentable, pero advirti\u00f3 sobre el estado \u00abfr\u00e1gil\u00bb del mercado de viajes a\u00e9reos y el riesgo de posibles nuevas variantes de COVID-19 en oto\u00f1o.<\/p>\n<p style=\"text-align: justify;\">En el primer trimestre del a\u00f1o fiscal 2023, Ryanair registr\u00f3 una ganancia despu\u00e9s de impuestos (PAT) de 170 millones de euros, un aumento en comparaci\u00f3n con una p\u00e9rdida de 273 millones de euros en el primer trimestre del a\u00f1o fiscal 2022. Los resultados financieros positivos se atribuyeron a la fuerte demanda de viajes a\u00e9reos.<\/p>\n<figure id=\"attachment_11627\" aria-describedby=\"caption-attachment-11627\" style=\"width: 1200px\" class=\"wp-caption aligncenter\"><img loading=\"lazy\" decoding=\"async\" class=\"size-full wp-image-11627\" src=\"https:\/\/www.delphosmagazine.com\/wp-content\/uploads\/2022\/08\/EDDH_B737_Ryanair_EI-EFX_Portada.jpg\" alt=\"\" width=\"1200\" height=\"675\" srcset=\"https:\/\/www.delphosmagazine.com\/wp-content\/uploads\/2022\/08\/EDDH_B737_Ryanair_EI-EFX_Portada.jpg 1200w, https:\/\/www.delphosmagazine.com\/wp-content\/uploads\/2022\/08\/EDDH_B737_Ryanair_EI-EFX_Portada-300x169.jpg 300w, https:\/\/www.delphosmagazine.com\/wp-content\/uploads\/2022\/08\/EDDH_B737_Ryanair_EI-EFX_Portada-1024x576.jpg 1024w, https:\/\/www.delphosmagazine.com\/wp-content\/uploads\/2022\/08\/EDDH_B737_Ryanair_EI-EFX_Portada-768x432.jpg 768w, https:\/\/www.delphosmagazine.com\/wp-content\/uploads\/2022\/08\/EDDH_B737_Ryanair_EI-EFX_Portada-150x84.jpg 150w, https:\/\/www.delphosmagazine.com\/wp-content\/uploads\/2022\/08\/EDDH_B737_Ryanair_EI-EFX_Portada-696x392.jpg 696w, https:\/\/www.delphosmagazine.com\/wp-content\/uploads\/2022\/08\/EDDH_B737_Ryanair_EI-EFX_Portada-1068x601.jpg 1068w\" sizes=\"auto, (max-width: 1200px) 100vw, 1200px\" \/><figcaption id=\"caption-attachment-11627\" class=\"wp-caption-text\">Virtualiners 2017<br \/>www.virtualiners.cl<\/figcaption><\/figure>","protected":false},"excerpt":{"rendered":"<p>En una entrevista realizada por la BBC, el CEO de Ryanair, Michael O&#8217;Leary, se\u00f1alo que la era de las tarifas ultrabajas ha terminado y advirti\u00f3 que los precios de los boletos a\u00e9reos tendr\u00e1n que aumentar debido al aumento de los costos del combustible como resultado de la invasi\u00f3n rusa de Ucrania. O&#8217;Leary se\u00f1alo \u00abNo hay [&hellip;]<\/p>\n","protected":false},"author":3,"featured_media":11627,"comment_status":"closed","ping_status":"closed","sticky":false,"template":"","format":"standard","meta":{"footnotes":""},"categories":[5],"tags":[266,1115],"class_list":{"0":"post-11626","1":"post","2":"type-post","3":"status-publish","4":"format-standard","5":"has-post-thumbnail","7":"category-aviacion-civil-comercial","8":"tag-ryanair","9":"tag-ulta-low-cost"},"yoast_head":"<!-- This site is optimized with the Yoast SEO plugin v26.5 - https:\/\/yoast.com\/wordpress\/plugins\/seo\/ -->\n<title>CEO de Ryanair, Michael O&#039;Leary, advierte que la era de las tarifas ultrabajas ha terminado | Delphos Magazine<\/title>\n<meta name=\"description\" content=\"Delphos Magazine es el principal medio de prensa generador y proveedor de contenidos aeron\u00e1uticos y de defensa de Latinoam\u00e9rica y el mundo\" \/>\n<meta name=\"robots\" content=\"index, follow, max-snippet:-1, max-image-preview:large, max-video-preview:-1\" \/>\n<link rel=\"canonical\" href=\"https:\/\/www.delphosmagazine.com\/en\/ceo-de-ryanair-michael-oleary-advierte-que-la-era-de-las-tarifas-ultrabajas-ha-terminado\/\" \/>\n<meta property=\"og:locale\" content=\"en_US\" \/>\n<meta property=\"og:type\" content=\"article\" \/>\n<meta property=\"og:title\" content=\"CEO de Ryanair, Michael O&#039;Leary, advierte que la era de las tarifas ultrabajas ha terminado | Delphos Magazine\" \/>\n<meta property=\"og:description\" content=\"Delphos Magazine es el principal medio de prensa generador y proveedor de contenidos aeron\u00e1uticos y de defensa de Latinoam\u00e9rica y el mundo\" \/>\n<meta property=\"og:url\" content=\"https:\/\/www.delphosmagazine.com\/en\/ceo-de-ryanair-michael-oleary-advierte-que-la-era-de-las-tarifas-ultrabajas-ha-terminado\/\" \/>\n<meta property=\"og:site_name\" content=\"Delphos Magazine\" \/>\n<meta property=\"article:published_time\" content=\"2022-08-12T17:19:18+00:00\" \/>\n<meta property=\"og:image\" content=\"https:\/\/www.delphosmagazine.com\/wp-content\/uploads\/2022\/08\/EDDH_B737_Ryanair_EI-EFX_Portada.jpg\" \/>\n\t<meta property=\"og:image:width\" content=\"1200\" \/>\n\t<meta property=\"og:image:height\" content=\"675\" \/>\n\t<meta property=\"og:image:type\" content=\"image\/jpeg\" \/>\n<meta name=\"author\" content=\"Varitech\" \/>\n<meta name=\"twitter:card\" content=\"summary_large_image\" \/>\n<meta name=\"twitter:label1\" content=\"Written by\" \/>\n\t<meta name=\"twitter:data1\" content=\"Varitech\" \/>\n\t<meta name=\"twitter:label2\" content=\"Est. reading time\" \/>\n\t<meta name=\"twitter:data2\" content=\"2 minutes\" \/>\n<script type=\"application\/ld+json\" class=\"yoast-schema-graph\">{\"@context\":\"https:\/\/schema.org\",\"@graph\":[{\"@type\":\"Article\",\"@id\":\"https:\/\/www.delphosmagazine.com\/ceo-de-ryanair-michael-oleary-advierte-que-la-era-de-las-tarifas-ultrabajas-ha-terminado\/#article\",\"isPartOf\":{\"@id\":\"https:\/\/www.delphosmagazine.com\/ceo-de-ryanair-michael-oleary-advierte-que-la-era-de-las-tarifas-ultrabajas-ha-terminado\/\"},\"author\":{\"name\":\"Varitech\",\"@id\":\"https:\/\/www.delphosmagazine.com\/#\/schema\/person\/ca31ea697fc6c143e0d63be58c577e6b\"},\"headline\":\"CEO de Ryanair, Michael O&#8217;Leary, advierte que la era de las tarifas ultrabajas ha terminado\",\"datePublished\":\"2022-08-12T17:19:18+00:00\",\"mainEntityOfPage\":{\"@id\":\"https:\/\/www.delphosmagazine.com\/ceo-de-ryanair-michael-oleary-advierte-que-la-era-de-las-tarifas-ultrabajas-ha-terminado\/\"},\"wordCount\":337,\"publisher\":{\"@id\":\"https:\/\/www.delphosmagazine.com\/#organization\"},\"image\":{\"@id\":\"https:\/\/www.delphosmagazine.com\/ceo-de-ryanair-michael-oleary-advierte-que-la-era-de-las-tarifas-ultrabajas-ha-terminado\/#primaryimage\"},\"thumbnailUrl\":\"https:\/\/www.delphosmagazine.com\/wp-content\/uploads\/2022\/08\/EDDH_B737_Ryanair_EI-EFX_Portada.jpg\",\"keywords\":[\"Ryanair\",\"Ulta Low Cost\"],\"articleSection\":[\"Aviaci\u00f3n Comercial\"],\"inLanguage\":\"en-US\"},{\"@type\":\"WebPage\",\"@id\":\"https:\/\/www.delphosmagazine.com\/ceo-de-ryanair-michael-oleary-advierte-que-la-era-de-las-tarifas-ultrabajas-ha-terminado\/\",\"url\":\"https:\/\/www.delphosmagazine.com\/ceo-de-ryanair-michael-oleary-advierte-que-la-era-de-las-tarifas-ultrabajas-ha-terminado\/\",\"name\":\"CEO de Ryanair, Michael O'Leary, advierte que la era de las tarifas ultrabajas ha terminado | Delphos Magazine\",\"isPartOf\":{\"@id\":\"https:\/\/www.delphosmagazine.com\/#website\"},\"primaryImageOfPage\":{\"@id\":\"https:\/\/www.delphosmagazine.com\/ceo-de-ryanair-michael-oleary-advierte-que-la-era-de-las-tarifas-ultrabajas-ha-terminado\/#primaryimage\"},\"image\":{\"@id\":\"https:\/\/www.delphosmagazine.com\/ceo-de-ryanair-michael-oleary-advierte-que-la-era-de-las-tarifas-ultrabajas-ha-terminado\/#primaryimage\"},\"thumbnailUrl\":\"https:\/\/www.delphosmagazine.com\/wp-content\/uploads\/2022\/08\/EDDH_B737_Ryanair_EI-EFX_Portada.jpg\",\"datePublished\":\"2022-08-12T17:19:18+00:00\",\"description\":\"Delphos Magazine es el principal medio de prensa generador y proveedor de contenidos aeron\u00e1uticos y de defensa de Latinoam\u00e9rica y el mundo\",\"breadcrumb\":{\"@id\":\"https:\/\/www.delphosmagazine.com\/ceo-de-ryanair-michael-oleary-advierte-que-la-era-de-las-tarifas-ultrabajas-ha-terminado\/#breadcrumb\"},\"inLanguage\":\"en-US\",\"potentialAction\":[{\"@type\":\"ReadAction\",\"target\":[\"https:\/\/www.delphosmagazine.com\/ceo-de-ryanair-michael-oleary-advierte-que-la-era-de-las-tarifas-ultrabajas-ha-terminado\/\"]}]},{\"@type\":\"ImageObject\",\"inLanguage\":\"en-US\",\"@id\":\"https:\/\/www.delphosmagazine.com\/ceo-de-ryanair-michael-oleary-advierte-que-la-era-de-las-tarifas-ultrabajas-ha-terminado\/#primaryimage\",\"url\":\"https:\/\/www.delphosmagazine.com\/wp-content\/uploads\/2022\/08\/EDDH_B737_Ryanair_EI-EFX_Portada.jpg\",\"contentUrl\":\"https:\/\/www.delphosmagazine.com\/wp-content\/uploads\/2022\/08\/EDDH_B737_Ryanair_EI-EFX_Portada.jpg\",\"width\":1200,\"height\":675,\"caption\":\"Virtualiners 2017 www.virtualiners.cl\"},{\"@type\":\"BreadcrumbList\",\"@id\":\"https:\/\/www.delphosmagazine.com\/ceo-de-ryanair-michael-oleary-advierte-que-la-era-de-las-tarifas-ultrabajas-ha-terminado\/#breadcrumb\",\"itemListElement\":[{\"@type\":\"ListItem\",\"position\":1,\"name\":\"Portada\",\"item\":\"https:\/\/www.delphosmagazine.com\/\"},{\"@type\":\"ListItem\",\"position\":2,\"name\":\"CEO de Ryanair, Michael O&#8217;Leary, advierte que la era de las tarifas ultrabajas ha terminado\"}]},{\"@type\":\"WebSite\",\"@id\":\"https:\/\/www.delphosmagazine.com\/#website\",\"url\":\"https:\/\/www.delphosmagazine.com\/\",\"name\":\"Delphos Magazine\",\"description\":\"principal medio de prensa generador y proveedor de contenidos aeron\u00e1uticos y de defensa de Latinoam\u00e9rica y el mundo\",\"publisher\":{\"@id\":\"https:\/\/www.delphosmagazine.com\/#organization\"},\"potentialAction\":[{\"@type\":\"SearchAction\",\"target\":{\"@type\":\"EntryPoint\",\"urlTemplate\":\"https:\/\/www.delphosmagazine.com\/?s={search_term_string}\"},\"query-input\":{\"@type\":\"PropertyValueSpecification\",\"valueRequired\":true,\"valueName\":\"search_term_string\"}}],\"inLanguage\":\"en-US\"},{\"@type\":\"Organization\",\"@id\":\"https:\/\/www.delphosmagazine.com\/#organization\",\"name\":\"Delphos Magazine\",\"url\":\"https:\/\/www.delphosmagazine.com\/\",\"logo\":{\"@type\":\"ImageObject\",\"inLanguage\":\"en-US\",\"@id\":\"https:\/\/www.delphosmagazine.com\/#\/schema\/logo\/image\/\",\"url\":\"https:\/\/www.delphosmagazine.com\/wp-content\/uploads\/2020\/10\/logo-negro.jpg\",\"contentUrl\":\"https:\/\/www.delphosmagazine.com\/wp-content\/uploads\/2020\/10\/logo-negro.jpg\",\"width\":872,\"height\":202,\"caption\":\"Delphos Magazine\"},\"image\":{\"@id\":\"https:\/\/www.delphosmagazine.com\/#\/schema\/logo\/image\/\"}},{\"@type\":\"Person\",\"@id\":\"https:\/\/www.delphosmagazine.com\/#\/schema\/person\/ca31ea697fc6c143e0d63be58c577e6b\",\"name\":\"Varitech\",\"image\":{\"@type\":\"ImageObject\",\"inLanguage\":\"en-US\",\"@id\":\"https:\/\/www.delphosmagazine.com\/#\/schema\/person\/image\/\",\"url\":\"https:\/\/secure.gravatar.com\/avatar\/a9943634b30ae329f1a041bbbee525de?s=96&d=mm&r=g\",\"contentUrl\":\"https:\/\/secure.gravatar.com\/avatar\/a9943634b30ae329f1a041bbbee525de?s=96&d=mm&r=g\",\"caption\":\"Varitech\"},\"url\":\"https:\/\/www.delphosmagazine.com\/en\/author\/carlos-valle\/\"}]}<\/script>\n<!-- \/ Yoast SEO plugin. -->","yoast_head_json":{"title":"CEO de Ryanair, Michael O'Leary, advierte que la era de las tarifas ultrabajas ha terminado | Delphos Magazine","description":"Delphos Magazine es el principal medio de prensa generador y proveedor de contenidos aeron\u00e1uticos y de defensa de Latinoam\u00e9rica y el mundo","robots":{"index":"index","follow":"follow","max-snippet":"max-snippet:-1","max-image-preview":"max-image-preview:large","max-video-preview":"max-video-preview:-1"},"canonical":"https:\/\/www.delphosmagazine.com\/en\/ceo-de-ryanair-michael-oleary-advierte-que-la-era-de-las-tarifas-ultrabajas-ha-terminado\/","og_locale":"en_US","og_type":"article","og_title":"CEO de Ryanair, Michael O'Leary, advierte que la era de las tarifas ultrabajas ha terminado | Delphos Magazine","og_description":"Delphos Magazine es el principal medio de prensa generador y proveedor de contenidos aeron\u00e1uticos y de defensa de Latinoam\u00e9rica y el mundo","og_url":"https:\/\/www.delphosmagazine.com\/en\/ceo-de-ryanair-michael-oleary-advierte-que-la-era-de-las-tarifas-ultrabajas-ha-terminado\/","og_site_name":"Delphos Magazine","article_published_time":"2022-08-12T17:19:18+00:00","og_image":[{"width":1200,"height":675,"url":"https:\/\/www.delphosmagazine.com\/wp-content\/uploads\/2022\/08\/EDDH_B737_Ryanair_EI-EFX_Portada.jpg","type":"image\/jpeg"}],"author":"Varitech","twitter_card":"summary_large_image","twitter_misc":{"Written by":"Varitech","Est. reading time":"2 minutes"},"schema":{"@context":"https:\/\/schema.org","@graph":[{"@type":"Article","@id":"https:\/\/www.delphosmagazine.com\/ceo-de-ryanair-michael-oleary-advierte-que-la-era-de-las-tarifas-ultrabajas-ha-terminado\/#article","isPartOf":{"@id":"https:\/\/www.delphosmagazine.com\/ceo-de-ryanair-michael-oleary-advierte-que-la-era-de-las-tarifas-ultrabajas-ha-terminado\/"},"author":{"name":"Varitech","@id":"https:\/\/www.delphosmagazine.com\/#\/schema\/person\/ca31ea697fc6c143e0d63be58c577e6b"},"headline":"CEO de Ryanair, Michael O&#8217;Leary, advierte que la era de las tarifas ultrabajas ha terminado","datePublished":"2022-08-12T17:19:18+00:00","mainEntityOfPage":{"@id":"https:\/\/www.delphosmagazine.com\/ceo-de-ryanair-michael-oleary-advierte-que-la-era-de-las-tarifas-ultrabajas-ha-terminado\/"},"wordCount":337,"publisher":{"@id":"https:\/\/www.delphosmagazine.com\/#organization"},"image":{"@id":"https:\/\/www.delphosmagazine.com\/ceo-de-ryanair-michael-oleary-advierte-que-la-era-de-las-tarifas-ultrabajas-ha-terminado\/#primaryimage"},"thumbnailUrl":"https:\/\/www.delphosmagazine.com\/wp-content\/uploads\/2022\/08\/EDDH_B737_Ryanair_EI-EFX_Portada.jpg","keywords":["Ryanair","Ulta Low Cost"],"articleSection":["Aviaci\u00f3n Comercial"],"inLanguage":"en-US"},{"@type":"WebPage","@id":"https:\/\/www.delphosmagazine.com\/ceo-de-ryanair-michael-oleary-advierte-que-la-era-de-las-tarifas-ultrabajas-ha-terminado\/","url":"https:\/\/www.delphosmagazine.com\/ceo-de-ryanair-michael-oleary-advierte-que-la-era-de-las-tarifas-ultrabajas-ha-terminado\/","name":"CEO de Ryanair, Michael O'Leary, advierte que la era de las tarifas ultrabajas ha terminado | Delphos Magazine","isPartOf":{"@id":"https:\/\/www.delphosmagazine.com\/#website"},"primaryImageOfPage":{"@id":"https:\/\/www.delphosmagazine.com\/ceo-de-ryanair-michael-oleary-advierte-que-la-era-de-las-tarifas-ultrabajas-ha-terminado\/#primaryimage"},"image":{"@id":"https:\/\/www.delphosmagazine.com\/ceo-de-ryanair-michael-oleary-advierte-que-la-era-de-las-tarifas-ultrabajas-ha-terminado\/#primaryimage"},"thumbnailUrl":"https:\/\/www.delphosmagazine.com\/wp-content\/uploads\/2022\/08\/EDDH_B737_Ryanair_EI-EFX_Portada.jpg","datePublished":"2022-08-12T17:19:18+00:00","description":"Delphos Magazine es el principal medio de prensa generador y proveedor de contenidos aeron\u00e1uticos y de defensa de Latinoam\u00e9rica y el mundo","breadcrumb":{"@id":"https:\/\/www.delphosmagazine.com\/ceo-de-ryanair-michael-oleary-advierte-que-la-era-de-las-tarifas-ultrabajas-ha-terminado\/#breadcrumb"},"inLanguage":"en-US","potentialAction":[{"@type":"ReadAction","target":["https:\/\/www.delphosmagazine.com\/ceo-de-ryanair-michael-oleary-advierte-que-la-era-de-las-tarifas-ultrabajas-ha-terminado\/"]}]},{"@type":"ImageObject","inLanguage":"en-US","@id":"https:\/\/www.delphosmagazine.com\/ceo-de-ryanair-michael-oleary-advierte-que-la-era-de-las-tarifas-ultrabajas-ha-terminado\/#primaryimage","url":"https:\/\/www.delphosmagazine.com\/wp-content\/uploads\/2022\/08\/EDDH_B737_Ryanair_EI-EFX_Portada.jpg","contentUrl":"https:\/\/www.delphosmagazine.com\/wp-content\/uploads\/2022\/08\/EDDH_B737_Ryanair_EI-EFX_Portada.jpg","width":1200,"height":675,"caption":"Virtualiners 2017 www.virtualiners.cl"},{"@type":"BreadcrumbList","@id":"https:\/\/www.delphosmagazine.com\/ceo-de-ryanair-michael-oleary-advierte-que-la-era-de-las-tarifas-ultrabajas-ha-terminado\/#breadcrumb","itemListElement":[{"@type":"ListItem","position":1,"name":"Portada","item":"https:\/\/www.delphosmagazine.com\/"},{"@type":"ListItem","position":2,"name":"CEO de Ryanair, Michael O&#8217;Leary, advierte que la era de las tarifas ultrabajas ha terminado"}]},{"@type":"WebSite","@id":"https:\/\/www.delphosmagazine.com\/#website","url":"https:\/\/www.delphosmagazine.com\/","name":"Delphos Magazine","description":"principal medio de prensa generador y proveedor de contenidos aeron\u00e1uticos y de defensa de Latinoam\u00e9rica y el mundo","publisher":{"@id":"https:\/\/www.delphosmagazine.com\/#organization"},"potentialAction":[{"@type":"SearchAction","target":{"@type":"EntryPoint","urlTemplate":"https:\/\/www.delphosmagazine.com\/?s={search_term_string}"},"query-input":{"@type":"PropertyValueSpecification","valueRequired":true,"valueName":"search_term_string"}}],"inLanguage":"en-US"},{"@type":"Organization","@id":"https:\/\/www.delphosmagazine.com\/#organization","name":"Delphos Magazine","url":"https:\/\/www.delphosmagazine.com\/","logo":{"@type":"ImageObject","inLanguage":"en-US","@id":"https:\/\/www.delphosmagazine.com\/#\/schema\/logo\/image\/","url":"https:\/\/www.delphosmagazine.com\/wp-content\/uploads\/2020\/10\/logo-negro.jpg","contentUrl":"https:\/\/www.delphosmagazine.com\/wp-content\/uploads\/2020\/10\/logo-negro.jpg","width":872,"height":202,"caption":"Delphos Magazine"},"image":{"@id":"https:\/\/www.delphosmagazine.com\/#\/schema\/logo\/image\/"}},{"@type":"Person","@id":"https:\/\/www.delphosmagazine.com\/#\/schema\/person\/ca31ea697fc6c143e0d63be58c577e6b","name":"Varitech","image":{"@type":"ImageObject","inLanguage":"en-US","@id":"https:\/\/www.delphosmagazine.com\/#\/schema\/person\/image\/","url":"https:\/\/secure.gravatar.com\/avatar\/a9943634b30ae329f1a041bbbee525de?s=96&d=mm&r=g","contentUrl":"https:\/\/secure.gravatar.com\/avatar\/a9943634b30ae329f1a041bbbee525de?s=96&d=mm&r=g","caption":"Varitech"},"url":"https:\/\/www.delphosmagazine.com\/en\/author\/carlos-valle\/"}]}},"_links":{"self":[{"href":"https:\/\/www.delphosmagazine.com\/en\/wp-json\/wp\/v2\/posts\/11626","targetHints":{"allow":["GET"]}}],"collection":[{"href":"https:\/\/www.delphosmagazine.com\/en\/wp-json\/wp\/v2\/posts"}],"about":[{"href":"https:\/\/www.delphosmagazine.com\/en\/wp-json\/wp\/v2\/types\/post"}],"author":[{"embeddable":true,"href":"https:\/\/www.delphosmagazine.com\/en\/wp-json\/wp\/v2\/users\/3"}],"replies":[{"embeddable":true,"href":"https:\/\/www.delphosmagazine.com\/en\/wp-json\/wp\/v2\/comments?post=11626"}],"version-history":[{"count":2,"href":"https:\/\/www.delphosmagazine.com\/en\/wp-json\/wp\/v2\/posts\/11626\/revisions"}],"predecessor-version":[{"id":11629,"href":"https:\/\/www.delphosmagazine.com\/en\/wp-json\/wp\/v2\/posts\/11626\/revisions\/11629"}],"wp:featuredmedia":[{"embeddable":true,"href":"https:\/\/www.delphosmagazine.com\/en\/wp-json\/wp\/v2\/media\/11627"}],"wp:attachment":[{"href":"https:\/\/www.delphosmagazine.com\/en\/wp-json\/wp\/v2\/media?parent=11626"}],"wp:term":[{"taxonomy":"category","embeddable":true,"href":"https:\/\/www.delphosmagazine.com\/en\/wp-json\/wp\/v2\/categories?post=11626"},{"taxonomy":"post_tag","embeddable":true,"href":"https:\/\/www.delphosmagazine.com\/en\/wp-json\/wp\/v2\/tags?post=11626"}],"curies":[{"name":"wp","href":"https:\/\/api.w.org\/{rel}","templated":true}]}}