{"id":11301,"date":"2022-07-13T17:14:37","date_gmt":"2022-07-13T21:14:37","guid":{"rendered":"https:\/\/www.delphosmagazine.com\/?p=11301"},"modified":"2022-07-13T17:16:20","modified_gmt":"2022-07-13T21:16:20","slug":"aniversario-n-78-museo-nacional-aeronautico-y-del-espacio","status":"publish","type":"post","link":"https:\/\/www.delphosmagazine.com\/en\/aniversario-n-78-museo-nacional-aeronautico-y-del-espacio\/","title":{"rendered":"Aniversario N\u00b0 78 Museo Nacional Aeron\u00e1utico y del Espacio"},"content":{"rendered":"<p style=\"text-align: justify;\">Fundado el 13 de julio de 1944 en la necesidad de perpetuar los hechos hist\u00f3ricos aeron\u00e1uticos ocurridos hasta esa fecha y con la determinaci\u00f3n de hombres visionarios como el Coronel Enrique Flores A., el Comandante en Jefe de la \u00e9poca, Manuel Tovarias Arrollo, motivan al presidente Juan Antonio R\u00edos, a crear el Museo de Aviaci\u00f3n, mediante el Decreto Supremo 486.<\/p>\n<p style=\"text-align: justify;\">La primera ubicaci\u00f3n del museo fue en una casona en la Calle Catedral, posteriormente, en la Alameda, en dependencias de la entonces Direcci\u00f3n de Aeron\u00e1utica.\u00a0 Con el correr del tiempo, se integra con el Museo Hist\u00f3rico Nacional, en el actual edificio del Archivo Nacional. En 1965, el museo se instala en el Pabell\u00f3n Par\u00eds, de la Quinta Normal.<\/p>\n<p style=\"text-align: justify;\">Posteriormente, en 1992 se traslada a sus actuales instalaciones, cuya materializaci\u00f3n fue obra del ex Comandante en Jefe de la Fuerza A\u00e9rea de Chile, don Fernando Matthei Aubel y de su director Mario Jahn Barrera.<\/p>\n<p style=\"text-align: justify;\">El a\u00f1o 1995 y gracias al desarrollo alcanzado se modifica su nombre y alcance, a Museo Nacional Aeron\u00e1utico y del Espacio, mediante el Decreto Supremo 800.<\/p>\n<p style=\"text-align: justify;\">Actualmente el museo est\u00e1 abierto, operando con los controles sanitarios y reglas de aforo colocadas por la entidad sanitaria. Por lo cual se debe tener una reserva para visitarlo. Las reservas se deben realizar de Martes a Jueves en horario de oficina, en la p\u00e1gina del museo, posteriormente recibir\u00e1s un correo confirmando su solicitud, este email ser\u00e1 solicitado a tu ingreso al Museo. Los visitantes podr\u00e1n recorrer el Museo durante 1 hora y 30 minutos, de Martes a Domingo en tres franjas horarias: 10:00 a 11:30 hrs., 11:45 a 13:15 hrs. y 14:30 a 16:00 hrs.<\/p>\n<p style=\"text-align: justify;\">El museo exhibe 92 aeronaves, de las cuales, 35 han sido declaradas Monumento Hist\u00f3rico por el Consejo de Monumentos Nacionales e integra un promedio de tres aviones cada a\u00f1o a su colecci\u00f3n.<\/p>\n<p style=\"text-align: justify;\">Delphos Magazine, env\u00eda un afectuoso saludo al Museo Nacional Aeron\u00e1utico y del Espacio de Chile encabezado por su director don Ricardo Guti\u00e9rrez Alfaro, y a todos quienes de una u otra forma participan y trabajan para preservar nuestra historia aeron\u00e1utica.<\/p>\n<p style=\"text-align: justify;\">A dem\u00e1s aprovechamos la oportunidad, para agradecer el inmenso apoyo que nos ha brindado para que nuestro proyecto este progresando en este reducido mundo de los informativos aeron\u00e1uticos.<\/p>\n<p><img loading=\"lazy\" decoding=\"async\" class=\"aligncenter size-full wp-image-11302\" src=\"https:\/\/www.delphosmagazine.com\/wp-content\/uploads\/2022\/07\/MNAE_DelphosMagazine_Portada.jpg\" alt=\"\" width=\"1200\" height=\"675\" srcset=\"https:\/\/www.delphosmagazine.com\/wp-content\/uploads\/2022\/07\/MNAE_DelphosMagazine_Portada.jpg 1200w, https:\/\/www.delphosmagazine.com\/wp-content\/uploads\/2022\/07\/MNAE_DelphosMagazine_Portada-300x169.jpg 300w, https:\/\/www.delphosmagazine.com\/wp-content\/uploads\/2022\/07\/MNAE_DelphosMagazine_Portada-1024x576.jpg 1024w, https:\/\/www.delphosmagazine.com\/wp-content\/uploads\/2022\/07\/MNAE_DelphosMagazine_Portada-768x432.jpg 768w, https:\/\/www.delphosmagazine.com\/wp-content\/uploads\/2022\/07\/MNAE_DelphosMagazine_Portada-150x84.jpg 150w, https:\/\/www.delphosmagazine.com\/wp-content\/uploads\/2022\/07\/MNAE_DelphosMagazine_Portada-696x392.jpg 696w, https:\/\/www.delphosmagazine.com\/wp-content\/uploads\/2022\/07\/MNAE_DelphosMagazine_Portada-1068x601.jpg 1068w\" sizes=\"auto, (max-width: 1200px) 100vw, 1200px\" \/><\/p>","protected":false},"excerpt":{"rendered":"<p>Fundado el 13 de julio de 1944 en la necesidad de perpetuar los hechos hist\u00f3ricos aeron\u00e1uticos ocurridos hasta esa fecha y con la determinaci\u00f3n de hombres visionarios como el Coronel Enrique Flores A., el Comandante en Jefe de la \u00e9poca, Manuel Tovarias Arrollo, motivan al presidente Juan Antonio R\u00edos, a crear el Museo de Aviaci\u00f3n, [&hellip;]<\/p>\n","protected":false},"author":3,"featured_media":11302,"comment_status":"closed","ping_status":"closed","sticky":false,"template":"","format":"standard","meta":{"footnotes":""},"categories":[3,26],"tags":[138,139,1051,320],"class_list":{"0":"post-11301","1":"post","2":"type-post","3":"status-publish","4":"format-standard","5":"has-post-thumbnail","7":"category-aviacion","8":"category-destacados","9":"tag-dgac","10":"tag-dgac-chile","11":"tag-mnae","12":"tag-museo-nacional-aeronautico-y-del-espacio"},"yoast_head":"<!-- This site is optimized with the Yoast SEO plugin v26.5 - https:\/\/yoast.com\/wordpress\/plugins\/seo\/ -->\n<title>Aniversario N\u00b0 78 Museo Nacional Aeron\u00e1utico y del Espacio | Delphos Magazine<\/title>\n<meta name=\"description\" content=\"Delphos Magazine es el principal medio de prensa generador y proveedor de contenidos aeron\u00e1uticos y de defensa de Latinoam\u00e9rica y el mundo\" \/>\n<meta name=\"robots\" content=\"index, follow, max-snippet:-1, max-image-preview:large, max-video-preview:-1\" \/>\n<link rel=\"canonical\" href=\"https:\/\/www.delphosmagazine.com\/en\/aniversario-n-78-museo-nacional-aeronautico-y-del-espacio\/\" \/>\n<meta property=\"og:locale\" content=\"en_US\" \/>\n<meta property=\"og:type\" content=\"article\" \/>\n<meta property=\"og:title\" content=\"Aniversario N\u00b0 78 Museo Nacional Aeron\u00e1utico y del Espacio | Delphos Magazine\" \/>\n<meta property=\"og:description\" content=\"Delphos Magazine es el principal medio de prensa generador y proveedor de contenidos aeron\u00e1uticos y de defensa de Latinoam\u00e9rica y el mundo\" \/>\n<meta property=\"og:url\" content=\"https:\/\/www.delphosmagazine.com\/en\/aniversario-n-78-museo-nacional-aeronautico-y-del-espacio\/\" \/>\n<meta property=\"og:site_name\" content=\"Delphos Magazine\" \/>\n<meta property=\"article:published_time\" content=\"2022-07-13T21:14:37+00:00\" \/>\n<meta property=\"article:modified_time\" content=\"2022-07-13T21:16:20+00:00\" \/>\n<meta property=\"og:image\" content=\"https:\/\/www.delphosmagazine.com\/wp-content\/uploads\/2022\/07\/MNAE_DelphosMagazine_Portada.jpg\" \/>\n\t<meta property=\"og:image:width\" content=\"1200\" \/>\n\t<meta property=\"og:image:height\" content=\"675\" \/>\n\t<meta property=\"og:image:type\" content=\"image\/jpeg\" \/>\n<meta name=\"author\" content=\"Varitech\" \/>\n<meta name=\"twitter:card\" content=\"summary_large_image\" \/>\n<meta name=\"twitter:label1\" content=\"Written by\" \/>\n\t<meta name=\"twitter:data1\" content=\"Varitech\" \/>\n\t<meta name=\"twitter:label2\" content=\"Est. reading time\" \/>\n\t<meta name=\"twitter:data2\" content=\"2 minutes\" \/>\n<script type=\"application\/ld+json\" class=\"yoast-schema-graph\">{\"@context\":\"https:\/\/schema.org\",\"@graph\":[{\"@type\":\"Article\",\"@id\":\"https:\/\/www.delphosmagazine.com\/aniversario-n-78-museo-nacional-aeronautico-y-del-espacio\/#article\",\"isPartOf\":{\"@id\":\"https:\/\/www.delphosmagazine.com\/aniversario-n-78-museo-nacional-aeronautico-y-del-espacio\/\"},\"author\":{\"name\":\"Varitech\",\"@id\":\"https:\/\/www.delphosmagazine.com\/#\/schema\/person\/ca31ea697fc6c143e0d63be58c577e6b\"},\"headline\":\"Aniversario N\u00b0 78 Museo Nacional Aeron\u00e1utico y del Espacio\",\"datePublished\":\"2022-07-13T21:14:37+00:00\",\"dateModified\":\"2022-07-13T21:16:20+00:00\",\"mainEntityOfPage\":{\"@id\":\"https:\/\/www.delphosmagazine.com\/aniversario-n-78-museo-nacional-aeronautico-y-del-espacio\/\"},\"wordCount\":394,\"publisher\":{\"@id\":\"https:\/\/www.delphosmagazine.com\/#organization\"},\"image\":{\"@id\":\"https:\/\/www.delphosmagazine.com\/aniversario-n-78-museo-nacional-aeronautico-y-del-espacio\/#primaryimage\"},\"thumbnailUrl\":\"https:\/\/www.delphosmagazine.com\/wp-content\/uploads\/2022\/07\/MNAE_DelphosMagazine_Portada.jpg\",\"keywords\":[\"DGAC\",\"DGAC Chile\",\"MNAE\",\"Museo Nacional Aeronautico y del Espacio\"],\"articleSection\":[\"Aviaci\u00f3n\",\"Destacados\"],\"inLanguage\":\"en-US\"},{\"@type\":\"WebPage\",\"@id\":\"https:\/\/www.delphosmagazine.com\/aniversario-n-78-museo-nacional-aeronautico-y-del-espacio\/\",\"url\":\"https:\/\/www.delphosmagazine.com\/aniversario-n-78-museo-nacional-aeronautico-y-del-espacio\/\",\"name\":\"Aniversario N\u00b0 78 Museo Nacional Aeron\u00e1utico y del Espacio | Delphos Magazine\",\"isPartOf\":{\"@id\":\"https:\/\/www.delphosmagazine.com\/#website\"},\"primaryImageOfPage\":{\"@id\":\"https:\/\/www.delphosmagazine.com\/aniversario-n-78-museo-nacional-aeronautico-y-del-espacio\/#primaryimage\"},\"image\":{\"@id\":\"https:\/\/www.delphosmagazine.com\/aniversario-n-78-museo-nacional-aeronautico-y-del-espacio\/#primaryimage\"},\"thumbnailUrl\":\"https:\/\/www.delphosmagazine.com\/wp-content\/uploads\/2022\/07\/MNAE_DelphosMagazine_Portada.jpg\",\"datePublished\":\"2022-07-13T21:14:37+00:00\",\"dateModified\":\"2022-07-13T21:16:20+00:00\",\"description\":\"Delphos Magazine es el principal medio de prensa generador y proveedor de contenidos aeron\u00e1uticos y de defensa de Latinoam\u00e9rica y el mundo\",\"breadcrumb\":{\"@id\":\"https:\/\/www.delphosmagazine.com\/aniversario-n-78-museo-nacional-aeronautico-y-del-espacio\/#breadcrumb\"},\"inLanguage\":\"en-US\",\"potentialAction\":[{\"@type\":\"ReadAction\",\"target\":[\"https:\/\/www.delphosmagazine.com\/aniversario-n-78-museo-nacional-aeronautico-y-del-espacio\/\"]}]},{\"@type\":\"ImageObject\",\"inLanguage\":\"en-US\",\"@id\":\"https:\/\/www.delphosmagazine.com\/aniversario-n-78-museo-nacional-aeronautico-y-del-espacio\/#primaryimage\",\"url\":\"https:\/\/www.delphosmagazine.com\/wp-content\/uploads\/2022\/07\/MNAE_DelphosMagazine_Portada.jpg\",\"contentUrl\":\"https:\/\/www.delphosmagazine.com\/wp-content\/uploads\/2022\/07\/MNAE_DelphosMagazine_Portada.jpg\",\"width\":1200,\"height\":675},{\"@type\":\"BreadcrumbList\",\"@id\":\"https:\/\/www.delphosmagazine.com\/aniversario-n-78-museo-nacional-aeronautico-y-del-espacio\/#breadcrumb\",\"itemListElement\":[{\"@type\":\"ListItem\",\"position\":1,\"name\":\"Portada\",\"item\":\"https:\/\/www.delphosmagazine.com\/\"},{\"@type\":\"ListItem\",\"position\":2,\"name\":\"Aniversario N\u00b0 78 Museo Nacional Aeron\u00e1utico y del Espacio\"}]},{\"@type\":\"WebSite\",\"@id\":\"https:\/\/www.delphosmagazine.com\/#website\",\"url\":\"https:\/\/www.delphosmagazine.com\/\",\"name\":\"Delphos Magazine\",\"description\":\"principal medio de prensa generador y proveedor de contenidos aeron\u00e1uticos y de defensa de Latinoam\u00e9rica y el mundo\",\"publisher\":{\"@id\":\"https:\/\/www.delphosmagazine.com\/#organization\"},\"potentialAction\":[{\"@type\":\"SearchAction\",\"target\":{\"@type\":\"EntryPoint\",\"urlTemplate\":\"https:\/\/www.delphosmagazine.com\/?s={search_term_string}\"},\"query-input\":{\"@type\":\"PropertyValueSpecification\",\"valueRequired\":true,\"valueName\":\"search_term_string\"}}],\"inLanguage\":\"en-US\"},{\"@type\":\"Organization\",\"@id\":\"https:\/\/www.delphosmagazine.com\/#organization\",\"name\":\"Delphos Magazine\",\"url\":\"https:\/\/www.delphosmagazine.com\/\",\"logo\":{\"@type\":\"ImageObject\",\"inLanguage\":\"en-US\",\"@id\":\"https:\/\/www.delphosmagazine.com\/#\/schema\/logo\/image\/\",\"url\":\"https:\/\/www.delphosmagazine.com\/wp-content\/uploads\/2020\/10\/logo-negro.jpg\",\"contentUrl\":\"https:\/\/www.delphosmagazine.com\/wp-content\/uploads\/2020\/10\/logo-negro.jpg\",\"width\":872,\"height\":202,\"caption\":\"Delphos Magazine\"},\"image\":{\"@id\":\"https:\/\/www.delphosmagazine.com\/#\/schema\/logo\/image\/\"}},{\"@type\":\"Person\",\"@id\":\"https:\/\/www.delphosmagazine.com\/#\/schema\/person\/ca31ea697fc6c143e0d63be58c577e6b\",\"name\":\"Varitech\",\"image\":{\"@type\":\"ImageObject\",\"inLanguage\":\"en-US\",\"@id\":\"https:\/\/www.delphosmagazine.com\/#\/schema\/person\/image\/\",\"url\":\"https:\/\/secure.gravatar.com\/avatar\/a9943634b30ae329f1a041bbbee525de?s=96&d=mm&r=g\",\"contentUrl\":\"https:\/\/secure.gravatar.com\/avatar\/a9943634b30ae329f1a041bbbee525de?s=96&d=mm&r=g\",\"caption\":\"Varitech\"},\"url\":\"https:\/\/www.delphosmagazine.com\/en\/author\/carlos-valle\/\"}]}<\/script>\n<!-- \/ Yoast SEO plugin. -->","yoast_head_json":{"title":"Aniversario N\u00b0 78 Museo Nacional Aeron\u00e1utico y del Espacio | Delphos Magazine","description":"Delphos Magazine es el principal medio de prensa generador y proveedor de contenidos aeron\u00e1uticos y de defensa de Latinoam\u00e9rica y el mundo","robots":{"index":"index","follow":"follow","max-snippet":"max-snippet:-1","max-image-preview":"max-image-preview:large","max-video-preview":"max-video-preview:-1"},"canonical":"https:\/\/www.delphosmagazine.com\/en\/aniversario-n-78-museo-nacional-aeronautico-y-del-espacio\/","og_locale":"en_US","og_type":"article","og_title":"Aniversario N\u00b0 78 Museo Nacional Aeron\u00e1utico y del Espacio | Delphos Magazine","og_description":"Delphos Magazine es el principal medio de prensa generador y proveedor de contenidos aeron\u00e1uticos y de defensa de Latinoam\u00e9rica y el mundo","og_url":"https:\/\/www.delphosmagazine.com\/en\/aniversario-n-78-museo-nacional-aeronautico-y-del-espacio\/","og_site_name":"Delphos Magazine","article_published_time":"2022-07-13T21:14:37+00:00","article_modified_time":"2022-07-13T21:16:20+00:00","og_image":[{"width":1200,"height":675,"url":"https:\/\/www.delphosmagazine.com\/wp-content\/uploads\/2022\/07\/MNAE_DelphosMagazine_Portada.jpg","type":"image\/jpeg"}],"author":"Varitech","twitter_card":"summary_large_image","twitter_misc":{"Written by":"Varitech","Est. reading time":"2 minutes"},"schema":{"@context":"https:\/\/schema.org","@graph":[{"@type":"Article","@id":"https:\/\/www.delphosmagazine.com\/aniversario-n-78-museo-nacional-aeronautico-y-del-espacio\/#article","isPartOf":{"@id":"https:\/\/www.delphosmagazine.com\/aniversario-n-78-museo-nacional-aeronautico-y-del-espacio\/"},"author":{"name":"Varitech","@id":"https:\/\/www.delphosmagazine.com\/#\/schema\/person\/ca31ea697fc6c143e0d63be58c577e6b"},"headline":"Aniversario N\u00b0 78 Museo Nacional Aeron\u00e1utico y del Espacio","datePublished":"2022-07-13T21:14:37+00:00","dateModified":"2022-07-13T21:16:20+00:00","mainEntityOfPage":{"@id":"https:\/\/www.delphosmagazine.com\/aniversario-n-78-museo-nacional-aeronautico-y-del-espacio\/"},"wordCount":394,"publisher":{"@id":"https:\/\/www.delphosmagazine.com\/#organization"},"image":{"@id":"https:\/\/www.delphosmagazine.com\/aniversario-n-78-museo-nacional-aeronautico-y-del-espacio\/#primaryimage"},"thumbnailUrl":"https:\/\/www.delphosmagazine.com\/wp-content\/uploads\/2022\/07\/MNAE_DelphosMagazine_Portada.jpg","keywords":["DGAC","DGAC Chile","MNAE","Museo Nacional Aeronautico y del Espacio"],"articleSection":["Aviaci\u00f3n","Destacados"],"inLanguage":"en-US"},{"@type":"WebPage","@id":"https:\/\/www.delphosmagazine.com\/aniversario-n-78-museo-nacional-aeronautico-y-del-espacio\/","url":"https:\/\/www.delphosmagazine.com\/aniversario-n-78-museo-nacional-aeronautico-y-del-espacio\/","name":"Aniversario N\u00b0 78 Museo Nacional Aeron\u00e1utico y del Espacio | Delphos Magazine","isPartOf":{"@id":"https:\/\/www.delphosmagazine.com\/#website"},"primaryImageOfPage":{"@id":"https:\/\/www.delphosmagazine.com\/aniversario-n-78-museo-nacional-aeronautico-y-del-espacio\/#primaryimage"},"image":{"@id":"https:\/\/www.delphosmagazine.com\/aniversario-n-78-museo-nacional-aeronautico-y-del-espacio\/#primaryimage"},"thumbnailUrl":"https:\/\/www.delphosmagazine.com\/wp-content\/uploads\/2022\/07\/MNAE_DelphosMagazine_Portada.jpg","datePublished":"2022-07-13T21:14:37+00:00","dateModified":"2022-07-13T21:16:20+00:00","description":"Delphos Magazine es el principal medio de prensa generador y proveedor de contenidos aeron\u00e1uticos y de defensa de Latinoam\u00e9rica y el mundo","breadcrumb":{"@id":"https:\/\/www.delphosmagazine.com\/aniversario-n-78-museo-nacional-aeronautico-y-del-espacio\/#breadcrumb"},"inLanguage":"en-US","potentialAction":[{"@type":"ReadAction","target":["https:\/\/www.delphosmagazine.com\/aniversario-n-78-museo-nacional-aeronautico-y-del-espacio\/"]}]},{"@type":"ImageObject","inLanguage":"en-US","@id":"https:\/\/www.delphosmagazine.com\/aniversario-n-78-museo-nacional-aeronautico-y-del-espacio\/#primaryimage","url":"https:\/\/www.delphosmagazine.com\/wp-content\/uploads\/2022\/07\/MNAE_DelphosMagazine_Portada.jpg","contentUrl":"https:\/\/www.delphosmagazine.com\/wp-content\/uploads\/2022\/07\/MNAE_DelphosMagazine_Portada.jpg","width":1200,"height":675},{"@type":"BreadcrumbList","@id":"https:\/\/www.delphosmagazine.com\/aniversario-n-78-museo-nacional-aeronautico-y-del-espacio\/#breadcrumb","itemListElement":[{"@type":"ListItem","position":1,"name":"Portada","item":"https:\/\/www.delphosmagazine.com\/"},{"@type":"ListItem","position":2,"name":"Aniversario N\u00b0 78 Museo Nacional Aeron\u00e1utico y del Espacio"}]},{"@type":"WebSite","@id":"https:\/\/www.delphosmagazine.com\/#website","url":"https:\/\/www.delphosmagazine.com\/","name":"Delphos Magazine","description":"principal medio de prensa generador y proveedor de contenidos aeron\u00e1uticos y de defensa de Latinoam\u00e9rica y el mundo","publisher":{"@id":"https:\/\/www.delphosmagazine.com\/#organization"},"potentialAction":[{"@type":"SearchAction","target":{"@type":"EntryPoint","urlTemplate":"https:\/\/www.delphosmagazine.com\/?s={search_term_string}"},"query-input":{"@type":"PropertyValueSpecification","valueRequired":true,"valueName":"search_term_string"}}],"inLanguage":"en-US"},{"@type":"Organization","@id":"https:\/\/www.delphosmagazine.com\/#organization","name":"Delphos Magazine","url":"https:\/\/www.delphosmagazine.com\/","logo":{"@type":"ImageObject","inLanguage":"en-US","@id":"https:\/\/www.delphosmagazine.com\/#\/schema\/logo\/image\/","url":"https:\/\/www.delphosmagazine.com\/wp-content\/uploads\/2020\/10\/logo-negro.jpg","contentUrl":"https:\/\/www.delphosmagazine.com\/wp-content\/uploads\/2020\/10\/logo-negro.jpg","width":872,"height":202,"caption":"Delphos Magazine"},"image":{"@id":"https:\/\/www.delphosmagazine.com\/#\/schema\/logo\/image\/"}},{"@type":"Person","@id":"https:\/\/www.delphosmagazine.com\/#\/schema\/person\/ca31ea697fc6c143e0d63be58c577e6b","name":"Varitech","image":{"@type":"ImageObject","inLanguage":"en-US","@id":"https:\/\/www.delphosmagazine.com\/#\/schema\/person\/image\/","url":"https:\/\/secure.gravatar.com\/avatar\/a9943634b30ae329f1a041bbbee525de?s=96&d=mm&r=g","contentUrl":"https:\/\/secure.gravatar.com\/avatar\/a9943634b30ae329f1a041bbbee525de?s=96&d=mm&r=g","caption":"Varitech"},"url":"https:\/\/www.delphosmagazine.com\/en\/author\/carlos-valle\/"}]}},"_links":{"self":[{"href":"https:\/\/www.delphosmagazine.com\/en\/wp-json\/wp\/v2\/posts\/11301","targetHints":{"allow":["GET"]}}],"collection":[{"href":"https:\/\/www.delphosmagazine.com\/en\/wp-json\/wp\/v2\/posts"}],"about":[{"href":"https:\/\/www.delphosmagazine.com\/en\/wp-json\/wp\/v2\/types\/post"}],"author":[{"embeddable":true,"href":"https:\/\/www.delphosmagazine.com\/en\/wp-json\/wp\/v2\/users\/3"}],"replies":[{"embeddable":true,"href":"https:\/\/www.delphosmagazine.com\/en\/wp-json\/wp\/v2\/comments?post=11301"}],"version-history":[{"count":2,"href":"https:\/\/www.delphosmagazine.com\/en\/wp-json\/wp\/v2\/posts\/11301\/revisions"}],"predecessor-version":[{"id":11304,"href":"https:\/\/www.delphosmagazine.com\/en\/wp-json\/wp\/v2\/posts\/11301\/revisions\/11304"}],"wp:featuredmedia":[{"embeddable":true,"href":"https:\/\/www.delphosmagazine.com\/en\/wp-json\/wp\/v2\/media\/11302"}],"wp:attachment":[{"href":"https:\/\/www.delphosmagazine.com\/en\/wp-json\/wp\/v2\/media?parent=11301"}],"wp:term":[{"taxonomy":"category","embeddable":true,"href":"https:\/\/www.delphosmagazine.com\/en\/wp-json\/wp\/v2\/categories?post=11301"},{"taxonomy":"post_tag","embeddable":true,"href":"https:\/\/www.delphosmagazine.com\/en\/wp-json\/wp\/v2\/tags?post=11301"}],"curies":[{"name":"wp","href":"https:\/\/api.w.org\/{rel}","templated":true}]}}