{"id":11073,"date":"2022-06-09T18:08:11","date_gmt":"2022-06-09T22:08:11","guid":{"rendered":"https:\/\/www.delphosmagazine.com\/?p=11073"},"modified":"2022-06-09T18:08:11","modified_gmt":"2022-06-09T22:08:11","slug":"latam-reanuda-la-operacion-entre-punta-arenas-y-mount-pleasant","status":"publish","type":"post","link":"https:\/\/www.delphosmagazine.com\/en\/latam-reanuda-la-operacion-entre-punta-arenas-y-mount-pleasant\/","title":{"rendered":"LATAM reanuda la operaci\u00f3n entre Punta Arenas y Mount Pleasant"},"content":{"rendered":"<p style=\"text-align: justify;\">LATAM Airlines Group informa que reanuda la operaci\u00f3n entre Punta Arenas (SCCI) y Mount Pleasant (EGYP), en las Islas Malvinas.\u00a0 Este vuelo ser\u00e1 realizado de forma directa, salvo dos vuelos al mes, que tendr\u00e1 escala en R\u00edo Gallegos.<\/p>\n<p style=\"text-align: justify;\">Este nuevo vuelo comenzar\u00e1 a operar a partir del 2 de julio de 2022 y ser\u00e1 operado con aviones Airbus 320, con capacidad para 174 pasajeros (162 en Economy y 12 pasajeros en Premium Economy) con itinerario semanal (s\u00e1bado) bajo el siguiente cronograma (todos en hora local):<\/p>\n<p>Fecha\u00a0\u00a0\u00a0\u00a0\u00a0\u00a0\u00a0\u00a0\u00a0\u00a0\u00a0\u00a0\u00a0\u00a0\u00a0 N\u00b0 vuelo\u00a0\u00a0\u00a0\u00a0\u00a0\u00a0\u00a0\u00a0\u00a0\u00a0\u00a0\u00a0\u00a0\u00a0\u00a0\u00a0\u00a0\u00a0\u00a0\u00a0\u00a0\u00a0\u00a0\u00a0\u00a0\u00a0\u00a0\u00a0\u00a0\u00a0 Ruta\u00a0\u00a0\u00a0\u00a0\u00a0\u00a0\u00a0\u00a0\u00a0\u00a0\u00a0\u00a0\u00a0\u00a0\u00a0\u00a0\u00a0\u00a0\u00a0\u00a0\u00a0\u00a0\u00a0\u00a0\u00a0\u00a0\u00a0\u00a0\u00a0\u00a0\u00a0\u00a0\u00a0\u00a0\u00a0 Horario<\/p>\n<p>02 de julio\u00a0\u00a0\u00a0\u00a0\u00a0\u00a0\u00a0\u00a0 LA895\u00a0\u00a0\u00a0\u00a0\u00a0\u00a0\u00a0\u00a0\u00a0\u00a0\u00a0\u00a0\u00a0\u00a0\u00a0\u00a0 Punta Arenas &#8211; Mount Pleasant\u00a0\u00a0\u00a0\u00a0\u00a0\u00a0\u00a0\u00a0\u00a0 11:20h &#8211; 12:55h<br \/>\n02 de julio\u00a0\u00a0\u00a0\u00a0\u00a0\u00a0\u00a0\u00a0 LA894\u00a0\u00a0\u00a0\u00a0\u00a0\u00a0\u00a0\u00a0\u00a0\u00a0\u00a0\u00a0\u00a0\u00a0\u00a0\u00a0 Mount Pleasant &#8211; Punta Arenas \u00a0\u00a0\u00a0\u00a0\u00a0\u00a0\u00a0\u00a0 13:57h &#8211; 15:38h<br \/>\n09 de julio\u00a0\u00a0\u00a0\u00a0\u00a0\u00a0\u00a0\u00a0 LA897\u00a0\u00a0\u00a0\u00a0\u00a0\u00a0\u00a0\u00a0\u00a0\u00a0\u00a0\u00a0\u00a0\u00a0\u00a0\u00a0 Punta Arenas &#8211; R\u00edo Gallegos\u00a0\u00a0\u00a0\u00a0\u00a0\u00a0\u00a0\u00a0\u00a0\u00a0\u00a0\u00a0\u00a0\u00a0 11:20h &#8211; 12:04h<br \/>\n09 de julio\u00a0\u00a0\u00a0\u00a0\u00a0\u00a0\u00a0\u00a0 LA897\u00a0\u00a0\u00a0\u00a0\u00a0\u00a0\u00a0\u00a0\u00a0\u00a0\u00a0\u00a0\u00a0\u00a0\u00a0\u00a0 R\u00edo Gallegos &#8211; Mount Pleasant\u00a0\u00a0\u00a0\u00a0\u00a0\u00a0\u00a0\u00a0\u00a0\u00a0\u00a0 13:35h &#8211; 15:04h<br \/>\n09 de julio\u00a0\u00a0\u00a0\u00a0\u00a0\u00a0\u00a0\u00a0 LA894\u00a0\u00a0\u00a0\u00a0\u00a0\u00a0\u00a0\u00a0\u00a0\u00a0\u00a0\u00a0\u00a0\u00a0\u00a0\u00a0 Mount Pleasant- Punta Arenas\u00a0\u00a0\u00a0\u00a0\u00a0\u00a0\u00a0\u00a0\u00a0\u00a0\u00a0 16:50h &#8211; 18:31h<br \/>\n16 de julio\u00a0\u00a0\u00a0\u00a0\u00a0\u00a0\u00a0\u00a0 LA895\u00a0\u00a0\u00a0\u00a0\u00a0\u00a0\u00a0\u00a0\u00a0\u00a0\u00a0\u00a0\u00a0\u00a0\u00a0\u00a0 Punta Arenas &#8211; Mount Pleasant\u00a0\u00a0\u00a0\u00a0\u00a0\u00a0\u00a0\u00a0\u00a0\u00a0 11:20h &#8211; 12:55h<br \/>\n16 de julio\u00a0\u00a0\u00a0\u00a0\u00a0\u00a0\u00a0\u00a0 LA896\u00a0\u00a0\u00a0\u00a0\u00a0\u00a0\u00a0\u00a0\u00a0\u00a0\u00a0\u00a0\u00a0\u00a0\u00a0\u00a0 Mount Pleasant &#8211; R\u00edo Gallegos\u00a0\u00a0\u00a0\u00a0\u00a0\u00a0\u00a0\u00a0\u00a0\u00a0\u00a0 14:57h &#8211; 16:28h<br \/>\n16 de julio\u00a0\u00a0\u00a0\u00a0\u00a0\u00a0\u00a0\u00a0 LA896\u00a0\u00a0\u00a0\u00a0\u00a0\u00a0\u00a0\u00a0\u00a0\u00a0\u00a0\u00a0\u00a0\u00a0\u00a0\u00a0 R\u00edo Gallegos &#8211; Punta Arenas\u00a0\u00a0\u00a0\u00a0\u00a0\u00a0\u00a0\u00a0\u00a0\u00a0\u00a0\u00a0\u00a0\u00a0 18:12h &#8211; 18:54h<br \/>\n23 de julio\u00a0\u00a0\u00a0\u00a0\u00a0\u00a0\u00a0\u00a0 LA895\u00a0\u00a0\u00a0\u00a0\u00a0\u00a0\u00a0\u00a0\u00a0\u00a0\u00a0\u00a0\u00a0\u00a0\u00a0\u00a0 Punta Arenas &#8211; Mount Pleasant\u00a0\u00a0\u00a0\u00a0\u00a0\u00a0\u00a0\u00a0\u00a0 11:20h &#8211; 12:55h<br \/>\n23 de julio\u00a0\u00a0\u00a0\u00a0\u00a0\u00a0\u00a0\u00a0 LA894\u00a0\u00a0\u00a0\u00a0\u00a0\u00a0\u00a0\u00a0\u00a0\u00a0\u00a0\u00a0\u00a0\u00a0\u00a0\u00a0 Mount Pleasant &#8211; Punta Arenas\u00a0\u00a0\u00a0\u00a0\u00a0\u00a0\u00a0\u00a0\u00a0 13:57h &#8211; 15:38h<br \/>\n30 de julio\u00a0\u00a0\u00a0\u00a0\u00a0\u00a0\u00a0\u00a0 LA895\u00a0\u00a0\u00a0\u00a0\u00a0\u00a0\u00a0\u00a0\u00a0\u00a0\u00a0\u00a0\u00a0\u00a0\u00a0\u00a0 Punta Arenas &#8211; Mount Pleasant\u00a0\u00a0\u00a0\u00a0\u00a0\u00a0\u00a0\u00a0\u00a0 11:20h &#8211; 12:55h<br \/>\n30 de julio\u00a0\u00a0\u00a0\u00a0\u00a0\u00a0\u00a0\u00a0 LA894\u00a0\u00a0\u00a0\u00a0\u00a0\u00a0\u00a0\u00a0\u00a0\u00a0\u00a0\u00a0\u00a0\u00a0\u00a0\u00a0 Mount Pleasant &#8211; Punta Arenas\u00a0\u00a0\u00a0\u00a0\u00a0\u00a0\u00a0\u00a0\u00a0 13:57h &#8211; 15:38h<\/p>\n<p>El itinerario a partir de agosto conserva el mismo cronograma.<\/p>\n<p style=\"text-align: justify;\">Desde 1999, LATAM Airlines Group ha operado dicho vuelo en cumplimiento con el acuerdo firmado ese a\u00f1o por los gobiernos de Argentina y del Reino Unido. Dichos vuelos fueron suspendidos en marzo de 2020 producto de la crisis sanitaria global del COVID 19.<\/p>","protected":false},"excerpt":{"rendered":"<p>LATAM Airlines Group informa que reanuda la operaci\u00f3n entre Punta Arenas (SCCI) y Mount Pleasant (EGYP), en las Islas Malvinas.\u00a0 Este vuelo ser\u00e1 realizado de forma directa, salvo dos vuelos al mes, que tendr\u00e1 escala en R\u00edo Gallegos. Este nuevo vuelo comenzar\u00e1 a operar a partir del 2 de julio de 2022 y ser\u00e1 operado [&hellip;]<\/p>\n","protected":false},"author":3,"featured_media":11074,"comment_status":"closed","ping_status":"closed","sticky":false,"template":"","format":"standard","meta":{"footnotes":""},"categories":[5],"tags":[976,977,978,979],"class_list":{"0":"post-11073","1":"post","2":"type-post","3":"status-publish","4":"format-standard","5":"has-post-thumbnail","7":"category-aviacion-civil-comercial","8":"tag-latam-airlines-group","9":"tag-mount-pleasant","10":"tag-punta-arenas","11":"tag-rio-gallegos"},"yoast_head":"<!-- This site is optimized with the Yoast SEO plugin v26.5 - https:\/\/yoast.com\/wordpress\/plugins\/seo\/ -->\n<title>LATAM reanuda la operaci\u00f3n entre Punta Arenas y Mount Pleasant | Delphos Magazine<\/title>\n<meta name=\"description\" content=\"Delphos Magazine es el principal medio de prensa generador y proveedor de contenidos aeron\u00e1uticos y de defensa de Latinoam\u00e9rica y el mundo\" \/>\n<meta name=\"robots\" content=\"index, follow, max-snippet:-1, max-image-preview:large, max-video-preview:-1\" \/>\n<link rel=\"canonical\" href=\"https:\/\/www.delphosmagazine.com\/en\/latam-reanuda-la-operacion-entre-punta-arenas-y-mount-pleasant\/\" \/>\n<meta property=\"og:locale\" content=\"en_US\" \/>\n<meta property=\"og:type\" content=\"article\" \/>\n<meta property=\"og:title\" content=\"LATAM reanuda la operaci\u00f3n entre Punta Arenas y Mount Pleasant | Delphos Magazine\" \/>\n<meta property=\"og:description\" content=\"Delphos Magazine es el principal medio de prensa generador y proveedor de contenidos aeron\u00e1uticos y de defensa de Latinoam\u00e9rica y el mundo\" \/>\n<meta property=\"og:url\" content=\"https:\/\/www.delphosmagazine.com\/en\/latam-reanuda-la-operacion-entre-punta-arenas-y-mount-pleasant\/\" \/>\n<meta property=\"og:site_name\" content=\"Delphos Magazine\" \/>\n<meta property=\"article:published_time\" content=\"2022-06-09T22:08:11+00:00\" \/>\n<meta property=\"og:image\" content=\"https:\/\/www.delphosmagazine.com\/wp-content\/uploads\/2022\/06\/SCEL_LATAM_A320_CC-BLA-Web.jpg\" \/>\n\t<meta property=\"og:image:width\" content=\"1200\" \/>\n\t<meta property=\"og:image:height\" content=\"675\" \/>\n\t<meta property=\"og:image:type\" content=\"image\/jpeg\" \/>\n<meta name=\"author\" content=\"Varitech\" \/>\n<meta name=\"twitter:card\" content=\"summary_large_image\" \/>\n<meta name=\"twitter:label1\" content=\"Written by\" \/>\n\t<meta name=\"twitter:data1\" content=\"Varitech\" \/>\n\t<meta name=\"twitter:label2\" content=\"Est. reading time\" \/>\n\t<meta name=\"twitter:data2\" content=\"2 minutes\" \/>\n<script type=\"application\/ld+json\" class=\"yoast-schema-graph\">{\"@context\":\"https:\/\/schema.org\",\"@graph\":[{\"@type\":\"Article\",\"@id\":\"https:\/\/www.delphosmagazine.com\/latam-reanuda-la-operacion-entre-punta-arenas-y-mount-pleasant\/#article\",\"isPartOf\":{\"@id\":\"https:\/\/www.delphosmagazine.com\/latam-reanuda-la-operacion-entre-punta-arenas-y-mount-pleasant\/\"},\"author\":{\"name\":\"Varitech\",\"@id\":\"https:\/\/www.delphosmagazine.com\/#\/schema\/person\/ca31ea697fc6c143e0d63be58c577e6b\"},\"headline\":\"LATAM reanuda la operaci\u00f3n entre Punta Arenas y Mount Pleasant\",\"datePublished\":\"2022-06-09T22:08:11+00:00\",\"mainEntityOfPage\":{\"@id\":\"https:\/\/www.delphosmagazine.com\/latam-reanuda-la-operacion-entre-punta-arenas-y-mount-pleasant\/\"},\"wordCount\":284,\"publisher\":{\"@id\":\"https:\/\/www.delphosmagazine.com\/#organization\"},\"image\":{\"@id\":\"https:\/\/www.delphosmagazine.com\/latam-reanuda-la-operacion-entre-punta-arenas-y-mount-pleasant\/#primaryimage\"},\"thumbnailUrl\":\"https:\/\/www.delphosmagazine.com\/wp-content\/uploads\/2022\/06\/SCEL_LATAM_A320_CC-BLA-Web.jpg\",\"keywords\":[\"LATAM Airlines Group\",\"Mount Pleasant\",\"Punta Arenas\",\"R\u00edo Gallegos\"],\"articleSection\":[\"Aviaci\u00f3n Comercial\"],\"inLanguage\":\"en-US\"},{\"@type\":\"WebPage\",\"@id\":\"https:\/\/www.delphosmagazine.com\/latam-reanuda-la-operacion-entre-punta-arenas-y-mount-pleasant\/\",\"url\":\"https:\/\/www.delphosmagazine.com\/latam-reanuda-la-operacion-entre-punta-arenas-y-mount-pleasant\/\",\"name\":\"LATAM reanuda la operaci\u00f3n entre Punta Arenas y Mount Pleasant | Delphos Magazine\",\"isPartOf\":{\"@id\":\"https:\/\/www.delphosmagazine.com\/#website\"},\"primaryImageOfPage\":{\"@id\":\"https:\/\/www.delphosmagazine.com\/latam-reanuda-la-operacion-entre-punta-arenas-y-mount-pleasant\/#primaryimage\"},\"image\":{\"@id\":\"https:\/\/www.delphosmagazine.com\/latam-reanuda-la-operacion-entre-punta-arenas-y-mount-pleasant\/#primaryimage\"},\"thumbnailUrl\":\"https:\/\/www.delphosmagazine.com\/wp-content\/uploads\/2022\/06\/SCEL_LATAM_A320_CC-BLA-Web.jpg\",\"datePublished\":\"2022-06-09T22:08:11+00:00\",\"description\":\"Delphos Magazine es el principal medio de prensa generador y proveedor de contenidos aeron\u00e1uticos y de defensa de Latinoam\u00e9rica y el mundo\",\"breadcrumb\":{\"@id\":\"https:\/\/www.delphosmagazine.com\/latam-reanuda-la-operacion-entre-punta-arenas-y-mount-pleasant\/#breadcrumb\"},\"inLanguage\":\"en-US\",\"potentialAction\":[{\"@type\":\"ReadAction\",\"target\":[\"https:\/\/www.delphosmagazine.com\/latam-reanuda-la-operacion-entre-punta-arenas-y-mount-pleasant\/\"]}]},{\"@type\":\"ImageObject\",\"inLanguage\":\"en-US\",\"@id\":\"https:\/\/www.delphosmagazine.com\/latam-reanuda-la-operacion-entre-punta-arenas-y-mount-pleasant\/#primaryimage\",\"url\":\"https:\/\/www.delphosmagazine.com\/wp-content\/uploads\/2022\/06\/SCEL_LATAM_A320_CC-BLA-Web.jpg\",\"contentUrl\":\"https:\/\/www.delphosmagazine.com\/wp-content\/uploads\/2022\/06\/SCEL_LATAM_A320_CC-BLA-Web.jpg\",\"width\":1200,\"height\":675},{\"@type\":\"BreadcrumbList\",\"@id\":\"https:\/\/www.delphosmagazine.com\/latam-reanuda-la-operacion-entre-punta-arenas-y-mount-pleasant\/#breadcrumb\",\"itemListElement\":[{\"@type\":\"ListItem\",\"position\":1,\"name\":\"Portada\",\"item\":\"https:\/\/www.delphosmagazine.com\/\"},{\"@type\":\"ListItem\",\"position\":2,\"name\":\"LATAM reanuda la operaci\u00f3n entre Punta Arenas y Mount Pleasant\"}]},{\"@type\":\"WebSite\",\"@id\":\"https:\/\/www.delphosmagazine.com\/#website\",\"url\":\"https:\/\/www.delphosmagazine.com\/\",\"name\":\"Delphos Magazine\",\"description\":\"principal medio de prensa generador y proveedor de contenidos aeron\u00e1uticos y de defensa de Latinoam\u00e9rica y el mundo\",\"publisher\":{\"@id\":\"https:\/\/www.delphosmagazine.com\/#organization\"},\"potentialAction\":[{\"@type\":\"SearchAction\",\"target\":{\"@type\":\"EntryPoint\",\"urlTemplate\":\"https:\/\/www.delphosmagazine.com\/?s={search_term_string}\"},\"query-input\":{\"@type\":\"PropertyValueSpecification\",\"valueRequired\":true,\"valueName\":\"search_term_string\"}}],\"inLanguage\":\"en-US\"},{\"@type\":\"Organization\",\"@id\":\"https:\/\/www.delphosmagazine.com\/#organization\",\"name\":\"Delphos Magazine\",\"url\":\"https:\/\/www.delphosmagazine.com\/\",\"logo\":{\"@type\":\"ImageObject\",\"inLanguage\":\"en-US\",\"@id\":\"https:\/\/www.delphosmagazine.com\/#\/schema\/logo\/image\/\",\"url\":\"https:\/\/www.delphosmagazine.com\/wp-content\/uploads\/2020\/10\/logo-negro.jpg\",\"contentUrl\":\"https:\/\/www.delphosmagazine.com\/wp-content\/uploads\/2020\/10\/logo-negro.jpg\",\"width\":872,\"height\":202,\"caption\":\"Delphos Magazine\"},\"image\":{\"@id\":\"https:\/\/www.delphosmagazine.com\/#\/schema\/logo\/image\/\"}},{\"@type\":\"Person\",\"@id\":\"https:\/\/www.delphosmagazine.com\/#\/schema\/person\/ca31ea697fc6c143e0d63be58c577e6b\",\"name\":\"Varitech\",\"image\":{\"@type\":\"ImageObject\",\"inLanguage\":\"en-US\",\"@id\":\"https:\/\/www.delphosmagazine.com\/#\/schema\/person\/image\/\",\"url\":\"https:\/\/secure.gravatar.com\/avatar\/a9943634b30ae329f1a041bbbee525de?s=96&d=mm&r=g\",\"contentUrl\":\"https:\/\/secure.gravatar.com\/avatar\/a9943634b30ae329f1a041bbbee525de?s=96&d=mm&r=g\",\"caption\":\"Varitech\"},\"url\":\"https:\/\/www.delphosmagazine.com\/en\/author\/carlos-valle\/\"}]}<\/script>\n<!-- \/ Yoast SEO plugin. -->","yoast_head_json":{"title":"LATAM reanuda la operaci\u00f3n entre Punta Arenas y Mount Pleasant | Delphos Magazine","description":"Delphos Magazine es el principal medio de prensa generador y proveedor de contenidos aeron\u00e1uticos y de defensa de Latinoam\u00e9rica y el mundo","robots":{"index":"index","follow":"follow","max-snippet":"max-snippet:-1","max-image-preview":"max-image-preview:large","max-video-preview":"max-video-preview:-1"},"canonical":"https:\/\/www.delphosmagazine.com\/en\/latam-reanuda-la-operacion-entre-punta-arenas-y-mount-pleasant\/","og_locale":"en_US","og_type":"article","og_title":"LATAM reanuda la operaci\u00f3n entre Punta Arenas y Mount Pleasant | Delphos Magazine","og_description":"Delphos Magazine es el principal medio de prensa generador y proveedor de contenidos aeron\u00e1uticos y de defensa de Latinoam\u00e9rica y el mundo","og_url":"https:\/\/www.delphosmagazine.com\/en\/latam-reanuda-la-operacion-entre-punta-arenas-y-mount-pleasant\/","og_site_name":"Delphos Magazine","article_published_time":"2022-06-09T22:08:11+00:00","og_image":[{"width":1200,"height":675,"url":"https:\/\/www.delphosmagazine.com\/wp-content\/uploads\/2022\/06\/SCEL_LATAM_A320_CC-BLA-Web.jpg","type":"image\/jpeg"}],"author":"Varitech","twitter_card":"summary_large_image","twitter_misc":{"Written by":"Varitech","Est. reading time":"2 minutes"},"schema":{"@context":"https:\/\/schema.org","@graph":[{"@type":"Article","@id":"https:\/\/www.delphosmagazine.com\/latam-reanuda-la-operacion-entre-punta-arenas-y-mount-pleasant\/#article","isPartOf":{"@id":"https:\/\/www.delphosmagazine.com\/latam-reanuda-la-operacion-entre-punta-arenas-y-mount-pleasant\/"},"author":{"name":"Varitech","@id":"https:\/\/www.delphosmagazine.com\/#\/schema\/person\/ca31ea697fc6c143e0d63be58c577e6b"},"headline":"LATAM reanuda la operaci\u00f3n entre Punta Arenas y Mount Pleasant","datePublished":"2022-06-09T22:08:11+00:00","mainEntityOfPage":{"@id":"https:\/\/www.delphosmagazine.com\/latam-reanuda-la-operacion-entre-punta-arenas-y-mount-pleasant\/"},"wordCount":284,"publisher":{"@id":"https:\/\/www.delphosmagazine.com\/#organization"},"image":{"@id":"https:\/\/www.delphosmagazine.com\/latam-reanuda-la-operacion-entre-punta-arenas-y-mount-pleasant\/#primaryimage"},"thumbnailUrl":"https:\/\/www.delphosmagazine.com\/wp-content\/uploads\/2022\/06\/SCEL_LATAM_A320_CC-BLA-Web.jpg","keywords":["LATAM Airlines Group","Mount Pleasant","Punta Arenas","R\u00edo Gallegos"],"articleSection":["Aviaci\u00f3n Comercial"],"inLanguage":"en-US"},{"@type":"WebPage","@id":"https:\/\/www.delphosmagazine.com\/latam-reanuda-la-operacion-entre-punta-arenas-y-mount-pleasant\/","url":"https:\/\/www.delphosmagazine.com\/latam-reanuda-la-operacion-entre-punta-arenas-y-mount-pleasant\/","name":"LATAM reanuda la operaci\u00f3n entre Punta Arenas y Mount Pleasant | Delphos Magazine","isPartOf":{"@id":"https:\/\/www.delphosmagazine.com\/#website"},"primaryImageOfPage":{"@id":"https:\/\/www.delphosmagazine.com\/latam-reanuda-la-operacion-entre-punta-arenas-y-mount-pleasant\/#primaryimage"},"image":{"@id":"https:\/\/www.delphosmagazine.com\/latam-reanuda-la-operacion-entre-punta-arenas-y-mount-pleasant\/#primaryimage"},"thumbnailUrl":"https:\/\/www.delphosmagazine.com\/wp-content\/uploads\/2022\/06\/SCEL_LATAM_A320_CC-BLA-Web.jpg","datePublished":"2022-06-09T22:08:11+00:00","description":"Delphos Magazine es el principal medio de prensa generador y proveedor de contenidos aeron\u00e1uticos y de defensa de Latinoam\u00e9rica y el mundo","breadcrumb":{"@id":"https:\/\/www.delphosmagazine.com\/latam-reanuda-la-operacion-entre-punta-arenas-y-mount-pleasant\/#breadcrumb"},"inLanguage":"en-US","potentialAction":[{"@type":"ReadAction","target":["https:\/\/www.delphosmagazine.com\/latam-reanuda-la-operacion-entre-punta-arenas-y-mount-pleasant\/"]}]},{"@type":"ImageObject","inLanguage":"en-US","@id":"https:\/\/www.delphosmagazine.com\/latam-reanuda-la-operacion-entre-punta-arenas-y-mount-pleasant\/#primaryimage","url":"https:\/\/www.delphosmagazine.com\/wp-content\/uploads\/2022\/06\/SCEL_LATAM_A320_CC-BLA-Web.jpg","contentUrl":"https:\/\/www.delphosmagazine.com\/wp-content\/uploads\/2022\/06\/SCEL_LATAM_A320_CC-BLA-Web.jpg","width":1200,"height":675},{"@type":"BreadcrumbList","@id":"https:\/\/www.delphosmagazine.com\/latam-reanuda-la-operacion-entre-punta-arenas-y-mount-pleasant\/#breadcrumb","itemListElement":[{"@type":"ListItem","position":1,"name":"Portada","item":"https:\/\/www.delphosmagazine.com\/"},{"@type":"ListItem","position":2,"name":"LATAM reanuda la operaci\u00f3n entre Punta Arenas y Mount Pleasant"}]},{"@type":"WebSite","@id":"https:\/\/www.delphosmagazine.com\/#website","url":"https:\/\/www.delphosmagazine.com\/","name":"Delphos Magazine","description":"principal medio de prensa generador y proveedor de contenidos aeron\u00e1uticos y de defensa de Latinoam\u00e9rica y el mundo","publisher":{"@id":"https:\/\/www.delphosmagazine.com\/#organization"},"potentialAction":[{"@type":"SearchAction","target":{"@type":"EntryPoint","urlTemplate":"https:\/\/www.delphosmagazine.com\/?s={search_term_string}"},"query-input":{"@type":"PropertyValueSpecification","valueRequired":true,"valueName":"search_term_string"}}],"inLanguage":"en-US"},{"@type":"Organization","@id":"https:\/\/www.delphosmagazine.com\/#organization","name":"Delphos Magazine","url":"https:\/\/www.delphosmagazine.com\/","logo":{"@type":"ImageObject","inLanguage":"en-US","@id":"https:\/\/www.delphosmagazine.com\/#\/schema\/logo\/image\/","url":"https:\/\/www.delphosmagazine.com\/wp-content\/uploads\/2020\/10\/logo-negro.jpg","contentUrl":"https:\/\/www.delphosmagazine.com\/wp-content\/uploads\/2020\/10\/logo-negro.jpg","width":872,"height":202,"caption":"Delphos Magazine"},"image":{"@id":"https:\/\/www.delphosmagazine.com\/#\/schema\/logo\/image\/"}},{"@type":"Person","@id":"https:\/\/www.delphosmagazine.com\/#\/schema\/person\/ca31ea697fc6c143e0d63be58c577e6b","name":"Varitech","image":{"@type":"ImageObject","inLanguage":"en-US","@id":"https:\/\/www.delphosmagazine.com\/#\/schema\/person\/image\/","url":"https:\/\/secure.gravatar.com\/avatar\/a9943634b30ae329f1a041bbbee525de?s=96&d=mm&r=g","contentUrl":"https:\/\/secure.gravatar.com\/avatar\/a9943634b30ae329f1a041bbbee525de?s=96&d=mm&r=g","caption":"Varitech"},"url":"https:\/\/www.delphosmagazine.com\/en\/author\/carlos-valle\/"}]}},"_links":{"self":[{"href":"https:\/\/www.delphosmagazine.com\/en\/wp-json\/wp\/v2\/posts\/11073","targetHints":{"allow":["GET"]}}],"collection":[{"href":"https:\/\/www.delphosmagazine.com\/en\/wp-json\/wp\/v2\/posts"}],"about":[{"href":"https:\/\/www.delphosmagazine.com\/en\/wp-json\/wp\/v2\/types\/post"}],"author":[{"embeddable":true,"href":"https:\/\/www.delphosmagazine.com\/en\/wp-json\/wp\/v2\/users\/3"}],"replies":[{"embeddable":true,"href":"https:\/\/www.delphosmagazine.com\/en\/wp-json\/wp\/v2\/comments?post=11073"}],"version-history":[{"count":5,"href":"https:\/\/www.delphosmagazine.com\/en\/wp-json\/wp\/v2\/posts\/11073\/revisions"}],"predecessor-version":[{"id":11079,"href":"https:\/\/www.delphosmagazine.com\/en\/wp-json\/wp\/v2\/posts\/11073\/revisions\/11079"}],"wp:featuredmedia":[{"embeddable":true,"href":"https:\/\/www.delphosmagazine.com\/en\/wp-json\/wp\/v2\/media\/11074"}],"wp:attachment":[{"href":"https:\/\/www.delphosmagazine.com\/en\/wp-json\/wp\/v2\/media?parent=11073"}],"wp:term":[{"taxonomy":"category","embeddable":true,"href":"https:\/\/www.delphosmagazine.com\/en\/wp-json\/wp\/v2\/categories?post=11073"},{"taxonomy":"post_tag","embeddable":true,"href":"https:\/\/www.delphosmagazine.com\/en\/wp-json\/wp\/v2\/tags?post=11073"}],"curies":[{"name":"wp","href":"https:\/\/api.w.org\/{rel}","templated":true}]}}