{"id":10841,"date":"2022-05-11T13:40:05","date_gmt":"2022-05-11T17:40:05","guid":{"rendered":"https:\/\/www.delphosmagazine.com\/?p=10841"},"modified":"2022-05-11T13:40:05","modified_gmt":"2022-05-11T17:40:05","slug":"avianca-y-gol-crearan-el-grupo-abra-un-grupo-de-transporte-aereo-lider-en-america-latina","status":"publish","type":"post","link":"https:\/\/www.delphosmagazine.com\/en\/avianca-y-gol-crearan-el-grupo-abra-un-grupo-de-transporte-aereo-lider-en-america-latina\/","title":{"rendered":"Avianca y GOL crear\u00e1n el Grupo Abra, un grupo de transporte a\u00e9reo l\u00edder en Am\u00e9rica Latina"},"content":{"rendered":"<p style=\"text-align: justify;\">En un comunicado entregado por Avianca, informa que los principales accionistas de la aerol\u00ednea colombiana Avianca y el accionista controlante de la brasilera GOL firmaron un acuerdo hist\u00f3rico para crear un grupo de transporte a\u00e9reo l\u00edder en Am\u00e9rica Latina bajo una estructura de holding empresarial llamado Abra Group Limited (\u201cGrupo Abra\u201d). \u00a0Sujeto a las aprobaciones regulatorias habituales y a las condiciones de cierre, el Grupo Abra controlar\u00eda a Avianca y a GOL, acercando a estas ic\u00f3nicas marcas dentro un mismo holding.<\/p>\n<p style=\"text-align: justify;\">A trav\u00e9s de las recientes inversiones realizadas por los accionistas de Avianca y Viva, el Grupo tambi\u00e9n tendr\u00eda el 100% de los derechos econ\u00f3micos de las operaciones de Viva en Colombia y Per\u00fa, pero no la controlar\u00eda, y contar\u00eda con un cr\u00e9dito convertible en una inversi\u00f3n representativa de un inter\u00e9s minoritario en la aerol\u00ednea Sky Airline de Chile.<\/p>\n<p style=\"text-align: justify;\">Juntas, Avianca y GOL ser\u00e1n el ancla de una red de aerol\u00edneas latinoamericanas que tendr\u00e1n los costos unitarios m\u00e1s bajos en sus respectivos mercados, los programas de lealtad l\u00edderes a trav\u00e9s de la regi\u00f3n, y otros negocios complementarios. Avianca y GOL mantendr\u00e1n sus marcas, talento, equipos y cultura de manera independiente, mientras se beneficiar\u00e1n de mayores eficiencias e inversiones dentro de una propiedad com\u00fan.<\/p>\n<p style=\"text-align: justify;\">Abra proveer\u00e1 una plataforma que le permitir\u00e1 a las aerol\u00edneas operadoras reducir a\u00fan m\u00e1s sus costos, conseguir mayores econom\u00edas de escala, continuar operando una flota de aviones de \u00faltima generaci\u00f3n y expandir sus rutas, servicios, oferta de productos y programas de lealtad.<\/p>\n<p style=\"text-align: justify;\">En conjunto, las aerol\u00edneas que har\u00e1n parte del Grupo Abra podr\u00edan ofrecer a sus clientes la red m\u00e1s amplia y complementaria de rutas con una m\u00ednima superposici\u00f3n entre mercados.<\/p>\n<p style=\"text-align: justify;\">La solidez financiera de Abra le proveer\u00e1 a las aerol\u00edneas part\u00edcipes estabilidad y agilidad en el largo plazo, impulsando as\u00ed la inversi\u00f3n constante y sostenida en innovaci\u00f3n y en sinergias.<\/p>\n<p style=\"text-align: justify;\">El Grupo Abra ser\u00e1 co-controlado por los accionistas principales de Avianca y el accionista mayoritario de GOL, y ser\u00e1 liderado por un equipo directivo con amplia experiencia en aviaci\u00f3n en la regi\u00f3n, un largo historial de emprendimiento y un probado r\u00e9cord de \u00e9xitos en crecimiento y transformaci\u00f3n de aerol\u00edneas.<\/p>\n<p style=\"text-align: justify;\">Roberto Kriete, que se desempe\u00f1ar\u00e1 como presidente de la Junta Directiva (Chairman) del Grupo, fue quien convirti\u00f3 a TACA en la aerol\u00ednea l\u00edder de Centro Am\u00e9rica en la d\u00e9cada de los 80, antes de fusionarse con Avianca en 2009. Tambi\u00e9n fund\u00f3, en 2006, Volaris, la aerol\u00ednea l\u00edder en el mercado mexicano.<\/p>\n<p style=\"text-align: justify;\">Constantino de Oliveira Junior, que se desempe\u00f1ar\u00e1 como el CEO del Grupo, fue pionero en la revoluci\u00f3n de las aerol\u00edneas de bajo costo en Am\u00e9rica Latina cuando fund\u00f3 GOL Airlines en 2001. Junto con la adquisici\u00f3n de VRG en 2007 y de Webjet en 2011, lider\u00f3 el crecimiento de la compa\u00f1\u00eda hasta alcanzar una posici\u00f3n de liderazgo en el mercado.<\/p>\n<p style=\"text-align: justify;\">Adrian Neuhauser, actual Presidente y CEO de Avianca, y Richard Lark, actual CFO de GOL, se desempe\u00f1ar\u00e1n como co-presidentes del Grupo y mantendr\u00e1n sus cargos actuales en las aerol\u00edneas. Al cierre del acuerdo, se entregar\u00e1n m\u00e1s detalles sobre el equipo directivo de Abra.<\/p>\n<p style=\"text-align: justify;\">El equipo directivo del Grupo Abra se enfocar\u00e1 en generar sinergias que aseguren las estructuras de costos m\u00e1s bajas para cada aerol\u00ednea en sus mercados correspondientes; en expandir su red de rutas, servicios, oferta de productos y programas de lealtad; y en desarrollar nuevos e innovadores productos y servicios que respondan a las necesidades actuales de los pasajeros y de los clientes de cargo en el mercado latinoamericano de transporte a\u00e9reo que es altamente competitivo.<\/p>\n<p style=\"text-align: justify;\">Asimismo, Abra se esforzar\u00e1 por garantizar que las aerol\u00edneas sean l\u00edderes en la implementaci\u00f3n de criterios ambientales, sociales y de gobierno corporativo (ESG por sus siglas en ingl\u00e9s), al contar con una gobernanza s\u00f3lida y fortaleza financiera para continuar invirtiendo en una flota de aviones que genere una menor huella de carbono, lo que acelerar\u00eda el avance de la industria a\u00e9rea hacia sus metas de carbono neutro.<\/p>\n<p><img loading=\"lazy\" decoding=\"async\" class=\"aligncenter size-full wp-image-10842\" src=\"https:\/\/www.delphosmagazine.com\/wp-content\/uploads\/2022\/05\/SCEL_Avianca_B787_N794AV-Portada.jpg\" alt=\"\" width=\"1200\" height=\"675\" srcset=\"https:\/\/www.delphosmagazine.com\/wp-content\/uploads\/2022\/05\/SCEL_Avianca_B787_N794AV-Portada.jpg 1200w, https:\/\/www.delphosmagazine.com\/wp-content\/uploads\/2022\/05\/SCEL_Avianca_B787_N794AV-Portada-300x169.jpg 300w, https:\/\/www.delphosmagazine.com\/wp-content\/uploads\/2022\/05\/SCEL_Avianca_B787_N794AV-Portada-1024x576.jpg 1024w, https:\/\/www.delphosmagazine.com\/wp-content\/uploads\/2022\/05\/SCEL_Avianca_B787_N794AV-Portada-768x432.jpg 768w, https:\/\/www.delphosmagazine.com\/wp-content\/uploads\/2022\/05\/SCEL_Avianca_B787_N794AV-Portada-150x84.jpg 150w, https:\/\/www.delphosmagazine.com\/wp-content\/uploads\/2022\/05\/SCEL_Avianca_B787_N794AV-Portada-696x392.jpg 696w, https:\/\/www.delphosmagazine.com\/wp-content\/uploads\/2022\/05\/SCEL_Avianca_B787_N794AV-Portada-1068x601.jpg 1068w\" sizes=\"auto, (max-width: 1200px) 100vw, 1200px\" \/><\/p>\n<p>&nbsp;<\/p>","protected":false},"excerpt":{"rendered":"<p>En un comunicado entregado por Avianca, informa que los principales accionistas de la aerol\u00ednea colombiana Avianca y el accionista controlante de la brasilera GOL firmaron un acuerdo hist\u00f3rico para crear un grupo de transporte a\u00e9reo l\u00edder en Am\u00e9rica Latina bajo una estructura de holding empresarial llamado Abra Group Limited (\u201cGrupo Abra\u201d). \u00a0Sujeto a las aprobaciones [&hellip;]<\/p>\n","protected":false},"author":3,"featured_media":10842,"comment_status":"closed","ping_status":"closed","sticky":false,"template":"","format":"standard","meta":{"footnotes":""},"categories":[5],"tags":[43,418,903],"class_list":{"0":"post-10841","1":"post","2":"type-post","3":"status-publish","4":"format-standard","5":"has-post-thumbnail","7":"category-aviacion-civil-comercial","8":"tag-avianca","9":"tag-gol-linhas-aereas-inteligentes","10":"tag-holding"},"yoast_head":"<!-- This site is optimized with the Yoast SEO plugin v26.5 - https:\/\/yoast.com\/wordpress\/plugins\/seo\/ -->\n<title>Avianca y GOL crear\u00e1n el Grupo Abra, un grupo de transporte a\u00e9reo l\u00edder en Am\u00e9rica Latina | Delphos Magazine<\/title>\n<meta name=\"description\" content=\"Delphos Magazine es el principal medio de prensa generador y proveedor de contenidos aeron\u00e1uticos y de defensa de Latinoam\u00e9rica y el mundo\" \/>\n<meta name=\"robots\" content=\"index, follow, max-snippet:-1, max-image-preview:large, max-video-preview:-1\" \/>\n<link rel=\"canonical\" href=\"https:\/\/www.delphosmagazine.com\/en\/avianca-y-gol-crearan-el-grupo-abra-un-grupo-de-transporte-aereo-lider-en-america-latina\/\" \/>\n<meta property=\"og:locale\" content=\"en_US\" \/>\n<meta property=\"og:type\" content=\"article\" \/>\n<meta property=\"og:title\" content=\"Avianca y GOL crear\u00e1n el Grupo Abra, un grupo de transporte a\u00e9reo l\u00edder en Am\u00e9rica Latina | Delphos Magazine\" \/>\n<meta property=\"og:description\" content=\"Delphos Magazine es el principal medio de prensa generador y proveedor de contenidos aeron\u00e1uticos y de defensa de Latinoam\u00e9rica y el mundo\" \/>\n<meta property=\"og:url\" content=\"https:\/\/www.delphosmagazine.com\/en\/avianca-y-gol-crearan-el-grupo-abra-un-grupo-de-transporte-aereo-lider-en-america-latina\/\" \/>\n<meta property=\"og:site_name\" content=\"Delphos Magazine\" \/>\n<meta property=\"article:published_time\" content=\"2022-05-11T17:40:05+00:00\" \/>\n<meta property=\"og:image\" content=\"https:\/\/www.delphosmagazine.com\/wp-content\/uploads\/2022\/05\/SCEL_Avianca_B787_N794AV-Portada.jpg\" \/>\n\t<meta property=\"og:image:width\" content=\"1200\" \/>\n\t<meta property=\"og:image:height\" content=\"675\" \/>\n\t<meta property=\"og:image:type\" content=\"image\/jpeg\" \/>\n<meta name=\"author\" content=\"Varitech\" \/>\n<meta name=\"twitter:card\" content=\"summary_large_image\" \/>\n<meta name=\"twitter:label1\" content=\"Written by\" \/>\n\t<meta name=\"twitter:data1\" content=\"Varitech\" \/>\n\t<meta name=\"twitter:label2\" content=\"Est. reading time\" \/>\n\t<meta name=\"twitter:data2\" content=\"4 minutes\" \/>\n<script type=\"application\/ld+json\" class=\"yoast-schema-graph\">{\"@context\":\"https:\/\/schema.org\",\"@graph\":[{\"@type\":\"Article\",\"@id\":\"https:\/\/www.delphosmagazine.com\/avianca-y-gol-crearan-el-grupo-abra-un-grupo-de-transporte-aereo-lider-en-america-latina\/#article\",\"isPartOf\":{\"@id\":\"https:\/\/www.delphosmagazine.com\/avianca-y-gol-crearan-el-grupo-abra-un-grupo-de-transporte-aereo-lider-en-america-latina\/\"},\"author\":{\"name\":\"Varitech\",\"@id\":\"https:\/\/www.delphosmagazine.com\/#\/schema\/person\/ca31ea697fc6c143e0d63be58c577e6b\"},\"headline\":\"Avianca y GOL crear\u00e1n el Grupo Abra, un grupo de transporte a\u00e9reo l\u00edder en Am\u00e9rica Latina\",\"datePublished\":\"2022-05-11T17:40:05+00:00\",\"mainEntityOfPage\":{\"@id\":\"https:\/\/www.delphosmagazine.com\/avianca-y-gol-crearan-el-grupo-abra-un-grupo-de-transporte-aereo-lider-en-america-latina\/\"},\"wordCount\":741,\"publisher\":{\"@id\":\"https:\/\/www.delphosmagazine.com\/#organization\"},\"image\":{\"@id\":\"https:\/\/www.delphosmagazine.com\/avianca-y-gol-crearan-el-grupo-abra-un-grupo-de-transporte-aereo-lider-en-america-latina\/#primaryimage\"},\"thumbnailUrl\":\"https:\/\/www.delphosmagazine.com\/wp-content\/uploads\/2022\/05\/SCEL_Avianca_B787_N794AV-Portada.jpg\",\"keywords\":[\"Avianca\",\"GOL Linhas A\u00e9reas Inteligentes\",\"Holding\"],\"articleSection\":[\"Aviaci\u00f3n Comercial\"],\"inLanguage\":\"en-US\"},{\"@type\":\"WebPage\",\"@id\":\"https:\/\/www.delphosmagazine.com\/avianca-y-gol-crearan-el-grupo-abra-un-grupo-de-transporte-aereo-lider-en-america-latina\/\",\"url\":\"https:\/\/www.delphosmagazine.com\/avianca-y-gol-crearan-el-grupo-abra-un-grupo-de-transporte-aereo-lider-en-america-latina\/\",\"name\":\"Avianca y GOL crear\u00e1n el Grupo Abra, un grupo de transporte a\u00e9reo l\u00edder en Am\u00e9rica Latina | Delphos Magazine\",\"isPartOf\":{\"@id\":\"https:\/\/www.delphosmagazine.com\/#website\"},\"primaryImageOfPage\":{\"@id\":\"https:\/\/www.delphosmagazine.com\/avianca-y-gol-crearan-el-grupo-abra-un-grupo-de-transporte-aereo-lider-en-america-latina\/#primaryimage\"},\"image\":{\"@id\":\"https:\/\/www.delphosmagazine.com\/avianca-y-gol-crearan-el-grupo-abra-un-grupo-de-transporte-aereo-lider-en-america-latina\/#primaryimage\"},\"thumbnailUrl\":\"https:\/\/www.delphosmagazine.com\/wp-content\/uploads\/2022\/05\/SCEL_Avianca_B787_N794AV-Portada.jpg\",\"datePublished\":\"2022-05-11T17:40:05+00:00\",\"description\":\"Delphos Magazine es el principal medio de prensa generador y proveedor de contenidos aeron\u00e1uticos y de defensa de Latinoam\u00e9rica y el mundo\",\"breadcrumb\":{\"@id\":\"https:\/\/www.delphosmagazine.com\/avianca-y-gol-crearan-el-grupo-abra-un-grupo-de-transporte-aereo-lider-en-america-latina\/#breadcrumb\"},\"inLanguage\":\"en-US\",\"potentialAction\":[{\"@type\":\"ReadAction\",\"target\":[\"https:\/\/www.delphosmagazine.com\/avianca-y-gol-crearan-el-grupo-abra-un-grupo-de-transporte-aereo-lider-en-america-latina\/\"]}]},{\"@type\":\"ImageObject\",\"inLanguage\":\"en-US\",\"@id\":\"https:\/\/www.delphosmagazine.com\/avianca-y-gol-crearan-el-grupo-abra-un-grupo-de-transporte-aereo-lider-en-america-latina\/#primaryimage\",\"url\":\"https:\/\/www.delphosmagazine.com\/wp-content\/uploads\/2022\/05\/SCEL_Avianca_B787_N794AV-Portada.jpg\",\"contentUrl\":\"https:\/\/www.delphosmagazine.com\/wp-content\/uploads\/2022\/05\/SCEL_Avianca_B787_N794AV-Portada.jpg\",\"width\":1200,\"height\":675},{\"@type\":\"BreadcrumbList\",\"@id\":\"https:\/\/www.delphosmagazine.com\/avianca-y-gol-crearan-el-grupo-abra-un-grupo-de-transporte-aereo-lider-en-america-latina\/#breadcrumb\",\"itemListElement\":[{\"@type\":\"ListItem\",\"position\":1,\"name\":\"Portada\",\"item\":\"https:\/\/www.delphosmagazine.com\/\"},{\"@type\":\"ListItem\",\"position\":2,\"name\":\"Avianca y GOL crear\u00e1n el Grupo Abra, un grupo de transporte a\u00e9reo l\u00edder en Am\u00e9rica Latina\"}]},{\"@type\":\"WebSite\",\"@id\":\"https:\/\/www.delphosmagazine.com\/#website\",\"url\":\"https:\/\/www.delphosmagazine.com\/\",\"name\":\"Delphos Magazine\",\"description\":\"principal medio de prensa generador y proveedor de contenidos aeron\u00e1uticos y de defensa de Latinoam\u00e9rica y el mundo\",\"publisher\":{\"@id\":\"https:\/\/www.delphosmagazine.com\/#organization\"},\"potentialAction\":[{\"@type\":\"SearchAction\",\"target\":{\"@type\":\"EntryPoint\",\"urlTemplate\":\"https:\/\/www.delphosmagazine.com\/?s={search_term_string}\"},\"query-input\":{\"@type\":\"PropertyValueSpecification\",\"valueRequired\":true,\"valueName\":\"search_term_string\"}}],\"inLanguage\":\"en-US\"},{\"@type\":\"Organization\",\"@id\":\"https:\/\/www.delphosmagazine.com\/#organization\",\"name\":\"Delphos Magazine\",\"url\":\"https:\/\/www.delphosmagazine.com\/\",\"logo\":{\"@type\":\"ImageObject\",\"inLanguage\":\"en-US\",\"@id\":\"https:\/\/www.delphosmagazine.com\/#\/schema\/logo\/image\/\",\"url\":\"https:\/\/www.delphosmagazine.com\/wp-content\/uploads\/2020\/10\/logo-negro.jpg\",\"contentUrl\":\"https:\/\/www.delphosmagazine.com\/wp-content\/uploads\/2020\/10\/logo-negro.jpg\",\"width\":872,\"height\":202,\"caption\":\"Delphos Magazine\"},\"image\":{\"@id\":\"https:\/\/www.delphosmagazine.com\/#\/schema\/logo\/image\/\"}},{\"@type\":\"Person\",\"@id\":\"https:\/\/www.delphosmagazine.com\/#\/schema\/person\/ca31ea697fc6c143e0d63be58c577e6b\",\"name\":\"Varitech\",\"image\":{\"@type\":\"ImageObject\",\"inLanguage\":\"en-US\",\"@id\":\"https:\/\/www.delphosmagazine.com\/#\/schema\/person\/image\/\",\"url\":\"https:\/\/secure.gravatar.com\/avatar\/a9943634b30ae329f1a041bbbee525de?s=96&d=mm&r=g\",\"contentUrl\":\"https:\/\/secure.gravatar.com\/avatar\/a9943634b30ae329f1a041bbbee525de?s=96&d=mm&r=g\",\"caption\":\"Varitech\"},\"url\":\"https:\/\/www.delphosmagazine.com\/en\/author\/carlos-valle\/\"}]}<\/script>\n<!-- \/ Yoast SEO plugin. -->","yoast_head_json":{"title":"Avianca y GOL crear\u00e1n el Grupo Abra, un grupo de transporte a\u00e9reo l\u00edder en Am\u00e9rica Latina | Delphos Magazine","description":"Delphos Magazine es el principal medio de prensa generador y proveedor de contenidos aeron\u00e1uticos y de defensa de Latinoam\u00e9rica y el mundo","robots":{"index":"index","follow":"follow","max-snippet":"max-snippet:-1","max-image-preview":"max-image-preview:large","max-video-preview":"max-video-preview:-1"},"canonical":"https:\/\/www.delphosmagazine.com\/en\/avianca-y-gol-crearan-el-grupo-abra-un-grupo-de-transporte-aereo-lider-en-america-latina\/","og_locale":"en_US","og_type":"article","og_title":"Avianca y GOL crear\u00e1n el Grupo Abra, un grupo de transporte a\u00e9reo l\u00edder en Am\u00e9rica Latina | Delphos Magazine","og_description":"Delphos Magazine es el principal medio de prensa generador y proveedor de contenidos aeron\u00e1uticos y de defensa de Latinoam\u00e9rica y el mundo","og_url":"https:\/\/www.delphosmagazine.com\/en\/avianca-y-gol-crearan-el-grupo-abra-un-grupo-de-transporte-aereo-lider-en-america-latina\/","og_site_name":"Delphos Magazine","article_published_time":"2022-05-11T17:40:05+00:00","og_image":[{"width":1200,"height":675,"url":"https:\/\/www.delphosmagazine.com\/wp-content\/uploads\/2022\/05\/SCEL_Avianca_B787_N794AV-Portada.jpg","type":"image\/jpeg"}],"author":"Varitech","twitter_card":"summary_large_image","twitter_misc":{"Written by":"Varitech","Est. reading time":"4 minutes"},"schema":{"@context":"https:\/\/schema.org","@graph":[{"@type":"Article","@id":"https:\/\/www.delphosmagazine.com\/avianca-y-gol-crearan-el-grupo-abra-un-grupo-de-transporte-aereo-lider-en-america-latina\/#article","isPartOf":{"@id":"https:\/\/www.delphosmagazine.com\/avianca-y-gol-crearan-el-grupo-abra-un-grupo-de-transporte-aereo-lider-en-america-latina\/"},"author":{"name":"Varitech","@id":"https:\/\/www.delphosmagazine.com\/#\/schema\/person\/ca31ea697fc6c143e0d63be58c577e6b"},"headline":"Avianca y GOL crear\u00e1n el Grupo Abra, un grupo de transporte a\u00e9reo l\u00edder en Am\u00e9rica Latina","datePublished":"2022-05-11T17:40:05+00:00","mainEntityOfPage":{"@id":"https:\/\/www.delphosmagazine.com\/avianca-y-gol-crearan-el-grupo-abra-un-grupo-de-transporte-aereo-lider-en-america-latina\/"},"wordCount":741,"publisher":{"@id":"https:\/\/www.delphosmagazine.com\/#organization"},"image":{"@id":"https:\/\/www.delphosmagazine.com\/avianca-y-gol-crearan-el-grupo-abra-un-grupo-de-transporte-aereo-lider-en-america-latina\/#primaryimage"},"thumbnailUrl":"https:\/\/www.delphosmagazine.com\/wp-content\/uploads\/2022\/05\/SCEL_Avianca_B787_N794AV-Portada.jpg","keywords":["Avianca","GOL Linhas A\u00e9reas Inteligentes","Holding"],"articleSection":["Aviaci\u00f3n Comercial"],"inLanguage":"en-US"},{"@type":"WebPage","@id":"https:\/\/www.delphosmagazine.com\/avianca-y-gol-crearan-el-grupo-abra-un-grupo-de-transporte-aereo-lider-en-america-latina\/","url":"https:\/\/www.delphosmagazine.com\/avianca-y-gol-crearan-el-grupo-abra-un-grupo-de-transporte-aereo-lider-en-america-latina\/","name":"Avianca y GOL crear\u00e1n el Grupo Abra, un grupo de transporte a\u00e9reo l\u00edder en Am\u00e9rica Latina | Delphos Magazine","isPartOf":{"@id":"https:\/\/www.delphosmagazine.com\/#website"},"primaryImageOfPage":{"@id":"https:\/\/www.delphosmagazine.com\/avianca-y-gol-crearan-el-grupo-abra-un-grupo-de-transporte-aereo-lider-en-america-latina\/#primaryimage"},"image":{"@id":"https:\/\/www.delphosmagazine.com\/avianca-y-gol-crearan-el-grupo-abra-un-grupo-de-transporte-aereo-lider-en-america-latina\/#primaryimage"},"thumbnailUrl":"https:\/\/www.delphosmagazine.com\/wp-content\/uploads\/2022\/05\/SCEL_Avianca_B787_N794AV-Portada.jpg","datePublished":"2022-05-11T17:40:05+00:00","description":"Delphos Magazine es el principal medio de prensa generador y proveedor de contenidos aeron\u00e1uticos y de defensa de Latinoam\u00e9rica y el mundo","breadcrumb":{"@id":"https:\/\/www.delphosmagazine.com\/avianca-y-gol-crearan-el-grupo-abra-un-grupo-de-transporte-aereo-lider-en-america-latina\/#breadcrumb"},"inLanguage":"en-US","potentialAction":[{"@type":"ReadAction","target":["https:\/\/www.delphosmagazine.com\/avianca-y-gol-crearan-el-grupo-abra-un-grupo-de-transporte-aereo-lider-en-america-latina\/"]}]},{"@type":"ImageObject","inLanguage":"en-US","@id":"https:\/\/www.delphosmagazine.com\/avianca-y-gol-crearan-el-grupo-abra-un-grupo-de-transporte-aereo-lider-en-america-latina\/#primaryimage","url":"https:\/\/www.delphosmagazine.com\/wp-content\/uploads\/2022\/05\/SCEL_Avianca_B787_N794AV-Portada.jpg","contentUrl":"https:\/\/www.delphosmagazine.com\/wp-content\/uploads\/2022\/05\/SCEL_Avianca_B787_N794AV-Portada.jpg","width":1200,"height":675},{"@type":"BreadcrumbList","@id":"https:\/\/www.delphosmagazine.com\/avianca-y-gol-crearan-el-grupo-abra-un-grupo-de-transporte-aereo-lider-en-america-latina\/#breadcrumb","itemListElement":[{"@type":"ListItem","position":1,"name":"Portada","item":"https:\/\/www.delphosmagazine.com\/"},{"@type":"ListItem","position":2,"name":"Avianca y GOL crear\u00e1n el Grupo Abra, un grupo de transporte a\u00e9reo l\u00edder en Am\u00e9rica Latina"}]},{"@type":"WebSite","@id":"https:\/\/www.delphosmagazine.com\/#website","url":"https:\/\/www.delphosmagazine.com\/","name":"Delphos Magazine","description":"principal medio de prensa generador y proveedor de contenidos aeron\u00e1uticos y de defensa de Latinoam\u00e9rica y el mundo","publisher":{"@id":"https:\/\/www.delphosmagazine.com\/#organization"},"potentialAction":[{"@type":"SearchAction","target":{"@type":"EntryPoint","urlTemplate":"https:\/\/www.delphosmagazine.com\/?s={search_term_string}"},"query-input":{"@type":"PropertyValueSpecification","valueRequired":true,"valueName":"search_term_string"}}],"inLanguage":"en-US"},{"@type":"Organization","@id":"https:\/\/www.delphosmagazine.com\/#organization","name":"Delphos Magazine","url":"https:\/\/www.delphosmagazine.com\/","logo":{"@type":"ImageObject","inLanguage":"en-US","@id":"https:\/\/www.delphosmagazine.com\/#\/schema\/logo\/image\/","url":"https:\/\/www.delphosmagazine.com\/wp-content\/uploads\/2020\/10\/logo-negro.jpg","contentUrl":"https:\/\/www.delphosmagazine.com\/wp-content\/uploads\/2020\/10\/logo-negro.jpg","width":872,"height":202,"caption":"Delphos Magazine"},"image":{"@id":"https:\/\/www.delphosmagazine.com\/#\/schema\/logo\/image\/"}},{"@type":"Person","@id":"https:\/\/www.delphosmagazine.com\/#\/schema\/person\/ca31ea697fc6c143e0d63be58c577e6b","name":"Varitech","image":{"@type":"ImageObject","inLanguage":"en-US","@id":"https:\/\/www.delphosmagazine.com\/#\/schema\/person\/image\/","url":"https:\/\/secure.gravatar.com\/avatar\/a9943634b30ae329f1a041bbbee525de?s=96&d=mm&r=g","contentUrl":"https:\/\/secure.gravatar.com\/avatar\/a9943634b30ae329f1a041bbbee525de?s=96&d=mm&r=g","caption":"Varitech"},"url":"https:\/\/www.delphosmagazine.com\/en\/author\/carlos-valle\/"}]}},"_links":{"self":[{"href":"https:\/\/www.delphosmagazine.com\/en\/wp-json\/wp\/v2\/posts\/10841","targetHints":{"allow":["GET"]}}],"collection":[{"href":"https:\/\/www.delphosmagazine.com\/en\/wp-json\/wp\/v2\/posts"}],"about":[{"href":"https:\/\/www.delphosmagazine.com\/en\/wp-json\/wp\/v2\/types\/post"}],"author":[{"embeddable":true,"href":"https:\/\/www.delphosmagazine.com\/en\/wp-json\/wp\/v2\/users\/3"}],"replies":[{"embeddable":true,"href":"https:\/\/www.delphosmagazine.com\/en\/wp-json\/wp\/v2\/comments?post=10841"}],"version-history":[{"count":2,"href":"https:\/\/www.delphosmagazine.com\/en\/wp-json\/wp\/v2\/posts\/10841\/revisions"}],"predecessor-version":[{"id":10844,"href":"https:\/\/www.delphosmagazine.com\/en\/wp-json\/wp\/v2\/posts\/10841\/revisions\/10844"}],"wp:featuredmedia":[{"embeddable":true,"href":"https:\/\/www.delphosmagazine.com\/en\/wp-json\/wp\/v2\/media\/10842"}],"wp:attachment":[{"href":"https:\/\/www.delphosmagazine.com\/en\/wp-json\/wp\/v2\/media?parent=10841"}],"wp:term":[{"taxonomy":"category","embeddable":true,"href":"https:\/\/www.delphosmagazine.com\/en\/wp-json\/wp\/v2\/categories?post=10841"},{"taxonomy":"post_tag","embeddable":true,"href":"https:\/\/www.delphosmagazine.com\/en\/wp-json\/wp\/v2\/tags?post=10841"}],"curies":[{"name":"wp","href":"https:\/\/api.w.org\/{rel}","templated":true}]}}