{"id":10748,"date":"2022-05-02T17:46:11","date_gmt":"2022-05-02T21:46:11","guid":{"rendered":"https:\/\/www.delphosmagazine.com\/?p=10748"},"modified":"2022-05-02T17:48:20","modified_gmt":"2022-05-02T21:48:20","slug":"qantas-confirma-futura-flota-de-airbus","status":"publish","type":"post","link":"https:\/\/www.delphosmagazine.com\/en\/qantas-confirma-futura-flota-de-airbus\/","title":{"rendered":"Qantas confirma su futura flota con Airbus"},"content":{"rendered":"<p style=\"text-align: justify;\">Qantas Group de Australia ha confirmado que ordenar\u00e1 12 Airbus A350-1000, 20 Airbus A220 y 20 Airbus A321XLR. \u00a0Esta noticia se anunci\u00f3 en una ceremonia en S\u00eddney a la que asistieron el CEO de Qantas Group, Alan Joyce, y el Director Comercial de Airbus y Director de Airbus International, Christian Scherer.<\/p>\n<p style=\"text-align: justify;\">El Airbus A350-1000 fue seleccionado por Qantas tras una evaluaci\u00f3n conocida como Proyecto Sunrise y permitir\u00e1 a la aerol\u00ednea operar los vuelos comerciales m\u00e1s largos del mundo. Estos incluir\u00e1n unir S\u00eddney y Melbourne con destinos como Londres y Nueva York sin escalas por primera vez en la historia. Con un dise\u00f1o premium, Qantas tambi\u00e9n utilizar\u00e1 la flota A350 en otros servicios internacionales. El A350-1000 est\u00e1 propulsado por motores Trent XWB de \u00faltima generaci\u00f3n de Rolls-Royce.<\/p>\n<p style=\"text-align: justify;\">En la categor\u00eda de pasillo \u00fanico, el Airbus A220 y el Airbus A321XLR fueron elegidos bajo una evaluaci\u00f3n denominada Proyecto Winton. El avi\u00f3n ser\u00e1 utilizado por Qantas Group en servicios nacionales en todo el pa\u00eds, que pueden extenderse a m\u00e1s de cinco horas. Adem\u00e1s, el A321XLR ofrece la capacidad de rango para vuelos desde Australia al Sudeste Asi\u00e1tico, lo que permite a Qantas Group abrir nuevas rutas directas. Las flotas A220 y A321XLR estar\u00e1n propulsadas por motores Pratt &amp; Whitney GTF.<\/p>\n<p style=\"text-align: justify;\">Este acuerdo se suma al pedido existente de 109 aviones de la familia A320neo, que incluye el A321XLR para la filial de bajo coste de Qantas Group, Jetstar.<\/p>\n<p style=\"text-align: justify;\">El CEO de Qantas Group, Alan Joyce, dijo: \u201cLos nuevos tipos de aeronaves hacen posibles cosas nuevas. Eso es lo que hace que el anuncio de hoy sea tan significativo para la aerol\u00ednea nacional y para un pa\u00eds como Australia, donde los viajes a\u00e9reos son cruciales. El A350 y Project Sunrise har\u00e1n que cualquier ciudad est\u00e9 a solo un vuelo de distancia de Australia. Es la \u00faltima frontera y el arreglo final para la tiran\u00eda de la distancia\u201d.<\/p>\n<p style=\"text-align: justify;\">\u201c<em>Los A320 y A220 se convertir\u00e1n en la columna vertebral de nuestra flota nacional durante los pr\u00f3ximos 20 a\u00f1os, ayudando a mantener este pa\u00eds en movimiento. Su alcance y econom\u00eda har\u00e1n posibles nuevas rutas directas. \u201cLa decisi\u00f3n de la Junta de dar luz verde a lo que es el mayor pedido de aviones en la aviaci\u00f3n australiana es un claro voto de confianza en el futuro de Qantas<\/em>\u201d.<\/p>\n<p style=\"text-align: justify;\">Christian Scherer, director comercial de Airbus y director de Airbus International, dijo: \u00ab<em>Qantas es una de las aerol\u00edneas ic\u00f3nicas del mundo, con un esp\u00edritu visionario desde sus inicios hace m\u00e1s de 100 a\u00f1os. Nos sentimos honrados por la confianza que Qantas est\u00e1 depositando en Airbus y buscamos<\/em> \u00ab<em>Estamos ansiosos por entregar al Grupo una de las flotas m\u00e1s modernas, eficientes y sostenibles del mundo. Esta decisi\u00f3n de Qantas subraya la posici\u00f3n del A350 como el avi\u00f3n de fuselaje ancho de largo alcance de referencia<\/em>\u00ab.<\/p>\n<p><img loading=\"lazy\" decoding=\"async\" class=\"aligncenter size-full wp-image-10749\" src=\"https:\/\/www.delphosmagazine.com\/wp-content\/uploads\/2022\/05\/Introducing-the-new-Qantas-Airbus-fleet-Infographic.jpg\" alt=\"\" width=\"2048\" height=\"1152\" srcset=\"https:\/\/www.delphosmagazine.com\/wp-content\/uploads\/2022\/05\/Introducing-the-new-Qantas-Airbus-fleet-Infographic.jpg 2048w, https:\/\/www.delphosmagazine.com\/wp-content\/uploads\/2022\/05\/Introducing-the-new-Qantas-Airbus-fleet-Infographic-300x169.jpg 300w, https:\/\/www.delphosmagazine.com\/wp-content\/uploads\/2022\/05\/Introducing-the-new-Qantas-Airbus-fleet-Infographic-1024x576.jpg 1024w, https:\/\/www.delphosmagazine.com\/wp-content\/uploads\/2022\/05\/Introducing-the-new-Qantas-Airbus-fleet-Infographic-768x432.jpg 768w, https:\/\/www.delphosmagazine.com\/wp-content\/uploads\/2022\/05\/Introducing-the-new-Qantas-Airbus-fleet-Infographic-1536x864.jpg 1536w, https:\/\/www.delphosmagazine.com\/wp-content\/uploads\/2022\/05\/Introducing-the-new-Qantas-Airbus-fleet-Infographic-150x84.jpg 150w, https:\/\/www.delphosmagazine.com\/wp-content\/uploads\/2022\/05\/Introducing-the-new-Qantas-Airbus-fleet-Infographic-696x392.jpg 696w, https:\/\/www.delphosmagazine.com\/wp-content\/uploads\/2022\/05\/Introducing-the-new-Qantas-Airbus-fleet-Infographic-1068x601.jpg 1068w, https:\/\/www.delphosmagazine.com\/wp-content\/uploads\/2022\/05\/Introducing-the-new-Qantas-Airbus-fleet-Infographic-1920x1080.jpg 1920w\" sizes=\"auto, (max-width: 2048px) 100vw, 2048px\" \/><\/p>\n<p style=\"text-align: justify;\">El A220, A321XLR y A350 son los l\u00edderes del mercado en sus respectivas categor\u00edas de tama\u00f1o. Adem\u00e1s de ofrecer los niveles m\u00e1s altos de comodidad para los pasajeros, la aeronave aporta un cambio radical en eficiencia, utilizando hasta un 25 % menos de combustible, una reducci\u00f3n similar en las emisiones de carbono y una huella de ruido un 50 % inferior a la de las aeronaves de la generaci\u00f3n anterior.<\/p>\n<p style=\"text-align: justify;\">Todos los aviones Airbus en producci\u00f3n est\u00e1n certificados para volar con una mezcla de combustible de aviaci\u00f3n sostenible (SAF) al 50 %, con el objetivo de aumentarla al 100 % para 2030.<\/p>\n<p>Infograf\u00eda e im\u00e1genes: Airbus<\/p>\n<p><img loading=\"lazy\" decoding=\"async\" class=\"aligncenter size-full wp-image-10750\" src=\"https:\/\/www.delphosmagazine.com\/wp-content\/uploads\/2022\/05\/Qantas-Airbus-Fleet.jpg\" alt=\"\" width=\"1200\" height=\"627\" srcset=\"https:\/\/www.delphosmagazine.com\/wp-content\/uploads\/2022\/05\/Qantas-Airbus-Fleet.jpg 1200w, https:\/\/www.delphosmagazine.com\/wp-content\/uploads\/2022\/05\/Qantas-Airbus-Fleet-300x157.jpg 300w, https:\/\/www.delphosmagazine.com\/wp-content\/uploads\/2022\/05\/Qantas-Airbus-Fleet-1024x535.jpg 1024w, https:\/\/www.delphosmagazine.com\/wp-content\/uploads\/2022\/05\/Qantas-Airbus-Fleet-768x401.jpg 768w, https:\/\/www.delphosmagazine.com\/wp-content\/uploads\/2022\/05\/Qantas-Airbus-Fleet-150x78.jpg 150w, https:\/\/www.delphosmagazine.com\/wp-content\/uploads\/2022\/05\/Qantas-Airbus-Fleet-696x364.jpg 696w, https:\/\/www.delphosmagazine.com\/wp-content\/uploads\/2022\/05\/Qantas-Airbus-Fleet-1068x558.jpg 1068w\" sizes=\"auto, (max-width: 1200px) 100vw, 1200px\" \/><\/p>","protected":false},"excerpt":{"rendered":"<p>Qantas Group de Australia ha confirmado que ordenar\u00e1 12 Airbus A350-1000, 20 Airbus A220 y 20 Airbus A321XLR. \u00a0Esta noticia se anunci\u00f3 en una ceremonia en S\u00eddney a la que asistieron el CEO de Qantas Group, Alan Joyce, y el Director Comercial de Airbus y Director de Airbus International, Christian Scherer. El Airbus A350-1000 fue [&hellip;]<\/p>\n","protected":false},"author":3,"featured_media":10750,"comment_status":"closed","ping_status":"closed","sticky":false,"template":"","format":"standard","meta":{"footnotes":""},"categories":[5],"tags":[98,524,251,58,527],"class_list":{"0":"post-10748","1":"post","2":"type-post","3":"status-publish","4":"format-standard","5":"has-post-thumbnail","7":"category-aviacion-civil-comercial","8":"tag-airbus","9":"tag-airbus-a220","10":"tag-airbus-a321-xlr","11":"tag-airbus-a350","12":"tag-australia"},"yoast_head":"<!-- This site is optimized with the Yoast SEO plugin v26.5 - https:\/\/yoast.com\/wordpress\/plugins\/seo\/ -->\n<title>Qantas confirma su futura flota con Airbus | Delphos Magazine<\/title>\n<meta name=\"description\" content=\"Delphos Magazine es el principal medio de prensa generador y proveedor de contenidos aeron\u00e1uticos y de defensa de Latinoam\u00e9rica y el mundo\" \/>\n<meta name=\"robots\" content=\"index, follow, max-snippet:-1, max-image-preview:large, max-video-preview:-1\" \/>\n<link rel=\"canonical\" href=\"https:\/\/www.delphosmagazine.com\/en\/qantas-confirma-futura-flota-de-airbus\/\" \/>\n<meta property=\"og:locale\" content=\"en_US\" \/>\n<meta property=\"og:type\" content=\"article\" \/>\n<meta property=\"og:title\" content=\"Qantas confirma su futura flota con Airbus | Delphos Magazine\" \/>\n<meta property=\"og:description\" content=\"Delphos Magazine es el principal medio de prensa generador y proveedor de contenidos aeron\u00e1uticos y de defensa de Latinoam\u00e9rica y el mundo\" \/>\n<meta property=\"og:url\" content=\"https:\/\/www.delphosmagazine.com\/en\/qantas-confirma-futura-flota-de-airbus\/\" \/>\n<meta property=\"og:site_name\" content=\"Delphos Magazine\" \/>\n<meta property=\"article:published_time\" content=\"2022-05-02T21:46:11+00:00\" \/>\n<meta property=\"article:modified_time\" content=\"2022-05-02T21:48:20+00:00\" \/>\n<meta property=\"og:image\" content=\"https:\/\/www.delphosmagazine.com\/wp-content\/uploads\/2022\/05\/Qantas-Airbus-Fleet.jpg\" \/>\n\t<meta property=\"og:image:width\" content=\"1200\" \/>\n\t<meta property=\"og:image:height\" content=\"627\" \/>\n\t<meta property=\"og:image:type\" content=\"image\/jpeg\" \/>\n<meta name=\"author\" content=\"Varitech\" \/>\n<meta name=\"twitter:card\" content=\"summary_large_image\" \/>\n<meta name=\"twitter:label1\" content=\"Written by\" \/>\n\t<meta name=\"twitter:data1\" content=\"Varitech\" \/>\n\t<meta name=\"twitter:label2\" content=\"Est. reading time\" \/>\n\t<meta name=\"twitter:data2\" content=\"4 minutes\" \/>\n<script type=\"application\/ld+json\" class=\"yoast-schema-graph\">{\"@context\":\"https:\/\/schema.org\",\"@graph\":[{\"@type\":\"Article\",\"@id\":\"https:\/\/www.delphosmagazine.com\/qantas-confirma-futura-flota-de-airbus\/#article\",\"isPartOf\":{\"@id\":\"https:\/\/www.delphosmagazine.com\/qantas-confirma-futura-flota-de-airbus\/\"},\"author\":{\"name\":\"Varitech\",\"@id\":\"https:\/\/www.delphosmagazine.com\/#\/schema\/person\/ca31ea697fc6c143e0d63be58c577e6b\"},\"headline\":\"Qantas confirma su futura flota con Airbus\",\"datePublished\":\"2022-05-02T21:46:11+00:00\",\"dateModified\":\"2022-05-02T21:48:20+00:00\",\"mainEntityOfPage\":{\"@id\":\"https:\/\/www.delphosmagazine.com\/qantas-confirma-futura-flota-de-airbus\/\"},\"wordCount\":624,\"publisher\":{\"@id\":\"https:\/\/www.delphosmagazine.com\/#organization\"},\"image\":{\"@id\":\"https:\/\/www.delphosmagazine.com\/qantas-confirma-futura-flota-de-airbus\/#primaryimage\"},\"thumbnailUrl\":\"https:\/\/www.delphosmagazine.com\/wp-content\/uploads\/2022\/05\/Qantas-Airbus-Fleet.jpg\",\"keywords\":[\"Airbus\",\"Airbus A220\",\"Airbus A321 XLR\",\"Airbus A350\",\"Australia\"],\"articleSection\":[\"Aviaci\u00f3n Comercial\"],\"inLanguage\":\"en-US\"},{\"@type\":\"WebPage\",\"@id\":\"https:\/\/www.delphosmagazine.com\/qantas-confirma-futura-flota-de-airbus\/\",\"url\":\"https:\/\/www.delphosmagazine.com\/qantas-confirma-futura-flota-de-airbus\/\",\"name\":\"Qantas confirma su futura flota con Airbus | Delphos Magazine\",\"isPartOf\":{\"@id\":\"https:\/\/www.delphosmagazine.com\/#website\"},\"primaryImageOfPage\":{\"@id\":\"https:\/\/www.delphosmagazine.com\/qantas-confirma-futura-flota-de-airbus\/#primaryimage\"},\"image\":{\"@id\":\"https:\/\/www.delphosmagazine.com\/qantas-confirma-futura-flota-de-airbus\/#primaryimage\"},\"thumbnailUrl\":\"https:\/\/www.delphosmagazine.com\/wp-content\/uploads\/2022\/05\/Qantas-Airbus-Fleet.jpg\",\"datePublished\":\"2022-05-02T21:46:11+00:00\",\"dateModified\":\"2022-05-02T21:48:20+00:00\",\"description\":\"Delphos Magazine es el principal medio de prensa generador y proveedor de contenidos aeron\u00e1uticos y de defensa de Latinoam\u00e9rica y el mundo\",\"breadcrumb\":{\"@id\":\"https:\/\/www.delphosmagazine.com\/qantas-confirma-futura-flota-de-airbus\/#breadcrumb\"},\"inLanguage\":\"en-US\",\"potentialAction\":[{\"@type\":\"ReadAction\",\"target\":[\"https:\/\/www.delphosmagazine.com\/qantas-confirma-futura-flota-de-airbus\/\"]}]},{\"@type\":\"ImageObject\",\"inLanguage\":\"en-US\",\"@id\":\"https:\/\/www.delphosmagazine.com\/qantas-confirma-futura-flota-de-airbus\/#primaryimage\",\"url\":\"https:\/\/www.delphosmagazine.com\/wp-content\/uploads\/2022\/05\/Qantas-Airbus-Fleet.jpg\",\"contentUrl\":\"https:\/\/www.delphosmagazine.com\/wp-content\/uploads\/2022\/05\/Qantas-Airbus-Fleet.jpg\",\"width\":1200,\"height\":627},{\"@type\":\"BreadcrumbList\",\"@id\":\"https:\/\/www.delphosmagazine.com\/qantas-confirma-futura-flota-de-airbus\/#breadcrumb\",\"itemListElement\":[{\"@type\":\"ListItem\",\"position\":1,\"name\":\"Portada\",\"item\":\"https:\/\/www.delphosmagazine.com\/\"},{\"@type\":\"ListItem\",\"position\":2,\"name\":\"Qantas confirma su futura flota con Airbus\"}]},{\"@type\":\"WebSite\",\"@id\":\"https:\/\/www.delphosmagazine.com\/#website\",\"url\":\"https:\/\/www.delphosmagazine.com\/\",\"name\":\"Delphos Magazine\",\"description\":\"principal medio de prensa generador y proveedor de contenidos aeron\u00e1uticos y de defensa de Latinoam\u00e9rica y el mundo\",\"publisher\":{\"@id\":\"https:\/\/www.delphosmagazine.com\/#organization\"},\"potentialAction\":[{\"@type\":\"SearchAction\",\"target\":{\"@type\":\"EntryPoint\",\"urlTemplate\":\"https:\/\/www.delphosmagazine.com\/?s={search_term_string}\"},\"query-input\":{\"@type\":\"PropertyValueSpecification\",\"valueRequired\":true,\"valueName\":\"search_term_string\"}}],\"inLanguage\":\"en-US\"},{\"@type\":\"Organization\",\"@id\":\"https:\/\/www.delphosmagazine.com\/#organization\",\"name\":\"Delphos Magazine\",\"url\":\"https:\/\/www.delphosmagazine.com\/\",\"logo\":{\"@type\":\"ImageObject\",\"inLanguage\":\"en-US\",\"@id\":\"https:\/\/www.delphosmagazine.com\/#\/schema\/logo\/image\/\",\"url\":\"https:\/\/www.delphosmagazine.com\/wp-content\/uploads\/2020\/10\/logo-negro.jpg\",\"contentUrl\":\"https:\/\/www.delphosmagazine.com\/wp-content\/uploads\/2020\/10\/logo-negro.jpg\",\"width\":872,\"height\":202,\"caption\":\"Delphos Magazine\"},\"image\":{\"@id\":\"https:\/\/www.delphosmagazine.com\/#\/schema\/logo\/image\/\"}},{\"@type\":\"Person\",\"@id\":\"https:\/\/www.delphosmagazine.com\/#\/schema\/person\/ca31ea697fc6c143e0d63be58c577e6b\",\"name\":\"Varitech\",\"image\":{\"@type\":\"ImageObject\",\"inLanguage\":\"en-US\",\"@id\":\"https:\/\/www.delphosmagazine.com\/#\/schema\/person\/image\/\",\"url\":\"https:\/\/secure.gravatar.com\/avatar\/a9943634b30ae329f1a041bbbee525de?s=96&d=mm&r=g\",\"contentUrl\":\"https:\/\/secure.gravatar.com\/avatar\/a9943634b30ae329f1a041bbbee525de?s=96&d=mm&r=g\",\"caption\":\"Varitech\"},\"url\":\"https:\/\/www.delphosmagazine.com\/en\/author\/carlos-valle\/\"}]}<\/script>\n<!-- \/ Yoast SEO plugin. -->","yoast_head_json":{"title":"Qantas confirma su futura flota con Airbus | Delphos Magazine","description":"Delphos Magazine es el principal medio de prensa generador y proveedor de contenidos aeron\u00e1uticos y de defensa de Latinoam\u00e9rica y el mundo","robots":{"index":"index","follow":"follow","max-snippet":"max-snippet:-1","max-image-preview":"max-image-preview:large","max-video-preview":"max-video-preview:-1"},"canonical":"https:\/\/www.delphosmagazine.com\/en\/qantas-confirma-futura-flota-de-airbus\/","og_locale":"en_US","og_type":"article","og_title":"Qantas confirma su futura flota con Airbus | Delphos Magazine","og_description":"Delphos Magazine es el principal medio de prensa generador y proveedor de contenidos aeron\u00e1uticos y de defensa de Latinoam\u00e9rica y el mundo","og_url":"https:\/\/www.delphosmagazine.com\/en\/qantas-confirma-futura-flota-de-airbus\/","og_site_name":"Delphos Magazine","article_published_time":"2022-05-02T21:46:11+00:00","article_modified_time":"2022-05-02T21:48:20+00:00","og_image":[{"width":1200,"height":627,"url":"https:\/\/www.delphosmagazine.com\/wp-content\/uploads\/2022\/05\/Qantas-Airbus-Fleet.jpg","type":"image\/jpeg"}],"author":"Varitech","twitter_card":"summary_large_image","twitter_misc":{"Written by":"Varitech","Est. reading time":"4 minutes"},"schema":{"@context":"https:\/\/schema.org","@graph":[{"@type":"Article","@id":"https:\/\/www.delphosmagazine.com\/qantas-confirma-futura-flota-de-airbus\/#article","isPartOf":{"@id":"https:\/\/www.delphosmagazine.com\/qantas-confirma-futura-flota-de-airbus\/"},"author":{"name":"Varitech","@id":"https:\/\/www.delphosmagazine.com\/#\/schema\/person\/ca31ea697fc6c143e0d63be58c577e6b"},"headline":"Qantas confirma su futura flota con Airbus","datePublished":"2022-05-02T21:46:11+00:00","dateModified":"2022-05-02T21:48:20+00:00","mainEntityOfPage":{"@id":"https:\/\/www.delphosmagazine.com\/qantas-confirma-futura-flota-de-airbus\/"},"wordCount":624,"publisher":{"@id":"https:\/\/www.delphosmagazine.com\/#organization"},"image":{"@id":"https:\/\/www.delphosmagazine.com\/qantas-confirma-futura-flota-de-airbus\/#primaryimage"},"thumbnailUrl":"https:\/\/www.delphosmagazine.com\/wp-content\/uploads\/2022\/05\/Qantas-Airbus-Fleet.jpg","keywords":["Airbus","Airbus A220","Airbus A321 XLR","Airbus A350","Australia"],"articleSection":["Aviaci\u00f3n Comercial"],"inLanguage":"en-US"},{"@type":"WebPage","@id":"https:\/\/www.delphosmagazine.com\/qantas-confirma-futura-flota-de-airbus\/","url":"https:\/\/www.delphosmagazine.com\/qantas-confirma-futura-flota-de-airbus\/","name":"Qantas confirma su futura flota con Airbus | Delphos Magazine","isPartOf":{"@id":"https:\/\/www.delphosmagazine.com\/#website"},"primaryImageOfPage":{"@id":"https:\/\/www.delphosmagazine.com\/qantas-confirma-futura-flota-de-airbus\/#primaryimage"},"image":{"@id":"https:\/\/www.delphosmagazine.com\/qantas-confirma-futura-flota-de-airbus\/#primaryimage"},"thumbnailUrl":"https:\/\/www.delphosmagazine.com\/wp-content\/uploads\/2022\/05\/Qantas-Airbus-Fleet.jpg","datePublished":"2022-05-02T21:46:11+00:00","dateModified":"2022-05-02T21:48:20+00:00","description":"Delphos Magazine es el principal medio de prensa generador y proveedor de contenidos aeron\u00e1uticos y de defensa de Latinoam\u00e9rica y el mundo","breadcrumb":{"@id":"https:\/\/www.delphosmagazine.com\/qantas-confirma-futura-flota-de-airbus\/#breadcrumb"},"inLanguage":"en-US","potentialAction":[{"@type":"ReadAction","target":["https:\/\/www.delphosmagazine.com\/qantas-confirma-futura-flota-de-airbus\/"]}]},{"@type":"ImageObject","inLanguage":"en-US","@id":"https:\/\/www.delphosmagazine.com\/qantas-confirma-futura-flota-de-airbus\/#primaryimage","url":"https:\/\/www.delphosmagazine.com\/wp-content\/uploads\/2022\/05\/Qantas-Airbus-Fleet.jpg","contentUrl":"https:\/\/www.delphosmagazine.com\/wp-content\/uploads\/2022\/05\/Qantas-Airbus-Fleet.jpg","width":1200,"height":627},{"@type":"BreadcrumbList","@id":"https:\/\/www.delphosmagazine.com\/qantas-confirma-futura-flota-de-airbus\/#breadcrumb","itemListElement":[{"@type":"ListItem","position":1,"name":"Portada","item":"https:\/\/www.delphosmagazine.com\/"},{"@type":"ListItem","position":2,"name":"Qantas confirma su futura flota con Airbus"}]},{"@type":"WebSite","@id":"https:\/\/www.delphosmagazine.com\/#website","url":"https:\/\/www.delphosmagazine.com\/","name":"Delphos Magazine","description":"principal medio de prensa generador y proveedor de contenidos aeron\u00e1uticos y de defensa de Latinoam\u00e9rica y el mundo","publisher":{"@id":"https:\/\/www.delphosmagazine.com\/#organization"},"potentialAction":[{"@type":"SearchAction","target":{"@type":"EntryPoint","urlTemplate":"https:\/\/www.delphosmagazine.com\/?s={search_term_string}"},"query-input":{"@type":"PropertyValueSpecification","valueRequired":true,"valueName":"search_term_string"}}],"inLanguage":"en-US"},{"@type":"Organization","@id":"https:\/\/www.delphosmagazine.com\/#organization","name":"Delphos Magazine","url":"https:\/\/www.delphosmagazine.com\/","logo":{"@type":"ImageObject","inLanguage":"en-US","@id":"https:\/\/www.delphosmagazine.com\/#\/schema\/logo\/image\/","url":"https:\/\/www.delphosmagazine.com\/wp-content\/uploads\/2020\/10\/logo-negro.jpg","contentUrl":"https:\/\/www.delphosmagazine.com\/wp-content\/uploads\/2020\/10\/logo-negro.jpg","width":872,"height":202,"caption":"Delphos Magazine"},"image":{"@id":"https:\/\/www.delphosmagazine.com\/#\/schema\/logo\/image\/"}},{"@type":"Person","@id":"https:\/\/www.delphosmagazine.com\/#\/schema\/person\/ca31ea697fc6c143e0d63be58c577e6b","name":"Varitech","image":{"@type":"ImageObject","inLanguage":"en-US","@id":"https:\/\/www.delphosmagazine.com\/#\/schema\/person\/image\/","url":"https:\/\/secure.gravatar.com\/avatar\/a9943634b30ae329f1a041bbbee525de?s=96&d=mm&r=g","contentUrl":"https:\/\/secure.gravatar.com\/avatar\/a9943634b30ae329f1a041bbbee525de?s=96&d=mm&r=g","caption":"Varitech"},"url":"https:\/\/www.delphosmagazine.com\/en\/author\/carlos-valle\/"}]}},"_links":{"self":[{"href":"https:\/\/www.delphosmagazine.com\/en\/wp-json\/wp\/v2\/posts\/10748","targetHints":{"allow":["GET"]}}],"collection":[{"href":"https:\/\/www.delphosmagazine.com\/en\/wp-json\/wp\/v2\/posts"}],"about":[{"href":"https:\/\/www.delphosmagazine.com\/en\/wp-json\/wp\/v2\/types\/post"}],"author":[{"embeddable":true,"href":"https:\/\/www.delphosmagazine.com\/en\/wp-json\/wp\/v2\/users\/3"}],"replies":[{"embeddable":true,"href":"https:\/\/www.delphosmagazine.com\/en\/wp-json\/wp\/v2\/comments?post=10748"}],"version-history":[{"count":3,"href":"https:\/\/www.delphosmagazine.com\/en\/wp-json\/wp\/v2\/posts\/10748\/revisions"}],"predecessor-version":[{"id":10753,"href":"https:\/\/www.delphosmagazine.com\/en\/wp-json\/wp\/v2\/posts\/10748\/revisions\/10753"}],"wp:featuredmedia":[{"embeddable":true,"href":"https:\/\/www.delphosmagazine.com\/en\/wp-json\/wp\/v2\/media\/10750"}],"wp:attachment":[{"href":"https:\/\/www.delphosmagazine.com\/en\/wp-json\/wp\/v2\/media?parent=10748"}],"wp:term":[{"taxonomy":"category","embeddable":true,"href":"https:\/\/www.delphosmagazine.com\/en\/wp-json\/wp\/v2\/categories?post=10748"},{"taxonomy":"post_tag","embeddable":true,"href":"https:\/\/www.delphosmagazine.com\/en\/wp-json\/wp\/v2\/tags?post=10748"}],"curies":[{"name":"wp","href":"https:\/\/api.w.org\/{rel}","templated":true}]}}